{"id":129258,"date":"2026-05-01T08:01:29","date_gmt":"2026-05-01T12:01:29","guid":{"rendered":"https:\/\/lasprimeras.com.do\/?p=129258"},"modified":"2026-05-01T08:01:31","modified_gmt":"2026-05-01T12:01:31","slug":"continuaran-las-precipitaciones-en-distintas-provincias-debido-a-una-vaguada","status":"publish","type":"post","link":"https:\/\/lasprimeras.com.do\/index.php\/2026\/05\/01\/continuaran-las-precipitaciones-en-distintas-provincias-debido-a-una-vaguada\/","title":{"rendered":"Continuar\u00e1n las precipitaciones en distintas provincias debido a una vaguada"},"content":{"rendered":"\n<ul class=\"wp-block-list\">\n<li>Avisos y alerta meteorol\u00f3gica vigentes \u00a0\u00a0\u00a0\u00a0\u00a0\u00a0\u00a0\u00a0\u00a0\u00a0\u00a0\u00a0\u00a0\u00a0\u00a0\u00a0\u00a0\u00a0\u00a0\u00a0\u00a0\u00a0\u00a0<\/li>\n<\/ul>\n\n\n\n<p>El Instituto Dominicano de Meteorogia inform\u00f3 que para hoy viernes, durante el transcurso de la ma\u00f1ana, no prevemos lluvias significativas sobre gran parte del pa\u00eds.<\/p>\n\n\n\n<p>En consecuencia, observaremos un siendo mayormente soleado con nubes dispersas y ocasionales chubascos aislados de corta duraci\u00f3n, principalmente en algunas localidades de las regiones noreste y sureste.<\/p>\n\n\n\n<p>Sin embargo, en la tarde hasta las primeras horas de esta noche, nuestra \u00e1rea de pron\u00f3stico seguir\u00e1 influenciada por una vaguada en proceso de debilitamiento, la cual continuar\u00e1 alej\u00e1ndose del pa\u00eds, provocando, en combinaci\u00f3n con los efectos locales, aguaceros dispersos, siendo moderados a fuertes en ocasiones, tormentas el\u00e9ctricas, incluyendo posibles granizadas aisladas&nbsp; y r\u00e1fagas de viento sobre distintos municipios y comunidades de las provincias:<\/p>\n\n\n\n<p>La Altagracia, La Romana, San Pedro de Macor\u00eds, El Seibo, Hato Mayor, Monte Plata, San Jos\u00e9 de Ocoa, Monse\u00f1or Nouel, S\u00e1nchez Ram\u00edrez, Duarte, Mar\u00eda Trinidad S\u00e1nchez, Saman\u00e1, La Vega, Santiago, San Juan, El\u00edas Pi\u00f1a, Bahoruco e incluso algunas localidades del municipio Santo Domingo Norte, entre otras.<\/p>\n\n\n\n<p>El Centro Nacional de Pron\u00f3sticos del INDOMET mantiene los avisos y alertas meteorol\u00f3gicos ante el riesgo de inundaciones urbanas, crecidas de r\u00edos, arroyos y ca\u00f1adas, as\u00ed como posibles deslizamientos de tierra.<\/p>\n\n\n\n<p>Distrito Nacional: cielo mayormente soleado en la ma\u00f1ana. Chubascos aislados de corta duraci\u00f3n en la tarde<\/p>\n\n\n\n<p>Santo Domingo Norte: en la ma\u00f1ana, nubosidad dispersa. Mientras en la tarde, aguaceros locales. Tronadas aisladas y posibles r\u00e1fagas de viento.<\/p>\n\n\n\n<p>Santo Domingo Este: cielo mayormente soleado durante el transcurso de la ma\u00f1ana.<\/p>\n\n\n\n<p>En la tarde, ocasionales incrementos de la nubosidad. Chubascos aislados de corta duraci\u00f3n.<\/p>\n\n\n\n<p>Santo Domingo Oeste: escasas nubes en horas de la ma\u00f1ana.<\/p>\n\n\n\n<p>Sin embargo, en la tarde, algunos chubasco aislados de corta duraci\u00f3n.<\/p>\n\n\n\n<p>Temperaturas&nbsp;m\u00ednimas entre 22 \u00b0C y 23 \u00b0C, y m\u00e1ximas entre 29 \u00b0C y 31 \u00b0C.<\/p>\n","protected":false},"excerpt":{"rendered":"<p>El Instituto Dominicano de Meteorogia inform\u00f3 que para hoy viernes, durante el transcurso de la ma\u00f1ana, no prevemos lluvias significativas sobre gran parte del pa\u00eds. En consecuencia, observaremos un siendo&hellip;<\/p>\n","protected":false},"author":10,"featured_media":101091,"comment_status":"open","ping_status":"open","sticky":false,"template":"","format":"standard","meta":{"content-type":"","jetpack_post_was_ever_published":false,"_jetpack_newsletter_access":"","_jetpack_dont_email_post_to_subs":false,"_jetpack_newsletter_tier_id":0,"_jetpack_memberships_contains_paywalled_content":false,"_jetpack_memberships_contains_paid_content":false,"footnotes":""},"categories":[23530,25],"tags":[4192,13553,26415,1518],"class_list":["post-129258","post","type-post","status-publish","format-standard","has-post-thumbnail","hentry","category-clima","category-portada","tag-clima","tag-indomet","tag-precipitaciones","tag-vaguada"],"jetpack_featured_media_url":"https:\/\/lasprimeras.com.do\/wp-content\/uploads\/2025\/06\/Lluvias.jpg","jetpack-related-posts":[{"id":119187,"url":"https:\/\/lasprimeras.com.do\/index.php\/2026\/01\/08\/salgan-con-sus-sombrilla-aguada-provo-cara-lluvias-dispersas-en-algunas-provincias\/","url_meta":{"origin":129258,"position":0},"title":"Salgan con sus sombrilla: Aguada prov\u00f3 cara lluvias dispersas en algunas provincias","author":"Nelson Feliz","date":"8 de enero de 2026","format":false,"excerpt":"El Instituto Dominicano de Meteorogia prev\u00e9 este jueves chubascos dispersos con r\u00e1fagas de viento aisladas, producto de una d\u00e9bil vaguada y la influencia del viento del noreste, el cual se mantiene transportando nubosidad hacia diferentes localidades de las provincias del litoral costero Atl\u00e1ntico, principalmente sobre Mar\u00eda Trinidad S\u00e1nchez, Saman\u00e1, Duarte,\u2026","rel":"","context":"En \u00abCLIMA\u00bb","block_context":{"text":"CLIMA","link":"https:\/\/lasprimeras.com.do\/index.php\/category\/clima\/"},"img":{"alt_text":"","src":"https:\/\/i0.wp.com\/lasprimeras.com.do\/wp-content\/uploads\/2025\/06\/Lluvias.jpg?resize=350%2C200&ssl=1","width":350,"height":200},"classes":[]},{"id":121016,"url":"https:\/\/lasprimeras.com.do\/index.php\/2026\/01\/30\/se-aleja-sistema-frontal-y-vaguada-de-nuestra-area-no-habra-lluvias\/","url_meta":{"origin":129258,"position":1},"title":"Se aleja sistema frontal y vaguada de nuestra \u00e1rea &#8221; no habr\u00e1 lluvias &#8220;","author":"Nelson Feliz","date":"30 de enero de 2026","format":false,"excerpt":"El Instituto Dominicano de Meteorogia inform\u00f3 Hoy que contin\u00faan alej\u00e1ndose gradualmente tanto el d\u00e9bil sistema frontal como la vaguada de nuestra \u00e1rea, permitiendo el ingreso de una masa de aire m\u00e1s seca y estable, que provocar\u00e1 un ambiente con pocas nubes y escasas precipitaciones sobre gran parte del pa\u00eds durante\u2026","rel":"","context":"En \u00abNACIONALES\u00bb","block_context":{"text":"NACIONALES","link":"https:\/\/lasprimeras.com.do\/index.php\/category\/nacionales\/"},"img":{"alt_text":"Dia-Soleado","src":"https:\/\/i0.wp.com\/lasprimeras.com.do\/wp-content\/uploads\/2023\/12\/Dia-Soleado.jpg?resize=350%2C200&ssl=1","width":350,"height":200,"srcset":"https:\/\/i0.wp.com\/lasprimeras.com.do\/wp-content\/uploads\/2023\/12\/Dia-Soleado.jpg?resize=350%2C200&ssl=1 1x, https:\/\/i0.wp.com\/lasprimeras.com.do\/wp-content\/uploads\/2023\/12\/Dia-Soleado.jpg?resize=525%2C300&ssl=1 1.5x, https:\/\/i0.wp.com\/lasprimeras.com.do\/wp-content\/uploads\/2023\/12\/Dia-Soleado.jpg?resize=700%2C400&ssl=1 2x"},"classes":[]},{"id":129043,"url":"https:\/\/lasprimeras.com.do\/index.php\/2026\/04\/29\/vaguada-continuara-generando-fuertes-aguaceros-y-tronadas-esta-tarde\/","url_meta":{"origin":129258,"position":2},"title":"Vaguada continuar\u00e1 generando fuertes aguaceros y tronadas est\u00e1 tarde","author":"Nelson Feliz","date":"29 de abril de 2026","format":false,"excerpt":"ALERTAS Y AVISOS METEOROL\u00d3GICOS ANTE RIESGO DE INUNDACIONES\u00a0 En primeras horas del d\u00eda, se observan algunos nublados generando aguaceros dispersos sobre El Seibo y Hato Mayor, esper\u00e1ndose que disminuyan en las pr\u00f3ximas horas. Sin embargo, en horas de la tarde los efectos de la vaguada volver\u00e1n a favorecer nublados importantes,\u2026","rel":"","context":"En \u00abCLIMA\u00bb","block_context":{"text":"CLIMA","link":"https:\/\/lasprimeras.com.do\/index.php\/category\/clima\/"},"img":{"alt_text":"INDOMET vigila una vaguada","src":"https:\/\/i0.wp.com\/lasprimeras.com.do\/wp-content\/uploads\/2026\/01\/vagauada.jpg?resize=350%2C200&ssl=1","width":350,"height":200,"srcset":"https:\/\/i0.wp.com\/lasprimeras.com.do\/wp-content\/uploads\/2026\/01\/vagauada.jpg?resize=350%2C200&ssl=1 1x, https:\/\/i0.wp.com\/lasprimeras.com.do\/wp-content\/uploads\/2026\/01\/vagauada.jpg?resize=525%2C300&ssl=1 1.5x, https:\/\/i0.wp.com\/lasprimeras.com.do\/wp-content\/uploads\/2026\/01\/vagauada.jpg?resize=700%2C400&ssl=1 2x"},"classes":[]},{"id":123608,"url":"https:\/\/lasprimeras.com.do\/index.php\/2026\/03\/03\/indomet-informa-que-continuan-los-aguaceros-dispersos-y-aisladas-tronadas-por-una-vaguada\/","url_meta":{"origin":129258,"position":3},"title":"Indomet informa que contin\u00faan los aguaceros dispersos y aisladas tronadas por una vaguada","author":"Nelson Feliz","date":"3 de marzo de 2026","format":false,"excerpt":"El Instituto Dominicano de Meteorogia inform\u00f3 que hoy, el flujo de viento del este y la presencia de una vaguada en los niveles medios y altos de la troposfera estar\u00e1n generando nublados desde horas matutinas hasta entrada la noche, acompa\u00f1ados de aguaceros dispersos, tronadas aisladas y ocasionales r\u00e1fagas de viento,\u2026","rel":"","context":"En \u00abCLIMA\u00bb","block_context":{"text":"CLIMA","link":"https:\/\/lasprimeras.com.do\/index.php\/category\/clima\/"},"img":{"alt_text":"","src":"https:\/\/i0.wp.com\/lasprimeras.com.do\/wp-content\/uploads\/2025\/07\/LLUVIAS-2.jpg?resize=350%2C200&ssl=1","width":350,"height":200,"srcset":"https:\/\/i0.wp.com\/lasprimeras.com.do\/wp-content\/uploads\/2025\/07\/LLUVIAS-2.jpg?resize=350%2C200&ssl=1 1x, https:\/\/i0.wp.com\/lasprimeras.com.do\/wp-content\/uploads\/2025\/07\/LLUVIAS-2.jpg?resize=525%2C300&ssl=1 1.5x, https:\/\/i0.wp.com\/lasprimeras.com.do\/wp-content\/uploads\/2025\/07\/LLUVIAS-2.jpg?resize=700%2C400&ssl=1 2x"},"classes":[]},{"id":119449,"url":"https:\/\/lasprimeras.com.do\/index.php\/2026\/01\/12\/aguaceros-dispersos-por-viento-del-noreste-y-vagrada-en-horas-de-la-noche\/","url_meta":{"origin":129258,"position":4},"title":"Aguaceros dispersos por viento del noreste y vagrada en horas de la noche","author":"Nelson Feliz","date":"12 de enero de 2026","format":false,"excerpt":"La influencia del viento del noreste y de una vaguada asociada a un sistema frontal contin\u00faan provocando incrementos nubosos acompa\u00f1ados de aguaceros dispersos, posibles tronadas aisladas y r\u00e1fagas de viento sobre provincias como Santo Domingo, San Pedro de Macor\u00eds, Hato Mayor, Puerto Plata, Espaillat, Monte Plata, Monse\u00f1or Nouel, Mar\u00eda Trinidad\u2026","rel":"","context":"En \u00abCLIMA\u00bb","block_context":{"text":"CLIMA","link":"https:\/\/lasprimeras.com.do\/index.php\/category\/clima\/"},"img":{"alt_text":"","src":"https:\/\/i0.wp.com\/lasprimeras.com.do\/wp-content\/uploads\/2025\/10\/lluvias.jpg?resize=350%2C200&ssl=1","width":350,"height":200,"srcset":"https:\/\/i0.wp.com\/lasprimeras.com.do\/wp-content\/uploads\/2025\/10\/lluvias.jpg?resize=350%2C200&ssl=1 1x, https:\/\/i0.wp.com\/lasprimeras.com.do\/wp-content\/uploads\/2025\/10\/lluvias.jpg?resize=525%2C300&ssl=1 1.5x, https:\/\/i0.wp.com\/lasprimeras.com.do\/wp-content\/uploads\/2025\/10\/lluvias.jpg?resize=700%2C400&ssl=1 2x"},"classes":[]},{"id":125075,"url":"https:\/\/lasprimeras.com.do\/index.php\/2026\/03\/19\/lluvias-matutinas-desde-esta-tarde-vaguada-provocara-aguaceros-con-tronada-en-el-interior\/","url_meta":{"origin":129258,"position":5},"title":"Lluvias matutinas, desde esta tarde, vaguada provocar\u00e1 aguaceros con tronada en el interior","author":"Nelson Feliz","date":"19 de marzo de 2026","format":false,"excerpt":"El Centro de Pron\u00f3sticos del Instituto Dominicano de Meteorogia inform\u00f3 que Hoy jueves, desde la madrugada se han presentado lluvias matutinas en algunospoblados del litoral Caribe\u00f1o. En la tarde, incidir\u00e1 una vaguada asociada a un sistema frontal ubicada sobre el canal del Viento, combin\u00e1ndose con el viento c\u00e1lido y h\u00famedo\u2026","rel":"","context":"En \u00abCLIMA\u00bb","block_context":{"text":"CLIMA","link":"https:\/\/lasprimeras.com.do\/index.php\/category\/clima\/"},"img":{"alt_text":"","src":"https:\/\/i0.wp.com\/lasprimeras.com.do\/wp-content\/uploads\/2023\/10\/WhatsApp-Image-2023-10-04-at-5.20.12-PM-2.webp?resize=350%2C200&ssl=1","width":350,"height":200,"srcset":"https:\/\/i0.wp.com\/lasprimeras.com.do\/wp-content\/uploads\/2023\/10\/WhatsApp-Image-2023-10-04-at-5.20.12-PM-2.webp?resize=350%2C200&ssl=1 1x, https:\/\/i0.wp.com\/lasprimeras.com.do\/wp-content\/uploads\/2023\/10\/WhatsApp-Image-2023-10-04-at-5.20.12-PM-2.webp?resize=525%2C300&ssl=1 1.5x, https:\/\/i0.wp.com\/lasprimeras.com.do\/wp-content\/uploads\/2023\/10\/WhatsApp-Image-2023-10-04-at-5.20.12-PM-2.webp?resize=700%2C400&ssl=1 2x, https:\/\/i0.wp.com\/lasprimeras.com.do\/wp-content\/uploads\/2023\/10\/WhatsApp-Image-2023-10-04-at-5.20.12-PM-2.webp?resize=1050%2C600&ssl=1 3x"},"classes":[]}],"jetpack_sharing_enabled":true,"_links":{"self":[{"href":"https:\/\/lasprimeras.com.do\/index.php\/wp-json\/wp\/v2\/posts\/129258","targetHints":{"allow":["GET"]}}],"collection":[{"href":"https:\/\/lasprimeras.com.do\/index.php\/wp-json\/wp\/v2\/posts"}],"about":[{"href":"https:\/\/lasprimeras.com.do\/index.php\/wp-json\/wp\/v2\/types\/post"}],"author":[{"embeddable":true,"href":"https:\/\/lasprimeras.com.do\/index.php\/wp-json\/wp\/v2\/users\/10"}],"replies":[{"embeddable":true,"href":"https:\/\/lasprimeras.com.do\/index.php\/wp-json\/wp\/v2\/comments?post=129258"}],"version-history":[{"count":1,"href":"https:\/\/lasprimeras.com.do\/index.php\/wp-json\/wp\/v2\/posts\/129258\/revisions"}],"predecessor-version":[{"id":129259,"href":"https:\/\/lasprimeras.com.do\/index.php\/wp-json\/wp\/v2\/posts\/129258\/revisions\/129259"}],"wp:featuredmedia":[{"embeddable":true,"href":"https:\/\/lasprimeras.com.do\/index.php\/wp-json\/wp\/v2\/media\/101091"}],"wp:attachment":[{"href":"https:\/\/lasprimeras.com.do\/index.php\/wp-json\/wp\/v2\/media?parent=129258"}],"wp:term":[{"taxonomy":"category","embeddable":true,"href":"https:\/\/lasprimeras.com.do\/index.php\/wp-json\/wp\/v2\/categories?post=129258"},{"taxonomy":"post_tag","embeddable":true,"href":"https:\/\/lasprimeras.com.do\/index.php\/wp-json\/wp\/v2\/tags?post=129258"}],"curies":[{"name":"wp","href":"https:\/\/api.w.org\/{rel}","templated":true}]}}