{"id":129260,"date":"2026-05-01T08:26:15","date_gmt":"2026-05-01T12:26:15","guid":{"rendered":"https:\/\/lasprimeras.com.do\/?p=129260"},"modified":"2026-05-01T08:26:19","modified_gmt":"2026-05-01T12:26:19","slug":"idoppril-realiza-3er-foro-dominicano-de-seguridad-y-salud-en-el-trabajo","status":"publish","type":"post","link":"https:\/\/lasprimeras.com.do\/index.php\/2026\/05\/01\/idoppril-realiza-3er-foro-dominicano-de-seguridad-y-salud-en-el-trabajo\/","title":{"rendered":"IDOPPRIL realiza 3er Foro Dominicano de Seguridad y Salud en el Trabajo"},"content":{"rendered":"\n<p>El Instituto Dominicano de Prevenci\u00f3n y Protecci\u00f3n de Riesgos Laborales (IDOPPRIL) desarroll\u00f3 el Tercer Foro Dominicano de Seguridad y Salud en el Trabajo, bajo el lema \u201cLa salud psicosocial como pilar de organizaciones fuertes y sostenibles\u201d.<\/p>\n\n\n\n<p>La actividad busc\u00f3 promover entornos de trabajo saludables y fortalecer la cultura de prevenci\u00f3n en el pa\u00eds.<\/p>\n\n\n\n<p>La jornada cont\u00f3 con la participaci\u00f3n de representantes de las instituciones que integran el Sistema Dominicano de Seguridad Social (SDSS), as\u00ed como de los sectores empleador y trabajador.<\/p>\n\n\n\n<p>En el acto inaugural, las palabras de salutaci\u00f3n estuvieron a cargo del ministro de Trabajo, Eddy Olivares Ortega, mientras que la apertura fue encabezada por el director ejecutivo del IDOPPRIL, doctor Agust\u00edn Burgos.<\/p>\n\n\n\n<p>Durante el panel \u201cMarco normativo y rol de los actores clave en la prevenci\u00f3n y promoci\u00f3n de la salud psicosocial en el trabajo\u201d, autoridades y especialistas analizaron los principales retos y avances en materia de seguridad y salud laboral.<\/p>\n\n\n\n<p>Tambi\u00e9n se desarrollaron conferencias orientadas al fortalecimiento de la gesti\u00f3n organizacional.<\/p>\n\n\n\n<p>Entre ellas estuvieron: \u201cEntornos Psicosociales Saludables: El nuevo est\u00e1ndar de competitividad\u201d y \u201cDise\u00f1o del trabajo, liderazgo y cultura organizacional\u201d.<\/p>\n\n\n\n<p>Adem\u00e1s, se realiz\u00f3 una presentaci\u00f3n de buenas pr\u00e1cticas en prevenci\u00f3n de riesgos psicosociales.<\/p>\n\n\n\n<p>El foro concluy\u00f3 con la conferencia \u201cBienestar integral y sostenibilidad organizacional\u201d, seguida de las palabras de clausura de la directora de Prevenci\u00f3n del IDOPPRIL, doctora Francis Brito.<\/p>\n\n\n\n<p>Con esta iniciativa, el IDOPPRIL reafirm\u00f3 su compromiso con la promoci\u00f3n de la cultura de prevenci\u00f3n, y el fortalecimiento de pol\u00edticas y acciones orientadas a garantizar condiciones de trabajo seguras, saludables y dignas para la poblaci\u00f3n trabajadora.<\/p>\n","protected":false},"excerpt":{"rendered":"<p>El Instituto Dominicano de Prevenci\u00f3n y Protecci\u00f3n de Riesgos Laborales (IDOPPRIL) desarroll\u00f3 el Tercer Foro Dominicano de Seguridad y Salud en el Trabajo, bajo el lema \u201cLa salud psicosocial como&hellip;<\/p>\n","protected":false},"author":10,"featured_media":129261,"comment_status":"open","ping_status":"open","sticky":false,"template":"","format":"standard","meta":{"content-type":"","jetpack_post_was_ever_published":false,"_jetpack_newsletter_access":"","_jetpack_dont_email_post_to_subs":false,"_jetpack_newsletter_tier_id":0,"_jetpack_memberships_contains_paywalled_content":false,"_jetpack_memberships_contains_paid_content":false,"footnotes":""},"categories":[16558],"tags":[8009],"class_list":["post-129260","post","type-post","status-publish","format-standard","has-post-thumbnail","hentry","category-salud","tag-idoppril"],"jetpack_featured_media_url":"https:\/\/lasprimeras.com.do\/wp-content\/uploads\/2026\/05\/IMG-20260430-WA0223.jpg","jetpack-related-posts":[{"id":67434,"url":"https:\/\/lasprimeras.com.do\/index.php\/2023\/11\/15\/idoppril-y-ars-primera-promueven-beneficios-a-favor-de-afiliados-a-seguros-familiar-de-salud-ars-y-de-riesgos-laborales-srl\/","url_meta":{"origin":129260,"position":0},"title":"IDOPPRIL y ARS promueven beneficios a favor de\u00a0 afiliados a ARS y de Riesgos Laborales","author":"BIMARY DE JES\u00daS Matos","date":"15 de noviembre de 2023","format":false,"excerpt":"Por Martin Restituyo El Instituto Dominicano de Prevenci\u00f3n y Protecci\u00f3n de Riesgos Laborales (IDOPPRIL) y ARS Primera, firmaron un acuerdo de cooperaci\u00f3n interinstitucional para promover la informaci\u00f3n, orientaci\u00f3n y concientizaci\u00f3n de la poblaci\u00f3n sobre la distinci\u00f3n de los beneficios de las Prestadoras de Servicios de Salud (PDSS) dentro del Seguro\u2026","rel":"","context":"En \u00abPORTADA\u00bb","block_context":{"text":"PORTADA","link":"https:\/\/lasprimeras.com.do\/index.php\/category\/portada\/"},"img":{"alt_text":"","src":"https:\/\/i0.wp.com\/lasprimeras.com.do\/wp-content\/uploads\/2023\/11\/WhatsApp-Image-2023-11-15-at-5.47.27-PM.jpeg?resize=350%2C200&ssl=1","width":350,"height":200,"srcset":"https:\/\/i0.wp.com\/lasprimeras.com.do\/wp-content\/uploads\/2023\/11\/WhatsApp-Image-2023-11-15-at-5.47.27-PM.jpeg?resize=350%2C200&ssl=1 1x, https:\/\/i0.wp.com\/lasprimeras.com.do\/wp-content\/uploads\/2023\/11\/WhatsApp-Image-2023-11-15-at-5.47.27-PM.jpeg?resize=525%2C300&ssl=1 1.5x, https:\/\/i0.wp.com\/lasprimeras.com.do\/wp-content\/uploads\/2023\/11\/WhatsApp-Image-2023-11-15-at-5.47.27-PM.jpeg?resize=700%2C400&ssl=1 2x"},"classes":[]},{"id":49042,"url":"https:\/\/lasprimeras.com.do\/index.php\/2023\/05\/07\/idoppril-confirma-cobertura-total-a-afiliados-del-seguro-de-riesgos-laborales\/","url_meta":{"origin":129260,"position":1},"title":"IDOPPRIL confirma cobertura total a afiliados del Seguro de Riesgos Laborales","author":"prenxa100","date":"7 de mayo de 2023","format":false,"excerpt":"L\u00f3pez Sol\u00eds ampl\u00eda canales de comunicaci\u00f3n para que los afiliados se comuniquen con el IDOPPRIL en caso de que un centro de salud le realice un cobro indebido o cobre diferencia por un servicio de salud autorizado Santo Domingo.- El Instituto Dominicano de Prevenci\u00f3n y Protecci\u00f3n de Riesgos laborales (IDOPPRIL),\u2026","rel":"","context":"En \u00abSin categor\u00eda\u00bb","block_context":{"text":"Sin categor\u00eda","link":"https:\/\/lasprimeras.com.do\/index.php\/category\/sin-categoria\/"},"img":{"alt_text":"","src":"","width":0,"height":0},"classes":[]},{"id":85526,"url":"https:\/\/lasprimeras.com.do\/index.php\/2024\/07\/01\/idoppril-activa-plan-de-contingencia-ante-paso-de-huracan-beryl\/","url_meta":{"origin":129260,"position":2},"title":"IDOPPRIL activa Plan de Contingencia ante paso de hurac\u00e1n Beryl","author":"Nelson Feliz","date":"1 de julio de 2024","format":false,"excerpt":"L\u00f3pez Sol\u00eds dice personal de seguridad y de servicios tendr\u00e1 asistencia inmediata en caso de accidente laboral. El Instituto Dominicano de Prevenci\u00f3n y Protecci\u00f3n de Riesgos Laborales (IDOPPRIL), activ\u00f3 el protocolo preventivo en la instituci\u00f3n para ofrecer atenciones inmediatas a los afiliados que resulten lesionados durante sus jornadas laborales antes,\u2026","rel":"","context":"En \u00abSin categor\u00eda\u00bb","block_context":{"text":"Sin categor\u00eda","link":"https:\/\/lasprimeras.com.do\/index.php\/category\/sin-categoria\/"},"img":{"alt_text":"Fausto L\u00f3pez Sol\u00eds","src":"https:\/\/i0.wp.com\/lasprimeras.com.do\/wp-content\/uploads\/2024\/07\/Fausto-Lopez-Solis.jpg?resize=350%2C200&ssl=1","width":350,"height":200,"srcset":"https:\/\/i0.wp.com\/lasprimeras.com.do\/wp-content\/uploads\/2024\/07\/Fausto-Lopez-Solis.jpg?resize=350%2C200&ssl=1 1x, https:\/\/i0.wp.com\/lasprimeras.com.do\/wp-content\/uploads\/2024\/07\/Fausto-Lopez-Solis.jpg?resize=525%2C300&ssl=1 1.5x, https:\/\/i0.wp.com\/lasprimeras.com.do\/wp-content\/uploads\/2024\/07\/Fausto-Lopez-Solis.jpg?resize=700%2C400&ssl=1 2x"},"classes":[]},{"id":71991,"url":"https:\/\/lasprimeras.com.do\/index.php\/2023\/12\/25\/idoppril-cubre-el-100-de-sus-compromisos-con-afiliados-y-prestadoras-de-servicios\/","url_meta":{"origin":129260,"position":3},"title":"IDOPPRIL cubre el 100 % de sus compromisos con afiliados y prestadoras de servicios","author":"Nelson Feliz","date":"25 de diciembre de 2023","format":false,"excerpt":"L\u00f3pez Sol\u00eds informa que durante este a\u00f1o se realizaron pagos por unos 3,000 millones de pesos. Por Martin Restituyo Con un total de RD$2,909,610,921.14 desembolsado en 2023, el Instituto Dominicano de Prevenci\u00f3n y Protecci\u00f3n de Riesgos Laborales (IDOPPRIL) impact\u00f3 de manera positiva a unos 237,303 afiliados, Prestadoras de Servicios de\u2026","rel":"","context":"En \u00abECONOM\u00cdA\u00bb","block_context":{"text":"ECONOM\u00cdA","link":"https:\/\/lasprimeras.com.do\/index.php\/category\/economia\/"},"img":{"alt_text":"Fausto L\u00f3pez Sol\u00eds","src":"https:\/\/i0.wp.com\/lasprimeras.com.do\/wp-content\/uploads\/2023\/12\/Fausto-Lopez-Solis.jpg?resize=350%2C200&ssl=1","width":350,"height":200,"srcset":"https:\/\/i0.wp.com\/lasprimeras.com.do\/wp-content\/uploads\/2023\/12\/Fausto-Lopez-Solis.jpg?resize=350%2C200&ssl=1 1x, https:\/\/i0.wp.com\/lasprimeras.com.do\/wp-content\/uploads\/2023\/12\/Fausto-Lopez-Solis.jpg?resize=525%2C300&ssl=1 1.5x, https:\/\/i0.wp.com\/lasprimeras.com.do\/wp-content\/uploads\/2023\/12\/Fausto-Lopez-Solis.jpg?resize=700%2C400&ssl=1 2x"},"classes":[]},{"id":115417,"url":"https:\/\/lasprimeras.com.do\/index.php\/2025\/11\/21\/idoppril-lmd-y-cifal-rd-trabajaran-unidos-para-fortalecer-seguridad-y-salud-laboral-en-ayuntamientos\/","url_meta":{"origin":129260,"position":4},"title":"IDOPPRIL, LMD y CIFAL-RD trabajar\u00e1n unidos para fortalecer seguridad y salud laboral en ayuntamientos","author":"Nelson Feliz","date":"21 de noviembre de 2025","format":false,"excerpt":"El Instituto Dominicano de Prevenci\u00f3n y Protecci\u00f3n de Riesgos Laborales (IDOPPRIL), la Liga Municipal Dominicana (LMD) y el Centro Internacional de Formaci\u00f3n de Autoridades y L\u00edderes \u2013 Rep\u00fablica Dominicana (CIFAL-RD) firmaron un convenio de cooperaci\u00f3n t\u00e9cnica que impactar\u00e1 directamente a miles de trabajadores municipales en todo el pa\u00eds. El acuerdo\u2026","rel":"","context":"En \u00abSALUD\u00bb","block_context":{"text":"SALUD","link":"https:\/\/lasprimeras.com.do\/index.php\/category\/salud\/"},"img":{"alt_text":"","src":"https:\/\/i0.wp.com\/lasprimeras.com.do\/wp-content\/uploads\/2025\/11\/ido.jpg?resize=350%2C200&ssl=1","width":350,"height":200,"srcset":"https:\/\/i0.wp.com\/lasprimeras.com.do\/wp-content\/uploads\/2025\/11\/ido.jpg?resize=350%2C200&ssl=1 1x, https:\/\/i0.wp.com\/lasprimeras.com.do\/wp-content\/uploads\/2025\/11\/ido.jpg?resize=525%2C300&ssl=1 1.5x, https:\/\/i0.wp.com\/lasprimeras.com.do\/wp-content\/uploads\/2025\/11\/ido.jpg?resize=700%2C400&ssl=1 2x"},"classes":[]},{"id":64803,"url":"https:\/\/lasprimeras.com.do\/index.php\/2023\/10\/23\/idoppril-fumiga-areas-de-sus-oficinas-en-todo-el-pais-para-atacar-el-mosquito-provoca-el-dengue\/","url_meta":{"origin":129260,"position":5},"title":"IDOPPRIL fumiga \u00e1reas de sus oficinas en todo el pa\u00eds, para atacar el mosquito provoca el dengue","author":"Nelson Feliz","date":"23 de octubre de 2023","format":false,"excerpt":"L\u00f3pez Sol\u00eds encabez\u00f3 la jornada de fumigaci\u00f3n llevada a cabo durante todo el fin de semana en las oficinas y, en los espacios y zonas cercanas a la instituci\u00f3n. Por Martin Restituyo Una intensa jornada de fumigaci\u00f3n fue llevada por el Instituto Dominicano de Prevenci\u00f3n y Protecci\u00f3n de Riesgos Laborales\u2026","rel":"","context":"En \u00abECONOM\u00cdA\u00bb","block_context":{"text":"ECONOM\u00cdA","link":"https:\/\/lasprimeras.com.do\/index.php\/category\/economia\/"},"img":{"alt_text":"IDOPPRIL","src":"https:\/\/i0.wp.com\/lasprimeras.com.do\/wp-content\/uploads\/2023\/10\/IDOPPRIL.jpg?resize=350%2C200&ssl=1","width":350,"height":200,"srcset":"https:\/\/i0.wp.com\/lasprimeras.com.do\/wp-content\/uploads\/2023\/10\/IDOPPRIL.jpg?resize=350%2C200&ssl=1 1x, https:\/\/i0.wp.com\/lasprimeras.com.do\/wp-content\/uploads\/2023\/10\/IDOPPRIL.jpg?resize=525%2C300&ssl=1 1.5x, https:\/\/i0.wp.com\/lasprimeras.com.do\/wp-content\/uploads\/2023\/10\/IDOPPRIL.jpg?resize=700%2C400&ssl=1 2x"},"classes":[]}],"jetpack_sharing_enabled":true,"_links":{"self":[{"href":"https:\/\/lasprimeras.com.do\/index.php\/wp-json\/wp\/v2\/posts\/129260","targetHints":{"allow":["GET"]}}],"collection":[{"href":"https:\/\/lasprimeras.com.do\/index.php\/wp-json\/wp\/v2\/posts"}],"about":[{"href":"https:\/\/lasprimeras.com.do\/index.php\/wp-json\/wp\/v2\/types\/post"}],"author":[{"embeddable":true,"href":"https:\/\/lasprimeras.com.do\/index.php\/wp-json\/wp\/v2\/users\/10"}],"replies":[{"embeddable":true,"href":"https:\/\/lasprimeras.com.do\/index.php\/wp-json\/wp\/v2\/comments?post=129260"}],"version-history":[{"count":1,"href":"https:\/\/lasprimeras.com.do\/index.php\/wp-json\/wp\/v2\/posts\/129260\/revisions"}],"predecessor-version":[{"id":129262,"href":"https:\/\/lasprimeras.com.do\/index.php\/wp-json\/wp\/v2\/posts\/129260\/revisions\/129262"}],"wp:featuredmedia":[{"embeddable":true,"href":"https:\/\/lasprimeras.com.do\/index.php\/wp-json\/wp\/v2\/media\/129261"}],"wp:attachment":[{"href":"https:\/\/lasprimeras.com.do\/index.php\/wp-json\/wp\/v2\/media?parent=129260"}],"wp:term":[{"taxonomy":"category","embeddable":true,"href":"https:\/\/lasprimeras.com.do\/index.php\/wp-json\/wp\/v2\/categories?post=129260"},{"taxonomy":"post_tag","embeddable":true,"href":"https:\/\/lasprimeras.com.do\/index.php\/wp-json\/wp\/v2\/tags?post=129260"}],"curies":[{"name":"wp","href":"https:\/\/api.w.org\/{rel}","templated":true}]}}