{"id":129265,"date":"2026-05-01T09:47:07","date_gmt":"2026-05-01T13:47:07","guid":{"rendered":"https:\/\/lasprimeras.com.do\/?p=129265"},"modified":"2026-05-01T09:47:10","modified_gmt":"2026-05-01T13:47:10","slug":"centro-automotriz-jaquez-cierra-sus-puertas-tras-67-anos-de-operacion-en-rd","status":"publish","type":"post","link":"https:\/\/lasprimeras.com.do\/index.php\/2026\/05\/01\/centro-automotriz-jaquez-cierra-sus-puertas-tras-67-anos-de-operacion-en-rd\/","title":{"rendered":"Centro Automotriz J\u00e1quez cierra sus puertas tras 67 a\u00f1os de operaci\u00f3n en RD"},"content":{"rendered":"\n<p>El Centro Automotriz J\u00e1quez anunci\u00f3 el cierre definitivo de sus operaciones este jueves 30 de abril, poniendo fin a una trayectoria de 67 a\u00f1os en la que se consolid\u00f3 como un referente de confianza, integridad y calidad de servicio en el sector automotriz de la Rep\u00fablica Dominicana.<\/p>\n\n\n\n<p>La decisi\u00f3n fue comunicada por su fundador, Rafael J\u00e1quez, y su esposa, Nurys Castillo, quienes expresaron que concluyen este ciclo \u201ccon el orgullo del deber cumplido\u201d, tras haber sido pioneros en la industria automotriz y haber desarrollado un modelo de empresa sustentada en valores.<\/p>\n\n\n\n<p>Ubicado en la avenida 27 de Febrero, en el Distrito Nacional, el establecimiento fue durante d\u00e9cadas un punto de referencia para generaciones de dominicanos que encontraron en sus servicios no solo soluciones t\u00e9cnicas, sino un trato basado en la transparencia y la \u00e9tica.<\/p>\n\n\n\n<p>Fundado en 1959, el Centro J\u00e1quez evolucion\u00f3 de un peque\u00f1o taller a una operaci\u00f3n especializada que incorpor\u00f3 innovaciones t\u00e9cnicas en el pa\u00eds, incluyendo servicios avanzados en transmisiones autom\u00e1ticas y alineaci\u00f3n electr\u00f3nica, fruto de la formaci\u00f3n y especializaci\u00f3n t\u00e9cnica de su fundador en el extranjero.<\/p>\n\n\n\n<p>J\u00e1quez complement\u00f3 su vocaci\u00f3n por la mec\u00e1nica automotriz con una s\u00f3lida formaci\u00f3n t\u00e9cnica en el extranjero.<\/p>\n\n\n\n<p>En 1968 se traslad\u00f3 a Nueva York, donde trabaj\u00f3 y se especializ\u00f3 en la prestigiosa Brooklyn High School of Automotive Trades.<\/p>\n\n\n\n<p>Posteriormente, ampli\u00f3 sus conocimientos en tecnolog\u00eda automotriz avanzada, incluyendo capacitaci\u00f3n directa en la f\u00e1brica Hunter, en San Luis, Missouri, experiencia que le permiti\u00f3 introducir al pa\u00eds innovaciones relevantes en materia de alineaci\u00f3n electr\u00f3nica y servicios especializados.<\/p>\n\n\n\n<p>Durante estos 67 a\u00f1os, la empresa se distingui\u00f3 por mantener una operaci\u00f3n continua y por construir una relaci\u00f3n de confianza con una amplia base de clientes de distintos sectores sociales, muchos de los cuales mantuvieron v\u00ednculos con el centro por d\u00e9cadas.<\/p>\n\n\n\n<p>\u201cNada de esto hubiera sido posible sin ustedes\u201d, expresar\u00f3 la pareja de esposos al agradecer a quienes confiaron en sus servicios a lo largo de los a\u00f1os, destacando que la lealtad del p\u00fablico fue clave para sostener la empresa durante m\u00e1s de seis d\u00e9cadas.<\/p>\n\n\n\n<p>El reconocimiento tambi\u00e9n fue extendido a su equipo de trabajo, integrado por colaboradores que, en muchos casos, acumularon entre 30 y 40 a\u00f1os de servicio, contribuyendo de manera determinante a la reputaci\u00f3n del establecimiento.<\/p>\n\n\n\n<p>\u201cM\u00e1s all\u00e1 de los avances t\u00e9cnicos, el orgullo m\u00e1s grande que nos llevamos Do\u00f1a Nurys y yo, y nuestro mayor legado, es haberle dejado a nuestros hijos un ejemplo inquebrantable de honestidad y trabajo digno\u201d, destac\u00f3 J\u00e1quez.<\/p>\n\n\n\n<p>La pareja se despidi\u00f3 de la vida empresarial activa, reafirmando la premisa que guio toda su trayectoria: \u201chonestidad y trabajo digno: nuestro mejor legado.<\/p>\n","protected":false},"excerpt":{"rendered":"<p>El Centro Automotriz J\u00e1quez anunci\u00f3 el cierre definitivo de sus operaciones este jueves 30 de abril, poniendo fin a una trayectoria de 67 a\u00f1os en la que se consolid\u00f3 como&hellip;<\/p>\n","protected":false},"author":10,"featured_media":129266,"comment_status":"open","ping_status":"open","sticky":false,"template":"","format":"standard","meta":{"content-type":"","jetpack_post_was_ever_published":false,"_jetpack_newsletter_access":"","_jetpack_dont_email_post_to_subs":false,"_jetpack_newsletter_tier_id":0,"_jetpack_memberships_contains_paywalled_content":false,"_jetpack_memberships_contains_paid_content":false,"footnotes":""},"categories":[39],"tags":[32880,32881],"class_list":["post-129265","post","type-post","status-publish","format-standard","has-post-thumbnail","hentry","category-economia","tag-centro-automotriz-jaquez","tag-cierras-sus-puertas"],"jetpack_featured_media_url":"https:\/\/lasprimeras.com.do\/wp-content\/uploads\/2026\/05\/IMG-20260501-WA0383.jpg","jetpack-related-posts":[{"id":113410,"url":"https:\/\/lasprimeras.com.do\/index.php\/2025\/11\/02\/expomovil-banreservas-cierracon-financiamientos-por-mas-de-rs8653-millones\/","url_meta":{"origin":129265,"position":0},"title":"Expom\u00f3vil Banreservas cierracon financiamientos por m\u00e1s de RS$8,653 millones","author":"Nelson Feliz","date":"2 de noviembre de 2025","format":false,"excerpt":"Leonardo Aguilera resalta que la feria dinamiza el sector automotriz; tambi\u00e9n respalda a familias y empresas para adquirir su medio de transporte El Banco de Reservas cerr\u00f3 este domingo su tradicional feria de veh\u00edculos con financiamientos que superaron los RD$8,653 millones, durante la cual el sector automotriz vendi\u00f3 m\u00e1s de\u2026","rel":"","context":"En \u00abECONOM\u00cdA\u00bb","block_context":{"text":"ECONOM\u00cdA","link":"https:\/\/lasprimeras.com.do\/index.php\/category\/economia\/"},"img":{"alt_text":"","src":"https:\/\/i0.wp.com\/lasprimeras.com.do\/wp-content\/uploads\/2025\/11\/AGUILERA-1.jpg?resize=350%2C200&ssl=1","width":350,"height":200,"srcset":"https:\/\/i0.wp.com\/lasprimeras.com.do\/wp-content\/uploads\/2025\/11\/AGUILERA-1.jpg?resize=350%2C200&ssl=1 1x, https:\/\/i0.wp.com\/lasprimeras.com.do\/wp-content\/uploads\/2025\/11\/AGUILERA-1.jpg?resize=525%2C300&ssl=1 1.5x, https:\/\/i0.wp.com\/lasprimeras.com.do\/wp-content\/uploads\/2025\/11\/AGUILERA-1.jpg?resize=700%2C400&ssl=1 2x"},"classes":[]},{"id":87802,"url":"https:\/\/lasprimeras.com.do\/index.php\/2024\/08\/17\/pn-e-infotep-formalizan-propuesta-para-mantenimiento-de-la-flotilla-vehicular-policial\/","url_meta":{"origin":129265,"position":1},"title":"PN e INFOTEP formalizan propuesta para mantenimiento de la flotilla vehicular policial","author":"Nelson Feliz","date":"17 de agosto de 2024","format":false,"excerpt":"La Polic\u00eda Nacional y el Instituto Nacional de Formaci\u00f3n T\u00e9cnico Profesional (INFOTEP) han formalizado una propuesta para formar aprendices en el mantenimiento de la flotilla vehicular policial. En una ceremonia celebrada en el Centro de An\u00e1lisis para Control Delictivo, el director general de la Polic\u00eda Nacional, mayor general Ram\u00f3n Antonio\u2026","rel":"","context":"En \u00abMILITARES\u00bb","block_context":{"text":"MILITARES","link":"https:\/\/lasprimeras.com.do\/index.php\/category\/militares\/"},"img":{"alt_text":"","src":"https:\/\/i0.wp.com\/lasprimeras.com.do\/wp-content\/uploads\/2024\/08\/pn.jpg?resize=350%2C200&ssl=1","width":350,"height":200,"srcset":"https:\/\/i0.wp.com\/lasprimeras.com.do\/wp-content\/uploads\/2024\/08\/pn.jpg?resize=350%2C200&ssl=1 1x, https:\/\/i0.wp.com\/lasprimeras.com.do\/wp-content\/uploads\/2024\/08\/pn.jpg?resize=525%2C300&ssl=1 1.5x"},"classes":[]},{"id":102537,"url":"https:\/\/lasprimeras.com.do\/index.php\/2025\/07\/06\/jce-iespec-gradua-en-administracion-electoral-a-200-miembros-de-organizaciones-politicas\/","url_meta":{"origin":129265,"position":2},"title":"JCE-IESPEC grad\u00faa en Administraci\u00f3n Electoral a 200 miembros de organizaciones pol\u00edticas","author":"Nelson Feliz","date":"6 de julio de 2025","format":false,"excerpt":"Anuncian Licenciatura en Administraci\u00f3n Electoral para el a\u00f1o 2026. La Junta Central Electoral (JCE), a trav\u00e9s del Instituto Especializado Superior en Formaci\u00f3n Pol\u00edtica Electoral y del Estado Civil (IESPEC), celebr\u00f3 este s\u00e1bado en el Auditorio de la instituci\u00f3n, la graduaci\u00f3n de 200 miembros de partidos, agrupaciones y movimientos pol\u00edticos, quienes\u2026","rel":"","context":"En \u00abNACIONALES\u00bb","block_context":{"text":"NACIONALES","link":"https:\/\/lasprimeras.com.do\/index.php\/category\/nacionales\/"},"img":{"alt_text":"","src":"https:\/\/i0.wp.com\/lasprimeras.com.do\/wp-content\/uploads\/2025\/07\/JCE-1.jpg?resize=350%2C200&ssl=1","width":350,"height":200,"srcset":"https:\/\/i0.wp.com\/lasprimeras.com.do\/wp-content\/uploads\/2025\/07\/JCE-1.jpg?resize=350%2C200&ssl=1 1x, https:\/\/i0.wp.com\/lasprimeras.com.do\/wp-content\/uploads\/2025\/07\/JCE-1.jpg?resize=525%2C300&ssl=1 1.5x, https:\/\/i0.wp.com\/lasprimeras.com.do\/wp-content\/uploads\/2025\/07\/JCE-1.jpg?resize=700%2C400&ssl=1 2x"},"classes":[]},{"id":68808,"url":"https:\/\/lasprimeras.com.do\/index.php\/2023\/11\/28\/anuncian-autoferia-popular-con-tasas-fijas-desde-7-75\/","url_meta":{"origin":129265,"position":3},"title":"Anuncian autoferia popular con tasas fijas desde 7.75%","author":"BIMARY DE JES\u00daS Matos","date":"28 de noviembre de 2023","format":false,"excerpt":"Santo Domingo.-El Banco Popular Dominicano inform\u00f3 sobre el inicio de la vig\u00e9sima octava edici\u00f3n de la Autoferia Popular, que inicia con las tasas fijas de 7.75% a seis meses; 8.75% a 12 meses; 10.75% a dos a\u00f1os; 11.75% a tres a\u00f1os; y 12.75% a cinco a\u00f1os, siempre con la opci\u00f3n\u2026","rel":"","context":"En \u00abPORTADA\u00bb","block_context":{"text":"PORTADA","link":"https:\/\/lasprimeras.com.do\/index.php\/category\/portada\/"},"img":{"alt_text":"","src":"https:\/\/i0.wp.com\/lasprimeras.com.do\/wp-content\/uploads\/2023\/11\/Noticias-de-economia-2.jpg?resize=350%2C200&ssl=1","width":350,"height":200,"srcset":"https:\/\/i0.wp.com\/lasprimeras.com.do\/wp-content\/uploads\/2023\/11\/Noticias-de-economia-2.jpg?resize=350%2C200&ssl=1 1x, https:\/\/i0.wp.com\/lasprimeras.com.do\/wp-content\/uploads\/2023\/11\/Noticias-de-economia-2.jpg?resize=525%2C300&ssl=1 1.5x"},"classes":[]},{"id":95756,"url":"https:\/\/lasprimeras.com.do\/index.php\/2025\/03\/18\/infotep-afirma-89-egresados-del-programa-de-formacion-dual-tienen-insercion-laboral\/","url_meta":{"origin":129265,"position":4},"title":"INFOTEP afirma 89% egresados del Programa de Formaci\u00f3n Dual tienen inserci\u00f3n laboral","author":"Nelson Feliz","date":"18 de marzo de 2025","format":false,"excerpt":"\u2022 La informaci\u00f3n la ofreci\u00f3 Rafael Santos Bad\u00eda en el primer encuentro nacional de monitores del programa de Formaci\u00f3n Dual El Instituto Nacional de Formaci\u00f3n T\u00e9cnico Profesional (INFOTEP) dio a conocer que se han formado m\u00e1s de 10 mil t\u00e9cnicos en el marco del programa de Formaci\u00f3n Dual (FD), de\u2026","rel":"","context":"En \u00abNACIONALES\u00bb","block_context":{"text":"NACIONALES","link":"https:\/\/lasprimeras.com.do\/index.php\/category\/nacionales\/"},"img":{"alt_text":"Rafael Santos Bad\u00eda","src":"https:\/\/i0.wp.com\/lasprimeras.com.do\/wp-content\/uploads\/2025\/03\/Rafael-Santos-Badia-1.jpg?resize=350%2C200&ssl=1","width":350,"height":200,"srcset":"https:\/\/i0.wp.com\/lasprimeras.com.do\/wp-content\/uploads\/2025\/03\/Rafael-Santos-Badia-1.jpg?resize=350%2C200&ssl=1 1x, https:\/\/i0.wp.com\/lasprimeras.com.do\/wp-content\/uploads\/2025\/03\/Rafael-Santos-Badia-1.jpg?resize=525%2C300&ssl=1 1.5x, https:\/\/i0.wp.com\/lasprimeras.com.do\/wp-content\/uploads\/2025\/03\/Rafael-Santos-Badia-1.jpg?resize=700%2C400&ssl=1 2x"},"classes":[]},{"id":117545,"url":"https:\/\/lasprimeras.com.do\/index.php\/2025\/12\/11\/jce-cierra-segundo-ciclo-de-auditoria-interna-del-sgi-con-exito-ratifica-cumplimiento-de-normas-iso\/","url_meta":{"origin":129265,"position":5},"title":"JCE cierra segundo ciclo de auditor\u00eda interna del SGI con \u00e9xito; ratifica cumplimiento de normas ISO","author":"Nelson Feliz","date":"11 de diciembre de 2025","format":false,"excerpt":"La Junta Central Electoral (JCE) concluy\u00f3 este jueves con resultados satisfactorios el proceso de auditor\u00eda interna de las normas ISO 9001, de Gesti\u00f3n de la Calidad; 54001, de Sistema de Calidad de la Gesti\u00f3n Electoral; la 22301, de Continuidad de la Operaci\u00f3n; y la 27001, de Sistema de Gesti\u00f3n de\u2026","rel":"","context":"En \u00abNACIONALES\u00bb","block_context":{"text":"NACIONALES","link":"https:\/\/lasprimeras.com.do\/index.php\/category\/nacionales\/"},"img":{"alt_text":"","src":"https:\/\/i0.wp.com\/lasprimeras.com.do\/wp-content\/uploads\/2025\/12\/Roman-Andres-Jaquez-Liranzo-1.jpg?resize=350%2C200&ssl=1","width":350,"height":200,"srcset":"https:\/\/i0.wp.com\/lasprimeras.com.do\/wp-content\/uploads\/2025\/12\/Roman-Andres-Jaquez-Liranzo-1.jpg?resize=350%2C200&ssl=1 1x, https:\/\/i0.wp.com\/lasprimeras.com.do\/wp-content\/uploads\/2025\/12\/Roman-Andres-Jaquez-Liranzo-1.jpg?resize=525%2C300&ssl=1 1.5x, https:\/\/i0.wp.com\/lasprimeras.com.do\/wp-content\/uploads\/2025\/12\/Roman-Andres-Jaquez-Liranzo-1.jpg?resize=700%2C400&ssl=1 2x"},"classes":[]}],"jetpack_sharing_enabled":true,"_links":{"self":[{"href":"https:\/\/lasprimeras.com.do\/index.php\/wp-json\/wp\/v2\/posts\/129265","targetHints":{"allow":["GET"]}}],"collection":[{"href":"https:\/\/lasprimeras.com.do\/index.php\/wp-json\/wp\/v2\/posts"}],"about":[{"href":"https:\/\/lasprimeras.com.do\/index.php\/wp-json\/wp\/v2\/types\/post"}],"author":[{"embeddable":true,"href":"https:\/\/lasprimeras.com.do\/index.php\/wp-json\/wp\/v2\/users\/10"}],"replies":[{"embeddable":true,"href":"https:\/\/lasprimeras.com.do\/index.php\/wp-json\/wp\/v2\/comments?post=129265"}],"version-history":[{"count":1,"href":"https:\/\/lasprimeras.com.do\/index.php\/wp-json\/wp\/v2\/posts\/129265\/revisions"}],"predecessor-version":[{"id":129267,"href":"https:\/\/lasprimeras.com.do\/index.php\/wp-json\/wp\/v2\/posts\/129265\/revisions\/129267"}],"wp:featuredmedia":[{"embeddable":true,"href":"https:\/\/lasprimeras.com.do\/index.php\/wp-json\/wp\/v2\/media\/129266"}],"wp:attachment":[{"href":"https:\/\/lasprimeras.com.do\/index.php\/wp-json\/wp\/v2\/media?parent=129265"}],"wp:term":[{"taxonomy":"category","embeddable":true,"href":"https:\/\/lasprimeras.com.do\/index.php\/wp-json\/wp\/v2\/categories?post=129265"},{"taxonomy":"post_tag","embeddable":true,"href":"https:\/\/lasprimeras.com.do\/index.php\/wp-json\/wp\/v2\/tags?post=129265"}],"curies":[{"name":"wp","href":"https:\/\/api.w.org\/{rel}","templated":true}]}}