{"id":129268,"date":"2026-05-01T10:14:05","date_gmt":"2026-05-01T14:14:05","guid":{"rendered":"https:\/\/lasprimeras.com.do\/?p=129268"},"modified":"2026-05-01T11:09:51","modified_gmt":"2026-05-01T15:09:51","slug":"centrales-sindicales-alzan-la-voz-por-cesantia-y-seguridad-social","status":"publish","type":"post","link":"https:\/\/lasprimeras.com.do\/index.php\/2026\/05\/01\/centrales-sindicales-alzan-la-voz-por-cesantia-y-seguridad-social\/","title":{"rendered":"Centrales sindicales alzan la voz por cesant\u00eda y seguridad social"},"content":{"rendered":"\n<ul class=\"wp-block-list\">\n<li><em>Dirigentes de la CNTD, CASC y CNUS denuncian deudas estructurales en seguridad social, defienden la cesant\u00eda laboral y reclaman respeto a la libertad sindical, en un acto que reuni\u00f3 a miles de trabajadores en el pa\u00eds.<\/em><\/li>\n<\/ul>\n\n\n\n<p>En una masiva concentraci\u00f3n con motivo del D\u00eda Internacional de los Trabajadores, las principales centrales sindicales del pa\u00eds elevaron un manifiesto conjunto en el que advirtieron sobre los desaf\u00edos pendientes en materia de seguridad social, cesant\u00eda laboral y derechos fundamentales, al tiempo que reiteraron su disposici\u00f3n al di\u00e1logo social tripartito.<\/p>\n\n\n\n<p>Durante el acto, que congreg\u00f3 a dirigentes de federaciones y sindicatos de base afiliados a la Confederaci\u00f3n Nacional de Trabajadores Dominicanos (CNTD), la Confederaci\u00f3n Aut\u00f3noma Sindical Clasista (CASC) y la Confederaci\u00f3n Nacional de Unidad Sindical (CNUS), sus principales l\u00edderes expusieron las principales preocupaciones del movimiento sindical dominicano.<\/p>\n\n\n\n<p><em>La cesant\u00eda laboral, eje de estabilidad y defensa frente a la precarizaci\u00f3n<\/em><\/p>\n\n\n\n<p>Rafael &#8220;Pepe&#8221; Abreu de la CNUS, intervino con una firme defensa de la cesant\u00eda laboral, calific\u00e1ndola como un derecho esencial para la estabilidad de los trabajadores.<\/p>\n\n\n\n<p>\u201cNo nos pueden tratar como mercanc\u00edas. Los derechos que se pierden no se recuperan f\u00e1cilmente. La cesant\u00eda laboral es la \u00fanica garant\u00eda real que tiene un trabajador frente al despido\u201d, expres\u00f3.<\/p>\n\n\n\n<p>Abreu denunci\u00f3 intentos de modificar este derecho en el marco de la reforma laboral en discusi\u00f3n, advirtiendo sobre sus posibles consecuencias sociales.<\/p>\n\n\n\n<p>\u201cSi se afecta la cesant\u00eda, se estar\u00eda dando un golpe mortal a la estabilidad laboral y a la paz social, especialmente en perjuicio de j\u00f3venes y mujeres\u201d, sostuvo.<\/p>\n\n\n\n<p>El dirigente sindical subray\u00f3 adem\u00e1s que, en un contexto donde una gran proporci\u00f3n de los hogares depende del endeudamiento, la cesant\u00eda representa un respaldo econ\u00f3mico clave ante la p\u00e9rdida de empleo.<\/p>\n\n\n\n<p><em>Seguridad social en crisis: urgencia de una reforma centrada en la gente<\/em><\/p>\n\n\n\n<p>A seguidas, Jacobo Ramos de la CNTD, centr\u00f3 su discurso en la urgencia de transformar el sistema de seguridad social, se\u00f1alando que persisten fallas estructurales tras m\u00e1s de dos d\u00e9cadas de su creaci\u00f3n.<\/p>\n\n\n\n<p>\u201cEl eje de la seguridad social debe ser la persona humana, no el lucro\u201d, enfatiz\u00f3, al tiempo que record\u00f3 que el movimiento sindical ha depositado una propuesta integral ante el Congreso Nacional.<\/p>\n\n\n\n<p>Advirti\u00f3 que el gasto de bolsillo en salud supera el 40% del total, lo que obliga a miles de trabajadores a cubrir con sus propios ingresos servicios que deber\u00edan estar garantizados por el sistema, al tiempo que alert\u00f3 sobre la baja cobertura del sistema de pensiones, advirtiendo sobre una posible crisis futura si no se adoptan reformas.<\/p>\n\n\n\n<p>\u201cEste es un momento crucial para dotar al pa\u00eds de una nueva ley de seguridad social. No es solo una demanda sindical, es un reclamo de toda la sociedad\u201d, afirm\u00f3.<\/p>\n\n\n\n<p><em>Deudas sociales y libertad sindical: claves para avanzar hacia la justicia laboral<\/em><\/p>\n\n\n\n<p>Finalmente, Gabriel del R\u00edo de la CASC, abord\u00f3 las deudas sociales pendientes y la necesidad de fortalecer el di\u00e1logo social como v\u00eda para alcanzar mayores conquistas laborales.<\/p>\n\n\n\n<p>\u201cHoy conmemoramos los 140 a\u00f1os de los acontecimientos que dieron origen al 1 de mayo, momento propicio para reiterar nuestras demandas como clase trabajadora, muchas de las cuales siguen siendo una deuda social acumulada\u201d, manifest\u00f3.<\/p>\n\n\n\n<p>Del R\u00edo reconoci\u00f3 avances como los aumentos salariales sectorizados y esfuerzos por mejorar el poder adquisitivo, pero insisti\u00f3 en que persisten obst\u00e1culos que limitan el ejercicio pleno de derechos.<\/p>\n\n\n\n<p>\u201cLa libertad sindical y la negociaci\u00f3n colectiva son derechos humanos esenciales. Sin ellos, se debilita el di\u00e1logo social y se aleja la posibilidad de construir justicia social\u201d, subray\u00f3.<\/p>\n\n\n\n<p>Tambi\u00e9n llam\u00f3 la atenci\u00f3n sobre las condiciones de trabajadores del Estado, mujeres, j\u00f3venes y campesinos, as\u00ed como la necesidad de cumplir acuerdos con el personal de enfermer\u00eda.<\/p>\n\n\n\n<p>Las centrales sindicales coincidieron en que, adem\u00e1s de la seguridad social y la cesant\u00eda, persisten desaf\u00edos en materia de salarios, poder adquisitivo, conciliaci\u00f3n trabajo-familia y acceso a empleo digno, especialmente para sectores vulnerables.<\/p>\n\n\n\n<p>El acto cont\u00f3 con la presencia de los ministros de Trabajo, Eddy Olivares, y de Educaci\u00f3n Superior, Ciencia y Tecnolog\u00eda, Rafael Santos Bad\u00eda, as\u00ed como de la directora general del INFOTEP, Maira Morla Pineda, entre otras personalidades de la vida p\u00fablica, empresarial y social.<\/p>\n\n\n\n<figure class=\"wp-block-image size-large\"><img decoding=\"async\" width=\"1024\" height=\"683\" src=\"https:\/\/lasprimeras.com.do\/wp-content\/uploads\/2026\/05\/1004179348-1024x683.jpg\" alt=\"\" class=\"wp-image-129273\" srcset=\"https:\/\/lasprimeras.com.do\/wp-content\/uploads\/2026\/05\/1004179348-1024x683.jpg 1024w, https:\/\/lasprimeras.com.do\/wp-content\/uploads\/2026\/05\/1004179348-300x200.jpg 300w, https:\/\/lasprimeras.com.do\/wp-content\/uploads\/2026\/05\/1004179348-768x512.jpg 768w, https:\/\/lasprimeras.com.do\/wp-content\/uploads\/2026\/05\/1004179348.jpg 1280w\" sizes=\"(max-width: 1024px) 100vw, 1024px\" \/><\/figure>\n","protected":false},"excerpt":{"rendered":"<p>En una masiva concentraci\u00f3n con motivo del D\u00eda Internacional de los Trabajadores, las principales centrales sindicales del pa\u00eds elevaron un manifiesto conjunto en el que advirtieron sobre los desaf\u00edos pendientes&hellip;<\/p>\n","protected":false},"author":10,"featured_media":129271,"comment_status":"open","ping_status":"open","sticky":false,"template":"","format":"standard","meta":{"content-type":"","jetpack_post_was_ever_published":false,"_jetpack_newsletter_access":"","_jetpack_dont_email_post_to_subs":false,"_jetpack_newsletter_tier_id":0,"_jetpack_memberships_contains_paywalled_content":false,"_jetpack_memberships_contains_paid_content":false,"footnotes":""},"categories":[35,25],"tags":[19159,32480,10554,16603,15083,7968,15084,10804,156],"class_list":["post-129268","post","type-post","status-publish","format-standard","has-post-thumbnail","hentry","category-nacionales","category-portada","tag-1-de-mayo","tag-alzan-su-voz","tag-centrales","tag-cesantia","tag-derechos-laborales","tag-multitudinario","tag-seguridad-social","tag-sindicales-2","tag-trabajadores"],"jetpack_featured_media_url":"https:\/\/lasprimeras.com.do\/wp-content\/uploads\/2026\/05\/IMG-20260501-WA0459.jpg","jetpack-related-posts":[{"id":108285,"url":"https:\/\/lasprimeras.com.do\/index.php\/2025\/09\/04\/centrales-sindicales-anuncian-plan-de-movilizacion-en-defensa-de-la-cesantia-laboral\/","url_meta":{"origin":129268,"position":0},"title":"Centrales Sindicales anuncian plan de movilizaci\u00f3n en defensa de la cesant\u00eda laboral","author":"Nelson Feliz","date":"4 de septiembre de 2025","format":false,"excerpt":"\u00b7 CNTD, CNUS y CASC llaman a vigilia frente al Congreso el 10 de septiembre. Las centrales sindicales Confederaci\u00f3n Nacional de Trabajadores Dominicanos (CNTD), Confederaci\u00f3n Aut\u00f3noma Sindical Clasista (CASC) y la Confederaci\u00f3n Nacional de Unidad Sindical (CNUS), encabezadas por sus presidentes Jacobo Ramos, Gabriel del R\u00edo, respectivamente, rechazaron de manera\u2026","rel":"","context":"En \u00abECONOM\u00cdA\u00bb","block_context":{"text":"ECONOM\u00cdA","link":"https:\/\/lasprimeras.com.do\/index.php\/category\/economia\/"},"img":{"alt_text":"","src":"https:\/\/i0.wp.com\/lasprimeras.com.do\/wp-content\/uploads\/2025\/09\/centrales.jpg?resize=350%2C200&ssl=1","width":350,"height":200,"srcset":"https:\/\/i0.wp.com\/lasprimeras.com.do\/wp-content\/uploads\/2025\/09\/centrales.jpg?resize=350%2C200&ssl=1 1x, https:\/\/i0.wp.com\/lasprimeras.com.do\/wp-content\/uploads\/2025\/09\/centrales.jpg?resize=525%2C300&ssl=1 1.5x, https:\/\/i0.wp.com\/lasprimeras.com.do\/wp-content\/uploads\/2025\/09\/centrales.jpg?resize=700%2C400&ssl=1 2x"},"classes":[]},{"id":100731,"url":"https:\/\/lasprimeras.com.do\/index.php\/2025\/06\/11\/centrales-sindicales-rd-reconocen-al-presidente-abinader-en-la-oit\/","url_meta":{"origin":129268,"position":1},"title":"Centrales Sindicales RD reconocen al presidente Abinader en la OIT","author":"Nelson Feliz","date":"11 de junio de 2025","format":false,"excerpt":"\u00b7-CNTD, CASC y CNUS destacan respaldo del mandatario al di\u00e1logo social, salarios dignos y seguridad social en Rep\u00fablica Dominicana Ginebra, Suiza. \u2013 En el marco de su participaci\u00f3n en el Foro Anual de la Coalici\u00f3n Mundial para la Justicia Social y la 113\u00aa Conferencia Internacional del Trabajo, organizada por la\u2026","rel":"","context":"En \u00abINTERNACIONALES\u00bb","block_context":{"text":"INTERNACIONALES","link":"https:\/\/lasprimeras.com.do\/index.php\/category\/sin-categoria\/internacionales\/"},"img":{"alt_text":"","src":"https:\/\/i0.wp.com\/lasprimeras.com.do\/wp-content\/uploads\/2025\/06\/Luis-Abinader-4.jpg?resize=350%2C200&ssl=1","width":350,"height":200,"srcset":"https:\/\/i0.wp.com\/lasprimeras.com.do\/wp-content\/uploads\/2025\/06\/Luis-Abinader-4.jpg?resize=350%2C200&ssl=1 1x, https:\/\/i0.wp.com\/lasprimeras.com.do\/wp-content\/uploads\/2025\/06\/Luis-Abinader-4.jpg?resize=525%2C300&ssl=1 1.5x, https:\/\/i0.wp.com\/lasprimeras.com.do\/wp-content\/uploads\/2025\/06\/Luis-Abinader-4.jpg?resize=700%2C400&ssl=1 2x"},"classes":[]},{"id":88312,"url":"https:\/\/lasprimeras.com.do\/index.php\/2024\/08\/25\/sntp-realiza-curso-sobre-actualizacion-sindical-seguridad-social-y-derechos-laborales\/","url_meta":{"origin":129268,"position":2},"title":"SNTP realiza curso sobre actualizaci\u00f3n sindical, seguridad social y derechos laborales","author":"Nelson Feliz","date":"25 de agosto de 2024","format":false,"excerpt":"Delegaciones de la filiales del Distrito Nacional, Santo Domingo Este, Oeste y Boca Chica, as\u00ed como del C\u00edrculo de Reporteros Gr\u00e1ficos, N\u00facleo de Ch\u00f3feres de Prensa y de la Asociaci\u00f3n de Fotoperiodistas, discutieron este s\u00e1bado los desaf\u00edos que enfrenta en sindicalismo en este momentos, las seguridad social y el riego\u2026","rel":"","context":"En \u00abNACIONALES\u00bb","block_context":{"text":"NACIONALES","link":"https:\/\/lasprimeras.com.do\/index.php\/category\/nacionales\/"},"img":{"alt_text":"","src":"https:\/\/i0.wp.com\/lasprimeras.com.do\/wp-content\/uploads\/2024\/08\/SNTP.jpg?resize=350%2C200&ssl=1","width":350,"height":200,"srcset":"https:\/\/i0.wp.com\/lasprimeras.com.do\/wp-content\/uploads\/2024\/08\/SNTP.jpg?resize=350%2C200&ssl=1 1x, https:\/\/i0.wp.com\/lasprimeras.com.do\/wp-content\/uploads\/2024\/08\/SNTP.jpg?resize=525%2C300&ssl=1 1.5x, https:\/\/i0.wp.com\/lasprimeras.com.do\/wp-content\/uploads\/2024\/08\/SNTP.jpg?resize=700%2C400&ssl=1 2x"},"classes":[]},{"id":72431,"url":"https:\/\/lasprimeras.com.do\/index.php\/2023\/12\/29\/centrales-sindicales-pasan-balance-al-ano-2023\/","url_meta":{"origin":129268,"position":3},"title":"Centrales Sindicales pasan balance al a\u00f1o 2023","author":"Nelson Feliz","date":"29 de diciembre de 2023","format":false,"excerpt":"\u00b7Reclaman nuevo c\u00f3digo laboral, sin retrocesos, que ampl\u00ede conquistas y mantenga las logradas Las Confederaciones Nacional de Trabajadores Dominicanos (CNTD), Aut\u00f3noma Sindical Clasista (CASC) y la Nacional de Unidad Sindical (CNUS), pasaron balance sindical al a\u00f1os que concluye 2023, en el cual persisten las violaciones a la libertad sindical y\u2026","rel":"","context":"En \u00abNACIONALES\u00bb","block_context":{"text":"NACIONALES","link":"https:\/\/lasprimeras.com.do\/index.php\/category\/nacionales\/"},"img":{"alt_text":"Centrales Sindicales","src":"https:\/\/i0.wp.com\/lasprimeras.com.do\/wp-content\/uploads\/2023\/12\/Centrales-Sindicales-1.jpg?resize=350%2C200&ssl=1","width":350,"height":200,"srcset":"https:\/\/i0.wp.com\/lasprimeras.com.do\/wp-content\/uploads\/2023\/12\/Centrales-Sindicales-1.jpg?resize=350%2C200&ssl=1 1x, https:\/\/i0.wp.com\/lasprimeras.com.do\/wp-content\/uploads\/2023\/12\/Centrales-Sindicales-1.jpg?resize=525%2C300&ssl=1 1.5x, https:\/\/i0.wp.com\/lasprimeras.com.do\/wp-content\/uploads\/2023\/12\/Centrales-Sindicales-1.jpg?resize=700%2C400&ssl=1 2x"},"classes":[]},{"id":113782,"url":"https:\/\/lasprimeras.com.do\/index.php\/2025\/11\/05\/centrales-sindicales-advierten-que-la-indexacion-salarial-no-puede-depender-de-la-revision-de-los-programas-sociales\/","url_meta":{"origin":129268,"position":4},"title":"Centrales sindicales advierten que la indexaci\u00f3n salarial no puede depender de la revisi\u00f3n de los programas sociales","author":"Nelson Feliz","date":"5 de noviembre de 2025","format":false,"excerpt":"\u2022CNTD, CNUS y CASC recalcan que los subsidios son esenciales para los sectores m\u00e1s vulnerables y reclaman una reforma fiscal integral y progresiva La Confederaci\u00f3n Nacional de Trabajadores Dominicanos (CNTD), Confederaci\u00f3n Nacional de Unidad Sindical (CNUS) y la Confederaci\u00f3n Aut\u00f3noma Sindical Clasista (CASC), advirtieron que la aplicaci\u00f3n de la indexaci\u00f3n\u2026","rel":"","context":"En \u00abECONOM\u00cdA\u00bb","block_context":{"text":"ECONOM\u00cdA","link":"https:\/\/lasprimeras.com.do\/index.php\/category\/economia\/"},"img":{"alt_text":"","src":"https:\/\/i0.wp.com\/lasprimeras.com.do\/wp-content\/uploads\/2025\/11\/Centrales-sindicales.jpeg?resize=350%2C200&ssl=1","width":350,"height":200,"srcset":"https:\/\/i0.wp.com\/lasprimeras.com.do\/wp-content\/uploads\/2025\/11\/Centrales-sindicales.jpeg?resize=350%2C200&ssl=1 1x, https:\/\/i0.wp.com\/lasprimeras.com.do\/wp-content\/uploads\/2025\/11\/Centrales-sindicales.jpeg?resize=525%2C300&ssl=1 1.5x, https:\/\/i0.wp.com\/lasprimeras.com.do\/wp-content\/uploads\/2025\/11\/Centrales-sindicales.jpeg?resize=700%2C400&ssl=1 2x"},"classes":[]},{"id":48519,"url":"https:\/\/lasprimeras.com.do\/index.php\/2023\/05\/01\/trabajadores-reclaman-un-nuevo-contrato-social-como-garantia-de-sus-derechos\/","url_meta":{"origin":129268,"position":5},"title":"Trabajadores reclaman un nuevo contrato social como garant\u00eda de sus derechos","author":"prenxa100","date":"1 de mayo de 2023","format":false,"excerpt":"Santo Domingo. - \u00a0Con un llamado a que en el pa\u00eds se establezca un nuevo contrato social que garantice mejores condiciones de vida para las y los trabajadores, el ejercicio pleno de la libertad sindical, la negociaci\u00f3n colectiva y el di\u00e1logo social, las centrales sindicales conmemoraron el D\u00eda Internacional del\u2026","rel":"","context":"En \u00abNACIONALES\u00bb","block_context":{"text":"NACIONALES","link":"https:\/\/lasprimeras.com.do\/index.php\/category\/nacionales\/"},"img":{"alt_text":"","src":"","width":0,"height":0},"classes":[]}],"jetpack_sharing_enabled":true,"_links":{"self":[{"href":"https:\/\/lasprimeras.com.do\/index.php\/wp-json\/wp\/v2\/posts\/129268","targetHints":{"allow":["GET"]}}],"collection":[{"href":"https:\/\/lasprimeras.com.do\/index.php\/wp-json\/wp\/v2\/posts"}],"about":[{"href":"https:\/\/lasprimeras.com.do\/index.php\/wp-json\/wp\/v2\/types\/post"}],"author":[{"embeddable":true,"href":"https:\/\/lasprimeras.com.do\/index.php\/wp-json\/wp\/v2\/users\/10"}],"replies":[{"embeddable":true,"href":"https:\/\/lasprimeras.com.do\/index.php\/wp-json\/wp\/v2\/comments?post=129268"}],"version-history":[{"count":2,"href":"https:\/\/lasprimeras.com.do\/index.php\/wp-json\/wp\/v2\/posts\/129268\/revisions"}],"predecessor-version":[{"id":129274,"href":"https:\/\/lasprimeras.com.do\/index.php\/wp-json\/wp\/v2\/posts\/129268\/revisions\/129274"}],"wp:featuredmedia":[{"embeddable":true,"href":"https:\/\/lasprimeras.com.do\/index.php\/wp-json\/wp\/v2\/media\/129271"}],"wp:attachment":[{"href":"https:\/\/lasprimeras.com.do\/index.php\/wp-json\/wp\/v2\/media?parent=129268"}],"wp:term":[{"taxonomy":"category","embeddable":true,"href":"https:\/\/lasprimeras.com.do\/index.php\/wp-json\/wp\/v2\/categories?post=129268"},{"taxonomy":"post_tag","embeddable":true,"href":"https:\/\/lasprimeras.com.do\/index.php\/wp-json\/wp\/v2\/tags?post=129268"}],"curies":[{"name":"wp","href":"https:\/\/api.w.org\/{rel}","templated":true}]}}