{"id":129275,"date":"2026-05-01T11:24:58","date_gmt":"2026-05-01T15:24:58","guid":{"rendered":"https:\/\/lasprimeras.com.do\/?p=129275"},"modified":"2026-05-01T11:25:01","modified_gmt":"2026-05-01T15:25:01","slug":"ministro-de-agricultura-rd-exportara-tomate-cherry-hacia-estados-unidos","status":"publish","type":"post","link":"https:\/\/lasprimeras.com.do\/index.php\/2026\/05\/01\/ministro-de-agricultura-rd-exportara-tomate-cherry-hacia-estados-unidos\/","title":{"rendered":"Ministro de Agricultura: RD Exportara tomate cherry hacia Estados Unidos"},"content":{"rendered":"\n<p>Destaca impacto econ\u00f3mico y generaci\u00f3n de empleos<\/p>\n\n\n\n<p>Las exportaciones de tomate cherry dominicano hacia el mercado de los Estados Unidos contin\u00faan mostrando un crecimiento sostenido, consolidando al pa\u00eds como un actor competitivo en la agroexportaci\u00f3n bajo ambiente protegido.<\/p>\n\n\n\n<p>Durante el a\u00f1o 2025 se exportaron un total de 12,777,600 libras de tomate cherry hacia territorio estadounidense, mientras que en lo que va de 2026 la cifra ya alcanza 4,794,600 libras, reflejando la estabilidad y proyecci\u00f3n de este rubro en los mercados internacionales.<\/p>\n\n\n\n<p>Estos datos fueron ofrecidos por el ingeniero Edwin Ordaz,representante de la empresa Maguana Tropical.<\/p>\n\n\n\n<p>Luego de recibir las explicaciones de lugar por parte de t\u00e9cnicos de la Regional Suroeste en el municipio de San Juan y representantes de la empresa, el ministro de Agricultura, Francisco Oliverio Espaillat, afirm\u00f3 que estos resultados evidencian el fortalecimiento del sector y la capacidad del pa\u00eds para competir en mercados altamente exigentes.<\/p>\n\n\n\n<p>Este desempe\u00f1o ha tenido un impacto directo en la dinamizaci\u00f3n de las econom\u00edas locales, especialmente en la regi\u00f3n sur, donde la producci\u00f3n bajo invernaderos ha permitido elevar la calidad, garantizar la inocuidad y asegurar una oferta constante para la exportaci\u00f3n.<\/p>\n\n\n\n<p>En ese contexto, el ministro Espaillat destac\u00f3 la fortaleza del sector agropecuario y el avance significativo en materia de tecnificaci\u00f3n, al encabezar un recorrido de supervisi\u00f3n en la empresa Maguana Tropical, ubicada en la provincia San Juan, acompa\u00f1ado del expresidente Hip\u00f3lito Mej\u00eda.<\/p>\n\n\n\n<p>La actividad, desarrollada como \u201cD\u00eda de Campo\u201d, permiti\u00f3 observar de primera mano las innovaciones tecnol\u00f3gicas aplicadas en la producci\u00f3n de tomates cherry bajo ambiente protegido, orientadas a cumplir con los est\u00e1ndares exigidos por el mercado estadounidense.<\/p>\n\n\n\n<p>Durante su intervenci\u00f3n, el ministro reafirm\u00f3 el compromiso del Gobierno con la modernizaci\u00f3n del campo dominicano, subrayando que la incorporaci\u00f3n de tecnolog\u00eda y buenas pr\u00e1cticas agr\u00edcolas es clave para incrementar la competitividad y abrir nuevas oportunidades de exportaci\u00f3n.<\/p>\n\n\n\n<p>La empresa Maguana Tropical, constituida como zona franca especial, genera alrededor de 600 empleos directos e indirectos, convirti\u00e9ndose en un motor de desarrollo econ\u00f3mico para la provincia San Juan.<\/p>\n\n\n\n<p>El ingeniero Edwin Ordaz, ejecutivo de la empresa, explic\u00f3 que la producci\u00f3n de tomate cherry ha experimentado un proceso de expansi\u00f3n y diversificaci\u00f3n, destinando entre un 10 % y un 20 % al mercado local, mientras el resto se orienta a la exportaci\u00f3n.<\/p>\n\n\n\n<p>Asimismo, valor\u00f3 el respaldo del Gobierno, a trav\u00e9s del Ministerio de Agricultura, se\u00f1alando que este acompa\u00f1amiento ha sido fundamental para mantener altos est\u00e1ndares de calidad y fortalecer la presencia del producto dominicano en mercados internacionales.<\/p>\n\n\n\n<p>En la actividad participaron el viceministro de Producci\u00f3n Agr\u00edcola y Mercadeo, Juan Antonio G\u00f3mez; la viceministra administrativa, Herminia Reyes Abreu; la gobernadora provincial, Ana Mar\u00eda Castillo Mateo; y el diputado Franklin Ram\u00edrez, presidente de la Comisi\u00f3n de Agricultura de la C\u00e1mara de Diputados, junto a directores regionales y otros funcionarios del sector.<\/p>\n\n\n\n<p>Con estos resultados, el tomate cherry se consolida como uno de los rubros emergentes de mayor impacto en la agroexportaci\u00f3n dominicana, evidenciando el potencial del pa\u00eds para seguir ampliando su presencia en mercados exigentes y generando bienestar en las comunidades productivas.<\/p>\n","protected":false},"excerpt":{"rendered":"<p>Destaca impacto econ\u00f3mico y generaci\u00f3n de empleos Las exportaciones de tomate cherry dominicano hacia el mercado de los Estados Unidos contin\u00faan mostrando un crecimiento sostenido, consolidando al pa\u00eds como un&hellip;<\/p>\n","protected":false},"author":10,"featured_media":129276,"comment_status":"open","ping_status":"open","sticky":false,"template":"","format":"standard","meta":{"content-type":"","jetpack_post_was_ever_published":false,"_jetpack_newsletter_access":"","_jetpack_dont_email_post_to_subs":false,"_jetpack_newsletter_tier_id":0,"_jetpack_memberships_contains_paywalled_content":false,"_jetpack_memberships_contains_paid_content":false,"footnotes":""},"categories":[39,25],"tags":[979,32882,127,32883],"class_list":["post-129275","post","type-post","status-publish","format-standard","has-post-thumbnail","hentry","category-economia","category-portada","tag-eeuu","tag-exportara","tag-rd","tag-tomate-cherry"],"jetpack_featured_media_url":"https:\/\/lasprimeras.com.do\/wp-content\/uploads\/2026\/05\/IMG-20260501-WA0421-scaled.jpg","jetpack-related-posts":[{"id":121967,"url":"https:\/\/lasprimeras.com.do\/index.php\/2026\/02\/12\/valora-apoyo-de-empresas-para-financiamiento-y-asistencia-tecnica\/","url_meta":{"origin":129275,"position":0},"title":"Valora apoyo de empresas para financiamiento y asistencia t\u00e9cnica","author":"Nelson Feliz","date":"12 de febrero de 2026","format":false,"excerpt":"Tras el lanzamiento de la cuarta edici\u00f3n del Festival del Tomate Azua 2026, el representante de AFCONAGRO, Ing, Miguel Sanchez resalt\u00f3 el crecimiento y fortalecimiento sostenido de la industria del tomate en el Valle de Azua. Sanchez, se\u00f1al\u00f3 que esta zona produce cerca del 80 % del tomate nacional, base\u2026","rel":"","context":"En \u00abNACIONALES\u00bb","block_context":{"text":"NACIONALES","link":"https:\/\/lasprimeras.com.do\/index.php\/category\/nacionales\/"},"img":{"alt_text":"Miguel Sanchez","src":"https:\/\/i0.wp.com\/lasprimeras.com.do\/wp-content\/uploads\/2026\/02\/Miguel-Sanchez.jpg?resize=350%2C200&ssl=1","width":350,"height":200,"srcset":"https:\/\/i0.wp.com\/lasprimeras.com.do\/wp-content\/uploads\/2026\/02\/Miguel-Sanchez.jpg?resize=350%2C200&ssl=1 1x, https:\/\/i0.wp.com\/lasprimeras.com.do\/wp-content\/uploads\/2026\/02\/Miguel-Sanchez.jpg?resize=525%2C300&ssl=1 1.5x, https:\/\/i0.wp.com\/lasprimeras.com.do\/wp-content\/uploads\/2026\/02\/Miguel-Sanchez.jpg?resize=700%2C400&ssl=1 2x"},"classes":[]},{"id":98233,"url":"https:\/\/lasprimeras.com.do\/index.php\/2025\/05\/04\/en-medio-de-celebraciones-por-el-5-de-mayo-se-avecina-un-arancel-de-eeuu-sobre-tomates-mexicanos\/","url_meta":{"origin":129275,"position":1},"title":"En medio de celebraciones por el 5 de Mayo, se avecina un arancel de EEUU sobre tomates mexicanos","author":"Nelson Feliz","date":"4 de mayo de 2025","format":false,"excerpt":"POR DEE-ANN DURBIN Hasta ahora, el guacamole se ha librado de los aranceles del presidente de Estados Unidos, Donald Trump. Pero la salsa podr\u00eda no correr con la misma suerte. Aunque Trump ha pausado los aranceles anunciados sobre los aguacates mexicanos, el gobierno de Estados Unidos planea imponer un impuesto\u2026","rel":"","context":"En \u00abECONOM\u00cdA\u00bb","block_context":{"text":"ECONOM\u00cdA","link":"https:\/\/lasprimeras.com.do\/index.php\/category\/economia\/"},"img":{"alt_text":"","src":"https:\/\/i0.wp.com\/lasprimeras.com.do\/wp-content\/uploads\/2025\/05\/tomates.jpg?resize=350%2C200&ssl=1","width":350,"height":200,"srcset":"https:\/\/i0.wp.com\/lasprimeras.com.do\/wp-content\/uploads\/2025\/05\/tomates.jpg?resize=350%2C200&ssl=1 1x, https:\/\/i0.wp.com\/lasprimeras.com.do\/wp-content\/uploads\/2025\/05\/tomates.jpg?resize=525%2C300&ssl=1 1.5x, https:\/\/i0.wp.com\/lasprimeras.com.do\/wp-content\/uploads\/2025\/05\/tomates.jpg?resize=700%2C400&ssl=1 2x"},"classes":[]},{"id":95825,"url":"https:\/\/lasprimeras.com.do\/index.php\/2025\/03\/19\/sonia-guzman-valora-eliminacion-de-restriccion-de-exportacion-de-azucar-del-central-romana-a-los-estados-unidos\/","url_meta":{"origin":129275,"position":2},"title":"Sonia Guzm\u00e1n valora eliminaci\u00f3n de restricci\u00f3n de exportaci\u00f3n de az\u00facar del Central Romana a los Estados Unidos","author":"Nelson Feliz","date":"19 de marzo de 2025","format":false,"excerpt":"La embajada dominicana en los Estados Unidos dijo que dicha medida fue el fruto de un trabajo en equipo coordinado por el Presidente Luis Abinader. Destac\u00f3 que EEUU es el principal socio comercial de RD. WASHINGTON, D.C. La embajadora dominicana en los Estados Unidos, Sonia Guzm\u00e1n, valor\u00f3 la iniciativa del\u2026","rel":"","context":"En \u00abECONOM\u00cdA\u00bb","block_context":{"text":"ECONOM\u00cdA","link":"https:\/\/lasprimeras.com.do\/index.php\/category\/economia\/"},"img":{"alt_text":"","src":"https:\/\/i0.wp.com\/lasprimeras.com.do\/wp-content\/uploads\/2025\/03\/Sonia-Guzman.jpg?resize=350%2C200&ssl=1","width":350,"height":200,"srcset":"https:\/\/i0.wp.com\/lasprimeras.com.do\/wp-content\/uploads\/2025\/03\/Sonia-Guzman.jpg?resize=350%2C200&ssl=1 1x, https:\/\/i0.wp.com\/lasprimeras.com.do\/wp-content\/uploads\/2025\/03\/Sonia-Guzman.jpg?resize=525%2C300&ssl=1 1.5x, https:\/\/i0.wp.com\/lasprimeras.com.do\/wp-content\/uploads\/2025\/03\/Sonia-Guzman.jpg?resize=700%2C400&ssl=1 2x"},"classes":[]},{"id":124450,"url":"https:\/\/lasprimeras.com.do\/index.php\/2026\/03\/12\/prodominicana-reconoce-a-empresas-en-vanguardia-exportadora\/","url_meta":{"origin":129275,"position":3},"title":"ProDominicana reconoce a empresas en Vanguardia Exportadora","author":"Nelson Feliz","date":"12 de marzo de 2026","format":false,"excerpt":"Exportaciones dominicanas crecen 14.4% en 2025 El Centro de Exportaci\u00f3n e Inversi\u00f3n de la Rep\u00fablica Dominicana (ProDominicana) celebr\u00f3 la segunda edici\u00f3n del reconocimiento \u201cVanguardia Exportadora\u201d, un evento que destaca a las empresas que han logrado posicionar con \u00e9xito sus productos y servicios en los mercados internacionales durante el a\u00f1o 2025.\u2026","rel":"","context":"En \u00abECONOM\u00cdA\u00bb","block_context":{"text":"ECONOM\u00cdA","link":"https:\/\/lasprimeras.com.do\/index.php\/category\/economia\/"},"img":{"alt_text":"Vanguardia Exportadora","src":"https:\/\/i0.wp.com\/lasprimeras.com.do\/wp-content\/uploads\/2026\/03\/Vanguardia-Exportadora.jpg?resize=350%2C200&ssl=1","width":350,"height":200,"srcset":"https:\/\/i0.wp.com\/lasprimeras.com.do\/wp-content\/uploads\/2026\/03\/Vanguardia-Exportadora.jpg?resize=350%2C200&ssl=1 1x, https:\/\/i0.wp.com\/lasprimeras.com.do\/wp-content\/uploads\/2026\/03\/Vanguardia-Exportadora.jpg?resize=525%2C300&ssl=1 1.5x, https:\/\/i0.wp.com\/lasprimeras.com.do\/wp-content\/uploads\/2026\/03\/Vanguardia-Exportadora.jpg?resize=700%2C400&ssl=1 2x"},"classes":[]},{"id":91185,"url":"https:\/\/lasprimeras.com.do\/index.php\/2024\/11\/12\/republica-dominicana-se-prepara-para-exportar-ron-dominicano-hacia-honduras\/","url_meta":{"origin":129275,"position":4},"title":"Rep\u00fablica Dominicana se prepara para exportar Ron Dominicano hacia Honduras","author":"Nelson Feliz","date":"12 de noviembre de 2024","format":false,"excerpt":"La Embajada de la Rep\u00fablica Dominicana en Honduras, ha informado que el Ron Dominicano se encuentra enlistado para ser exportado hacia el Mercado Hondure\u00f1o. Seg\u00fan inform\u00f3 el Embajador de la Rep\u00fablica Dominicana ante el pa\u00eds Centroamericano Luis Bienvenido Garc\u00eda Mercado, este producto se encuentra en su m\u00e1ximo esplendor, debido a\u2026","rel":"","context":"En \u00abECONOM\u00cdA\u00bb","block_context":{"text":"ECONOM\u00cdA","link":"https:\/\/lasprimeras.com.do\/index.php\/category\/economia\/"},"img":{"alt_text":"","src":"https:\/\/i0.wp.com\/lasprimeras.com.do\/wp-content\/uploads\/2024\/11\/legado.jpg?resize=350%2C200&ssl=1","width":350,"height":200,"srcset":"https:\/\/i0.wp.com\/lasprimeras.com.do\/wp-content\/uploads\/2024\/11\/legado.jpg?resize=350%2C200&ssl=1 1x, https:\/\/i0.wp.com\/lasprimeras.com.do\/wp-content\/uploads\/2024\/11\/legado.jpg?resize=525%2C300&ssl=1 1.5x"},"classes":[]},{"id":53485,"url":"https:\/\/lasprimeras.com.do\/index.php\/2023\/06\/26\/prodominicana-continua-promocionando-la-oferta-exportable-en-summer-fancy-food-estados-unidos\/","url_meta":{"origin":129275,"position":5},"title":"ProDominicana contin\u00faa promocionando la oferta exportable en Summer Fancy Food Estados Unidos","author":"Nelson Feliz","date":"26 de junio de 2023","format":false,"excerpt":"La feria se realizar\u00e1 en Nueva York 25 al 27 de junio en el Javits Convention Center, Nueva York, Estados Unidos El Centro de Exportaci\u00f3n e Inversi\u00f3n de la Rep\u00fablica Dominicana (ProDominicana) encabeza la delegaci\u00f3n del pa\u00eds que participa en la feria internacional Summer Fancy Food Show a celebrarse del\u2026","rel":"","context":"En \u00abECONOM\u00cdA\u00bb","block_context":{"text":"ECONOM\u00cdA","link":"https:\/\/lasprimeras.com.do\/index.php\/category\/economia\/"},"img":{"alt_text":"","src":"https:\/\/i0.wp.com\/lasprimeras.com.do\/wp-content\/uploads\/2023\/06\/Acto-inaugural-Fancy-Food-1.jpg?resize=350%2C200&ssl=1","width":350,"height":200,"srcset":"https:\/\/i0.wp.com\/lasprimeras.com.do\/wp-content\/uploads\/2023\/06\/Acto-inaugural-Fancy-Food-1.jpg?resize=350%2C200&ssl=1 1x, https:\/\/i0.wp.com\/lasprimeras.com.do\/wp-content\/uploads\/2023\/06\/Acto-inaugural-Fancy-Food-1.jpg?resize=525%2C300&ssl=1 1.5x, https:\/\/i0.wp.com\/lasprimeras.com.do\/wp-content\/uploads\/2023\/06\/Acto-inaugural-Fancy-Food-1.jpg?resize=700%2C400&ssl=1 2x"},"classes":[]}],"jetpack_sharing_enabled":true,"_links":{"self":[{"href":"https:\/\/lasprimeras.com.do\/index.php\/wp-json\/wp\/v2\/posts\/129275","targetHints":{"allow":["GET"]}}],"collection":[{"href":"https:\/\/lasprimeras.com.do\/index.php\/wp-json\/wp\/v2\/posts"}],"about":[{"href":"https:\/\/lasprimeras.com.do\/index.php\/wp-json\/wp\/v2\/types\/post"}],"author":[{"embeddable":true,"href":"https:\/\/lasprimeras.com.do\/index.php\/wp-json\/wp\/v2\/users\/10"}],"replies":[{"embeddable":true,"href":"https:\/\/lasprimeras.com.do\/index.php\/wp-json\/wp\/v2\/comments?post=129275"}],"version-history":[{"count":1,"href":"https:\/\/lasprimeras.com.do\/index.php\/wp-json\/wp\/v2\/posts\/129275\/revisions"}],"predecessor-version":[{"id":129277,"href":"https:\/\/lasprimeras.com.do\/index.php\/wp-json\/wp\/v2\/posts\/129275\/revisions\/129277"}],"wp:featuredmedia":[{"embeddable":true,"href":"https:\/\/lasprimeras.com.do\/index.php\/wp-json\/wp\/v2\/media\/129276"}],"wp:attachment":[{"href":"https:\/\/lasprimeras.com.do\/index.php\/wp-json\/wp\/v2\/media?parent=129275"}],"wp:term":[{"taxonomy":"category","embeddable":true,"href":"https:\/\/lasprimeras.com.do\/index.php\/wp-json\/wp\/v2\/categories?post=129275"},{"taxonomy":"post_tag","embeddable":true,"href":"https:\/\/lasprimeras.com.do\/index.php\/wp-json\/wp\/v2\/tags?post=129275"}],"curies":[{"name":"wp","href":"https:\/\/api.w.org\/{rel}","templated":true}]}}