{"id":129280,"date":"2026-05-01T11:58:14","date_gmt":"2026-05-01T15:58:14","guid":{"rendered":"https:\/\/lasprimeras.com.do\/?p=129280"},"modified":"2026-05-01T11:58:16","modified_gmt":"2026-05-01T15:58:16","slug":"filial-sntp-sde-inicia-proceso-modernizacion-y-carnetizacion-con-codigo-qr","status":"publish","type":"post","link":"https:\/\/lasprimeras.com.do\/index.php\/2026\/05\/01\/filial-sntp-sde-inicia-proceso-modernizacion-y-carnetizacion-con-codigo-qr\/","title":{"rendered":"Filial SNTP-SDE inicia proceso modernizaci\u00f3n y carnetizaci\u00f3n con C\u00f3digo QR"},"content":{"rendered":"\n<p>El Secretario General de la filial del municipio Santo Domingo Este, Dar\u00edo Ma\u00f1\u00f3n, anunci\u00f3 formalmente el inicio del proceso de actualizaci\u00f3n de datos y carnetizaci\u00f3n para todos los miembros del Sindicato Nacional de Trabajadores de la Prensa (SNTP).<\/p>\n\n\n\n<p>Esta nueva etapa representa un salto tecnol\u00f3gico para la instituci\u00f3n, ya que los nuevos documentos contar\u00e1n con un sistema de C\u00f3digo QR.<\/p>\n\n\n\n<p>Esta herramienta permitir\u00e1 que cualquier instituci\u00f3n o autoridad valide la identidad y el estatus del miembro de manera instant\u00e1nea, garantizando mayor seguridad y prestigio en el ejercicio de sus funciones.<\/p>\n\n\n\n<p>Puntos claves del proceso:<\/p>\n\n\n\n<p>Actualizaci\u00f3n Obligatoria: Al finalizar este operativo, los carnets actuales perder\u00e1n validez.<\/p>\n\n\n\n<p>El nuevo carnet con QR ser\u00e1 el \u00fanico documento reconocido ante las diversas instituciones con las que se est\u00e1n coordinando acuerdos de colaboraci\u00f3n.<\/p>\n\n\n\n<p>Levantamiento y Depuraci\u00f3n:<\/p>\n\n\n\n<p>El proceso servir\u00e1 para realizar un levantamiento exhaustivo del padr\u00f3n.<\/p>\n\n\n\n<p>El objetivo es dar paso a nuevos miembros que cumplan con los requisitos establecidos y formalizar la salida de aquellos que han permanecido distantes o &#8220;de espaldas&#8221; a las actividades y compromisos de la instituci\u00f3n.<\/p>\n\n\n\n<p>Facilidades de Pago (Amnist\u00eda):<\/p>\n\n\n\n<p>En un gesto de apoyo a la clase trabajadora, la Secretar\u00eda General ha dispuesto que aquellos miembros con cuotas atrasadas puedan ponerse al d\u00eda y obtener su nuevo carnet mediante un pago \u00fanico de RD$2,500.00, quedando liberados de deudas anteriores.<\/p>\n\n\n\n<p>Informaci\u00f3n y Contacto:<\/p>\n\n\n\n<p>Los interesados en actualizar sus datos e iniciar el proceso de carnetizaci\u00f3n pueden realizar sus dep\u00f3sitos en la cuenta institucional (detalles disponibles v\u00eda consulta directa) y comunicarse para m\u00e1s informaci\u00f3n con los encargados de las distintas \u00e1reas:<\/p>\n\n\n\n<p>Secretar\u00eda General, Secretar\u00eda de Organizaci\u00f3n, Secretar\u00eda de Prensa, Secretaria de Asuntos Sociales y<\/p>\n\n\n\n<p>Enlaces de Circunscripciones: Consultar con sus representantes locales.<\/p>\n\n\n\n<p>Con esta iniciativa, la gesti\u00f3n de Dar\u00edo Ma\u00f1\u00f3n busca reorganizar y fortalecer el sindicato, asegurando que los beneficios y el respaldo institucional lleguen a quienes verdaderamente est\u00e1n comprometidos con el gremio.<\/p>\n\n\n\n<p>\u00a1Actual\u00edzate y forma parte de la nueva era del SNTP SDE!<\/p>\n","protected":false},"excerpt":{"rendered":"<p>El Secretario General de la filial del municipio Santo Domingo Este, Dar\u00edo Ma\u00f1\u00f3n, anunci\u00f3 formalmente el inicio del proceso de actualizaci\u00f3n de datos y carnetizaci\u00f3n para todos los miembros del&hellip;<\/p>\n","protected":false},"author":10,"featured_media":129281,"comment_status":"open","ping_status":"open","sticky":false,"template":"","format":"standard","meta":{"content-type":"","jetpack_post_was_ever_published":false,"_jetpack_newsletter_access":"","_jetpack_dont_email_post_to_subs":false,"_jetpack_newsletter_tier_id":0,"_jetpack_memberships_contains_paywalled_content":false,"_jetpack_memberships_contains_paid_content":false,"footnotes":""},"categories":[35],"tags":[6162],"class_list":["post-129280","post","type-post","status-publish","format-standard","has-post-thumbnail","hentry","category-nacionales","tag-sntp-sde"],"jetpack_featured_media_url":"https:\/\/lasprimeras.com.do\/wp-content\/uploads\/2026\/05\/IMG-20260430-WA0921.jpg","jetpack-related-posts":[{"id":106510,"url":"https:\/\/lasprimeras.com.do\/index.php\/2025\/08\/16\/periodista-dario-manon-gana-de-manera-arrolladora-secretaria-general-del-sntp-sde\/","url_meta":{"origin":129280,"position":0},"title":"Periodista Dar\u00edo Ma\u00f1\u00f3n gana de manera arrolladora secretar\u00eda general del SNTP-SDE","author":"Nelson Feliz","date":"16 de agosto de 2025","format":false,"excerpt":"El destacado periodista Dar\u00edo Ma\u00f1\u00f3n result\u00f3 electo secretario general de la filial durante las elecciones efectuada este viernes en el municipio Santo Domingo Este . Ma\u00f1\u00f3n, quien encabez\u00f3 la plancha n\u00famero 2 gan\u00f3 de manera arrolladora los comicios obteniendo 61 votos de un total de 97 votos emitidos, lo que\u2026","rel":"","context":"En \u00abNACIONALES\u00bb","block_context":{"text":"NACIONALES","link":"https:\/\/lasprimeras.com.do\/index.php\/category\/nacionales\/"},"img":{"alt_text":"Dario Ma\u00f1on y Manuel Agramonte","src":"https:\/\/i0.wp.com\/lasprimeras.com.do\/wp-content\/uploads\/2025\/08\/Dario-Manon-y-Manuel-Agramonte.jpg?resize=350%2C200&ssl=1","width":350,"height":200,"srcset":"https:\/\/i0.wp.com\/lasprimeras.com.do\/wp-content\/uploads\/2025\/08\/Dario-Manon-y-Manuel-Agramonte.jpg?resize=350%2C200&ssl=1 1x, https:\/\/i0.wp.com\/lasprimeras.com.do\/wp-content\/uploads\/2025\/08\/Dario-Manon-y-Manuel-Agramonte.jpg?resize=525%2C300&ssl=1 1.5x, https:\/\/i0.wp.com\/lasprimeras.com.do\/wp-content\/uploads\/2025\/08\/Dario-Manon-y-Manuel-Agramonte.jpg?resize=700%2C400&ssl=1 2x"},"classes":[]},{"id":126774,"url":"https:\/\/lasprimeras.com.do\/index.php\/2026\/04\/05\/sntp-sde-felicita-a-todos-los-periodistas-en-su-dia\/","url_meta":{"origin":129280,"position":1},"title":"SNTP-SDE felicita a todos los periodistas en su d\u00eda","author":"Nelson Feliz","date":"5 de abril de 2026","format":false,"excerpt":"La filial SNTP-SDE del Sindicato Nacional de Trabajadores de la Prensa (SNTP) felicita a todos los periodistas dominicanos en su d\u00eda. Hoy 5 de abril, D\u00eda del Periodista, reconocemos la labor de los profesionales de la comunicaci\u00f3n que d\u00eda a d\u00eda trabajan para llevar la verdad y la informaci\u00f3n a\u2026","rel":"","context":"En \u00abNACIONALES\u00bb","block_context":{"text":"NACIONALES","link":"https:\/\/lasprimeras.com.do\/index.php\/category\/nacionales\/"},"img":{"alt_text":"","src":"https:\/\/i0.wp.com\/lasprimeras.com.do\/wp-content\/uploads\/2025\/10\/Dario-Manon.jpg?resize=350%2C200&ssl=1","width":350,"height":200,"srcset":"https:\/\/i0.wp.com\/lasprimeras.com.do\/wp-content\/uploads\/2025\/10\/Dario-Manon.jpg?resize=350%2C200&ssl=1 1x, https:\/\/i0.wp.com\/lasprimeras.com.do\/wp-content\/uploads\/2025\/10\/Dario-Manon.jpg?resize=525%2C300&ssl=1 1.5x, https:\/\/i0.wp.com\/lasprimeras.com.do\/wp-content\/uploads\/2025\/10\/Dario-Manon.jpg?resize=700%2C400&ssl=1 2x"},"classes":[]},{"id":107022,"url":"https:\/\/lasprimeras.com.do\/index.php\/2025\/08\/22\/directiva-electa-del-sntp-sde-realiza-misa-de-accion-de-gracias-por-el-triunfo-obtenido-de-dario-manon\/","url_meta":{"origin":129280,"position":2},"title":"Directiva electa del SNTP-SDE realiza &#8220;Misa de Acci\u00f3n de Gracias&#8221; por el triunfo obtenido de Dar\u00edo Ma\u00f1\u00f3n","author":"Nelson Feliz","date":"22 de agosto de 2025","format":false,"excerpt":"Durante el acto religioso efectuado en la iglesia Paz y Bien de la avenida Sabana Larga, el secretario general electo Dar\u00edo Ma\u00f1\u00f3n, expres\u00f3 su gratitud y compromiso con los profesionales de la prensa. El Sindicato Nacional de Trabajadores de la Prensa filial Santo Domingo Este, (SNTP-SDE) llev\u00f3 a cabo con\u2026","rel":"","context":"En \u00abNACIONALES\u00bb","block_context":{"text":"NACIONALES","link":"https:\/\/lasprimeras.com.do\/index.php\/category\/nacionales\/"},"img":{"alt_text":"","src":"https:\/\/i0.wp.com\/lasprimeras.com.do\/wp-content\/uploads\/2025\/08\/Directiva-electa-1.jpg?resize=350%2C200&ssl=1","width":350,"height":200,"srcset":"https:\/\/i0.wp.com\/lasprimeras.com.do\/wp-content\/uploads\/2025\/08\/Directiva-electa-1.jpg?resize=350%2C200&ssl=1 1x, https:\/\/i0.wp.com\/lasprimeras.com.do\/wp-content\/uploads\/2025\/08\/Directiva-electa-1.jpg?resize=525%2C300&ssl=1 1.5x, https:\/\/i0.wp.com\/lasprimeras.com.do\/wp-content\/uploads\/2025\/08\/Directiva-electa-1.jpg?resize=700%2C400&ssl=1 2x"},"classes":[]},{"id":57113,"url":"https:\/\/lasprimeras.com.do\/index.php\/2023\/08\/09\/sntp-sde-llama-a-sus-miembros-a-participar-masivamente-en-elecciones-del-proximo-viernes-11-de-agosto\/","url_meta":{"origin":129280,"position":3},"title":"SNTP &#8211; SDE llama a sus miembros a participar masivamente en elecciones del pr\u00f3ximo viernes 11 de agosto","author":"Nelson Feliz","date":"9 de agosto de 2023","format":false,"excerpt":"La filial Santo Domingo Este del Sindicato Nacional de Trabajadores de la Prensa SNTP-SDE hizo un llamado a todos sus miembros a participar masivamente en el proceso eleccionario con el que se elegir\u00e1n la nueva directiva que dirigir\u00e1 los destinos de ese gremio para el periodo 2023-2025. Las votaciones se\u2026","rel":"","context":"En \u00abNACIONALES\u00bb","block_context":{"text":"NACIONALES","link":"https:\/\/lasprimeras.com.do\/index.php\/category\/nacionales\/"},"img":{"alt_text":"","src":"","width":0,"height":0},"classes":[]},{"id":119819,"url":"https:\/\/lasprimeras.com.do\/index.php\/2026\/01\/18\/el-sntp-filial-sde-celebra-almuerzo-de-confraternidad\/","url_meta":{"origin":129280,"position":4},"title":"El SNTP filial SDE celebra Almuerzo de Confraternidad","author":"Nelson Feliz","date":"18 de enero de 2026","format":false,"excerpt":"Dar\u00edo Ma\u00f1\u00f3n","rel":"","context":"En \u00abNACIONALES\u00bb","block_context":{"text":"NACIONALES","link":"https:\/\/lasprimeras.com.do\/index.php\/category\/nacionales\/"},"img":{"alt_text":"Dar\u00edo Ma\u00f1\u00f3n","src":"https:\/\/i0.wp.com\/lasprimeras.com.do\/wp-content\/uploads\/2026\/01\/Dario-Manon.jpg?resize=350%2C200&ssl=1","width":350,"height":200,"srcset":"https:\/\/i0.wp.com\/lasprimeras.com.do\/wp-content\/uploads\/2026\/01\/Dario-Manon.jpg?resize=350%2C200&ssl=1 1x, https:\/\/i0.wp.com\/lasprimeras.com.do\/wp-content\/uploads\/2026\/01\/Dario-Manon.jpg?resize=525%2C300&ssl=1 1.5x, https:\/\/i0.wp.com\/lasprimeras.com.do\/wp-content\/uploads\/2026\/01\/Dario-Manon.jpg?resize=700%2C400&ssl=1 2x"},"classes":[]},{"id":57456,"url":"https:\/\/lasprimeras.com.do\/index.php\/2023\/08\/12\/wilson-guerrero-continuara-dirigiendo-los-destinos-de-la-filial-sntp-sde\/","url_meta":{"origin":129280,"position":5},"title":"Wilson Guerrero continuar\u00e1 dirigiendo los destinos de la filial SNTP-SDE","author":"Nelson Feliz","date":"12 de agosto de 2023","format":false,"excerpt":"Guerrero juntos otros integrantes de la plancha de consenso fueron reelecto durante una masiva votaci\u00f3n en las elecciones efectuada este viernes. Durante una masiva votaci\u00f3n efectuada \u00e9ste viernes 11 de agosto, el actual secretario general de la filial Santo Domingo Este del Sindicato Nacional de Trabajadores de la Prensa (SNTP-SDE),\u2026","rel":"","context":"En \u00abNACIONALES\u00bb","block_context":{"text":"NACIONALES","link":"https:\/\/lasprimeras.com.do\/index.php\/category\/nacionales\/"},"img":{"alt_text":"","src":"https:\/\/i0.wp.com\/lasprimeras.com.do\/wp-content\/uploads\/2023\/08\/sntp-sde-1.jpg?resize=350%2C200&ssl=1","width":350,"height":200,"srcset":"https:\/\/i0.wp.com\/lasprimeras.com.do\/wp-content\/uploads\/2023\/08\/sntp-sde-1.jpg?resize=350%2C200&ssl=1 1x, https:\/\/i0.wp.com\/lasprimeras.com.do\/wp-content\/uploads\/2023\/08\/sntp-sde-1.jpg?resize=525%2C300&ssl=1 1.5x, https:\/\/i0.wp.com\/lasprimeras.com.do\/wp-content\/uploads\/2023\/08\/sntp-sde-1.jpg?resize=700%2C400&ssl=1 2x"},"classes":[]}],"jetpack_sharing_enabled":true,"_links":{"self":[{"href":"https:\/\/lasprimeras.com.do\/index.php\/wp-json\/wp\/v2\/posts\/129280","targetHints":{"allow":["GET"]}}],"collection":[{"href":"https:\/\/lasprimeras.com.do\/index.php\/wp-json\/wp\/v2\/posts"}],"about":[{"href":"https:\/\/lasprimeras.com.do\/index.php\/wp-json\/wp\/v2\/types\/post"}],"author":[{"embeddable":true,"href":"https:\/\/lasprimeras.com.do\/index.php\/wp-json\/wp\/v2\/users\/10"}],"replies":[{"embeddable":true,"href":"https:\/\/lasprimeras.com.do\/index.php\/wp-json\/wp\/v2\/comments?post=129280"}],"version-history":[{"count":1,"href":"https:\/\/lasprimeras.com.do\/index.php\/wp-json\/wp\/v2\/posts\/129280\/revisions"}],"predecessor-version":[{"id":129282,"href":"https:\/\/lasprimeras.com.do\/index.php\/wp-json\/wp\/v2\/posts\/129280\/revisions\/129282"}],"wp:featuredmedia":[{"embeddable":true,"href":"https:\/\/lasprimeras.com.do\/index.php\/wp-json\/wp\/v2\/media\/129281"}],"wp:attachment":[{"href":"https:\/\/lasprimeras.com.do\/index.php\/wp-json\/wp\/v2\/media?parent=129280"}],"wp:term":[{"taxonomy":"category","embeddable":true,"href":"https:\/\/lasprimeras.com.do\/index.php\/wp-json\/wp\/v2\/categories?post=129280"},{"taxonomy":"post_tag","embeddable":true,"href":"https:\/\/lasprimeras.com.do\/index.php\/wp-json\/wp\/v2\/tags?post=129280"}],"curies":[{"name":"wp","href":"https:\/\/api.w.org\/{rel}","templated":true}]}}