{"id":129283,"date":"2026-05-01T12:53:22","date_gmt":"2026-05-01T16:53:22","guid":{"rendered":"https:\/\/lasprimeras.com.do\/?p=129283"},"modified":"2026-05-01T12:53:24","modified_gmt":"2026-05-01T16:53:24","slug":"lopez-ynoa-destaca-valor-de-la-clase-trabajadora-de-la-sociedad-dominicana","status":"publish","type":"post","link":"https:\/\/lasprimeras.com.do\/index.php\/2026\/05\/01\/lopez-ynoa-destaca-valor-de-la-clase-trabajadora-de-la-sociedad-dominicana\/","title":{"rendered":"L\u00f3pez Ynoa destaca valor de la clase trabajadora de la sociedad dominicana"},"content":{"rendered":"\n<p>Al conmemoraci\u00f3n del D\u00eda Internacional del Trabajo, el candidato a la Subdirecci\u00f3n Acad\u00e9mica de la UASD Recinto Barahona, Ram\u00f3n L\u00f3pez Ynoa, extendi\u00f3 un caluroso mensaje de felicitaci\u00f3n y reconocimiento a todos los trabajadores dominicanos.<\/p>\n\n\n\n<p>L\u00f3pez Ynoa resalt\u00f3 que el esfuerzo diario, la dedicaci\u00f3n y el compromiso de cada hombre y mujer son el motor fundamental que impulsa el progreso econ\u00f3mico y social del pa\u00eds.<\/p>\n\n\n\n<p>&#8220;La labor incansable de nuestra gente es la base sobre la cual construimos un mejor futuro. Sin su entrega, no ser\u00eda posible alcanzar las metas de desarrollo que nos proponemos como sociedad&#8221;, afirm\u00f3 el acad\u00e9mico.<\/p>\n\n\n\n<p>El candidato a la Subdirecci\u00f3n Acad\u00e9mica aprovech\u00f3 la ocasi\u00f3n para reafirmar su compromiso con la excelencia y el servicio desde la academia, bajo los pilares de su campa\u00f1a: Compromiso, Experiencia y Vocaci\u00f3n de Servicio.<\/p>\n\n\n\n<p>\u201cAgradecemos profundamente a cada trabajador por su valiosa contribuci\u00f3n. En especial, a nuestra familia uasdiana en Barahona, cuyo trabajo es vital para la formaci\u00f3n de las futuras generaciones de profesionales\u201d, concluy\u00f3 L\u00f3pez Ynoa.<\/p>\n\n\n\n<p>El mensaje finaliza con un sentido agradecimiento por la labor realizada, subrayando que el trabajo dignifica y es la herramienta principal para la transformaci\u00f3n de los pueblos.<\/p>\n","protected":false},"excerpt":{"rendered":"<p>Al conmemoraci\u00f3n del D\u00eda Internacional del Trabajo, el candidato a la Subdirecci\u00f3n Acad\u00e9mica de la UASD Recinto Barahona, Ram\u00f3n L\u00f3pez Ynoa, extendi\u00f3 un caluroso mensaje de felicitaci\u00f3n y reconocimiento a&hellip;<\/p>\n","protected":false},"author":10,"featured_media":90691,"comment_status":"open","ping_status":"open","sticky":false,"template":"","format":"standard","meta":{"content-type":"","jetpack_post_was_ever_published":false,"_jetpack_newsletter_access":"","_jetpack_dont_email_post_to_subs":false,"_jetpack_newsletter_tier_id":0,"_jetpack_memberships_contains_paywalled_content":false,"_jetpack_memberships_contains_paid_content":false,"footnotes":""},"categories":[35],"tags":[487,545,16191,23352],"class_list":["post-129283","post","type-post","status-publish","format-standard","has-post-thumbnail","hentry","category-nacionales","tag-dominicanos","tag-felicitan","tag-ramon-lopez-ynoa","tag-trabajadores"],"jetpack_featured_media_url":"https:\/\/lasprimeras.com.do\/wp-content\/uploads\/2024\/10\/Ramon-Lopez-Ynoa.jpg","jetpack-related-posts":[{"id":111562,"url":"https:\/\/lasprimeras.com.do\/index.php\/2025\/10\/10\/candidatura-de-ramon-lopez-ynoa-sigue-concitando-apoyo-entre-los-uasdianos\/","url_meta":{"origin":129283,"position":0},"title":"Candidatura de Ram\u00f3n L\u00f3pez Ynoa sigue concitando apoyo entre los uasdianos","author":"Nelson Feliz","date":"10 de octubre de 2025","format":false,"excerpt":"La candidatura de Ram\u00f3n L\u00f3pez Ynoa para el cargo de Subdirector Acad\u00e9mico, de la UASD Recinto Barahona, para el periodo 2026\u20132030 sigue concitando apoyo entre los uasdianos. Ram\u00f3n L\u00f3pez Ynoa es un hombre de visi\u00f3n y destrezas incomparables, reconocido por su gesti\u00f3n efectiva en cada espacio que ha ocupado. Su\u2026","rel":"","context":"En \u00abNACIONALES\u00bb","block_context":{"text":"NACIONALES","link":"https:\/\/lasprimeras.com.do\/index.php\/category\/nacionales\/"},"img":{"alt_text":"","src":"https:\/\/i0.wp.com\/lasprimeras.com.do\/wp-content\/uploads\/2025\/10\/Ramon-Lopez-Ynoa.jpg?resize=350%2C200&ssl=1","width":350,"height":200,"srcset":"https:\/\/i0.wp.com\/lasprimeras.com.do\/wp-content\/uploads\/2025\/10\/Ramon-Lopez-Ynoa.jpg?resize=350%2C200&ssl=1 1x, https:\/\/i0.wp.com\/lasprimeras.com.do\/wp-content\/uploads\/2025\/10\/Ramon-Lopez-Ynoa.jpg?resize=525%2C300&ssl=1 1.5x, https:\/\/i0.wp.com\/lasprimeras.com.do\/wp-content\/uploads\/2025\/10\/Ramon-Lopez-Ynoa.jpg?resize=700%2C400&ssl=1 2x, https:\/\/i0.wp.com\/lasprimeras.com.do\/wp-content\/uploads\/2025\/10\/Ramon-Lopez-Ynoa.jpg?resize=1050%2C600&ssl=1 3x, https:\/\/i0.wp.com\/lasprimeras.com.do\/wp-content\/uploads\/2025\/10\/Ramon-Lopez-Ynoa.jpg?resize=1400%2C800&ssl=1 4x"},"classes":[]},{"id":124200,"url":"https:\/\/lasprimeras.com.do\/index.php\/2026\/03\/09\/lopez-propone-modernizar-la-subdireccion-academica-de-uasd-barahona\/","url_meta":{"origin":129283,"position":1},"title":"L\u00f3pez propone modernizar la Subdirecci\u00f3n Acad\u00e9mica de UASD Barahona","author":"Nelson Feliz","date":"9 de marzo de 2026","format":false,"excerpt":"El acad\u00e9mico Ram\u00f3n L\u00f3pez Ynoa present\u00f3 formalmente sus aspiraciones a la Subdirecci\u00f3n Acad\u00e9mica de la UASD Recinto Barahona, para el cuatrienio 2026-2030, bajo una plataforma program\u00e1tica que prioriza la humanizaci\u00f3n de la ense\u00f1anza y la modernizaci\u00f3n de los procesos institucionales. L\u00f3pez Ynoa deline\u00f3 una visi\u00f3n de gesti\u00f3n que trasciende la\u2026","rel":"","context":"En \u00abNACIONALES\u00bb","block_context":{"text":"NACIONALES","link":"https:\/\/lasprimeras.com.do\/index.php\/category\/nacionales\/"},"img":{"alt_text":"","src":"https:\/\/i0.wp.com\/lasprimeras.com.do\/wp-content\/uploads\/2026\/03\/Ramon-Lopez.jpg?resize=350%2C200&ssl=1","width":350,"height":200,"srcset":"https:\/\/i0.wp.com\/lasprimeras.com.do\/wp-content\/uploads\/2026\/03\/Ramon-Lopez.jpg?resize=350%2C200&ssl=1 1x, https:\/\/i0.wp.com\/lasprimeras.com.do\/wp-content\/uploads\/2026\/03\/Ramon-Lopez.jpg?resize=525%2C300&ssl=1 1.5x, https:\/\/i0.wp.com\/lasprimeras.com.do\/wp-content\/uploads\/2026\/03\/Ramon-Lopez.jpg?resize=700%2C400&ssl=1 2x"},"classes":[]},{"id":126379,"url":"https:\/\/lasprimeras.com.do\/index.php\/2026\/04\/01\/lopez-inoa-llama-a-la-reflexion-y-la-prudencia-en-esta-semana-santa\/","url_meta":{"origin":129283,"position":2},"title":"L\u00f3pez Inoa llama a la reflexi\u00f3n y la prudencia en esta Semana Santa","author":"Nelson Feliz","date":"1 de abril de 2026","format":false,"excerpt":"El Maestro Ram\u00f3n Alberto L\u00f3pez Ynoa, candidato a Subdirector Acad\u00e9mico para el periodo 2026-2030 en la UASD Recinto Barahona, envi\u00f3 un mensaje de unidad y exhortaci\u00f3n preventiva a toda la familia universitaria y a la sociedad de la Regi\u00f3n Enriquillo con motivo de la Semana Mayor. L\u00f3pez Ynoa manifest\u00f3 que\u2026","rel":"","context":"En \u00abNACIONALES\u00bb","block_context":{"text":"NACIONALES","link":"https:\/\/lasprimeras.com.do\/index.php\/category\/nacionales\/"},"img":{"alt_text":"","src":"https:\/\/i0.wp.com\/lasprimeras.com.do\/wp-content\/uploads\/2026\/04\/IMG-20260331-WA0573.jpg?resize=350%2C200&ssl=1","width":350,"height":200},"classes":[]},{"id":119867,"url":"https:\/\/lasprimeras.com.do\/index.php\/2026\/01\/18\/ramon-lopez-la-inauguracion-uasd-neiba-un-hito-para-la-educacion-en-bahoruco\/","url_meta":{"origin":129283,"position":3},"title":"Ram\u00f3n L\u00f3pez la inauguraci\u00f3n UASD Neiba: Un hito para la Educaci\u00f3n en Bahoruco","author":"Nelson Feliz","date":"18 de enero de 2026","format":false,"excerpt":"Ram\u00f3n L\u00f3pez","rel":"","context":"En \u00abNACIONALES\u00bb","block_context":{"text":"NACIONALES","link":"https:\/\/lasprimeras.com.do\/index.php\/category\/nacionales\/"},"img":{"alt_text":"Ram\u00f3n L\u00f3pez","src":"https:\/\/i0.wp.com\/lasprimeras.com.do\/wp-content\/uploads\/2026\/01\/Ramon-Lopez.jpg?resize=350%2C200&ssl=1","width":350,"height":200,"srcset":"https:\/\/i0.wp.com\/lasprimeras.com.do\/wp-content\/uploads\/2026\/01\/Ramon-Lopez.jpg?resize=350%2C200&ssl=1 1x, https:\/\/i0.wp.com\/lasprimeras.com.do\/wp-content\/uploads\/2026\/01\/Ramon-Lopez.jpg?resize=525%2C300&ssl=1 1.5x, https:\/\/i0.wp.com\/lasprimeras.com.do\/wp-content\/uploads\/2026\/01\/Ramon-Lopez.jpg?resize=700%2C400&ssl=1 2x"},"classes":[]},{"id":114718,"url":"https:\/\/lasprimeras.com.do\/index.php\/2025\/11\/16\/proclaman-candidatos-para-dirigir-uasd-recinto-barahona-2026-2030-en-entusiasta-actividad\/","url_meta":{"origin":129283,"position":4},"title":"Proclaman candidatos para dirigir UASD Recinto Barahona 2026-2030 en entusiasta actividad","author":"Nelson Feliz","date":"16 de noviembre de 2025","format":false,"excerpt":"En un evento marcado por el entusiasmo y la gran concurrencia, el movimiento profesoral \"Unidos por UASD BARAHONA\" proclam\u00f3 oficialmente sus candidaturas para la direcci\u00f3n del Recinto Barahona de la Universidad Aut\u00f3noma de Santo Domingo (UASD) para el cuatrienio 2026-2030. La actividad, que congreg\u00f3 a docentes, personal administrativo y estudiantes,\u2026","rel":"","context":"En \u00abNACIONALES\u00bb","block_context":{"text":"NACIONALES","link":"https:\/\/lasprimeras.com.do\/index.php\/category\/nacionales\/"},"img":{"alt_text":"","src":"","width":0,"height":0},"classes":[]},{"id":90690,"url":"https:\/\/lasprimeras.com.do\/index.php\/2024\/10\/27\/destacan-aportes-de-la-uasd-a-la-sociedad-dominicana-al-cumplir-486-anos-de-fundada\/","url_meta":{"origin":129283,"position":5},"title":"Destacan aportes de la UASD a la sociedad dominicana al cumplir 486 a\u00f1os de fundada","author":"Nelson Feliz","date":"27 de octubre de 2024","format":false,"excerpt":"El aspirante a subdirector acad\u00e9mico por la UASD Recinto Barahona, para el per\u00edodo 2026-2030, maestro Ram\u00f3n L\u00f3pez Ynoa, destac\u00f3 los aportes realizado por la Universidad Aut\u00f3noma de Santo Domingo (UASD), en sus 486 a\u00f1os de fundada a la sociedad dominicana en diversos \u00e1mbitos. Lopez Ynoa, destac\u00f3 entre esos aportes, la\u2026","rel":"","context":"En \u00abNACIONALES\u00bb","block_context":{"text":"NACIONALES","link":"https:\/\/lasprimeras.com.do\/index.php\/category\/nacionales\/"},"img":{"alt_text":"Ram\u00f3n L\u00f3pez Ynoa","src":"https:\/\/i0.wp.com\/lasprimeras.com.do\/wp-content\/uploads\/2024\/10\/Ramon-Lopez-Ynoa.jpg?resize=350%2C200&ssl=1","width":350,"height":200,"srcset":"https:\/\/i0.wp.com\/lasprimeras.com.do\/wp-content\/uploads\/2024\/10\/Ramon-Lopez-Ynoa.jpg?resize=350%2C200&ssl=1 1x, https:\/\/i0.wp.com\/lasprimeras.com.do\/wp-content\/uploads\/2024\/10\/Ramon-Lopez-Ynoa.jpg?resize=525%2C300&ssl=1 1.5x, https:\/\/i0.wp.com\/lasprimeras.com.do\/wp-content\/uploads\/2024\/10\/Ramon-Lopez-Ynoa.jpg?resize=700%2C400&ssl=1 2x, https:\/\/i0.wp.com\/lasprimeras.com.do\/wp-content\/uploads\/2024\/10\/Ramon-Lopez-Ynoa.jpg?resize=1050%2C600&ssl=1 3x"},"classes":[]}],"jetpack_sharing_enabled":true,"_links":{"self":[{"href":"https:\/\/lasprimeras.com.do\/index.php\/wp-json\/wp\/v2\/posts\/129283","targetHints":{"allow":["GET"]}}],"collection":[{"href":"https:\/\/lasprimeras.com.do\/index.php\/wp-json\/wp\/v2\/posts"}],"about":[{"href":"https:\/\/lasprimeras.com.do\/index.php\/wp-json\/wp\/v2\/types\/post"}],"author":[{"embeddable":true,"href":"https:\/\/lasprimeras.com.do\/index.php\/wp-json\/wp\/v2\/users\/10"}],"replies":[{"embeddable":true,"href":"https:\/\/lasprimeras.com.do\/index.php\/wp-json\/wp\/v2\/comments?post=129283"}],"version-history":[{"count":1,"href":"https:\/\/lasprimeras.com.do\/index.php\/wp-json\/wp\/v2\/posts\/129283\/revisions"}],"predecessor-version":[{"id":129284,"href":"https:\/\/lasprimeras.com.do\/index.php\/wp-json\/wp\/v2\/posts\/129283\/revisions\/129284"}],"wp:featuredmedia":[{"embeddable":true,"href":"https:\/\/lasprimeras.com.do\/index.php\/wp-json\/wp\/v2\/media\/90691"}],"wp:attachment":[{"href":"https:\/\/lasprimeras.com.do\/index.php\/wp-json\/wp\/v2\/media?parent=129283"}],"wp:term":[{"taxonomy":"category","embeddable":true,"href":"https:\/\/lasprimeras.com.do\/index.php\/wp-json\/wp\/v2\/categories?post=129283"},{"taxonomy":"post_tag","embeddable":true,"href":"https:\/\/lasprimeras.com.do\/index.php\/wp-json\/wp\/v2\/tags?post=129283"}],"curies":[{"name":"wp","href":"https:\/\/api.w.org\/{rel}","templated":true}]}}