{"id":129287,"date":"2026-05-01T17:10:19","date_gmt":"2026-05-01T21:10:19","guid":{"rendered":"https:\/\/lasprimeras.com.do\/?p=129287"},"modified":"2026-05-01T17:10:21","modified_gmt":"2026-05-01T21:10:21","slug":"gobierno-aumenta-rd9-y-rd7-al-precio-de-las-gasolinas-y-el-gasoil","status":"publish","type":"post","link":"https:\/\/lasprimeras.com.do\/index.php\/2026\/05\/01\/gobierno-aumenta-rd9-y-rd7-al-precio-de-las-gasolinas-y-el-gasoil\/","title":{"rendered":"Gobierno aumenta RD$9 y RD$7 al precio de las gasolinas y el gasoil"},"content":{"rendered":"\n<p>El Ministerio de Industria, Comercio y Mipymes (MICM) inform\u00f3 este viernes que los precios de los combustibles aumentaron este viernes entre RD$9 y RD$7 por gal\u00f3n.<\/p>\n\n\n\n<p>La gasolina premium y el gasoil \u00f3ptimo recibieron un alza de RD$9.00 cada uno, mientras que la gasolina y el gasoil regulares aumentaron RD$7.00 por gal\u00f3n.<\/p>\n\n\n\n<p>Asimismo, el Avtur tendr\u00e1 una variaci\u00f3n, en funci\u00f3n de los precios internacionales, de RD$16.42 por gal\u00f3n; el kerosene, RD$19.10; el fuel oil #6, RD$13.96; y el fuel oil #1, RD$18.42.<\/p>\n\n\n\n<p>El gobierno destin\u00f3 otros RD$1,421.4 millones en subsidios a los combustibles, \u201cpara no transferir a la poblaci\u00f3n el total de las alzas que deber\u00edan aplicarse como consecuencia de los aumentos registrados en los precios internacionales del petr\u00f3leo durante esta semana\u201d, explico el MICM.<\/p>\n\n\n\n<p>\u201cEsta medida forma parte del plan gubernamental para enfrentar el impacto sobre la econom\u00eda dominicana de la crisis en Medio Oriente, una variable externa que incide directamente en la estabilidad de los mercados internacionales\u201d, indic\u00f3.<\/p>\n\n\n\n<p>El subsidio absorbe el 100% de las alzas en el GLP para mantenerlo sin variaci\u00f3n, debido al uso masivo de este combustible en los hogares dominicanos y en el transporte. Tambi\u00e9n se mantiene sin variaci\u00f3n el gas natural.<\/p>\n\n\n\n<p>En lo que va de a\u00f1o, el gobierno ha destinado m\u00e1s de RD$12 mil millones en subsidios a los combustibles, evidenciando el esfuerzo por absorber el impacto de la crisis internacional y preservar la estabilidad de la econom\u00eda nacional.<\/p>\n","protected":false},"excerpt":{"rendered":"<p>El Ministerio de Industria, Comercio y Mipymes (MICM) inform\u00f3 este viernes que los precios de los combustibles aumentaron este viernes entre RD$9 y RD$7 por gal\u00f3n. La gasolina premium y&hellip;<\/p>\n","protected":false},"author":10,"featured_media":128904,"comment_status":"open","ping_status":"open","sticky":false,"template":"","format":"standard","meta":{"content-type":"","jetpack_post_was_ever_published":false,"_jetpack_newsletter_access":"","_jetpack_dont_email_post_to_subs":false,"_jetpack_newsletter_tier_id":0,"_jetpack_memberships_contains_paywalled_content":false,"_jetpack_memberships_contains_paid_content":false,"footnotes":""},"categories":[39,25],"tags":[1519,5526,10606,625,171,10381,3763],"class_list":["post-129287","post","type-post","status-publish","format-standard","has-post-thumbnail","hentry","category-economia","category-portada","tag-aumenta","tag-gasoil","tag-gasolinas","tag-glp","tag-gobierno","tag-micm","tag-precio"],"jetpack_featured_media_url":"https:\/\/lasprimeras.com.do\/wp-content\/uploads\/2026\/04\/Precios-de-combustibles-en-los-10-estados-donde-residen-mas-dominicanos-en-EE.-UU.jpg","jetpack-related-posts":[{"id":124711,"url":"https:\/\/lasprimeras.com.do\/index.php\/2026\/03\/16\/el-gobierno-anuncia-subsidios-de-rd-1189-8-millones-para-frenar-aumentos-de-los-combustibles\/","url_meta":{"origin":129287,"position":0},"title":"El Gobierno anuncia subsidios de RD 1,189.8 millones para frenar aumentos de los combustibles","author":"Nelson Feliz","date":"16 de marzo de 2026","format":false,"excerpt":"El MICM congela el GLP y asume un macrosubsidio que limita el reajuste en gasolinas y gasoil a RD 5.00 En respuesta a la volatilidad extrema de los mercados petroleros, provocada por la escalada b\u00e9lica en Medio Oriente, el Gobierno dominicano ratific\u00f3 este viernes su pol\u00edtica de protecci\u00f3n social con\u2026","rel":"","context":"En \u00abECONOM\u00cdA\u00bb","block_context":{"text":"ECONOM\u00cdA","link":"https:\/\/lasprimeras.com.do\/index.php\/category\/economia\/"},"img":{"alt_text":"","src":"https:\/\/i0.wp.com\/lasprimeras.com.do\/wp-content\/uploads\/2026\/03\/1001398117.jpg?resize=350%2C200&ssl=1","width":350,"height":200,"srcset":"https:\/\/i0.wp.com\/lasprimeras.com.do\/wp-content\/uploads\/2026\/03\/1001398117.jpg?resize=350%2C200&ssl=1 1x, https:\/\/i0.wp.com\/lasprimeras.com.do\/wp-content\/uploads\/2026\/03\/1001398117.jpg?resize=525%2C300&ssl=1 1.5x, https:\/\/i0.wp.com\/lasprimeras.com.do\/wp-content\/uploads\/2026\/03\/1001398117.jpg?resize=700%2C400&ssl=1 2x, https:\/\/i0.wp.com\/lasprimeras.com.do\/wp-content\/uploads\/2026\/03\/1001398117.jpg?resize=1050%2C600&ssl=1 3x"},"classes":[]},{"id":71781,"url":"https:\/\/lasprimeras.com.do\/index.php\/2023\/12\/22\/gasolinas-glp-gasoil-y-gas-natural-mantendran-sus-precios\/","url_meta":{"origin":129287,"position":1},"title":"Gasolinas, GLP, gasoil y gas natural mantendr\u00e1n sus precios","author":"BIMARY DE JES\u00daS Matos","date":"22 de diciembre de 2023","format":false,"excerpt":"Santo Domingo.-El Ministerio de Industria, Comercio y Mipymes inform\u00f3 este viernes que las gasolinas regular y premium, el gasoil y el Gas Licuado de Petr\u00f3leo (GLP) mantendr\u00e1n sus precios para la semana correspondiente del 23 al 29 de diciembre del a\u00f1o en curso. Para esta semana el gobierno mantendr\u00e1 un\u2026","rel":"","context":"En \u00abPORTADA\u00bb","block_context":{"text":"PORTADA","link":"https:\/\/lasprimeras.com.do\/index.php\/category\/portada\/"},"img":{"alt_text":"","src":"https:\/\/i0.wp.com\/lasprimeras.com.do\/wp-content\/uploads\/2023\/12\/WhatsApp-Image-2023-12-22-at-7.26.06-PM-4.jpeg?resize=350%2C200&ssl=1","width":350,"height":200,"srcset":"https:\/\/i0.wp.com\/lasprimeras.com.do\/wp-content\/uploads\/2023\/12\/WhatsApp-Image-2023-12-22-at-7.26.06-PM-4.jpeg?resize=350%2C200&ssl=1 1x, https:\/\/i0.wp.com\/lasprimeras.com.do\/wp-content\/uploads\/2023\/12\/WhatsApp-Image-2023-12-22-at-7.26.06-PM-4.jpeg?resize=525%2C300&ssl=1 1.5x, https:\/\/i0.wp.com\/lasprimeras.com.do\/wp-content\/uploads\/2023\/12\/WhatsApp-Image-2023-12-22-at-7.26.06-PM-4.jpeg?resize=700%2C400&ssl=1 2x"},"classes":[]},{"id":69398,"url":"https:\/\/lasprimeras.com.do\/index.php\/2023\/12\/02\/gasolina-premium-y-regular-mantienen-sus-precios-cuatro-combustibles-aumentaron\/","url_meta":{"origin":129287,"position":2},"title":"Gasolina premium y regular mantienen sus precios; cuatro combustibles aumentaron","author":"BIMARY DE JES\u00daS Matos","date":"2 de diciembre de 2023","format":false,"excerpt":"Santo Domingo.-La gasolina premium y regular mantendr\u00e1n sus precios, RD$ 293.10 y RD$ 274.50, respectivamente, para la semana del 2 al 8 de este mes, inform\u00f3 este viernes el Ministerio de Industria, Comercio y Mipymes. Tambi\u00e9n mantendr\u00e1n su costo el gasoil \u00f3ptimo, regular, gas licuado de petr\u00f3leo (GLP) y el\u2026","rel":"","context":"En \u00abNACIONALES\u00bb","block_context":{"text":"NACIONALES","link":"https:\/\/lasprimeras.com.do\/index.php\/category\/nacionales\/"},"img":{"alt_text":"","src":"https:\/\/i0.wp.com\/lasprimeras.com.do\/wp-content\/uploads\/2023\/12\/WhatsApp-Image-2023-11-30-at-12.22.20-PM-3.jpeg?resize=350%2C200&ssl=1","width":350,"height":200,"srcset":"https:\/\/i0.wp.com\/lasprimeras.com.do\/wp-content\/uploads\/2023\/12\/WhatsApp-Image-2023-11-30-at-12.22.20-PM-3.jpeg?resize=350%2C200&ssl=1 1x, https:\/\/i0.wp.com\/lasprimeras.com.do\/wp-content\/uploads\/2023\/12\/WhatsApp-Image-2023-11-30-at-12.22.20-PM-3.jpeg?resize=525%2C300&ssl=1 1.5x"},"classes":[]},{"id":65424,"url":"https:\/\/lasprimeras.com.do\/index.php\/2023\/10\/28\/subsidio-de-rd317-8-millones-para-evitar-alzas-de-combustibles\/","url_meta":{"origin":129287,"position":3},"title":"Subsidio de RD$317.8 millones para evitar alzas de combustibles","author":"BIMARY DE JES\u00daS Matos","date":"28 de octubre de 2023","format":false,"excerpt":"Santo Domingo.-El Gobierno dominicano acumula RD$5,811.2 millones en 14 semanas, destinados a paliar las alzas bruscas de los combustibles que podr\u00edan afectar a los consumidores. Este esfuerzo -se ha dicho- ha sido un pilar fundamental en la estrategia del presidente Luis Abinader para proteger la econom\u00eda de los ciudadanos y\u2026","rel":"","context":"En \u00abPORTADA\u00bb","block_context":{"text":"PORTADA","link":"https:\/\/lasprimeras.com.do\/index.php\/category\/portada\/"},"img":{"alt_text":"","src":"https:\/\/i0.wp.com\/lasprimeras.com.do\/wp-content\/uploads\/2023\/10\/8_Nacionales_15_1p01.webp?resize=350%2C200&ssl=1","width":350,"height":200,"srcset":"https:\/\/i0.wp.com\/lasprimeras.com.do\/wp-content\/uploads\/2023\/10\/8_Nacionales_15_1p01.webp?resize=350%2C200&ssl=1 1x, https:\/\/i0.wp.com\/lasprimeras.com.do\/wp-content\/uploads\/2023\/10\/8_Nacionales_15_1p01.webp?resize=525%2C300&ssl=1 1.5x, https:\/\/i0.wp.com\/lasprimeras.com.do\/wp-content\/uploads\/2023\/10\/8_Nacionales_15_1p01.webp?resize=700%2C400&ssl=1 2x"},"classes":[]},{"id":79678,"url":"https:\/\/lasprimeras.com.do\/index.php\/2024\/03\/30\/gobierno-congela-otra-vez-los-precios-de-combustibles-de-mayor-uso\/","url_meta":{"origin":129287,"position":4},"title":"Gobierno congela otra vez los precios de combustibles de mayor uso","author":"BIMARY DE JES\u00daS Matos","date":"30 de marzo de 2024","format":false,"excerpt":"Santo Domingo.\u2013 El Gobierno dominicano congel\u00f3 para la pr\u00f3xima semana otra vez los precios de los combatibles de mayor uso. As\u00ed lo inform\u00f3 este viernes el Ministerio de Industria, Comercio y Mipymes (MICM), quien dijo que los precios de los combustibles, que estar\u00e1n subsidiados durante este periodo, son los siguientes:\u2026","rel":"","context":"En \u00abPORTADA\u00bb","block_context":{"text":"PORTADA","link":"https:\/\/lasprimeras.com.do\/index.php\/category\/portada\/"},"img":{"alt_text":"","src":"https:\/\/i0.wp.com\/lasprimeras.com.do\/wp-content\/uploads\/2024\/03\/1-millon-de-jovenes-votaran-en-las-elecciones-municipales-2-12.webp?resize=350%2C200&ssl=1","width":350,"height":200},"classes":[]},{"id":92097,"url":"https:\/\/lasprimeras.com.do\/index.php\/2024\/12\/27\/gobierno-evita-alza-combustibles-con-un-subsidio-de-235-millones\/","url_meta":{"origin":129287,"position":5},"title":"Gobierno evita alza combustibles con un subsidio de 235 millones","author":"Nelson Feliz","date":"27 de diciembre de 2024","format":false,"excerpt":"El Gobierno de Rep\u00fablica Dominicana dispuso este viernes un subsidio de 235 millones de pesos para bajar el precio de varios combustibles y mantener sin variaci\u00f3n los cuatro de uso masivo, durante la semana del 28 de diciembre 2024 al 03 de enero 2025. El viceministro de Comercio Interno, Ram\u00f3n\u2026","rel":"","context":"En \u00abECONOM\u00cdA\u00bb","block_context":{"text":"ECONOM\u00cdA","link":"https:\/\/lasprimeras.com.do\/index.php\/category\/economia\/"},"img":{"alt_text":"combustibles","src":"https:\/\/i0.wp.com\/lasprimeras.com.do\/wp-content\/uploads\/2023\/07\/combustibles-1.jpg?resize=350%2C200&ssl=1","width":350,"height":200,"srcset":"https:\/\/i0.wp.com\/lasprimeras.com.do\/wp-content\/uploads\/2023\/07\/combustibles-1.jpg?resize=350%2C200&ssl=1 1x, https:\/\/i0.wp.com\/lasprimeras.com.do\/wp-content\/uploads\/2023\/07\/combustibles-1.jpg?resize=525%2C300&ssl=1 1.5x, https:\/\/i0.wp.com\/lasprimeras.com.do\/wp-content\/uploads\/2023\/07\/combustibles-1.jpg?resize=700%2C400&ssl=1 2x"},"classes":[]}],"jetpack_sharing_enabled":true,"_links":{"self":[{"href":"https:\/\/lasprimeras.com.do\/index.php\/wp-json\/wp\/v2\/posts\/129287","targetHints":{"allow":["GET"]}}],"collection":[{"href":"https:\/\/lasprimeras.com.do\/index.php\/wp-json\/wp\/v2\/posts"}],"about":[{"href":"https:\/\/lasprimeras.com.do\/index.php\/wp-json\/wp\/v2\/types\/post"}],"author":[{"embeddable":true,"href":"https:\/\/lasprimeras.com.do\/index.php\/wp-json\/wp\/v2\/users\/10"}],"replies":[{"embeddable":true,"href":"https:\/\/lasprimeras.com.do\/index.php\/wp-json\/wp\/v2\/comments?post=129287"}],"version-history":[{"count":1,"href":"https:\/\/lasprimeras.com.do\/index.php\/wp-json\/wp\/v2\/posts\/129287\/revisions"}],"predecessor-version":[{"id":129288,"href":"https:\/\/lasprimeras.com.do\/index.php\/wp-json\/wp\/v2\/posts\/129287\/revisions\/129288"}],"wp:featuredmedia":[{"embeddable":true,"href":"https:\/\/lasprimeras.com.do\/index.php\/wp-json\/wp\/v2\/media\/128904"}],"wp:attachment":[{"href":"https:\/\/lasprimeras.com.do\/index.php\/wp-json\/wp\/v2\/media?parent=129287"}],"wp:term":[{"taxonomy":"category","embeddable":true,"href":"https:\/\/lasprimeras.com.do\/index.php\/wp-json\/wp\/v2\/categories?post=129287"},{"taxonomy":"post_tag","embeddable":true,"href":"https:\/\/lasprimeras.com.do\/index.php\/wp-json\/wp\/v2\/tags?post=129287"}],"curies":[{"name":"wp","href":"https:\/\/api.w.org\/{rel}","templated":true}]}}