{"id":129294,"date":"2026-05-01T17:54:02","date_gmt":"2026-05-01T21:54:02","guid":{"rendered":"https:\/\/lasprimeras.com.do\/?p=129294"},"modified":"2026-05-01T17:54:04","modified_gmt":"2026-05-01T21:54:04","slug":"gobierno-no-socializo-con-partidos-reduccion-del-50-del-presupuesto-designado","status":"publish","type":"post","link":"https:\/\/lasprimeras.com.do\/index.php\/2026\/05\/01\/gobierno-no-socializo-con-partidos-reduccion-del-50-del-presupuesto-designado\/","title":{"rendered":"Gobierno no socializ\u00f3 con partidos reducci\u00f3n del 50 % del presupuesto designado"},"content":{"rendered":"\n<p><strong>Los partidos anunciaron que manifestar\u00e1n una postura p\u00fablica sobre la reducci\u00f3n de su presupuesto m\u00e1s adelante.<\/strong><\/p>\n\n\n\n<p>Una de las medidas anunciadas por el Gobierno dominicano para mitigar en el pa\u00eds el impacto de la crisis producida por el conflicto b\u00e9lico en Medio Oriente, fue anunciar la reducci\u00f3n de un 50 % del presupuesto designado a los partidos politos.<\/p>\n\n\n\n<p>Seg\u00fan la Ley n\u00famero 99-25 del Presupuesto General del Estado, la contribuci\u00f3n econ\u00f3mica a los partidos, agrupaciones y movimientos pol\u00edticos reconocidos asciende a la suma de RD$1,620,000,000.00, por lo que el inter\u00e9s del Estado es entregar alrededor de RD$810,000,000.<\/p>\n\n\n\n<p>Pese a este anuncio y haberse reunido con los principales l\u00edderes de los partidos de la Liberaci\u00f3n Dominicana y Fuerza del Pueblo, los representantes del Poder Ejecutivo no socializaron con las agrupaciones pol\u00edticas esta decisi\u00f3n.<\/p>\n\n\n\n<p>As\u00ed lo informaron al ser consultados por List\u00edn Diario dirigentes de esas organizaciones pol\u00edticas.<\/p>\n\n\n\n<p>Jos\u00e9 Dant\u00e9s, miembro del Comit\u00e9 Pol\u00edtico y Secretario Jur\u00eddico del Partido de la Liberaci\u00f3n Dominicana (PLD) indic\u00f3 que ese tema no fue conversado en la reuni\u00f3n que sostuvo el Gobierno con el expresidente de la Rep\u00fablica, Danilo Medina y miembros de su organizaci\u00f3n pol\u00edtica.<\/p>\n\n\n\n<p>Entiende que esa reducci\u00f3n solo es una medida populista del Poder Ejecutivo.<\/p>\n\n\n\n<p>\u201cEl Gobierno propone recortar en un 50% el financiamiento a los partidos pol\u00edticos. Y aqu\u00ed es donde hay que decirlo con claridad. Eso no es austeridad. Eso es populismo\u201d, indic\u00f3.<\/p>\n\n\n\n<p>Manifest\u00f3, adem\u00e1s, que aunque no est\u00e1 en contra de la austeridad el gobierno que preside Luis Abinader \u201cha tenido cuatro oportunidades para demostrar esa coherencia (sus 4 decretos) y ninguna se ha traducido en una reducci\u00f3n real del gasto\u201d.<\/p>\n\n\n\n<p>Sobre este mismo tema Roberto Rosario, dirigente de la Fuerza del Pueblo, expres\u00f3 que en la reuni\u00f3n realizada por los ministros Jos\u00e9 Ignacio Paliza (de Presidencia) y Eduardo &#8220;Yayo&#8221; Sanz Lovat\u00f3n (de Industria y Comercio), con Leonel Fern\u00e1ndez, el pasado 15 de abril, ese tema no fue tratado.<\/p>\n\n\n\n<p>A t\u00edtulo personal, expres\u00f3 que las medidas anunciadas por el Gobierno \u201cson una reacci\u00f3n a la cr\u00edtica que le han hecho al gobierno los sectores religiosos, sociales y los partidos pol\u00edticos, de que carec\u00edan y carecen de un plan al visitar los mismos, ya que solo se limitaron a una exposici\u00f3n p\u00fablica y fotograf\u00edas con fines de marketing\u201d.<\/p>\n\n\n\n<p>Los partidos anunciaron que manifestar\u00e1n una postura p\u00fablica sobre la reducci\u00f3n de su presupuesto m\u00e1s adelante.<\/p>\n\n\n\n<p>Adem\u00e1s de reducir el 50 % del presupuesto de los partidos y agrupaciones pol\u00edticas, el Gobierno indic\u00f3 que se reducir\u00e1n los gastos operativos, la contenci\u00f3n en la adquisici\u00f3n de veh\u00edculos, con excepci\u00f3n de \u00e1reas prioritarias como asistencia social y seguridad alimentaria.<\/p>\n\n\n\n<p>Adem\u00e1s se disminuir\u00e1n las reparaciones y mantenimientos menores y la racionalizaci\u00f3n de servicios y contrataciones. Se limitar\u00e1n los eventos a costos m\u00ednimos, ajustes en textiles, vestuario, vi\u00e1ticos, pasajes y la racionalizaci\u00f3n de combustible y publicidad.<\/p>\n\n\n\n<p>Otro anuncio fue la reducci\u00f3n verificable de transferencias corrientes a organismos aut\u00f3nomos, descentralizados y empresas p\u00fablicas con capacidad de generar sus propios recursos.<\/p>\n\n\n\n<p>Todo esto en busca de que el Estado tenga una &#8220;disponibilidad&#8221; de 40,000 millones de pesos.<\/p>\n\n\n\n<p><strong>Cu\u00e1nto se asignaron a cada partido<\/strong><\/p>\n\n\n\n<p>Se recuerda que la distribuci\u00f3n del dinero que se entrega este a\u00f1o a los partidos se hizo de la siguiente manera: Un 80 % para los partidos que hayan alcanzado m\u00e1s del 5 % de los votos, estos son: el Partido Revolucionario Moderno (PRM), la Fuerza del Pueblo (FP) y el Partido de la Liberaci\u00f3n Dominicana (PLD), que recibir\u00e1n cada uno 432,000,000.00.<\/p>\n\n\n\n<p>Un doce por ciento (12 %), equivalente a la suma de RD$194,400,000.00, ser\u00e1 distribuido en partes iguales entre los partidos que hayan alcanzado m\u00e1s del uno por ciento (1 %) y menos del cinco por ciento (5 %) de los votos v\u00e1lidos.<\/p>\n\n\n\n<p>Estos son el Partido Revolucionario Dominicano (PRD); Partido Reformista Social Cristiano (PRSC); Partido Dominicanos por el Cambio (DXC); Partido Pa\u00eds Posible (PP) Y Bloque Institucional Social Dem\u00f3crata (BIS), quienes recibir\u00e1n RD$38,880,000.00, cada uno.<\/p>\n\n\n\n<p>Por \u00faltimo, un ocho por ciento (8 %), equivalente a RD$129,600,000.00, ser\u00e1 distribuido entre los partidos que hayan alcanzado entre cero punto cero uno por ciento (0.01 %) y uno por ciento (1 %) de los votos v\u00e1lidos.<\/p>\n\n\n\n<p>Estos son 33 partidos que recibir\u00e1n RD$3,927,272.73 cada uno.<\/p>\n\n\n\n<p>Se recuerda que el pasado 9 de marzo la Direcci\u00f3n General de Presupuesto del Ministerio de Hacienda, inform\u00f3 que asign\u00f3 a la Junta Central Electoral (JCE) la partida de 753 millones de pesos para entregarse a los partidos pol\u00edticos.<\/p>\n","protected":false},"excerpt":{"rendered":"<p>Los partidos anunciaron que manifestar\u00e1n una postura p\u00fablica sobre la reducci\u00f3n de su presupuesto m\u00e1s adelante. Una de las medidas anunciadas por el Gobierno dominicano para mitigar en el pa\u00eds&hellip;<\/p>\n","protected":false},"author":10,"featured_media":129295,"comment_status":"open","ping_status":"open","sticky":false,"template":"","format":"standard","meta":{"content-type":"","jetpack_post_was_ever_published":false,"_jetpack_newsletter_access":"","_jetpack_dont_email_post_to_subs":false,"_jetpack_newsletter_tier_id":0,"_jetpack_memberships_contains_paywalled_content":false,"_jetpack_memberships_contains_paid_content":false,"footnotes":""},"categories":[16559],"tags":[32890,6974,171,32889,718,3178],"class_list":["post-129294","post","type-post","status-publish","format-standard","has-post-thumbnail","hentry","category-politica","tag-50-del-presupuesto","tag-designado","tag-gobierno","tag-no-socializo","tag-partidos","tag-reduccion"],"jetpack_featured_media_url":"https:\/\/lasprimeras.com.do\/wp-content\/uploads\/2026\/05\/pld.jpeg","jetpack-related-posts":[{"id":129227,"url":"https:\/\/lasprimeras.com.do\/index.php\/2026\/04\/30\/gobierno-anuncia-medidas-por-crisis-en-medio-oriente\/","url_meta":{"origin":129294,"position":0},"title":"Gobierno anuncia medidas por crisis en Medio Oriente","author":"Nelson Feliz","date":"30 de abril de 2026","format":false,"excerpt":"-Presidente Abinader busca con estas medidas generar una disponibilidad cercana a RD$40,000 millones. -Reducir\u00e1n gastos operativos, adquisici\u00f3n de veh\u00edculos, servicios y contrataciones, eventos, vi\u00e1ticos, pasajes, combustibles, publicidad, entre otros. -Proponen la reducci\u00f3n del 50% del presupuesto de los partidos pol\u00edticos. El presidente de la Rep\u00fablica, Luis Abinader, y la vicepresidenta\u2026","rel":"","context":"En \u00abECONOM\u00cdA\u00bb","block_context":{"text":"ECONOM\u00cdA","link":"https:\/\/lasprimeras.com.do\/index.php\/category\/economia\/"},"img":{"alt_text":"","src":"https:\/\/i0.wp.com\/lasprimeras.com.do\/wp-content\/uploads\/2026\/04\/Abinader-Consejo-1.jpg?resize=350%2C200&ssl=1","width":350,"height":200,"srcset":"https:\/\/i0.wp.com\/lasprimeras.com.do\/wp-content\/uploads\/2026\/04\/Abinader-Consejo-1.jpg?resize=350%2C200&ssl=1 1x, https:\/\/i0.wp.com\/lasprimeras.com.do\/wp-content\/uploads\/2026\/04\/Abinader-Consejo-1.jpg?resize=525%2C300&ssl=1 1.5x, https:\/\/i0.wp.com\/lasprimeras.com.do\/wp-content\/uploads\/2026\/04\/Abinader-Consejo-1.jpg?resize=700%2C400&ssl=1 2x"},"classes":[]},{"id":80356,"url":"https:\/\/lasprimeras.com.do\/index.php\/2024\/04\/08\/jce-entregara-hoy-a-los-partidos-fondos-adicionales-para-la-campana\/","url_meta":{"origin":129294,"position":1},"title":"JCE entregar\u00e1 hoy a los partidos fondos adicionales para la campa\u00f1a","author":"BIMARY DE JES\u00daS Matos","date":"8 de abril de 2024","format":false,"excerpt":"SANTO DOMINGO.-Los partidos pol\u00edticos recibir\u00e1n este lunes los fondos que completar\u00e1n el equivalente al 0.5 % de los ingresos fiscales de este a\u00f1o, un porcentaje estipulado en la Ley 20-23 de R\u00e9gimen Electoral pero que al igual que otras asignaciones amparadas en leyes, fue inhabilitada temporalmente por la Ley de\u2026","rel":"","context":"En \u00abSin categor\u00eda\u00bb","block_context":{"text":"Sin categor\u00eda","link":"https:\/\/lasprimeras.com.do\/index.php\/category\/sin-categoria\/"},"img":{"alt_text":"","src":"https:\/\/i0.wp.com\/lasprimeras.com.do\/wp-content\/uploads\/2024\/04\/WhatsApp-Image-2024-01-26-at-12.10.49-PM-12.jpeg?resize=350%2C200&ssl=1","width":350,"height":200,"srcset":"https:\/\/i0.wp.com\/lasprimeras.com.do\/wp-content\/uploads\/2024\/04\/WhatsApp-Image-2024-01-26-at-12.10.49-PM-12.jpeg?resize=350%2C200&ssl=1 1x, https:\/\/i0.wp.com\/lasprimeras.com.do\/wp-content\/uploads\/2024\/04\/WhatsApp-Image-2024-01-26-at-12.10.49-PM-12.jpeg?resize=525%2C300&ssl=1 1.5x, https:\/\/i0.wp.com\/lasprimeras.com.do\/wp-content\/uploads\/2024\/04\/WhatsApp-Image-2024-01-26-at-12.10.49-PM-12.jpeg?resize=700%2C400&ssl=1 2x, https:\/\/i0.wp.com\/lasprimeras.com.do\/wp-content\/uploads\/2024\/04\/WhatsApp-Image-2024-01-26-at-12.10.49-PM-12.jpeg?resize=1050%2C600&ssl=1 3x, https:\/\/i0.wp.com\/lasprimeras.com.do\/wp-content\/uploads\/2024\/04\/WhatsApp-Image-2024-01-26-at-12.10.49-PM-12.jpeg?resize=1400%2C800&ssl=1 4x"},"classes":[]},{"id":56627,"url":"https:\/\/lasprimeras.com.do\/index.php\/2023\/08\/03\/gobierno-somete-al-congreso-el-proyecto-de-presupuesto-reformulado-2023\/","url_meta":{"origin":129294,"position":2},"title":"Gobierno somete al Congreso el proyecto de Presupuesto reformulado 2023","author":"Nelson Feliz","date":"3 de agosto de 2023","format":false,"excerpt":"El Gobierno dominicano, a trav\u00e9s del Ministerio de Hacienda, someti\u00f3 al Congreso Nacional el anteproyecto que modifica la Ley 366-22 que aprueba el Presupuesto General del Estado para el 2023, el cual busca promover el dinamismo econ\u00f3mico mediante un incremento en el gasto p\u00fablico destinado a la inversi\u00f3n y a\u2026","rel":"","context":"En \u00abECONOM\u00cdA\u00bb","block_context":{"text":"ECONOM\u00cdA","link":"https:\/\/lasprimeras.com.do\/index.php\/category\/economia\/"},"img":{"alt_text":"Ministerio de Hacienda","src":"https:\/\/i0.wp.com\/lasprimeras.com.do\/wp-content\/uploads\/2023\/08\/Ministerio-de-Hacienda.jpg?resize=350%2C200&ssl=1","width":350,"height":200,"srcset":"https:\/\/i0.wp.com\/lasprimeras.com.do\/wp-content\/uploads\/2023\/08\/Ministerio-de-Hacienda.jpg?resize=350%2C200&ssl=1 1x, https:\/\/i0.wp.com\/lasprimeras.com.do\/wp-content\/uploads\/2023\/08\/Ministerio-de-Hacienda.jpg?resize=525%2C300&ssl=1 1.5x, https:\/\/i0.wp.com\/lasprimeras.com.do\/wp-content\/uploads\/2023\/08\/Ministerio-de-Hacienda.jpg?resize=700%2C400&ssl=1 2x"},"classes":[]},{"id":91002,"url":"https:\/\/lasprimeras.com.do\/index.php\/2024\/11\/05\/richard-medina-el-presupuesto-del-proximo-ano-presenta-un-deficit-fiscal-de-3-del-pib\/","url_meta":{"origin":129294,"position":3},"title":"Richard Medina: \u201cEl Presupuesto del pr\u00f3ximo a\u00f1o, presenta un d\u00e9ficit fiscal de 3% del PIB\u201d","author":"Nelson Feliz","date":"5 de noviembre de 2024","format":false,"excerpt":"En el proyecto de Presupuesto General del Estado para el pr\u00f3ximo a\u00f1o 2025 se redujo el gasto de capital (inversi\u00f3n p\u00fablica) en RD$20,000 millones, hasta 2.3% del PIB, la cifra m\u00e1s baja desde 1990. \u201cLa reducci\u00f3n de la inversi\u00f3n se debe a que el Gobierno necesitaba acomodar el aumento de\u2026","rel":"","context":"En \u00abECONOM\u00cdA\u00bb","block_context":{"text":"ECONOM\u00cdA","link":"https:\/\/lasprimeras.com.do\/index.php\/category\/economia\/"},"img":{"alt_text":"","src":"https:\/\/i0.wp.com\/lasprimeras.com.do\/wp-content\/uploads\/2024\/11\/Richard-M.jpg?resize=350%2C200&ssl=1","width":350,"height":200,"srcset":"https:\/\/i0.wp.com\/lasprimeras.com.do\/wp-content\/uploads\/2024\/11\/Richard-M.jpg?resize=350%2C200&ssl=1 1x, https:\/\/i0.wp.com\/lasprimeras.com.do\/wp-content\/uploads\/2024\/11\/Richard-M.jpg?resize=525%2C300&ssl=1 1.5x"},"classes":[]},{"id":63329,"url":"https:\/\/lasprimeras.com.do\/index.php\/2023\/10\/11\/abogados-protestan-frente-al-congreso-por-reduccion-de-recursos-de-justicia-en-presupuesto-2024\/","url_meta":{"origin":129294,"position":4},"title":"Abogados protestan frente al Congreso por reducci\u00f3n de recursos de Justicia en Presupuesto 2024","author":"Nelson Feliz","date":"11 de octubre de 2023","format":false,"excerpt":"Advierte Tribunales operan precariamente sin personal, ni recursos suficientes para administrar justicia. Por Martin Restituyo Miembros del Colegio de Abogados de la Rep\u00fablica Dominicana (CARD) protestaron frente al Congreso Nacional en rechazo de la reducci\u00f3n de los recursos asignados para el Poder Judicial contemplados en el Proyecto de Presupuesto Nacional\u2026","rel":"","context":"En \u00abECONOM\u00cdA\u00bb","block_context":{"text":"ECONOM\u00cdA","link":"https:\/\/lasprimeras.com.do\/index.php\/category\/economia\/"},"img":{"alt_text":"Miguel Surun Hern\u00e1ndez","src":"https:\/\/i0.wp.com\/lasprimeras.com.do\/wp-content\/uploads\/2023\/10\/Miguel-Surun.jpg?resize=350%2C200&ssl=1","width":350,"height":200,"srcset":"https:\/\/i0.wp.com\/lasprimeras.com.do\/wp-content\/uploads\/2023\/10\/Miguel-Surun.jpg?resize=350%2C200&ssl=1 1x, https:\/\/i0.wp.com\/lasprimeras.com.do\/wp-content\/uploads\/2023\/10\/Miguel-Surun.jpg?resize=525%2C300&ssl=1 1.5x, https:\/\/i0.wp.com\/lasprimeras.com.do\/wp-content\/uploads\/2023\/10\/Miguel-Surun.jpg?resize=700%2C400&ssl=1 2x"},"classes":[]},{"id":99355,"url":"https:\/\/lasprimeras.com.do\/index.php\/2025\/05\/20\/johnny-pujols-es-lamentable-el-descenso-en-el-desarrollo-humano-en-rd\/","url_meta":{"origin":129294,"position":5},"title":"Johnny Pujols: Es lamentable el descenso en el desarrollo humano en RD","author":"Nelson Feliz","date":"20 de mayo de 2025","format":false,"excerpt":"El secretario general del Partido de la Liberaci\u00f3n Dominicana (PLD), Johnny Pujols, lament\u00f3 el descenso que ha tenido Rep\u00fablica Dominicana en el \u00cdndice de Desarrollo Humano, confirmado en el reciente informe del Programa de las Naciones Unidas para el Desarrollo (PNUD). Respondiendo inquietudes period\u00edsticas en el programa El Despertador, Pujols\u2026","rel":"","context":"En \u00abPOLITICA\u00bb","block_context":{"text":"POLITICA","link":"https:\/\/lasprimeras.com.do\/index.php\/category\/politica\/"},"img":{"alt_text":"Johnny Pujols","src":"https:\/\/i0.wp.com\/lasprimeras.com.do\/wp-content\/uploads\/2025\/05\/Jhonny-Pujols-9-8-2.jpg?resize=350%2C200&ssl=1","width":350,"height":200,"srcset":"https:\/\/i0.wp.com\/lasprimeras.com.do\/wp-content\/uploads\/2025\/05\/Jhonny-Pujols-9-8-2.jpg?resize=350%2C200&ssl=1 1x, https:\/\/i0.wp.com\/lasprimeras.com.do\/wp-content\/uploads\/2025\/05\/Jhonny-Pujols-9-8-2.jpg?resize=525%2C300&ssl=1 1.5x, https:\/\/i0.wp.com\/lasprimeras.com.do\/wp-content\/uploads\/2025\/05\/Jhonny-Pujols-9-8-2.jpg?resize=700%2C400&ssl=1 2x"},"classes":[]}],"jetpack_sharing_enabled":true,"_links":{"self":[{"href":"https:\/\/lasprimeras.com.do\/index.php\/wp-json\/wp\/v2\/posts\/129294","targetHints":{"allow":["GET"]}}],"collection":[{"href":"https:\/\/lasprimeras.com.do\/index.php\/wp-json\/wp\/v2\/posts"}],"about":[{"href":"https:\/\/lasprimeras.com.do\/index.php\/wp-json\/wp\/v2\/types\/post"}],"author":[{"embeddable":true,"href":"https:\/\/lasprimeras.com.do\/index.php\/wp-json\/wp\/v2\/users\/10"}],"replies":[{"embeddable":true,"href":"https:\/\/lasprimeras.com.do\/index.php\/wp-json\/wp\/v2\/comments?post=129294"}],"version-history":[{"count":1,"href":"https:\/\/lasprimeras.com.do\/index.php\/wp-json\/wp\/v2\/posts\/129294\/revisions"}],"predecessor-version":[{"id":129296,"href":"https:\/\/lasprimeras.com.do\/index.php\/wp-json\/wp\/v2\/posts\/129294\/revisions\/129296"}],"wp:featuredmedia":[{"embeddable":true,"href":"https:\/\/lasprimeras.com.do\/index.php\/wp-json\/wp\/v2\/media\/129295"}],"wp:attachment":[{"href":"https:\/\/lasprimeras.com.do\/index.php\/wp-json\/wp\/v2\/media?parent=129294"}],"wp:term":[{"taxonomy":"category","embeddable":true,"href":"https:\/\/lasprimeras.com.do\/index.php\/wp-json\/wp\/v2\/categories?post=129294"},{"taxonomy":"post_tag","embeddable":true,"href":"https:\/\/lasprimeras.com.do\/index.php\/wp-json\/wp\/v2\/tags?post=129294"}],"curies":[{"name":"wp","href":"https:\/\/api.w.org\/{rel}","templated":true}]}}