{"id":129297,"date":"2026-05-01T18:00:04","date_gmt":"2026-05-01T22:00:04","guid":{"rendered":"https:\/\/lasprimeras.com.do\/?p=129297"},"modified":"2026-05-01T18:00:07","modified_gmt":"2026-05-01T22:00:07","slug":"presidenta-interina-de-venezuela-delcy-rodriguez-anuncia-aumento-salarial-de-26-a-240-dolares-mensuales","status":"publish","type":"post","link":"https:\/\/lasprimeras.com.do\/index.php\/2026\/05\/01\/presidenta-interina-de-venezuela-delcy-rodriguez-anuncia-aumento-salarial-de-26-a-240-dolares-mensuales\/","title":{"rendered":"Presidenta interina de Venezuela Delcy Rodr\u00edguez anuncia aumento salarial de 26% a 240 d\u00f3lares mensuales"},"content":{"rendered":"\n<p><strong>El llamado &#8220;ingreso m\u00ednimo&#8221; consiste en un esquema de bonificaciones que no repercute en beneficios salariales, adem\u00e1s del sueldo m\u00ednimo que equivale a unos 30 centavos de d\u00f3lar.<\/strong><\/p>\n\n\n\n<p><strong>CARACAS, AFP-<\/strong>La presidenta interina de Venezuela, Delcy Rodr\u00edguez, anunci\u00f3 el jueves un aumento salarial de 26% para aplicar al llamado &#8220;ingreso m\u00ednimo integral&#8221;, que lo eleva de 190 d\u00f3lares a 240 d\u00f3lares mensuales, el primer ajuste tras la ca\u00edda de Nicol\u00e1s Maduro.<\/p>\n\n\n\n<p>El llamado &#8220;ingreso m\u00ednimo&#8221; consiste en un esquema de bonificaciones que no repercute en beneficios salariales, adem\u00e1s del sueldo m\u00ednimo que equivale a unos 30 centavos de d\u00f3lar.<\/p>\n\n\n\n<p>El gobierno echa mano de bonos indexados para mejorar los ingresos de los trabajadores que cobran el salario m\u00ednimo m\u00e1s bajo de la regi\u00f3n, congelado desde hace cuatro a\u00f1os y carcomido por una muy elevada y cr\u00f3nica inflaci\u00f3n.<\/p>\n\n\n\n<p>&#8220;El primer anuncio que quiero hacer es que el ingreso m\u00ednimo integral alcanzar\u00e1 el equivalente a 240 d\u00f3lares&#8221;, indic\u00f3 Rodr\u00edguez, sin ofrecer detalles.<\/p>\n\n\n\n<p>&#8220;Debo resaltar que es el aumento m\u00e1s importante en los \u00faltimos a\u00f1os. No hab\u00edamos tenido un incremento que nos permitiera tener este nivel&#8221;, prosigui\u00f3.<\/p>\n\n\n\n<p>El nuevo ingreso, no obstante, queda muy por debajo de los 677 d\u00f3lares que, seg\u00fan estimaciones privadas, cuesta la canasta alimentaria b\u00e1sica para una familia de cinco personas.<\/p>\n\n\n\n<p>Rodr\u00edguez tambi\u00e9n anunci\u00f3 un aumento de las pensiones a 70 d\u00f3lares mensuales.<\/p>\n\n\n\n<p>Rodr\u00edguez, quien asumi\u00f3 la presidencia del pa\u00eds tras la captura del mandatario Nicol\u00e1s Maduro en una operaci\u00f3n estadounidense en enero, hab\u00eda prometido un aumento salarial &#8220;responsable&#8221;.<\/p>\n\n\n\n<p>Su anuncio gener\u00f3 aplausos y gritos de celebraci\u00f3n entre los varios miles de chavistas que se congregaron en Caracas al t\u00e9rmino de una manifestaci\u00f3n para exigir el cese de las sanciones de Estados Unidos.<\/p>\n","protected":false},"excerpt":{"rendered":"<p>El llamado &#8220;ingreso m\u00ednimo&#8221; consiste en un esquema de bonificaciones que no repercute en beneficios salariales, adem\u00e1s del sueldo m\u00ednimo que equivale a unos 30 centavos de d\u00f3lar. CARACAS, AFP-La&hellip;<\/p>\n","protected":false},"author":10,"featured_media":129298,"comment_status":"open","ping_status":"open","sticky":false,"template":"","format":"standard","meta":{"content-type":"","jetpack_post_was_ever_published":false,"_jetpack_newsletter_access":"","_jetpack_dont_email_post_to_subs":false,"_jetpack_newsletter_tier_id":0,"_jetpack_memberships_contains_paywalled_content":false,"_jetpack_memberships_contains_paid_content":false,"footnotes":""},"categories":[39],"tags":[32893,32892,467,32891,4290,420],"class_list":["post-129297","post","type-post","status-publish","format-standard","has-post-thumbnail","hentry","category-economia","tag-240-dolares-mensuales","tag-32892","tag-aumento-salarial","tag-interina","tag-presidenta","tag-venezuela"],"jetpack_featured_media_url":"https:\/\/lasprimeras.com.do\/wp-content\/uploads\/2026\/05\/Delcy-Rodriguez.jpeg","jetpack-related-posts":[{"id":98346,"url":"https:\/\/lasprimeras.com.do\/index.php\/2025\/05\/06\/anpa-anuncia-aumento-salarial-de-42-para-los-agropecuarios\/","url_meta":{"origin":129297,"position":0},"title":"ANPA anuncia aumento salarial de 42% para los agropecuarios","author":"Nelson Feliz","date":"6 de mayo de 2025","format":false,"excerpt":"Presidente de la ANPA destaca compromiso del Gobierno con el sector y anuncia alza del salario m\u00ednimo de RD$35,000 a RD$50,000 El presidente de la Asociaci\u00f3n Nacional de Profesionales Agropecuarios (ANPA), ingeniero Tito Hern\u00e1ndez, anunci\u00f3 que los profesionales agropecuarios recibir\u00e1n un aumento salarial de un 42%, superior al 27% anunciado\u2026","rel":"","context":"En \u00abECONOM\u00cdA\u00bb","block_context":{"text":"ECONOM\u00cdA","link":"https:\/\/lasprimeras.com.do\/index.php\/category\/economia\/"},"img":{"alt_text":"","src":"https:\/\/i0.wp.com\/lasprimeras.com.do\/wp-content\/uploads\/2025\/05\/ANPA.jpg?resize=350%2C200&ssl=1","width":350,"height":200,"srcset":"https:\/\/i0.wp.com\/lasprimeras.com.do\/wp-content\/uploads\/2025\/05\/ANPA.jpg?resize=350%2C200&ssl=1 1x, https:\/\/i0.wp.com\/lasprimeras.com.do\/wp-content\/uploads\/2025\/05\/ANPA.jpg?resize=525%2C300&ssl=1 1.5x, https:\/\/i0.wp.com\/lasprimeras.com.do\/wp-content\/uploads\/2025\/05\/ANPA.jpg?resize=700%2C400&ssl=1 2x"},"classes":[]},{"id":77981,"url":"https:\/\/lasprimeras.com.do\/index.php\/2024\/02\/27\/abinader-registra-4-9-millones-de-personas-empleadas-y-dos-aumentos-salariales\/","url_meta":{"origin":129297,"position":1},"title":"Abinader registra 4.9 millones de personas empleadas y dos aumentos salariales","author":"Nelson Feliz","date":"27 de febrero de 2024","format":false,"excerpt":"En su informe a la Asamblea Nacional el presidente de la Rep\u00fablica Luis Abinader Corona ofreci\u00f3 datos para mostrar el \u00e9xito del gobierno al lograr en el 2023 el n\u00famero de ocupados m\u00e1s alto de la historia dominicana: 4.9 millones de personas empleadas y el n\u00famero m\u00e1s elevado de empleados\u2026","rel":"","context":"En \u00abECONOM\u00cdA\u00bb","block_context":{"text":"ECONOM\u00cdA","link":"https:\/\/lasprimeras.com.do\/index.php\/category\/economia\/"},"img":{"alt_text":"trabajadores","src":"https:\/\/i0.wp.com\/lasprimeras.com.do\/wp-content\/uploads\/2024\/02\/trabajadores.jpg?resize=350%2C200&ssl=1","width":350,"height":200},"classes":[]},{"id":48569,"url":"https:\/\/lasprimeras.com.do\/index.php\/2023\/05\/02\/salario-minimo-de-haiti-se-posiciona-en-unos-116-dolares-sube-un-37-en-medio-de-la-crisis\/","url_meta":{"origin":129297,"position":2},"title":"Salario m\u00ednimo de Hait\u00ed se posiciona en unos 116 d\u00f3lares; sube un 37 % en medio de la crisis","author":"prenxa100","date":"2 de mayo de 2023","format":false,"excerpt":"Hait\u00ed, EFE.-. El salario m\u00ednimo de los trabajadores en Hait\u00ed subi\u00f3 en 2022 un 37 %, en medio de la crisis generalizada que vive este pa\u00eds, el m\u00e1s pobre de Am\u00e9rica, seg\u00fan datos de Oxfam Intermon divulgados este lunes con motivo del D\u00eda de las Personas Trabajadoras. De acuerdo con\u2026","rel":"","context":"En \u00abECONOM\u00cdA\u00bb","block_context":{"text":"ECONOM\u00cdA","link":"https:\/\/lasprimeras.com.do\/index.php\/category\/economia\/"},"img":{"alt_text":"","src":"","width":0,"height":0},"classes":[]},{"id":89699,"url":"https:\/\/lasprimeras.com.do\/index.php\/2024\/10\/03\/latinas-en-eeuu-podrian-perder-13-millones-de-dolares-en-40-anos-por-brecha-salarial\/","url_meta":{"origin":129297,"position":3},"title":"Latinas en EEUU podr\u00edan perder 1,3 millones de d\u00f3lares en 40 a\u00f1os por brecha salarial","author":"Paola Castillo","date":"3 de octubre de 2024","format":false,"excerpt":"Washington \u2014 Las latinas en Estados Unidos podr\u00edan perder alrededor de 1,3 millones de d\u00f3lares en 40 a\u00f1os de vida laboral debido a la brecha de g\u00e9nero que a\u00fan persiste en el pa\u00eds, la cual provoc\u00f3 que en 2023 este grupo ganara s\u00f3lo 58 centavos por cada d\u00f3lar pagado a\u2026","rel":"","context":"En \u00abSin categor\u00eda\u00bb","block_context":{"text":"Sin categor\u00eda","link":"https:\/\/lasprimeras.com.do\/index.php\/category\/sin-categoria\/"},"img":{"alt_text":"","src":"https:\/\/i0.wp.com\/lasprimeras.com.do\/wp-content\/uploads\/2024\/10\/latinas.jpg?resize=350%2C200&ssl=1","width":350,"height":200,"srcset":"https:\/\/i0.wp.com\/lasprimeras.com.do\/wp-content\/uploads\/2024\/10\/latinas.jpg?resize=350%2C200&ssl=1 1x, https:\/\/i0.wp.com\/lasprimeras.com.do\/wp-content\/uploads\/2024\/10\/latinas.jpg?resize=525%2C300&ssl=1 1.5x, https:\/\/i0.wp.com\/lasprimeras.com.do\/wp-content\/uploads\/2024\/10\/latinas.jpg?resize=700%2C400&ssl=1 2x, https:\/\/i0.wp.com\/lasprimeras.com.do\/wp-content\/uploads\/2024\/10\/latinas.jpg?resize=1050%2C600&ssl=1 3x"},"classes":[]},{"id":99766,"url":"https:\/\/lasprimeras.com.do\/index.php\/2025\/05\/27\/gobierno-anuncia-aumento-salarial-de-un-30-y-un-25-al-sector-turistico-nacional\/","url_meta":{"origin":129297,"position":4},"title":"Gobierno anuncia aumento salarial de un 30% y un 25% al sector tur\u00edstico nacional","author":"Nelson Feliz","date":"27 de mayo de 2025","format":false,"excerpt":"La medida impactar\u00e1 a m\u00e1s de 250 mil trabajadores del sector hoteleros, bares y restaurantes El Gobierno, a trav\u00e9s del Ministerio de Trabajo y el Comit\u00e9 Nacional de Salarios (CNS), anunci\u00f3 un aumento de un 30% y un 25% sobre el salario m\u00ednimo nacional para el sector tur\u00edstico. El aumento\u2026","rel":"","context":"En \u00abECONOM\u00cdA\u00bb","block_context":{"text":"ECONOM\u00cdA","link":"https:\/\/lasprimeras.com.do\/index.php\/category\/economia\/"},"img":{"alt_text":"","src":"https:\/\/i0.wp.com\/lasprimeras.com.do\/wp-content\/uploads\/2025\/05\/olivares.jpg?resize=350%2C200&ssl=1","width":350,"height":200,"srcset":"https:\/\/i0.wp.com\/lasprimeras.com.do\/wp-content\/uploads\/2025\/05\/olivares.jpg?resize=350%2C200&ssl=1 1x, https:\/\/i0.wp.com\/lasprimeras.com.do\/wp-content\/uploads\/2025\/05\/olivares.jpg?resize=525%2C300&ssl=1 1.5x, https:\/\/i0.wp.com\/lasprimeras.com.do\/wp-content\/uploads\/2025\/05\/olivares.jpg?resize=700%2C400&ssl=1 2x"},"classes":[]},{"id":68838,"url":"https:\/\/lasprimeras.com.do\/index.php\/2023\/11\/28\/aerodom-aclara-que-ajuste-tarifario-tendra-un-impacto-minimo-en-el-costo-del-pasaje-aereo\/","url_meta":{"origin":129297,"position":5},"title":"Aerodom aclara que ajuste tarifario tendr\u00e1 un impacto \u201cm\u00ednimo\u201d en el costo del pasaje a\u00e9reo","author":"Nelson Feliz","date":"28 de noviembre de 2023","format":false,"excerpt":"Aeropuertos Dominicanos Siglo XXI (Aerodom), subsidiaria de Vinci Airports, aclar\u00f3 que el ajuste tarifario de dos d\u00f3lares con 48 centavos por inflaci\u00f3n tiene un impacto \u201cm\u00ednimo\u201d en el costo total del pasaje a\u00e9reo ya que el mismo aplica de manera exclusiva a tarifas aeroportuarias reguladas. Adem\u00e1s, explic\u00f3 que el aumento\u2026","rel":"","context":"En \u00abECONOM\u00cdA\u00bb","block_context":{"text":"ECONOM\u00cdA","link":"https:\/\/lasprimeras.com.do\/index.php\/category\/economia\/"},"img":{"alt_text":"M\u00f3nika Infante","src":"https:\/\/i0.wp.com\/lasprimeras.com.do\/wp-content\/uploads\/2023\/11\/Monika-Infante.jpeg?resize=350%2C200&ssl=1","width":350,"height":200,"srcset":"https:\/\/i0.wp.com\/lasprimeras.com.do\/wp-content\/uploads\/2023\/11\/Monika-Infante.jpeg?resize=350%2C200&ssl=1 1x, https:\/\/i0.wp.com\/lasprimeras.com.do\/wp-content\/uploads\/2023\/11\/Monika-Infante.jpeg?resize=525%2C300&ssl=1 1.5x, https:\/\/i0.wp.com\/lasprimeras.com.do\/wp-content\/uploads\/2023\/11\/Monika-Infante.jpeg?resize=700%2C400&ssl=1 2x"},"classes":[]}],"jetpack_sharing_enabled":true,"_links":{"self":[{"href":"https:\/\/lasprimeras.com.do\/index.php\/wp-json\/wp\/v2\/posts\/129297","targetHints":{"allow":["GET"]}}],"collection":[{"href":"https:\/\/lasprimeras.com.do\/index.php\/wp-json\/wp\/v2\/posts"}],"about":[{"href":"https:\/\/lasprimeras.com.do\/index.php\/wp-json\/wp\/v2\/types\/post"}],"author":[{"embeddable":true,"href":"https:\/\/lasprimeras.com.do\/index.php\/wp-json\/wp\/v2\/users\/10"}],"replies":[{"embeddable":true,"href":"https:\/\/lasprimeras.com.do\/index.php\/wp-json\/wp\/v2\/comments?post=129297"}],"version-history":[{"count":1,"href":"https:\/\/lasprimeras.com.do\/index.php\/wp-json\/wp\/v2\/posts\/129297\/revisions"}],"predecessor-version":[{"id":129299,"href":"https:\/\/lasprimeras.com.do\/index.php\/wp-json\/wp\/v2\/posts\/129297\/revisions\/129299"}],"wp:featuredmedia":[{"embeddable":true,"href":"https:\/\/lasprimeras.com.do\/index.php\/wp-json\/wp\/v2\/media\/129298"}],"wp:attachment":[{"href":"https:\/\/lasprimeras.com.do\/index.php\/wp-json\/wp\/v2\/media?parent=129297"}],"wp:term":[{"taxonomy":"category","embeddable":true,"href":"https:\/\/lasprimeras.com.do\/index.php\/wp-json\/wp\/v2\/categories?post=129297"},{"taxonomy":"post_tag","embeddable":true,"href":"https:\/\/lasprimeras.com.do\/index.php\/wp-json\/wp\/v2\/tags?post=129297"}],"curies":[{"name":"wp","href":"https:\/\/api.w.org\/{rel}","templated":true}]}}