{"id":129300,"date":"2026-05-01T18:06:47","date_gmt":"2026-05-01T22:06:47","guid":{"rendered":"https:\/\/lasprimeras.com.do\/?p=129300"},"modified":"2026-05-01T18:06:49","modified_gmt":"2026-05-01T22:06:49","slug":"el-cancer-costara-cerca-de-us25-billones-a-la-economia-global-entre-el-2020-y-2050","status":"publish","type":"post","link":"https:\/\/lasprimeras.com.do\/index.php\/2026\/05\/01\/el-cancer-costara-cerca-de-us25-billones-a-la-economia-global-entre-el-2020-y-2050\/","title":{"rendered":"El c\u00e1ncer costar\u00e1 cerca de US$25 billones a la econom\u00eda global, entre el 2020 y 2050"},"content":{"rendered":"\n<ul class=\"wp-block-list\">\n<li><strong>Estudio publicado por JAMA Oncology muestra el impacto financiero de tipos de c\u00e1ncer y adem\u00e1s, que el de pulm\u00f3n tendr\u00e1 el costo m\u00e1s alto, con US$3,9 billones.<\/strong><\/li>\n\n\n\n<li><strong>El c\u00e1ncer es una de las principales causas de mortalidad, representando casi 10 millones de fallecimientos anuales en todo el mundo o una de cada seis muertes.<\/strong><\/li>\n<\/ul>\n\n\n\n<p>Un estudio publicado por la revista m\u00e9dica JAMA Oncology sit\u00faa el impacto financiero por c\u00e1ncer en US$25.2 billones, entre los a\u00f1os 2020 y 2050, a nivel global.<\/p>\n\n\n\n<p>La revista se\u00f1ala que esta enfermedad no solo trae consigo una carga f\u00edsica y emocional, sino tambi\u00e9n puede agotar los ahorros personales de los pacientes, reducir la productividad en el trabajo y limitar el n\u00famero de personas en el mercado laboral a escala mundial.<\/p>\n\n\n\n<p>Los investigadores del estudio realizaron estimaciones del costo con base en datos financieros internacionales y estad\u00edsticas de mortalidad y morbilidad por esta enfermedad, tomando en cuenta el dinero invertido en tratamientos, as\u00ed como el impacto en el entorno laboral.<\/p>\n\n\n\n<p>Agregan que el c\u00e1ncer es una de las principales causas de mortalidad, representando casi 10 millones de muertes anuales en todo el mundo o una de cada seis muertes. <\/p>\n\n\n\n<p>Por eso, los Planes Nacionales de Control del C\u00e1ncer (PNCC) se consideran una herramienta clave para reducir la mortalidad, mejorar la calidad de vida y generar beneficios econ\u00f3micos.<\/p>\n\n\n\n<p><strong>Detecci\u00f3n temprana<\/strong><\/p>\n\n\n\n<p>Indican que el retorno de inversi\u00f3n es contundente: las estrategias de detecci\u00f3n temprana y tratamiento pueden generar entre 2 y 7 d\u00f3lares por cada d\u00f3lar invertido, a la vez que se podr\u00edan prevenir m\u00e1s del 12% de las muertes globales por c\u00e1ncer.<\/p>\n\n\n\n<p>En esta misma l\u00ednea, la Organizaci\u00f3n Mundial de la Salud (OMS) refuerza que un diagn\u00f3stico a tiempo reduce el impacto financiero del c\u00e1ncer, no solo porque el costo de recibir un tratamiento durante las primeras etapas es inferior, sino tambi\u00e9n porque los pacientes pueden, eventualmente, continuar trabajando y apoyando a sus familias.<\/p>\n\n\n\n<p>\u201cLos sistemas de salud de los pa\u00edses deben promover un control integral del c\u00e1ncer, abarcando desde la prevenci\u00f3n e incorporando estrategias para mejorar su detecci\u00f3n temprana a bajo costo, ya que los diagn\u00f3sticos tard\u00edos representan mayores inversiones para los gobiernos\u201d, coment\u00f3 la doctora Isabella Grueso, directora de pol\u00edticas globales de oncolog\u00eda para Pfizer.<\/p>\n\n\n\n<p>A\u00f1ade que, financiar los planes nacionales de control contra el c\u00e1ncer es el puente entre el progreso cl\u00ednico y un impacto sostenible: permite fortalecer la capacidad diagn\u00f3stica, mejorar la eficiencia del sistema y proteger el gasto fiscal a lo largo del tiempo, lo que facilita la aplicaci\u00f3n de tratamientos m\u00e1s eficaces y menos complejos\u201d,<\/p>\n\n\n\n<p><strong>Medicina de precisi\u00f3n: revoluci\u00f3n en el tratamiento de pacientes<\/strong><\/p>\n\n\n\n<p>Los expertos aseguran que la medicina de precisi\u00f3n es una de las principales revoluciones en el tratamiento del c\u00e1ncer, que permite a pacientes con diferentes tumores recibir tratamientos personalizados, con una mayor especificidad y eficacia.<\/p>\n\n\n\n<p>Explican que es considerado un reto necesario de aplicar si se quiere estar a la vanguardia en la atenci\u00f3n del c\u00e1ncer y necesita de planes estrat\u00e9gicos nacionales que fomenten su implementaci\u00f3n para evitar inequidades diagn\u00f3sticas y terap\u00e9uticas. <\/p>\n\n\n\n<p>Sobre todo considerando que en Latinoam\u00e9rica y el Caribe se registraron m\u00e1s de 1.5 millones de casos nuevos de esta enfermedad, en el a\u00f1o 2022, y donde predominan el c\u00e1ncer de pr\u00f3stata, de mama y el colorrectal.<\/p>\n\n\n\n<p>Esta herramienta clave permite impulsar la investigaci\u00f3n cl\u00ednica al determinar el porcentaje de pacientes con una determinada alteraci\u00f3n que podr\u00edan beneficiarse de un tratamiento dirigido, fomentando el desarrollo de nuevos f\u00e1rmacos.<\/p>\n\n\n\n<p>\u201cLa atenci\u00f3n oncol\u00f3gica centrada en las personas requiere una transformaci\u00f3n profunda y multifac\u00e9tica. \u201cCada experiencia con el c\u00e1ncer es \u00fanica, por lo que es necesario reescribir el futuro para construir un modelo en el que miremos m\u00e1s all\u00e1 de la enfermedad y pongamos a la persona antes que al paciente, priorizando siempre sus necesidades\u201d, asegur\u00f3 la doctora Mar\u00eda Fernanda Velasco, l\u00edder m\u00e9dica en Oncolog\u00eda para el Cl\u00faster Norte de Latinoam\u00e9rica en Pfizer.<\/p>\n\n\n\n<p><strong>La transformaci\u00f3n de la atenci\u00f3n sanitaria contin\u00faa a un ritmo acelerado<\/strong><\/p>\n\n\n\n<p>Los especialistas explican que para mejorar la atenci\u00f3n oncol\u00f3gica, los pa\u00edses deben enfocarse en reducir las barreras de acceso, es por esto que existen cuatro pilares de atenci\u00f3n para ampliar el uso de la medicina de precisi\u00f3n, estos mismos se pueden agrupar en dos categor\u00edas: el diagn\u00f3stico de precisi\u00f3n y la terapia individualizada.<\/p>\n\n\n\n<p>En el primer pilar se trabaja en mejorar la precisi\u00f3n del diagn\u00f3stico, vi\u00e9ndolo no como un evento singular, sino como un proceso preciso. El segundo pilar busca proporcionar una medicina basada en la condici\u00f3n m\u00e9dica y espec\u00edfica del paciente.<\/p>\n\n\n\n<p>Por el lado de la terapia, el tercer pilar consiste en personalizar la atenci\u00f3n, dejar de tratar a los pacientes seg\u00fan el subgrupo gen\u00e9tico y verlos como individuos distintos.<\/p>\n\n\n\n<p>El cuarto y \u00faltimo pilar se refiere al uso de terapias innovadoras, aprovechando recursos tecnol\u00f3gicos, tal es el caso de la rob\u00f3tica o las im\u00e1genes avanzadas como parte de procedimientos m\u00ednimamente invasivos.<\/p>\n\n\n\n<p>Adicional a la medicina de precisi\u00f3n, la OMS habilit\u00f3 una gu\u00eda con tres medidas que los pa\u00edses pueden adoptar para mejorar el diagn\u00f3stico temprano de esta enfermedad:<\/p>\n\n\n\n<ol class=\"wp-block-list\">\n<li>Sensibilizar a las personas acerca de los s\u00edntomas del c\u00e1ncer y alentarlas a recurrir a la asistencia m\u00e9dica cuando los detecten.<\/li>\n\n\n\n<li>Invertir en el fortalecimiento y equipamiento de los servicios de salud y la formaci\u00f3n del personal sanitario para que se realicen diagn\u00f3sticos exactos y oportunos.<\/li>\n\n\n\n<li>Velar por que los pacientes con c\u00e1ncer tengan acceso a un tratamiento seguro y eficaz, con inclusi\u00f3n del alivio del dolor, sin que ello les suponga un esfuerzo personal o financiero prohibitivo.<\/li>\n<\/ol>\n\n\n\n<p>\u201cTrabajar en planes integrales de control del c\u00e1ncer, abordar las disparidades de acceso al diagn\u00f3stico y al tratamiento oportuno, mediante un financiamiento adecuado, priorizaci\u00f3n y equidad, as\u00ed como fomentar la integraci\u00f3n entre los pa\u00edses para cerrar estas brechas y mejorar los indicadores de atenci\u00f3n oncol\u00f3gica, son tareas clave para la regi\u00f3n. <\/p>\n\n\n\n<p>Debemos enfocarnos en desarrollar acuerdos de cooperaci\u00f3n con todos los stakeholders y tomar acciones concretas\u201d, asegur\u00f3 la doctora Grueso.<\/p>\n","protected":false},"excerpt":{"rendered":"<p>Un estudio publicado por la revista m\u00e9dica JAMA Oncology sit\u00faa el impacto financiero por c\u00e1ncer en US$25.2 billones, entre los a\u00f1os 2020 y 2050, a nivel global. La revista se\u00f1ala&hellip;<\/p>\n","protected":false},"author":10,"featured_media":129301,"comment_status":"open","ping_status":"open","sticky":false,"template":"","format":"standard","meta":{"content-type":"","jetpack_post_was_ever_published":false,"_jetpack_newsletter_access":"","_jetpack_dont_email_post_to_subs":false,"_jetpack_newsletter_tier_id":0,"_jetpack_memberships_contains_paywalled_content":false,"_jetpack_memberships_contains_paid_content":false,"footnotes":""},"categories":[16558],"tags":[20983,702,32894,18855,32895],"class_list":["post-129300","post","type-post","status-publish","format-standard","has-post-thumbnail","hentry","category-salud","tag-billones","tag-cancer","tag-costara","tag-economia-global","tag-jama-oncology"],"jetpack_featured_media_url":"https:\/\/lasprimeras.com.do\/wp-content\/uploads\/2026\/05\/cancer.jpeg","jetpack-related-posts":[{"id":65244,"url":"https:\/\/lasprimeras.com.do\/index.php\/2023\/10\/26\/la-caasd-recolecta-cientos-de-miles-de-tapitas-de-botellas\/","url_meta":{"origin":129300,"position":0},"title":"La CAASD recolecta cientos de miles de tapitas de botellas","author":"Nelson Feliz","date":"26 de octubre de 2023","format":false,"excerpt":"Con esta iniciativa se busca reducir el impacto negativo que tiene el uso irresponsable de pl\u00e1sticos en nuestro medio ambiente y ayudar a salvar vidas de ni\u00f1os con c\u00e1ncer. La Corporaci\u00f3n del Acueducto y Alcantarillado de Santo Domingo (CAASD) a trav\u00e9s de su voluntariado, se uni\u00f3 a la campa\u00f1a \u201cTapitas\u2026","rel":"","context":"En \u00abNACIONALES\u00bb","block_context":{"text":"NACIONALES","link":"https:\/\/lasprimeras.com.do\/index.php\/category\/nacionales\/"},"img":{"alt_text":"Felipe Subervi","src":"https:\/\/i0.wp.com\/lasprimeras.com.do\/wp-content\/uploads\/2023\/10\/Felipe-Subervi.jpg?resize=350%2C200&ssl=1","width":350,"height":200,"srcset":"https:\/\/i0.wp.com\/lasprimeras.com.do\/wp-content\/uploads\/2023\/10\/Felipe-Subervi.jpg?resize=350%2C200&ssl=1 1x, https:\/\/i0.wp.com\/lasprimeras.com.do\/wp-content\/uploads\/2023\/10\/Felipe-Subervi.jpg?resize=525%2C300&ssl=1 1.5x, https:\/\/i0.wp.com\/lasprimeras.com.do\/wp-content\/uploads\/2023\/10\/Felipe-Subervi.jpg?resize=700%2C400&ssl=1 2x"},"classes":[]},{"id":84174,"url":"https:\/\/lasprimeras.com.do\/index.php\/2024\/06\/03\/los-activos-del-sistema-financiero-ascendieron-a-rd3-5-billones-a-marzo-de-2024-afirma-sb\/","url_meta":{"origin":129300,"position":1},"title":"Los activos del sistema financiero ascendieron a RD$3.5 billones a marzo de 2024, afirma SB","author":"Nelson Feliz","date":"3 de junio de 2024","format":false,"excerpt":"La Superintendencia de Bancos (SB) sostuvo que los activos totales del sistema financiero dominicano ascendieron a RD$3.5 billones a marzo de 2024, para un crecimiento interanual de RD$518,075 millones, equivalentes a 17.1%, de acuerdo con el Informe trimestral de desempe\u00f1o del sistema financiero. Al cierre del primer trimestre, los activos\u2026","rel":"","context":"En \u00abECONOM\u00cdA\u00bb","block_context":{"text":"ECONOM\u00cdA","link":"https:\/\/lasprimeras.com.do\/index.php\/category\/economia\/"},"img":{"alt_text":"Superintendencia de Bancos","src":"https:\/\/i0.wp.com\/lasprimeras.com.do\/wp-content\/uploads\/2024\/05\/Superintendencia-de-Bancos.jpeg?resize=350%2C200&ssl=1","width":350,"height":200,"srcset":"https:\/\/i0.wp.com\/lasprimeras.com.do\/wp-content\/uploads\/2024\/05\/Superintendencia-de-Bancos.jpeg?resize=350%2C200&ssl=1 1x, https:\/\/i0.wp.com\/lasprimeras.com.do\/wp-content\/uploads\/2024\/05\/Superintendencia-de-Bancos.jpeg?resize=525%2C300&ssl=1 1.5x, https:\/\/i0.wp.com\/lasprimeras.com.do\/wp-content\/uploads\/2024\/05\/Superintendencia-de-Bancos.jpeg?resize=700%2C400&ssl=1 2x"},"classes":[]},{"id":87997,"url":"https:\/\/lasprimeras.com.do\/index.php\/2024\/08\/20\/voluntariado-de-la-caasd-se-suma-por-segundo-ano-consecutivo-a-la-campana-tapitas-x-quimio\/","url_meta":{"origin":129300,"position":2},"title":"Voluntariado de la CAASD se suma por segundo a\u00f1o consecutivo a la campa\u00f1a \u201cTapitas x Quimio\u201d","author":"Nelson Feliz","date":"20 de agosto de 2024","format":false,"excerpt":"El objetivo de esta es reducir el impacto negativo que tiene el uso de pl\u00e1sticos al medioambiente y salvar vidas de ni\u00f1os con c\u00e1ncer. La Corporaci\u00f3n del Acueducto y Alcantarillado de Santo Domingo (CAASD) se uni\u00f3 por segundo a\u00f1o consecutivo a la campa\u00f1a \u201cTapitas x quimio\u201d, la cual consiste en\u2026","rel":"","context":"En \u00abNACIONALES\u00bb","block_context":{"text":"NACIONALES","link":"https:\/\/lasprimeras.com.do\/index.php\/category\/nacionales\/"},"img":{"alt_text":"Voluntariado de la CAASD","src":"https:\/\/i0.wp.com\/lasprimeras.com.do\/wp-content\/uploads\/2024\/08\/Voluntariado-de-la-CAASD.jpg?resize=350%2C200&ssl=1","width":350,"height":200,"srcset":"https:\/\/i0.wp.com\/lasprimeras.com.do\/wp-content\/uploads\/2024\/08\/Voluntariado-de-la-CAASD.jpg?resize=350%2C200&ssl=1 1x, https:\/\/i0.wp.com\/lasprimeras.com.do\/wp-content\/uploads\/2024\/08\/Voluntariado-de-la-CAASD.jpg?resize=525%2C300&ssl=1 1.5x, https:\/\/i0.wp.com\/lasprimeras.com.do\/wp-content\/uploads\/2024\/08\/Voluntariado-de-la-CAASD.jpg?resize=700%2C400&ssl=1 2x"},"classes":[]},{"id":87091,"url":"https:\/\/lasprimeras.com.do\/index.php\/2024\/08\/07\/senasa-presenta-investigacion-sobre-prevalencia-de-cancer-en-la-poblacion-afiliada-2020-2024\/","url_meta":{"origin":129300,"position":3},"title":"SeNaSa presenta investigaci\u00f3n sobre &#8220;Prevalencia de c\u00e1ncer en la poblaci\u00f3n afiliada 2020-2024\u201d","author":"Nelson Feliz","date":"7 de agosto de 2024","format":false,"excerpt":"El Seguro Nacional de Salud (SeNaSa) present\u00f3 su investigaci\u00f3n titulada: \"Prevalencia de c\u00e1ncer en la poblaci\u00f3n afiliada a SeNaSa, 2020-2024\", con el prop\u00f3sito de aportar herramientas que permitan conocer el comportamiento de este padecimiento que se visualiza como una de las Enfermedades No Trasmisible (ENT) de alto impacto en la\u2026","rel":"","context":"En \u00abPORTADA\u00bb","block_context":{"text":"PORTADA","link":"https:\/\/lasprimeras.com.do\/index.php\/category\/portada\/"},"img":{"alt_text":"Santiago Hazim","src":"https:\/\/i0.wp.com\/lasprimeras.com.do\/wp-content\/uploads\/2024\/08\/Doctor-Santiago-Hazim-durante-su-exposicion.jpg?resize=350%2C200&ssl=1","width":350,"height":200,"srcset":"https:\/\/i0.wp.com\/lasprimeras.com.do\/wp-content\/uploads\/2024\/08\/Doctor-Santiago-Hazim-durante-su-exposicion.jpg?resize=350%2C200&ssl=1 1x, https:\/\/i0.wp.com\/lasprimeras.com.do\/wp-content\/uploads\/2024\/08\/Doctor-Santiago-Hazim-durante-su-exposicion.jpg?resize=525%2C300&ssl=1 1.5x, https:\/\/i0.wp.com\/lasprimeras.com.do\/wp-content\/uploads\/2024\/08\/Doctor-Santiago-Hazim-durante-su-exposicion.jpg?resize=700%2C400&ssl=1 2x"},"classes":[]},{"id":59619,"url":"https:\/\/lasprimeras.com.do\/index.php\/2023\/09\/06\/incidencia-del-cancer-antes-de-los-50-crecio-79-en-ultimos-30-anos\/","url_meta":{"origin":129300,"position":4},"title":"Incidencia del c\u00e1ncer antes de los 50 creci\u00f3 79% en \u00faltimos 30 a\u00f1os","author":"Nelson Feliz","date":"6 de septiembre de 2023","format":false,"excerpt":"ESTADOS UNIDOS.- Los nuevos casos de c\u00e1ncer entre menores de 50 a\u00f1os registraron un aumento mundial del 79,1 % entre 1990 y 2019, mientras el n\u00famero de fallecimientos progres\u00f3 un 27,7 %, seg\u00fan un estudio que publica BMJ Oncology. Los investigadores calculan, seg\u00fan las proyecciones, que el n\u00famero mundial de\u2026","rel":"","context":"En \u00abSin categor\u00eda\u00bb","block_context":{"text":"Sin categor\u00eda","link":"https:\/\/lasprimeras.com.do\/index.php\/category\/sin-categoria\/"},"img":{"alt_text":"cancer","src":"https:\/\/i0.wp.com\/lasprimeras.com.do\/wp-content\/uploads\/2023\/09\/cancer.png?resize=350%2C200&ssl=1","width":350,"height":200,"srcset":"https:\/\/i0.wp.com\/lasprimeras.com.do\/wp-content\/uploads\/2023\/09\/cancer.png?resize=350%2C200&ssl=1 1x, https:\/\/i0.wp.com\/lasprimeras.com.do\/wp-content\/uploads\/2023\/09\/cancer.png?resize=525%2C300&ssl=1 1.5x"},"classes":[]},{"id":64614,"url":"https:\/\/lasprimeras.com.do\/index.php\/2023\/10\/22\/experto-advierte-sobre-el-desafio-del-incremento-de-las-metastasis-cerebrales\/","url_meta":{"origin":129300,"position":5},"title":"Experto advierte sobre el desaf\u00edo del incremento de las met\u00e1stasis cerebrales","author":"Nelson Feliz","date":"22 de octubre de 2023","format":false,"excerpt":"As\u00ed lo destaca el doctor Rupesh Kotecha, onc\u00f3logo radioter\u00e1pico, quien advierte que el crecimiento en la incidencia y el costo del tratamiento de las met\u00e1stasis cerebrales crea un desaf\u00edo. Las met\u00e1stasis cerebrales ocurren cuando el c\u00e1ncer se disemina al cerebro desde otro sitio del cuerpo, siendo los tipos de c\u00e1ncer\u2026","rel":"","context":"En \u00abSin categor\u00eda\u00bb","block_context":{"text":"Sin categor\u00eda","link":"https:\/\/lasprimeras.com.do\/index.php\/category\/sin-categoria\/"},"img":{"alt_text":"Cerebro Humano","src":"https:\/\/i0.wp.com\/lasprimeras.com.do\/wp-content\/uploads\/2023\/10\/Cerebro-Humano.jpeg?resize=350%2C200&ssl=1","width":350,"height":200,"srcset":"https:\/\/i0.wp.com\/lasprimeras.com.do\/wp-content\/uploads\/2023\/10\/Cerebro-Humano.jpeg?resize=350%2C200&ssl=1 1x, https:\/\/i0.wp.com\/lasprimeras.com.do\/wp-content\/uploads\/2023\/10\/Cerebro-Humano.jpeg?resize=525%2C300&ssl=1 1.5x"},"classes":[]}],"jetpack_sharing_enabled":true,"_links":{"self":[{"href":"https:\/\/lasprimeras.com.do\/index.php\/wp-json\/wp\/v2\/posts\/129300","targetHints":{"allow":["GET"]}}],"collection":[{"href":"https:\/\/lasprimeras.com.do\/index.php\/wp-json\/wp\/v2\/posts"}],"about":[{"href":"https:\/\/lasprimeras.com.do\/index.php\/wp-json\/wp\/v2\/types\/post"}],"author":[{"embeddable":true,"href":"https:\/\/lasprimeras.com.do\/index.php\/wp-json\/wp\/v2\/users\/10"}],"replies":[{"embeddable":true,"href":"https:\/\/lasprimeras.com.do\/index.php\/wp-json\/wp\/v2\/comments?post=129300"}],"version-history":[{"count":1,"href":"https:\/\/lasprimeras.com.do\/index.php\/wp-json\/wp\/v2\/posts\/129300\/revisions"}],"predecessor-version":[{"id":129302,"href":"https:\/\/lasprimeras.com.do\/index.php\/wp-json\/wp\/v2\/posts\/129300\/revisions\/129302"}],"wp:featuredmedia":[{"embeddable":true,"href":"https:\/\/lasprimeras.com.do\/index.php\/wp-json\/wp\/v2\/media\/129301"}],"wp:attachment":[{"href":"https:\/\/lasprimeras.com.do\/index.php\/wp-json\/wp\/v2\/media?parent=129300"}],"wp:term":[{"taxonomy":"category","embeddable":true,"href":"https:\/\/lasprimeras.com.do\/index.php\/wp-json\/wp\/v2\/categories?post=129300"},{"taxonomy":"post_tag","embeddable":true,"href":"https:\/\/lasprimeras.com.do\/index.php\/wp-json\/wp\/v2\/tags?post=129300"}],"curies":[{"name":"wp","href":"https:\/\/api.w.org\/{rel}","templated":true}]}}