{"id":129303,"date":"2026-05-01T18:11:50","date_gmt":"2026-05-01T22:11:50","guid":{"rendered":"https:\/\/lasprimeras.com.do\/?p=129303"},"modified":"2026-05-01T18:11:51","modified_gmt":"2026-05-01T22:11:51","slug":"gobierno-pone-a-disposicion-del-publico-el-directorio-juridico-gubernamental","status":"publish","type":"post","link":"https:\/\/lasprimeras.com.do\/index.php\/2026\/05\/01\/gobierno-pone-a-disposicion-del-publico-el-directorio-juridico-gubernamental\/","title":{"rendered":"Gobierno pone a disposici\u00f3n del p\u00fablico el Directorio Jur\u00eddico Gubernamental"},"content":{"rendered":"\n<p>La Consultor\u00eda Jur\u00eddica del Poder Ejecutivo, como parte de su compromiso con la transparencia y el acceso a la informaci\u00f3n p\u00fablica, present\u00f3 el Directorio Jur\u00eddico Gubernamental, disponible en la p\u00e1gina web www.consultoria.gov.do.<\/p>\n\n\n\n<p>Esta herramienta agrupa los datos de contacto de 112 direcciones jur\u00eddicas del sector p\u00fablico, lo que permite identificar a los responsables legales de cada instituci\u00f3n.<\/p>\n\n\n\n<p>El directorio contiene informaci\u00f3n estructurada que incluye el nombre de la instituci\u00f3n, el titular de la direcci\u00f3n jur\u00eddica, la denominaci\u00f3n del cargo, el correo electr\u00f3nico institucional, as\u00ed como el nombre y tel\u00e9fono de su asistente.<\/p>\n\n\n\n<p>Este instrumento facilita el acceso a canales de comunicaci\u00f3n formales y promueve una interacci\u00f3n directa con las entidades del Estado.<\/p>\n\n\n\n<p>Asimismo, permite un contacto directo con las \u00e1reas jur\u00eddicas del Estado y refuerza el compromiso con el servicio p\u00fablico, fortaleciendo la apertura institucional como v\u00eda para consolidar una cultura de servicio orientada a la ciudadan\u00eda.<\/p>\n\n\n\n<p>Esta iniciativa fue impulsada por la Consultor\u00eda Jur\u00eddica del Poder Ejecutivo en su calidad de \u00f3rgano rector de la coordinaci\u00f3n jur\u00eddica del Estado, conforme a lo dispuesto en la Ley n\u00fam. 247-12, Org\u00e1nica de la Administraci\u00f3n P\u00fablica.<\/p>\n","protected":false},"excerpt":{"rendered":"<p>La Consultor\u00eda Jur\u00eddica del Poder Ejecutivo, como parte de su compromiso con la transparencia y el acceso a la informaci\u00f3n p\u00fablica, present\u00f3 el Directorio Jur\u00eddico Gubernamental, disponible en la p\u00e1gina&hellip;<\/p>\n","protected":false},"author":10,"featured_media":129304,"comment_status":"open","ping_status":"open","sticky":false,"template":"","format":"standard","meta":{"content-type":"","jetpack_post_was_ever_published":false,"_jetpack_newsletter_access":"","_jetpack_dont_email_post_to_subs":false,"_jetpack_newsletter_tier_id":0,"_jetpack_memberships_contains_paywalled_content":false,"_jetpack_memberships_contains_paid_content":false,"footnotes":""},"categories":[35,25],"tags":[21183,12916,7818,171,2885,6229,445,4678],"class_list":["post-129303","post","type-post","status-publish","format-standard","has-post-thumbnail","hentry","category-nacionales","category-portada","tag-consultoria-juridica","tag-directorio","tag-disposicion","tag-gobierno","tag-gubernamental","tag-juridico","tag-poder-ejecutivo","tag-publico"],"jetpack_featured_media_url":"https:\/\/lasprimeras.com.do\/wp-content\/uploads\/2026\/05\/jorge-subero-isa.jpg","jetpack-related-posts":[{"id":83161,"url":"https:\/\/lasprimeras.com.do\/index.php\/2024\/05\/12\/jce-recuerda-ciudadania-dispone-del-directorio-en-linea-de-las-fiscalias-para-denunciar-crimenes-y-delitos-electorales\/","url_meta":{"origin":129303,"position":0},"title":"JCE recuerda ciudadan\u00eda dispone del Directorio en l\u00ednea de las Fiscal\u00edas para denunciar cr\u00edmenes y delitos electorales","author":"Nelson Feliz","date":"12 de mayo de 2024","format":false,"excerpt":"La Junta Central Electoral (JCE) recuerda a la ciudadan\u00eda que dispone en l\u00ednea en su portal Web del Directorio de las Procuradur\u00edas Especializadas de Investigaci\u00f3n y Persecuci\u00f3n de Cr\u00edmenes y Delitos Electorales. En dicho directorio la ciudadan\u00eda podr\u00e1 encontrar la informaci\u00f3n de contacto necesaria para denunciar los actos castigados por\u2026","rel":"","context":"En \u00abNACIONALES\u00bb","block_context":{"text":"NACIONALES","link":"https:\/\/lasprimeras.com.do\/index.php\/category\/nacionales\/"},"img":{"alt_text":"JCE","src":"https:\/\/i0.wp.com\/lasprimeras.com.do\/wp-content\/uploads\/2023\/08\/jce-ratifica-sancionara-partidos-y-a-candidatos-violen-medida-legal.jpg?resize=350%2C200&ssl=1","width":350,"height":200,"srcset":"https:\/\/i0.wp.com\/lasprimeras.com.do\/wp-content\/uploads\/2023\/08\/jce-ratifica-sancionara-partidos-y-a-candidatos-violen-medida-legal.jpg?resize=350%2C200&ssl=1 1x, https:\/\/i0.wp.com\/lasprimeras.com.do\/wp-content\/uploads\/2023\/08\/jce-ratifica-sancionara-partidos-y-a-candidatos-violen-medida-legal.jpg?resize=525%2C300&ssl=1 1.5x, https:\/\/i0.wp.com\/lasprimeras.com.do\/wp-content\/uploads\/2023\/08\/jce-ratifica-sancionara-partidos-y-a-candidatos-violen-medida-legal.jpg?resize=700%2C400&ssl=1 2x"},"classes":[]},{"id":100466,"url":"https:\/\/lasprimeras.com.do\/index.php\/2025\/06\/06\/consultor-juridico-aclara-alcance-del-proyecto-para-crear-el-ministerio-de-justicia\/","url_meta":{"origin":129303,"position":1},"title":"Consultor Jur\u00eddico aclara alcance del proyecto para crear el Ministerio de Justicia","author":"Nelson Feliz","date":"6 de junio de 2025","format":false,"excerpt":"Antoliano Peralta precisa que con esta aclaraci\u00f3n pretende exhortar la verificaci\u00f3n del contenido exacto del proyecto de ley y garantizar una comunicaci\u00f3n veraz y certera. El consultor Jur\u00eddico del Poder Ejecutivo, Antoliano Peralta aclar\u00f3 este viernes que en las dos citadas publicaciones solo dos funciones que actualmente recaen en el\u2026","rel":"","context":"En \u00abNACIONALES\u00bb","block_context":{"text":"NACIONALES","link":"https:\/\/lasprimeras.com.do\/index.php\/category\/nacionales\/"},"img":{"alt_text":"","src":"https:\/\/i0.wp.com\/lasprimeras.com.do\/wp-content\/uploads\/2025\/06\/Antoliano-Peralta.jpg?resize=350%2C200&ssl=1","width":350,"height":200,"srcset":"https:\/\/i0.wp.com\/lasprimeras.com.do\/wp-content\/uploads\/2025\/06\/Antoliano-Peralta.jpg?resize=350%2C200&ssl=1 1x, https:\/\/i0.wp.com\/lasprimeras.com.do\/wp-content\/uploads\/2025\/06\/Antoliano-Peralta.jpg?resize=525%2C300&ssl=1 1.5x, https:\/\/i0.wp.com\/lasprimeras.com.do\/wp-content\/uploads\/2025\/06\/Antoliano-Peralta.jpg?resize=700%2C400&ssl=1 2x"},"classes":[]},{"id":119022,"url":"https:\/\/lasprimeras.com.do\/index.php\/2026\/01\/06\/abinader-designa-a-jorge-subero-isa-como-consultor-juridico-del-poder-ejecutivo\/","url_meta":{"origin":129303,"position":2},"title":"Abinader designa a Jorge Subero Isa como consultor jur\u00eddico del Poder Ejecutivo","author":"Nelson Feliz","date":"6 de enero de 2026","format":false,"excerpt":"Jorge Subero Isa","rel":"","context":"En \u00abNACIONALES\u00bb","block_context":{"text":"NACIONALES","link":"https:\/\/lasprimeras.com.do\/index.php\/category\/nacionales\/"},"img":{"alt_text":"Jorge Subero Isa","src":"https:\/\/i0.wp.com\/lasprimeras.com.do\/wp-content\/uploads\/2023\/08\/Jorge-Subero-Isa.jpg?resize=350%2C200&ssl=1","width":350,"height":200,"srcset":"https:\/\/i0.wp.com\/lasprimeras.com.do\/wp-content\/uploads\/2023\/08\/Jorge-Subero-Isa.jpg?resize=350%2C200&ssl=1 1x, https:\/\/i0.wp.com\/lasprimeras.com.do\/wp-content\/uploads\/2023\/08\/Jorge-Subero-Isa.jpg?resize=525%2C300&ssl=1 1.5x"},"classes":[]},{"id":109396,"url":"https:\/\/lasprimeras.com.do\/index.php\/2025\/09\/17\/el-equipo-juridico-del-estado-para-recuperar-fondos-anuncia-actuara-en-los-casos-senasa-e-inabie\/","url_meta":{"origin":129303,"position":3},"title":"El equipo jur\u00eddico del Estado para recuperar fondos anuncia actuar\u00e1 en los casos Senasa e Inabie","author":"Nelson Feliz","date":"17 de septiembre de 2025","format":false,"excerpt":"El Equipo de Recuperaci\u00f3n del Patrimonio P\u00fablico (ERPP) anunci\u00f3 que asumir\u00e1 la representaci\u00f3n del Estado en el caso del Seguro Nacional de Salud (Senasa), proceso en el que se investiga un d\u00e9ficit millonario originado en su gesti\u00f3n administrativa. La decisi\u00f3n se enmarca en el mandato presidencial de que el Estado\u2026","rel":"","context":"En \u00abNACIONALES\u00bb","block_context":{"text":"NACIONALES","link":"https:\/\/lasprimeras.com.do\/index.php\/category\/nacionales\/"},"img":{"alt_text":"","src":"https:\/\/i0.wp.com\/lasprimeras.com.do\/wp-content\/uploads\/2025\/09\/juridico.jpg?resize=350%2C200&ssl=1","width":350,"height":200,"srcset":"https:\/\/i0.wp.com\/lasprimeras.com.do\/wp-content\/uploads\/2025\/09\/juridico.jpg?resize=350%2C200&ssl=1 1x, https:\/\/i0.wp.com\/lasprimeras.com.do\/wp-content\/uploads\/2025\/09\/juridico.jpg?resize=525%2C300&ssl=1 1.5x, https:\/\/i0.wp.com\/lasprimeras.com.do\/wp-content\/uploads\/2025\/09\/juridico.jpg?resize=700%2C400&ssl=1 2x"},"classes":[]},{"id":80283,"url":"https:\/\/lasprimeras.com.do\/index.php\/2024\/04\/06\/ee-uu-desestima-demanda-millonaria-interpuesta-en-2022-por-miacargo-contra-el-instituto-postal-dominicano\/","url_meta":{"origin":129303,"position":4},"title":"EE.UU. desestima demanda millonaria interpuesta en 2022 por MiaCargo contra el Instituto Postal Dominicano","author":"BIMARY DE JES\u00daS Matos","date":"6 de abril de 2024","format":false,"excerpt":"EE.UU.-La sentencia del 28 de marzo de 2024 del Tribunal Federal Distrital del Sur de la Florida acoge los argumentos de la defensa dominicana\u00a0La Consultor\u00eda Jur\u00eddica del Poder Ejecutivo inform\u00f3 que el pasado 28 de marzo de 2024, el Tribunal Federal Distrital del Sur de la Florida dict\u00f3 una sentencia\u2026","rel":"","context":"En \u00abNACIONALES\u00bb","block_context":{"text":"NACIONALES","link":"https:\/\/lasprimeras.com.do\/index.php\/category\/nacionales\/"},"img":{"alt_text":"","src":"https:\/\/i0.wp.com\/lasprimeras.com.do\/wp-content\/uploads\/2024\/04\/IMG-20240406-WA0010.jpg?resize=350%2C200&ssl=1","width":350,"height":200,"srcset":"https:\/\/i0.wp.com\/lasprimeras.com.do\/wp-content\/uploads\/2024\/04\/IMG-20240406-WA0010.jpg?resize=350%2C200&ssl=1 1x, https:\/\/i0.wp.com\/lasprimeras.com.do\/wp-content\/uploads\/2024\/04\/IMG-20240406-WA0010.jpg?resize=525%2C300&ssl=1 1.5x, https:\/\/i0.wp.com\/lasprimeras.com.do\/wp-content\/uploads\/2024\/04\/IMG-20240406-WA0010.jpg?resize=700%2C400&ssl=1 2x"},"classes":[]},{"id":78494,"url":"https:\/\/lasprimeras.com.do\/index.php\/2024\/03\/17\/tribunal-cita-otra-vez-a-juan-rosa-por-ocultar-informaciones-en-la-direccion-de-pensiones\/","url_meta":{"origin":129303,"position":5},"title":"Tribunal cita otra vez a Juan Rosa por ocultar informaciones en la Direcci\u00f3n de Pensiones","author":"Nelson Feliz","date":"17 de marzo de 2024","format":false,"excerpt":"La acci\u00f3n judicial es encaminada por el diputado Luis Henr\u00edquez, quien ha detectado irregularidades en el otorgamiento de pensiones solidarias. El Tribunal Superior Administrativo (TSA), fij\u00f3 una audiencia en contra del director general de Pensiones y Jubilaciones, Juan Rosa, ante un recurso contencioso administrativo elevado por el vocero del Bloque\u2026","rel":"","context":"En \u00abJUSTICIA\u00bb","block_context":{"text":"JUSTICIA","link":"https:\/\/lasprimeras.com.do\/index.php\/category\/justicia\/"},"img":{"alt_text":"Juan Rosa","src":"https:\/\/i0.wp.com\/lasprimeras.com.do\/wp-content\/uploads\/2024\/03\/Juan-Rosa.jpg?resize=350%2C200&ssl=1","width":350,"height":200,"srcset":"https:\/\/i0.wp.com\/lasprimeras.com.do\/wp-content\/uploads\/2024\/03\/Juan-Rosa.jpg?resize=350%2C200&ssl=1 1x, https:\/\/i0.wp.com\/lasprimeras.com.do\/wp-content\/uploads\/2024\/03\/Juan-Rosa.jpg?resize=525%2C300&ssl=1 1.5x, https:\/\/i0.wp.com\/lasprimeras.com.do\/wp-content\/uploads\/2024\/03\/Juan-Rosa.jpg?resize=700%2C400&ssl=1 2x, https:\/\/i0.wp.com\/lasprimeras.com.do\/wp-content\/uploads\/2024\/03\/Juan-Rosa.jpg?resize=1050%2C600&ssl=1 3x"},"classes":[]}],"jetpack_sharing_enabled":true,"_links":{"self":[{"href":"https:\/\/lasprimeras.com.do\/index.php\/wp-json\/wp\/v2\/posts\/129303","targetHints":{"allow":["GET"]}}],"collection":[{"href":"https:\/\/lasprimeras.com.do\/index.php\/wp-json\/wp\/v2\/posts"}],"about":[{"href":"https:\/\/lasprimeras.com.do\/index.php\/wp-json\/wp\/v2\/types\/post"}],"author":[{"embeddable":true,"href":"https:\/\/lasprimeras.com.do\/index.php\/wp-json\/wp\/v2\/users\/10"}],"replies":[{"embeddable":true,"href":"https:\/\/lasprimeras.com.do\/index.php\/wp-json\/wp\/v2\/comments?post=129303"}],"version-history":[{"count":1,"href":"https:\/\/lasprimeras.com.do\/index.php\/wp-json\/wp\/v2\/posts\/129303\/revisions"}],"predecessor-version":[{"id":129305,"href":"https:\/\/lasprimeras.com.do\/index.php\/wp-json\/wp\/v2\/posts\/129303\/revisions\/129305"}],"wp:featuredmedia":[{"embeddable":true,"href":"https:\/\/lasprimeras.com.do\/index.php\/wp-json\/wp\/v2\/media\/129304"}],"wp:attachment":[{"href":"https:\/\/lasprimeras.com.do\/index.php\/wp-json\/wp\/v2\/media?parent=129303"}],"wp:term":[{"taxonomy":"category","embeddable":true,"href":"https:\/\/lasprimeras.com.do\/index.php\/wp-json\/wp\/v2\/categories?post=129303"},{"taxonomy":"post_tag","embeddable":true,"href":"https:\/\/lasprimeras.com.do\/index.php\/wp-json\/wp\/v2\/tags?post=129303"}],"curies":[{"name":"wp","href":"https:\/\/api.w.org\/{rel}","templated":true}]}}