{"id":129306,"date":"2026-05-01T18:16:38","date_gmt":"2026-05-01T22:16:38","guid":{"rendered":"https:\/\/lasprimeras.com.do\/?p=129306"},"modified":"2026-05-01T18:16:39","modified_gmt":"2026-05-01T22:16:39","slug":"ministros-de-defensa-y-de-la-presidencia-realizan-recorrido-por-la-frontera","status":"publish","type":"post","link":"https:\/\/lasprimeras.com.do\/index.php\/2026\/05\/01\/ministros-de-defensa-y-de-la-presidencia-realizan-recorrido-por-la-frontera\/","title":{"rendered":"Ministros de Defensa y de la Presidencia realizan recorrido por la frontera"},"content":{"rendered":"\n<p>El ministro de Defensa, teniente general Carlos Antonio Fern\u00e1ndez Onofre, ERD., realiz\u00f3 un recorrido de supervisi\u00f3n por la l\u00ednea fronteriza acompa\u00f1ado por el ministro de la Presidencia, Jos\u00e9 Ignacio Paliza, y el comandante general del Ej\u00e9rcito de Rep\u00fablica Dominicana, mayor general Jorge Iv\u00e1n Camino P\u00e9rez, ERD.<\/p>\n\n\n\n<p>El recorrido se desarroll\u00f3 a lo largo de la carretera Internacional que divide la Rep\u00fablica Dominicana de la Rep\u00fablica de Hait\u00ed, abarcando el tramo comprendido desde el municipio de Pedro Santana, en la provincia El\u00edas Pi\u00f1a, hasta Villa Anacaona, en la provincia de Dajab\u00f3n.<\/p>\n\n\n\n<p>El objetivo principal fue constatar de primera mano la din\u00e1mica cotidiana de convivencia entre los ciudadanos de ambas naciones, as\u00ed como verificar en el terreno las acciones que ejecutan los organismos de seguridad desplegados en la zona fronteriza, de manera especial las unidades del Ej\u00e9rcito de Rep\u00fablica Dominicana, responsables de la vigilancia y control territorial.<\/p>\n\n\n\n<p>Este desplazamiento reviste un alto valor estrat\u00e9gico, al permitir a las autoridades evaluar directamente las condiciones operativas, sociales y comerciales de la franja fronteriza, facilitando la toma de decisiones orientadas a fortalecer la seguridad, la estabilidad y el desarrollo integral de estas comunidades.<\/p>\n\n\n\n<p>Asimismo, el recorrido sirvi\u00f3 para dar seguimiento a las iniciativas que se proyectan implementar con miras a mejorar la din\u00e1mica comercial y la convivencia en el \u00e1rea de Tilori, punto clave para el intercambio econ\u00f3mico binacional y la interacci\u00f3n ordenada entre ambas poblaciones.<\/p>\n\n\n\n<p>Durante la jornada, tambi\u00e9n participaron el director del Cuerpo Especializado en Seguridad Fronteriza Terrestre (CESFRONT), el supervisor de los trabajos de construcci\u00f3n de la verja perimetral inteligente, as\u00ed como los comandantes de la 4ta. y 3ra. brigadas de infanter\u00eda del Ej\u00e9rcito de Rep\u00fablica Dominicana.<\/p>\n\n\n\n<p>Las autoridades reafirmaron el firme inter\u00e9s del Gobierno dominicano en continuar impulsando acciones que contribuyan al desarrollo socioecon\u00f3mico de la zona fronteriza, garantizando al mismo tiempo un entorno seguro, estable y propicio para sus habitantes.<\/p>\n\n\n\n<p>En ese sentido, el Ministerio de Defensa destac\u00f3 el compromiso inquebrantable de las Fuerzas Armadas de la Rep\u00fablica Dominicana con el cumplimiento de su sagrada misi\u00f3n de defender la soberan\u00eda nacional, preservar la integridad territorial y apoyar las pol\u00edticas p\u00fablicas orientadas al bienestar de la poblaci\u00f3n.<\/p>\n\n\n\n<p>El recorrido evidencia la voluntad del Estado de mantener una presencia activa y permanente en la frontera, promoviendo un equilibrio entre seguridad, desarrollo y convivencia pac\u00edfica, en beneficio de la naci\u00f3n.<\/p>\n","protected":false},"excerpt":{"rendered":"<p>El ministro de Defensa, teniente general Carlos Antonio Fern\u00e1ndez Onofre, ERD., realiz\u00f3 un recorrido de supervisi\u00f3n por la l\u00ednea fronteriza acompa\u00f1ado por el ministro de la Presidencia, Jos\u00e9 Ignacio Paliza,&hellip;<\/p>\n","protected":false},"author":10,"featured_media":129307,"comment_status":"open","ping_status":"open","sticky":false,"template":"","format":"standard","meta":{"content-type":"","jetpack_post_was_ever_published":false,"_jetpack_newsletter_access":"","_jetpack_dont_email_post_to_subs":false,"_jetpack_newsletter_tier_id":0,"_jetpack_memberships_contains_paywalled_content":false,"_jetpack_memberships_contains_paid_content":false,"footnotes":""},"categories":[3057],"tags":[5719,74,1420,20290,94,120],"class_list":["post-129306","post","type-post","status-publish","format-standard","has-post-thumbnail","hentry","category-militares","tag-carlos-antonio-fernandez-onofre","tag-frontera","tag-jose-ignacio-paliza","tag-ministros-de-defensa","tag-presidencia","tag-recorrido"],"jetpack_featured_media_url":"https:\/\/lasprimeras.com.do\/wp-content\/uploads\/2026\/05\/frontera-1.jpg","jetpack-related-posts":[{"id":124290,"url":"https:\/\/lasprimeras.com.do\/index.php\/2026\/03\/10\/paliza-y-fernandez-onofre-supervisan-seguridad-en-frontera-norte\/","url_meta":{"origin":129306,"position":0},"title":"Paliza y Fern\u00e1ndez Onofre supervisan seguridad en frontera norte","author":"Nelson Feliz","date":"10 de marzo de 2026","format":false,"excerpt":"El ministro de la Presidencia, Jos\u00e9 Ignacio Paliza, y el ministro de Defensa, teniente general Carlos Antonio Fern\u00e1ndez Onofre, ERD., realizaron un recorrido por diferentes comunidades de la franja fronteriza norte, como parte del inter\u00e9s del Estado dominicano de fortalecer la seguridad en la zona y promover mejores condiciones de\u2026","rel":"","context":"En \u00abMILITARES\u00bb","block_context":{"text":"MILITARES","link":"https:\/\/lasprimeras.com.do\/index.php\/category\/militares\/"},"img":{"alt_text":"","src":"https:\/\/i0.wp.com\/lasprimeras.com.do\/wp-content\/uploads\/2026\/03\/Paliza-y-Fernandez-Onofre-1.jpg?resize=350%2C200&ssl=1","width":350,"height":200,"srcset":"https:\/\/i0.wp.com\/lasprimeras.com.do\/wp-content\/uploads\/2026\/03\/Paliza-y-Fernandez-Onofre-1.jpg?resize=350%2C200&ssl=1 1x, https:\/\/i0.wp.com\/lasprimeras.com.do\/wp-content\/uploads\/2026\/03\/Paliza-y-Fernandez-Onofre-1.jpg?resize=525%2C300&ssl=1 1.5x, https:\/\/i0.wp.com\/lasprimeras.com.do\/wp-content\/uploads\/2026\/03\/Paliza-y-Fernandez-Onofre-1.jpg?resize=700%2C400&ssl=1 2x"},"classes":[]},{"id":104338,"url":"https:\/\/lasprimeras.com.do\/index.php\/2025\/07\/23\/comandante-general-del-erd-recorre-carretera-internacional-en-la-frontera\/","url_meta":{"origin":129306,"position":1},"title":"Comandante General del ERD recorre &#8220;Carretera Internacional&#8221; en la frontera","author":"Nelson Feliz","date":"23 de julio de 2025","format":false,"excerpt":"Visit\u00f3 y supervis\u00f3 todos los puestos destacados a lo largo de la referida v\u00eda. El Comandante General del Ej\u00e9rcito de Rep\u00fablica Dominicana, Mayor General Jorge Iv\u00e1n Camino P\u00e9rez, realiz\u00f3 un recorrido por la Carretera Internacional, iniciando en el municipio de Pedro Santana, en El\u00edas Pi\u00f1a hasta Restauraci\u00f3n, en Dajab\u00f3n. El\u2026","rel":"","context":"En \u00abMILITARES\u00bb","block_context":{"text":"MILITARES","link":"https:\/\/lasprimeras.com.do\/index.php\/category\/militares\/"},"img":{"alt_text":"","src":"https:\/\/i0.wp.com\/lasprimeras.com.do\/wp-content\/uploads\/2025\/07\/Jorge-Ivan-Camino-Perez-1.jpg?resize=350%2C200&ssl=1","width":350,"height":200,"srcset":"https:\/\/i0.wp.com\/lasprimeras.com.do\/wp-content\/uploads\/2025\/07\/Jorge-Ivan-Camino-Perez-1.jpg?resize=350%2C200&ssl=1 1x, https:\/\/i0.wp.com\/lasprimeras.com.do\/wp-content\/uploads\/2025\/07\/Jorge-Ivan-Camino-Perez-1.jpg?resize=525%2C300&ssl=1 1.5x, https:\/\/i0.wp.com\/lasprimeras.com.do\/wp-content\/uploads\/2025\/07\/Jorge-Ivan-Camino-Perez-1.jpg?resize=700%2C400&ssl=1 2x"},"classes":[]},{"id":113960,"url":"https:\/\/lasprimeras.com.do\/index.php\/2025\/11\/06\/fard-rinde-honor-a-la-patria-en-el-181-o-aniversario-de-la-constitucion-dominicana\/","url_meta":{"origin":129306,"position":2},"title":"FARD rinde honor a la Patria en el 181.\u00ba aniversario de la Constituci\u00f3n Dominicana","author":"Nelson Feliz","date":"6 de noviembre de 2025","format":false,"excerpt":"El presidente Luis Abinader presidi\u00f3 en la ciudad de San Crist\u00f3bal los actos conmemorativos del 181.\u00ba aniversario de la promulgaci\u00f3n de la Constituci\u00f3n Dominicana, documento que estableci\u00f3 las bases jur\u00eddicas y pol\u00edticas de la soberan\u00eda nacional el 6 de noviembre de 1844. Acompa\u00f1aron al jefe del Estado el ministro de\u2026","rel":"","context":"En \u00abMILITARES\u00bb","block_context":{"text":"MILITARES","link":"https:\/\/lasprimeras.com.do\/index.php\/category\/militares\/"},"img":{"alt_text":"","src":"https:\/\/i0.wp.com\/lasprimeras.com.do\/wp-content\/uploads\/2025\/11\/FARD.jpg?resize=350%2C200&ssl=1","width":350,"height":200,"srcset":"https:\/\/i0.wp.com\/lasprimeras.com.do\/wp-content\/uploads\/2025\/11\/FARD.jpg?resize=350%2C200&ssl=1 1x, https:\/\/i0.wp.com\/lasprimeras.com.do\/wp-content\/uploads\/2025\/11\/FARD.jpg?resize=525%2C300&ssl=1 1.5x, https:\/\/i0.wp.com\/lasprimeras.com.do\/wp-content\/uploads\/2025\/11\/FARD.jpg?resize=700%2C400&ssl=1 2x"},"classes":[]},{"id":124849,"url":"https:\/\/lasprimeras.com.do\/index.php\/2026\/03\/17\/ministro-de-defensa-y-embajadora-de-ee-uu-realizan-recorrido-por-la-zona-fronteriza-de-dajabon\/","url_meta":{"origin":129306,"position":3},"title":"Ministro de Defensa y embajadora de EE.UU. realizan recorrido por la zona fronteriza de Dajab\u00f3n","author":"Nelson Feliz","date":"17 de marzo de 2026","format":false,"excerpt":"El ministro de Defensa, teniente general Carlos Antonio Fern\u00e1ndez Onofre, realiz\u00f3 un recorrido estrat\u00e9gico por la zona fronteriza de Dajab\u00f3n junto a la embajadora de los Estados Unidos en la Rep\u00fablica Dominicana, quien estuvo acompa\u00f1ada de una comitiva oficial, con el prop\u00f3sito de conocer de primera mano la din\u00e1mica operativa\u2026","rel":"","context":"En \u00abMILITARES\u00bb","block_context":{"text":"MILITARES","link":"https:\/\/lasprimeras.com.do\/index.php\/category\/militares\/"},"img":{"alt_text":"zona fronteriza","src":"https:\/\/i0.wp.com\/lasprimeras.com.do\/wp-content\/uploads\/2026\/03\/zona-fronteriza-1.jpg?resize=350%2C200&ssl=1","width":350,"height":200,"srcset":"https:\/\/i0.wp.com\/lasprimeras.com.do\/wp-content\/uploads\/2026\/03\/zona-fronteriza-1.jpg?resize=350%2C200&ssl=1 1x, https:\/\/i0.wp.com\/lasprimeras.com.do\/wp-content\/uploads\/2026\/03\/zona-fronteriza-1.jpg?resize=525%2C300&ssl=1 1.5x, https:\/\/i0.wp.com\/lasprimeras.com.do\/wp-content\/uploads\/2026\/03\/zona-fronteriza-1.jpg?resize=700%2C400&ssl=1 2x"},"classes":[]},{"id":87726,"url":"https:\/\/lasprimeras.com.do\/index.php\/2024\/08\/16\/carlos-fernandez-onofre-es-designado-ministro-de-defensa-diaz-morfa-es-colocado-en-retiro\/","url_meta":{"origin":129306,"position":4},"title":"Carlos Fern\u00e1ndez Onofre es designado ministro de Defensa; D\u00edaz Morfa es colocado en retiro","author":"Nelson Feliz","date":"16 de agosto de 2024","format":false,"excerpt":"El presidente Luis Abinader ascendi\u00f3 este viernes a teniente general Carlos Antonio Fern\u00e1ndez Onofre y lo design\u00f3 como ministro de Defensa. El presidente Luis Abinader ascendi\u00f3 este viernes a teniente general a Carlos Antonio Fern\u00e1ndez Onofre y lo design\u00f3 como ministro de Defensa. El nuevo jefe de las fuerzas castrenses\u2026","rel":"","context":"En \u00abMILITARES\u00bb","block_context":{"text":"MILITARES","link":"https:\/\/lasprimeras.com.do\/index.php\/category\/militares\/"},"img":{"alt_text":"Carlos Antonio Fern\u00e1ndez Onofre y Carlos Luciano D\u00edaz Morfa","src":"https:\/\/i0.wp.com\/lasprimeras.com.do\/wp-content\/uploads\/2024\/08\/Carlos-Antonio-Fernandez-Onofre-y-Carlos-Luciano-Diaz-Morfa.jpeg?resize=350%2C200&ssl=1","width":350,"height":200,"srcset":"https:\/\/i0.wp.com\/lasprimeras.com.do\/wp-content\/uploads\/2024\/08\/Carlos-Antonio-Fernandez-Onofre-y-Carlos-Luciano-Diaz-Morfa.jpeg?resize=350%2C200&ssl=1 1x, https:\/\/i0.wp.com\/lasprimeras.com.do\/wp-content\/uploads\/2024\/08\/Carlos-Antonio-Fernandez-Onofre-y-Carlos-Luciano-Diaz-Morfa.jpeg?resize=525%2C300&ssl=1 1.5x"},"classes":[]},{"id":100435,"url":"https:\/\/lasprimeras.com.do\/index.php\/2025\/06\/06\/ministros-de-defensa-y-administrativo-de-la-presidencia-supervisan-construccion-de-mercados-en-la-frontera\/","url_meta":{"origin":129306,"position":5},"title":"Ministros de Defensa y Administrativo de la Presidencia supervisan construcci\u00f3n de mercados en la frontera","author":"Nelson Feliz","date":"6 de junio de 2025","format":false,"excerpt":"Los ministros de Defensa, teniente general Carlos Antonio Fern\u00e1ndez Onofre, y Administrativo de la Presidencia, Andr\u00e9s Bautista, realizaron una visita de supervisi\u00f3n a los proyectos de construcci\u00f3n de los nuevos mercados binacionales en las provincias de Pedernales, Independencia (Jiman\u00ed) y El\u00edas Pi\u00f1a, como parte de las acciones del Gobierno dominicano\u2026","rel":"","context":"En \u00abMILITARES\u00bb","block_context":{"text":"MILITARES","link":"https:\/\/lasprimeras.com.do\/index.php\/category\/militares\/"},"img":{"alt_text":"","src":"https:\/\/i0.wp.com\/lasprimeras.com.do\/wp-content\/uploads\/2025\/06\/ministros.jpg?resize=350%2C200&ssl=1","width":350,"height":200,"srcset":"https:\/\/i0.wp.com\/lasprimeras.com.do\/wp-content\/uploads\/2025\/06\/ministros.jpg?resize=350%2C200&ssl=1 1x, https:\/\/i0.wp.com\/lasprimeras.com.do\/wp-content\/uploads\/2025\/06\/ministros.jpg?resize=525%2C300&ssl=1 1.5x, https:\/\/i0.wp.com\/lasprimeras.com.do\/wp-content\/uploads\/2025\/06\/ministros.jpg?resize=700%2C400&ssl=1 2x"},"classes":[]}],"jetpack_sharing_enabled":true,"_links":{"self":[{"href":"https:\/\/lasprimeras.com.do\/index.php\/wp-json\/wp\/v2\/posts\/129306","targetHints":{"allow":["GET"]}}],"collection":[{"href":"https:\/\/lasprimeras.com.do\/index.php\/wp-json\/wp\/v2\/posts"}],"about":[{"href":"https:\/\/lasprimeras.com.do\/index.php\/wp-json\/wp\/v2\/types\/post"}],"author":[{"embeddable":true,"href":"https:\/\/lasprimeras.com.do\/index.php\/wp-json\/wp\/v2\/users\/10"}],"replies":[{"embeddable":true,"href":"https:\/\/lasprimeras.com.do\/index.php\/wp-json\/wp\/v2\/comments?post=129306"}],"version-history":[{"count":1,"href":"https:\/\/lasprimeras.com.do\/index.php\/wp-json\/wp\/v2\/posts\/129306\/revisions"}],"predecessor-version":[{"id":129308,"href":"https:\/\/lasprimeras.com.do\/index.php\/wp-json\/wp\/v2\/posts\/129306\/revisions\/129308"}],"wp:featuredmedia":[{"embeddable":true,"href":"https:\/\/lasprimeras.com.do\/index.php\/wp-json\/wp\/v2\/media\/129307"}],"wp:attachment":[{"href":"https:\/\/lasprimeras.com.do\/index.php\/wp-json\/wp\/v2\/media?parent=129306"}],"wp:term":[{"taxonomy":"category","embeddable":true,"href":"https:\/\/lasprimeras.com.do\/index.php\/wp-json\/wp\/v2\/categories?post=129306"},{"taxonomy":"post_tag","embeddable":true,"href":"https:\/\/lasprimeras.com.do\/index.php\/wp-json\/wp\/v2\/tags?post=129306"}],"curies":[{"name":"wp","href":"https:\/\/api.w.org\/{rel}","templated":true}]}}