{"id":129309,"date":"2026-05-01T22:06:37","date_gmt":"2026-05-02T02:06:37","guid":{"rendered":"https:\/\/lasprimeras.com.do\/?p=129309"},"modified":"2026-05-01T22:06:39","modified_gmt":"2026-05-02T02:06:39","slug":"felix-bautista-rechaza-explotacion-minera-en-san-juan","status":"publish","type":"post","link":"https:\/\/lasprimeras.com.do\/index.php\/2026\/05\/01\/felix-bautista-rechaza-explotacion-minera-en-san-juan\/","title":{"rendered":"F\u00e9lix Bautista rechaza explotaci\u00f3n minera en San Juan"},"content":{"rendered":"\n<p>El senador de San Juan de la Maguana, F\u00e9lix Bautista rechaz\u00f3 la explotaci\u00f3n minera en San Juan de la Maguana y propuso al Gobierno declarar a esta \u00faltima como \u00abdistrito energ\u00e9tico\u00bb, en lugar de distrito minero.<\/p>\n\n\n\n<p>Bautista, expres\u00f3 que el lugar donde se pretende realizar la explotaci\u00f3n minera es donde se encuentra la mayor producci\u00f3n de agua de la Cordillera Central, que alimenta las zonas norte y sur del pa\u00eds.<\/p>\n\n\n\n<p>\u201cDe ah\u00ed se alimentan las presas de Sabaneta, Palomino, Sabana Yegua y Monte Grande. Esas aguas se utilizan fundamentalmente para la producci\u00f3n agr\u00edcola, la generaci\u00f3n de energ\u00eda y el consumo humano, beneficiando a 770 mil habitantes, distribuidos en 46 municipios y 75 distritos municipales, en siete provincias de la regi\u00f3n del Valle y la regi\u00f3n Enriquillo\u201d, dijo.<\/p>\n\n\n\n<p>De acuerdo con el legislador, la explotaci\u00f3n de la mina Romero compromete seriamente los recursos acu\u00edferos de la zona por los residuos de materiales pesados que genera, como plomo, zinc, cobre, aceites y fluidos qu\u00edmicos, entre otros, que ser\u00edan vertidos aguas arriba de los embalses de las presas de Sabaneta, Palomino, Sabana Yegua y Monte Grande.<\/p>\n\n\n\n<p>El legislador de la Fuerza del Pueblo, F\u00e9lix Bautista, dijo que la explotaci\u00f3n de esa mina violar\u00eda la Constituci\u00f3n de la Rep\u00fablica en sus art\u00edculos 6, 15, 66 y 67 as\u00ed como las leyes 64-00 de Medio Ambiente y Recursos Naturales, de Energ\u00eda y Minas; de Ordenamiento Territorial, de Suelos y Asentamientos humanos y tambi\u00e9n la sentencia del Tribunal Constitucional 482-19.<\/p>\n","protected":false},"excerpt":{"rendered":"<p>El senador de San Juan de la Maguana, F\u00e9lix Bautista rechaz\u00f3 la explotaci\u00f3n minera en San Juan de la Maguana y propuso al Gobierno declarar a esta \u00faltima como \u00abdistrito&hellip;<\/p>\n","protected":false},"author":10,"featured_media":129310,"comment_status":"open","ping_status":"open","sticky":false,"template":"","format":"standard","meta":{"content-type":"","jetpack_post_was_ever_published":false,"_jetpack_newsletter_access":"","_jetpack_dont_email_post_to_subs":false,"_jetpack_newsletter_tier_id":0,"_jetpack_memberships_contains_paywalled_content":false,"_jetpack_memberships_contains_paid_content":false,"footnotes":""},"categories":[16559,25],"tags":[11669,2478,14937,618,3282,1101],"class_list":["post-129309","post","type-post","status-publish","format-standard","has-post-thumbnail","hentry","category-politica","category-portada","tag-explotacion","tag-felix-bautista","tag-minera","tag-san-juan","tag-san-juan-de-la-maguana","tag-senador"],"jetpack_featured_media_url":"https:\/\/lasprimeras.com.do\/wp-content\/uploads\/2026\/05\/Felix-Bautista.jpg","jetpack-related-posts":[{"id":129130,"url":"https:\/\/lasprimeras.com.do\/index.php\/2026\/04\/29\/geologo-osiris-de-leon-advierte-todo-tipo-de-proyecto-debe-ser-evaluados-en-base-medioambiental\/","url_meta":{"origin":129309,"position":0},"title":"Ge\u00f3logo Osiris de Le\u00f3n advierte todo tipo de proyecto debe ser evaluados en base medioambiental","author":"Nelson Feliz","date":"29 de abril de 2026","format":false,"excerpt":"De igual manera, sostuvo que cuando se discut\u00eda la Ley Ambiental en los a\u00f1os 90 algunas personas se opusieron a la misma A prop\u00f3sito de las protestas de ciudadanos de San Juan que rechazan la explotaci\u00f3n de la mina Romero, el ge\u00f3logo Osiris de Le\u00f3n manifest\u00f3 que todos los proyectos\u2026","rel":"","context":"En \u00abNACIONALES\u00bb","block_context":{"text":"NACIONALES","link":"https:\/\/lasprimeras.com.do\/index.php\/category\/nacionales\/"},"img":{"alt_text":"","src":"https:\/\/i0.wp.com\/lasprimeras.com.do\/wp-content\/uploads\/2025\/08\/Osiris-de-Leon.jpg?resize=350%2C200&ssl=1","width":350,"height":200,"srcset":"https:\/\/i0.wp.com\/lasprimeras.com.do\/wp-content\/uploads\/2025\/08\/Osiris-de-Leon.jpg?resize=350%2C200&ssl=1 1x, https:\/\/i0.wp.com\/lasprimeras.com.do\/wp-content\/uploads\/2025\/08\/Osiris-de-Leon.jpg?resize=525%2C300&ssl=1 1.5x, https:\/\/i0.wp.com\/lasprimeras.com.do\/wp-content\/uploads\/2025\/08\/Osiris-de-Leon.jpg?resize=700%2C400&ssl=1 2x"},"classes":[]},{"id":129263,"url":"https:\/\/lasprimeras.com.do\/index.php\/2026\/05\/01\/victor-terrero-llama-al-pueblo-a-sumarse-a-la-movilizacion-contra-la-explotacion-minera-en-san-juan\/","url_meta":{"origin":129309,"position":1},"title":"V\u00edctor Terrero llama al pueblo a sumarse a la movilizaci\u00f3n contra la explotaci\u00f3n minera en San Juan","author":"Nelson Feliz","date":"1 de mayo de 2026","format":false,"excerpt":"BARAHONA-El miembro del Comit\u00e9 Central del Partido de la Liberaci\u00f3n Dominicana (PLD), doctor V\u00edctor Manuel Terrero, manifest\u00f3 hoy su firme rechazo a los estudios t\u00e9cnicos que la empresa Gold Quest Mining pretende ejecutar en la provincia de San Juan, advirtiendo sobre las consecuencias irreversibles de la megaminer\u00eda en la zona.\u2026","rel":"","context":"En \u00abPOLITICA\u00bb","block_context":{"text":"POLITICA","link":"https:\/\/lasprimeras.com.do\/index.php\/category\/politica\/"},"img":{"alt_text":"V\u00edctor Manuel Terrero","src":"https:\/\/i0.wp.com\/lasprimeras.com.do\/wp-content\/uploads\/2024\/04\/Victor-Manuel-Terrero.jpg?resize=350%2C200&ssl=1","width":350,"height":200,"srcset":"https:\/\/i0.wp.com\/lasprimeras.com.do\/wp-content\/uploads\/2024\/04\/Victor-Manuel-Terrero.jpg?resize=350%2C200&ssl=1 1x, https:\/\/i0.wp.com\/lasprimeras.com.do\/wp-content\/uploads\/2024\/04\/Victor-Manuel-Terrero.jpg?resize=525%2C300&ssl=1 1.5x"},"classes":[]},{"id":129206,"url":"https:\/\/lasprimeras.com.do\/index.php\/2026\/04\/30\/hipolito-mejia-favorece-realizacion-de-estudios-tecnicos-del-proyecto-minero-romero\/","url_meta":{"origin":129309,"position":2},"title":"Hip\u00f3lito Mej\u00eda favorece realizaci\u00f3n de estudios t\u00e9cnicos del proyecto minero Romero","author":"Nelson Feliz","date":"30 de abril de 2026","format":false,"excerpt":"Hip\u00f3lito Mej\u00eda","rel":"","context":"En \u00abPOLITICA\u00bb","block_context":{"text":"POLITICA","link":"https:\/\/lasprimeras.com.do\/index.php\/category\/politica\/"},"img":{"alt_text":"","src":"https:\/\/i0.wp.com\/lasprimeras.com.do\/wp-content\/uploads\/2026\/04\/IMG-20260430-WA0627.jpg?resize=350%2C200&ssl=1","width":350,"height":200,"srcset":"https:\/\/i0.wp.com\/lasprimeras.com.do\/wp-content\/uploads\/2026\/04\/IMG-20260430-WA0627.jpg?resize=350%2C200&ssl=1 1x, https:\/\/i0.wp.com\/lasprimeras.com.do\/wp-content\/uploads\/2026\/04\/IMG-20260430-WA0627.jpg?resize=525%2C300&ssl=1 1.5x"},"classes":[]},{"id":129026,"url":"https:\/\/lasprimeras.com.do\/index.php\/2026\/04\/28\/goldquest-ocho-anos-de-negocios-ponen-en-riesgo-agua-y-alimentacion-nacional\/","url_meta":{"origin":129309,"position":3},"title":"Goldquest: ocho a\u00f1os de negocios ponen en riesgo agua y alimentaci\u00f3n nacional","author":"Nelson Feliz","date":"28 de abril de 2026","format":false,"excerpt":"El proyecto Romero de Goldquest Mining Corp. en San Juan plantea riesgos para el agua, la agricultura y la seguridad alimentaria de Rep\u00fablica Dominicana. Por Melvinson Alm\u00e1nzar En San Juan de la Maguana no se discute \u00fanicamente un proyecto minero. Se discute, en t\u00e9rminos reales, el modelo de desarrollo de\u2026","rel":"","context":"En \u00abOPINI\u00d3N\u00bb","block_context":{"text":"OPINI\u00d3N","link":"https:\/\/lasprimeras.com.do\/index.php\/category\/opinion\/"},"img":{"alt_text":"","src":"https:\/\/i0.wp.com\/lasprimeras.com.do\/wp-content\/uploads\/2026\/04\/Melvinson-Almanzar.jpg?resize=350%2C200&ssl=1","width":350,"height":200,"srcset":"https:\/\/i0.wp.com\/lasprimeras.com.do\/wp-content\/uploads\/2026\/04\/Melvinson-Almanzar.jpg?resize=350%2C200&ssl=1 1x, https:\/\/i0.wp.com\/lasprimeras.com.do\/wp-content\/uploads\/2026\/04\/Melvinson-Almanzar.jpg?resize=525%2C300&ssl=1 1.5x, https:\/\/i0.wp.com\/lasprimeras.com.do\/wp-content\/uploads\/2026\/04\/Melvinson-Almanzar.jpg?resize=700%2C400&ssl=1 2x, https:\/\/i0.wp.com\/lasprimeras.com.do\/wp-content\/uploads\/2026\/04\/Melvinson-Almanzar.jpg?resize=1050%2C600&ssl=1 3x, https:\/\/i0.wp.com\/lasprimeras.com.do\/wp-content\/uploads\/2026\/04\/Melvinson-Almanzar.jpg?resize=1400%2C800&ssl=1 4x"},"classes":[]},{"id":128701,"url":"https:\/\/lasprimeras.com.do\/index.php\/2026\/04\/25\/mauro-pina-valor-innegociable-de-los-recursos-naturales\/","url_meta":{"origin":129309,"position":4},"title":"Mauro Pi\u00f1a: Valor innegociable de los recursos naturales","author":"Nelson Feliz","date":"25 de abril de 2026","format":false,"excerpt":"Mauro Pi\u00f1a, Presidente del PLD en San Juan, reiter\u00f3 que esa organizaci\u00f3n ha sido consistente en defender un modelo de desarrollo basado en la sostenibilidad. El Partido de la Liberaci\u00f3n Dominicana (PLD) en San Juan reafirm\u00f3 su posici\u00f3n de defensa absoluta de los recursos naturales estrat\u00e9gicos, respeto irrestricto al marco\u2026","rel":"","context":"En \u00abPOLITICA\u00bb","block_context":{"text":"POLITICA","link":"https:\/\/lasprimeras.com.do\/index.php\/category\/politica\/"},"img":{"alt_text":"Mauro Pi\u00f1a","src":"https:\/\/i0.wp.com\/lasprimeras.com.do\/wp-content\/uploads\/2026\/04\/mauro-pina.jpg?resize=350%2C200&ssl=1","width":350,"height":200,"srcset":"https:\/\/i0.wp.com\/lasprimeras.com.do\/wp-content\/uploads\/2026\/04\/mauro-pina.jpg?resize=350%2C200&ssl=1 1x, https:\/\/i0.wp.com\/lasprimeras.com.do\/wp-content\/uploads\/2026\/04\/mauro-pina.jpg?resize=525%2C300&ssl=1 1.5x, https:\/\/i0.wp.com\/lasprimeras.com.do\/wp-content\/uploads\/2026\/04\/mauro-pina.jpg?resize=700%2C400&ssl=1 2x"},"classes":[]},{"id":129233,"url":"https:\/\/lasprimeras.com.do\/index.php\/2026\/04\/30\/opcion-democratica-respalda-movilizacion-en-sjm-en-defensa-del-agua-frente-a-proyecto-minero\/","url_meta":{"origin":129309,"position":5},"title":"Opci\u00f3n Democr\u00e1tica respalda movilizaci\u00f3n en SJM en defensa del agua frente a proyecto minero","author":"Nelson Feliz","date":"30 de abril de 2026","format":false,"excerpt":"El partido anunci\u00f3 que participar\u00e1 en la marcha convocada para este domingo en la provincia en defensa del agua y los recursos naturales de la zona El partido Opci\u00f3n Democr\u00e1tica (OD), a trav\u00e9s de su dirigente, la excandidata presidencial, Virginia Antares; expres\u00f3 este jueves su respaldo a las luchas sociales\u2026","rel":"","context":"En \u00abPOLITICA\u00bb","block_context":{"text":"POLITICA","link":"https:\/\/lasprimeras.com.do\/index.php\/category\/politica\/"},"img":{"alt_text":"Virginia Antares","src":"https:\/\/i0.wp.com\/lasprimeras.com.do\/wp-content\/uploads\/2026\/04\/Virginia-Antares.jpg?resize=350%2C200&ssl=1","width":350,"height":200,"srcset":"https:\/\/i0.wp.com\/lasprimeras.com.do\/wp-content\/uploads\/2026\/04\/Virginia-Antares.jpg?resize=350%2C200&ssl=1 1x, https:\/\/i0.wp.com\/lasprimeras.com.do\/wp-content\/uploads\/2026\/04\/Virginia-Antares.jpg?resize=525%2C300&ssl=1 1.5x, https:\/\/i0.wp.com\/lasprimeras.com.do\/wp-content\/uploads\/2026\/04\/Virginia-Antares.jpg?resize=700%2C400&ssl=1 2x"},"classes":[]}],"jetpack_sharing_enabled":true,"_links":{"self":[{"href":"https:\/\/lasprimeras.com.do\/index.php\/wp-json\/wp\/v2\/posts\/129309","targetHints":{"allow":["GET"]}}],"collection":[{"href":"https:\/\/lasprimeras.com.do\/index.php\/wp-json\/wp\/v2\/posts"}],"about":[{"href":"https:\/\/lasprimeras.com.do\/index.php\/wp-json\/wp\/v2\/types\/post"}],"author":[{"embeddable":true,"href":"https:\/\/lasprimeras.com.do\/index.php\/wp-json\/wp\/v2\/users\/10"}],"replies":[{"embeddable":true,"href":"https:\/\/lasprimeras.com.do\/index.php\/wp-json\/wp\/v2\/comments?post=129309"}],"version-history":[{"count":1,"href":"https:\/\/lasprimeras.com.do\/index.php\/wp-json\/wp\/v2\/posts\/129309\/revisions"}],"predecessor-version":[{"id":129311,"href":"https:\/\/lasprimeras.com.do\/index.php\/wp-json\/wp\/v2\/posts\/129309\/revisions\/129311"}],"wp:featuredmedia":[{"embeddable":true,"href":"https:\/\/lasprimeras.com.do\/index.php\/wp-json\/wp\/v2\/media\/129310"}],"wp:attachment":[{"href":"https:\/\/lasprimeras.com.do\/index.php\/wp-json\/wp\/v2\/media?parent=129309"}],"wp:term":[{"taxonomy":"category","embeddable":true,"href":"https:\/\/lasprimeras.com.do\/index.php\/wp-json\/wp\/v2\/categories?post=129309"},{"taxonomy":"post_tag","embeddable":true,"href":"https:\/\/lasprimeras.com.do\/index.php\/wp-json\/wp\/v2\/tags?post=129309"}],"curies":[{"name":"wp","href":"https:\/\/api.w.org\/{rel}","templated":true}]}}