{"id":129312,"date":"2026-05-01T22:25:33","date_gmt":"2026-05-02T02:25:33","guid":{"rendered":"https:\/\/lasprimeras.com.do\/?p=129312"},"modified":"2026-05-01T22:25:34","modified_gmt":"2026-05-02T02:25:34","slug":"ministerio-de-justicia-representa-a-la-comjib-durante-iv-encuentro-anual-de-copolad","status":"publish","type":"post","link":"https:\/\/lasprimeras.com.do\/index.php\/2026\/05\/01\/ministerio-de-justicia-representa-a-la-comjib-durante-iv-encuentro-anual-de-copolad\/","title":{"rendered":"Ministerio de Justicia representa a la COMJIB durante IV Encuentro Anual de COPOLAD"},"content":{"rendered":"\n<p>El Ministerio de Justicia de la Rep\u00fablica Dominicana particip\u00f3 en representaci\u00f3n de la Conferencia de Ministros de Justicia de los Pa\u00edses Iberoamericanos (COMJIB) durante el IV Encuentro Anual de \u201cCOPOLAD\u201d, celebrado los d\u00edas 28 y 29 de abril en Punta Cana, Rep\u00fablica Dominicana.<\/p>\n\n\n\n<p>\u201cCOPOLAD\u201d es el Programa de Cooperaci\u00f3n entre Am\u00e9rica Latina y la Uni\u00f3n Europea en materia de pol\u00edticas de lucha contra la droga.<\/p>\n\n\n\n<p>La intervenci\u00f3n del Ministerio de Justicia estuvo a cargo del viceministro de Derechos Humanos del Ministerio de Justicia, Noel Sued Canahuate, quien abord\u00f3 el tema sobre los est\u00e1ndares iberoamericanos de pol\u00edtica criminal y penitenciaria en la sesi\u00f3n titulada &#8220;Humanizaci\u00f3n de la Justicia Penal&#8221;.<\/p>\n\n\n\n<p>El panel fue moderado por Olivier Luyckx, jefe de unidad de Programas Pa\u00eds para Am\u00e9rica Latina y el Caribe de la Comisi\u00f3n Europea.<\/p>\n\n\n\n<p>Tambi\u00e9n participaron los expertos internacionales Marcos J. Parera, representante de la Secretar\u00eda T\u00e9cnica de la Red de Tr\u00e1fico y Trata de Personas; Margarida Rego, jefa de unidad en el ICAD de Portugal; y Beatriz L\u00f3pez, consultora experta de COPOLAD.<\/p>\n\n\n\n<p>A la par de las sesiones plenarias, el viceministro Sued Canahuate y Olivier Luyckx, de la Comisi\u00f3n Europea, sostuvieron un encuentro bilateral, junto a representantes de COPOLAD, con el prop\u00f3sito de identificar posibles puntos de cooperaci\u00f3n internacional en beneficio del Ministerio de Justicia.<\/p>\n\n\n\n<p>Durante el desarrollo del evento participaron otras autoridades dominicanas como la ministra de Interior y Polic\u00eda, Faride Raful; el viceministro de Seguridad Interior, Edwin Feliz; el presidente del Consejo Nacional de Drogas, Alejandro Abreu; el presidente de la DNCD, vicealmirante Cabrera Ulloa; y la embajadora dominicana ante B\u00e9lgica, Joan Margarita Cedano.<\/p>\n","protected":false},"excerpt":{"rendered":"<p>El Ministerio de Justicia de la Rep\u00fablica Dominicana particip\u00f3 en representaci\u00f3n de la Conferencia de Ministros de Justicia de los Pa\u00edses Iberoamericanos (COMJIB) durante el IV Encuentro Anual de \u201cCOPOLAD\u201d,&hellip;<\/p>\n","protected":false},"author":10,"featured_media":129313,"comment_status":"open","ping_status":"open","sticky":false,"template":"","format":"standard","meta":{"content-type":"","jetpack_post_was_ever_published":false,"_jetpack_newsletter_access":"","_jetpack_dont_email_post_to_subs":false,"_jetpack_newsletter_tier_id":0,"_jetpack_memberships_contains_paywalled_content":false,"_jetpack_memberships_contains_paid_content":false,"footnotes":""},"categories":[289],"tags":[32897,32899,32898,20269,1226],"class_list":["post-129312","post","type-post","status-publish","format-standard","has-post-thumbnail","hentry","category-justicia","tag-comjib","tag-copolad","tag-iv-encuentro-anual","tag-ministerio-de-justicia","tag-republica-dominicana"],"jetpack_featured_media_url":"https:\/\/lasprimeras.com.do\/wp-content\/uploads\/2026\/05\/Ministerio-de-Justicia.jpg","jetpack-related-posts":[{"id":56279,"url":"https:\/\/lasprimeras.com.do\/index.php\/2023\/07\/30\/venezuela-presento-avances-en-materia-de-dd-hh-y-acceso-a-la-justicia\/","url_meta":{"origin":129312,"position":0},"title":"Venezuela present\u00f3 avances en materia de DD.HH. y acceso a la justicia","author":"Nelson Feliz","date":"30 de julio de 2023","format":false,"excerpt":"Luego de 6 a\u00f1os de ausencia, Venezuela pudo dar a conocer ante la plenaria de Fiscales Generales de toda Iberoam\u00e9rica, el proceso de avances en materia de justicia y atenci\u00f3n del Ministerio P\u00fablico venezolano, gesti\u00f3n que va enfocada en varios aspectos de la poblaci\u00f3n y en aspectos fundamentales. As\u00ed lo\u2026","rel":"","context":"En \u00abNACIONALES\u00bb","block_context":{"text":"NACIONALES","link":"https:\/\/lasprimeras.com.do\/index.php\/category\/nacionales\/"},"img":{"alt_text":"Tarek Williams Saab","src":"https:\/\/i0.wp.com\/lasprimeras.com.do\/wp-content\/uploads\/2023\/07\/Tarek-Williams-Saab-1.jpg?resize=350%2C200&ssl=1","width":350,"height":200,"srcset":"https:\/\/i0.wp.com\/lasprimeras.com.do\/wp-content\/uploads\/2023\/07\/Tarek-Williams-Saab-1.jpg?resize=350%2C200&ssl=1 1x, https:\/\/i0.wp.com\/lasprimeras.com.do\/wp-content\/uploads\/2023\/07\/Tarek-Williams-Saab-1.jpg?resize=525%2C300&ssl=1 1.5x, https:\/\/i0.wp.com\/lasprimeras.com.do\/wp-content\/uploads\/2023\/07\/Tarek-Williams-Saab-1.jpg?resize=700%2C400&ssl=1 2x"},"classes":[]},{"id":112753,"url":"https:\/\/lasprimeras.com.do\/index.php\/2025\/10\/27\/magistrada-eunisis-vasquez-participa-en-congreso-internacional-sobre-el-estado-de-derecho-celebrado-en-madrid\/","url_meta":{"origin":129312,"position":1},"title":"Magistrada Eunisis V\u00e1squez participa en Congreso Internacional sobre el Estado de Derecho celebrado en Madrid","author":"Nelson Feliz","date":"27 de octubre de 2025","format":false,"excerpt":"Madrid, Espa\u00f1a.\u2013 La jueza segunda sustituta del Presidente del Tribunal Constitucional de la Rep\u00fablica Dominicana, magistrada Eunisis V\u00e1squez Acosta, particip\u00f3 como ponente en el Congreso Internacional \u201cRule of Law and the New Challenges for the Judiciary\u201d, celebrado los d\u00edas 23 y 24 de octubre de 2025 en la Universidad Rey\u2026","rel":"","context":"En \u00abLA VOZ DE LA DIASPORA\u00bb","block_context":{"text":"LA VOZ DE LA DIASPORA","link":"https:\/\/lasprimeras.com.do\/index.php\/category\/la-voz-de-la-diaspora\/"},"img":{"alt_text":"","src":"https:\/\/i0.wp.com\/lasprimeras.com.do\/wp-content\/uploads\/2025\/10\/Eunisis-Vasquez-1.jpeg?resize=350%2C200&ssl=1","width":350,"height":200,"srcset":"https:\/\/i0.wp.com\/lasprimeras.com.do\/wp-content\/uploads\/2025\/10\/Eunisis-Vasquez-1.jpeg?resize=350%2C200&ssl=1 1x, https:\/\/i0.wp.com\/lasprimeras.com.do\/wp-content\/uploads\/2025\/10\/Eunisis-Vasquez-1.jpeg?resize=525%2C300&ssl=1 1.5x, https:\/\/i0.wp.com\/lasprimeras.com.do\/wp-content\/uploads\/2025\/10\/Eunisis-Vasquez-1.jpeg?resize=700%2C400&ssl=1 2x, https:\/\/i0.wp.com\/lasprimeras.com.do\/wp-content\/uploads\/2025\/10\/Eunisis-Vasquez-1.jpeg?resize=1050%2C600&ssl=1 3x, https:\/\/i0.wp.com\/lasprimeras.com.do\/wp-content\/uploads\/2025\/10\/Eunisis-Vasquez-1.jpeg?resize=1400%2C800&ssl=1 4x"},"classes":[]},{"id":124957,"url":"https:\/\/lasprimeras.com.do\/index.php\/2026\/03\/18\/antoliano-peralta-en-conferencia-sobre-ministerio-de-justicia\/","url_meta":{"origin":129312,"position":2},"title":"Antoliano Peralta en conferencia sobre Ministerio de Justicia","author":"Nelson Feliz","date":"18 de marzo de 2026","format":false,"excerpt":"El ministro de Justicia, Antoniano Peralta, disertar\u00e1 como orador invitado a la conferencia \u201cEl Ministerio de Justicia\u00a0en el marco de la administraci\u00f3n p\u00fablica dominicana\u201d. Esta conferencia la auspicia la Fundaci\u00f3n Dominicana Debate Global PI y la Universidad Cat\u00f3lica Santo Domingo (UCSD). La actividad acad\u00e9mica tendr\u00e1 lugar el pr\u00f3ximo viernes 20\u2026","rel":"","context":"En \u00abNACIONALES\u00bb","block_context":{"text":"NACIONALES","link":"https:\/\/lasprimeras.com.do\/index.php\/category\/nacionales\/"},"img":{"alt_text":"","src":"https:\/\/i0.wp.com\/lasprimeras.com.do\/wp-content\/uploads\/2026\/03\/IMG-20260318-WA0267.jpg?resize=350%2C200&ssl=1","width":350,"height":200,"srcset":"https:\/\/i0.wp.com\/lasprimeras.com.do\/wp-content\/uploads\/2026\/03\/IMG-20260318-WA0267.jpg?resize=350%2C200&ssl=1 1x, https:\/\/i0.wp.com\/lasprimeras.com.do\/wp-content\/uploads\/2026\/03\/IMG-20260318-WA0267.jpg?resize=525%2C300&ssl=1 1.5x, https:\/\/i0.wp.com\/lasprimeras.com.do\/wp-content\/uploads\/2026\/03\/IMG-20260318-WA0267.jpg?resize=700%2C400&ssl=1 2x, https:\/\/i0.wp.com\/lasprimeras.com.do\/wp-content\/uploads\/2026\/03\/IMG-20260318-WA0267.jpg?resize=1050%2C600&ssl=1 3x, https:\/\/i0.wp.com\/lasprimeras.com.do\/wp-content\/uploads\/2026\/03\/IMG-20260318-WA0267.jpg?resize=1400%2C800&ssl=1 4x"},"classes":[]},{"id":51287,"url":"https:\/\/lasprimeras.com.do\/index.php\/2023\/05\/30\/abogado-propone-modificar-la-constitucion-para-crear-el-ministerio-de-justicia\/","url_meta":{"origin":129312,"position":3},"title":"Abogado propone modificar la Constitucion para crear el Ministerio de Justicia","author":"prenxa100","date":"30 de mayo de 2023","format":false,"excerpt":"Santo Domingo, RD.- El abogado V\u00edctor Turb\u00ed, plante\u00f3 que es obligatorio modificar la Constituci\u00f3n Dominicana para la creaci\u00f3n del Ministerio de Justicia en la Rep\u00fablica Dominicana. Asegur\u00f3 que dicha reforma constitucional para la implementacion del Ministerio de Justicia iniciar\u00eda, entre otros articulados, con la modificaci\u00f3n al 169 de la Carta\u2026","rel":"","context":"En \u00abNACIONALES\u00bb","block_context":{"text":"NACIONALES","link":"https:\/\/lasprimeras.com.do\/index.php\/category\/nacionales\/"},"img":{"alt_text":"","src":"","width":0,"height":0},"classes":[]},{"id":98988,"url":"https:\/\/lasprimeras.com.do\/index.php\/2025\/05\/15\/abinader-resalta-transformacion-del-poder-judicial\/","url_meta":{"origin":129312,"position":4},"title":"Abinader resalta transformaci\u00f3n del Poder Judicial","author":"Nelson Feliz","date":"15 de mayo de 2025","format":false,"excerpt":"Dice RD consolida una justicia moderna, independiente, transparente y digitalizada. Asiste a acto inaugural XXII Cumbre Judicial Iberoamericana en la que pa\u00edses persiguen justicia m\u00e1s eficiente, inclusiva y confiable. La Rep\u00fablica Dominicana afianza cada d\u00eda su compromiso con el fortalecimiento de la justicia para hacerla m\u00e1s eficiente, inclusiva y confiable.\u2026","rel":"","context":"En \u00abNACIONALES\u00bb","block_context":{"text":"NACIONALES","link":"https:\/\/lasprimeras.com.do\/index.php\/category\/nacionales\/"},"img":{"alt_text":"","src":"https:\/\/i0.wp.com\/lasprimeras.com.do\/wp-content\/uploads\/2025\/05\/cumbre-1.jpg?resize=350%2C200&ssl=1","width":350,"height":200,"srcset":"https:\/\/i0.wp.com\/lasprimeras.com.do\/wp-content\/uploads\/2025\/05\/cumbre-1.jpg?resize=350%2C200&ssl=1 1x, https:\/\/i0.wp.com\/lasprimeras.com.do\/wp-content\/uploads\/2025\/05\/cumbre-1.jpg?resize=525%2C300&ssl=1 1.5x, https:\/\/i0.wp.com\/lasprimeras.com.do\/wp-content\/uploads\/2025\/05\/cumbre-1.jpg?resize=700%2C400&ssl=1 2x"},"classes":[]},{"id":99056,"url":"https:\/\/lasprimeras.com.do\/index.php\/2025\/05\/16\/abinader-recibe-la-declaracion-de-santo-domingo-tras-culminar-la-xxii-cumbre-judicial-iberoamericana\/","url_meta":{"origin":129312,"position":5},"title":"Abinader recibe la Declaraci\u00f3n de Santo Domingo tras culminar la XXII Cumbre Judicial Iberoamericana","author":"Nelson Feliz","date":"16 de mayo de 2025","format":false,"excerpt":"Mandatario recibe en Palacio a representantes de los poderes judiciales de pa\u00edses participantes. El presidente Luis Abinader recibi\u00f3 este viernes la Declaraci\u00f3n de Santo Domingo, al cierre de la XXII Cumbre Judicial Iberoamericana, en la que 23 pa\u00edses reafirmaron su compromiso con una justicia m\u00e1s independiente, accesible y centrada en\u2026","rel":"","context":"En \u00abNACIONALES\u00bb","block_context":{"text":"NACIONALES","link":"https:\/\/lasprimeras.com.do\/index.php\/category\/nacionales\/"},"img":{"alt_text":"","src":"https:\/\/i0.wp.com\/lasprimeras.com.do\/wp-content\/uploads\/2025\/05\/Luis-Abinader-2-1.jpg?resize=350%2C200&ssl=1","width":350,"height":200,"srcset":"https:\/\/i0.wp.com\/lasprimeras.com.do\/wp-content\/uploads\/2025\/05\/Luis-Abinader-2-1.jpg?resize=350%2C200&ssl=1 1x, https:\/\/i0.wp.com\/lasprimeras.com.do\/wp-content\/uploads\/2025\/05\/Luis-Abinader-2-1.jpg?resize=525%2C300&ssl=1 1.5x, https:\/\/i0.wp.com\/lasprimeras.com.do\/wp-content\/uploads\/2025\/05\/Luis-Abinader-2-1.jpg?resize=700%2C400&ssl=1 2x"},"classes":[]}],"jetpack_sharing_enabled":true,"_links":{"self":[{"href":"https:\/\/lasprimeras.com.do\/index.php\/wp-json\/wp\/v2\/posts\/129312","targetHints":{"allow":["GET"]}}],"collection":[{"href":"https:\/\/lasprimeras.com.do\/index.php\/wp-json\/wp\/v2\/posts"}],"about":[{"href":"https:\/\/lasprimeras.com.do\/index.php\/wp-json\/wp\/v2\/types\/post"}],"author":[{"embeddable":true,"href":"https:\/\/lasprimeras.com.do\/index.php\/wp-json\/wp\/v2\/users\/10"}],"replies":[{"embeddable":true,"href":"https:\/\/lasprimeras.com.do\/index.php\/wp-json\/wp\/v2\/comments?post=129312"}],"version-history":[{"count":1,"href":"https:\/\/lasprimeras.com.do\/index.php\/wp-json\/wp\/v2\/posts\/129312\/revisions"}],"predecessor-version":[{"id":129314,"href":"https:\/\/lasprimeras.com.do\/index.php\/wp-json\/wp\/v2\/posts\/129312\/revisions\/129314"}],"wp:featuredmedia":[{"embeddable":true,"href":"https:\/\/lasprimeras.com.do\/index.php\/wp-json\/wp\/v2\/media\/129313"}],"wp:attachment":[{"href":"https:\/\/lasprimeras.com.do\/index.php\/wp-json\/wp\/v2\/media?parent=129312"}],"wp:term":[{"taxonomy":"category","embeddable":true,"href":"https:\/\/lasprimeras.com.do\/index.php\/wp-json\/wp\/v2\/categories?post=129312"},{"taxonomy":"post_tag","embeddable":true,"href":"https:\/\/lasprimeras.com.do\/index.php\/wp-json\/wp\/v2\/tags?post=129312"}],"curies":[{"name":"wp","href":"https:\/\/api.w.org\/{rel}","templated":true}]}}