{"id":129315,"date":"2026-05-01T22:35:47","date_gmt":"2026-05-02T02:35:47","guid":{"rendered":"https:\/\/lasprimeras.com.do\/?p=129315"},"modified":"2026-05-01T22:35:49","modified_gmt":"2026-05-02T02:35:49","slug":"centro-cultural-banreservas-santiago-celebra-el-dia-internacional-del-jazz","status":"publish","type":"post","link":"https:\/\/lasprimeras.com.do\/index.php\/2026\/05\/01\/centro-cultural-banreservas-santiago-celebra-el-dia-internacional-del-jazz\/","title":{"rendered":"Centro Cultural Banreservas Santiago celebra el &#8220;D\u00eda Internacional del Jazz&#8221;"},"content":{"rendered":"\n<p>El Centro Cultural Banreservas Santiago fue escenario de una vibrante \u201cDescarga de Jazz\u201d, celebrada en conmemoraci\u00f3n del D\u00eda Internacional del Jazz, con la que reafirma su compromiso con la promoci\u00f3n del arte y la cultura en la regi\u00f3n norte del pa\u00eds.<\/p>\n\n\n\n<p>La iniciativa forma parte del respaldo continuo del Banco de Reservas de la Rep\u00fablica Dominicana, encabezado por su presidente ejecutivo, doctor Leonardo Aguilera, quien ha impulsado la creaci\u00f3n de espacios culturales para el desarrollo y la proyecci\u00f3n del talento nacional en todas sus manifestaciones art\u00edsticas.<\/p>\n\n\n<div class=\"wp-block-image\">\n<figure class=\"alignright size-large is-resized\"><img decoding=\"async\" width=\"682\" height=\"1024\" src=\"https:\/\/lasprimeras.com.do\/wp-content\/uploads\/2026\/05\/Jazz-solo-682x1024.jpg\" alt=\"\" class=\"wp-image-129317\" style=\"width:316px;height:auto\" srcset=\"https:\/\/lasprimeras.com.do\/wp-content\/uploads\/2026\/05\/Jazz-solo-682x1024.jpg 682w, https:\/\/lasprimeras.com.do\/wp-content\/uploads\/2026\/05\/Jazz-solo-200x300.jpg 200w, https:\/\/lasprimeras.com.do\/wp-content\/uploads\/2026\/05\/Jazz-solo-768x1152.jpg 768w, https:\/\/lasprimeras.com.do\/wp-content\/uploads\/2026\/05\/Jazz-solo.jpg 853w\" sizes=\"(max-width: 682px) 100vw, 682px\" \/><\/figure>\n<\/div>\n\n\n<p>El espect\u00e1culo estuvo a cargo del destacado maestro Rafelito Mirabal, quien, junto a una prestigiosa agrupaci\u00f3n de m\u00fasicos, ofreci\u00f3 una noche cargada de virtuosismo, improvisaci\u00f3n y sensibilidad musical.<\/p>\n\n\n\n<p>La banda estuvo integrada por reconocidos instrumentistas como Cuqui Mora, en el bajo; Patricio Bonilla, en el tromb\u00f3n; Cuk\u00edn Curiel y Ren\u00e9 Su\u00e1rez, en la percusi\u00f3n; Guy Fr\u00f3meta, en la bater\u00eda, e Iv\u00e1n Mirabal, en la guitarra.<\/p>\n\n\n\n<p>Asimismo, se sumaron al escenario Alex Jacquem\u00e9n y Juan Francisco Ord\u00f3\u00f1ez, en las guitarras; Ingrid Best, en la voz, y Denis Belyakov, en el saxof\u00f3n, logrando una fusi\u00f3n sonora que cautiv\u00f3 al p\u00fablico con interpretaciones de alto nivel.<\/p>\n\n\n\n<p><strong>Fomento al talento art\u00edstico<\/strong><\/p>\n\n\n\n<p>Al dar la bienvenida, Gladialisa Pereyra, gerente del Centro Cultural Banreservas en Santiago, destac\u00f3 el inter\u00e9s de la instituci\u00f3n en fomentar y respaldar el talento art\u00edstico dominicano, mediante la creaci\u00f3n de plataformas que permitan su visibilidad y crecimiento.<\/p>\n\n\n\n<p>Subray\u00f3 que este tipo de eventos fortalece la identidad cultural y acerca a la comunidad a expresiones musicales de gran valor, como el jazz, g\u00e9nero que promueve la creatividad y el di\u00e1logo art\u00edstico.<\/p>\n\n\n\n<p>De su lado, el maestro Rafelito Mirabal expres\u00f3 su satisfacci\u00f3n por compartir su m\u00fasica con el p\u00fablico amante del jazz, resaltando la importancia de contar con escenarios como este, que propician el encuentro entre artistas y audiencias que valoran la calidad musical.<\/p>\n\n\n\n<figure class=\"wp-block-image size-full\"><img decoding=\"async\" width=\"1000\" height=\"666\" src=\"https:\/\/lasprimeras.com.do\/wp-content\/uploads\/2026\/05\/Publico-1.jpg\" alt=\"\" class=\"wp-image-129318\" srcset=\"https:\/\/lasprimeras.com.do\/wp-content\/uploads\/2026\/05\/Publico-1.jpg 1000w, https:\/\/lasprimeras.com.do\/wp-content\/uploads\/2026\/05\/Publico-1-300x200.jpg 300w, https:\/\/lasprimeras.com.do\/wp-content\/uploads\/2026\/05\/Publico-1-768x511.jpg 768w\" sizes=\"(max-width: 1000px) 100vw, 1000px\" \/><\/figure>\n\n\n\n<p><strong>Versatilidad y talento<\/strong><\/p>\n\n\n\n<p>La velada transcurri\u00f3 en un ambiente \u00edntimo y acogedor, donde los asistentes disfrutaron de un repertorio que combin\u00f3 composiciones originales y est\u00e1ndares del jazz, evidenciando la versatilidad y el talento de los m\u00fasicos.<\/p>\n\n\n\n<p>Con este tipo de iniciativas, el Centro Cultural Banreservas Santiago contin\u00faa consolid\u00e1ndose como un referente cultural en la regi\u00f3n, promoviendo actividades que enriquecen el panorama art\u00edstico y fortalecen el v\u00ednculo entre el arte y la sociedad.<\/p>\n","protected":false},"excerpt":{"rendered":"<p>El Centro Cultural Banreservas Santiago fue escenario de una vibrante \u201cDescarga de Jazz\u201d, celebrada en conmemoraci\u00f3n del D\u00eda Internacional del Jazz, con la que reafirma su compromiso con la promoci\u00f3n&hellip;<\/p>\n","protected":false},"author":10,"featured_media":129316,"comment_status":"open","ping_status":"open","sticky":false,"template":"","format":"standard","meta":{"content-type":"","jetpack_post_was_ever_published":false,"_jetpack_newsletter_access":"","_jetpack_dont_email_post_to_subs":false,"_jetpack_newsletter_tier_id":0,"_jetpack_memberships_contains_paywalled_content":false,"_jetpack_memberships_contains_paid_content":false,"footnotes":""},"categories":[84,25],"tags":[726,1304,743,644,32900,32901,6796,1049],"class_list":["post-129315","post","type-post","status-publish","format-standard","has-post-thumbnail","hentry","category-entretenimiento","category-portada","tag-banreservas","tag-celebra","tag-centro","tag-cultural","tag-descarga-de-jazz","tag-dia-internacional-del-jazz","tag-magistral","tag-santiago"],"jetpack_featured_media_url":"https:\/\/lasprimeras.com.do\/wp-content\/uploads\/2026\/05\/Jazz-1.jpg","jetpack-related-posts":[{"id":124759,"url":"https:\/\/lasprimeras.com.do\/index.php\/2026\/03\/16\/centro-cultural-banreservas-santiago-presentara-concierto-con-patricia-pereyra\/","url_meta":{"origin":129315,"position":0},"title":"Centro Cultural Banreservas Santiago presentar\u00e1 concierto con Patricia Pereyra","author":"Nelson Feliz","date":"16 de marzo de 2026","format":false,"excerpt":"El Centro Cultural Banreservas Santiago anunci\u00f3 la presentaci\u00f3n del concierto \u201cPat Pereyra & banda\u201d, una velada musical que reunir\u00e1 a destacados m\u00fasicos dominicanos bajo la voz de una de las int\u00e9rpretes m\u00e1s singulares del jazz y el blues en el pa\u00eds. El espect\u00e1culo se realizar\u00e1 el viernes 20 de marzo,\u2026","rel":"","context":"En \u00abENTRETENIMIENTO\u00bb","block_context":{"text":"ENTRETENIMIENTO","link":"https:\/\/lasprimeras.com.do\/index.php\/category\/entretenimiento\/"},"img":{"alt_text":"","src":"https:\/\/i0.wp.com\/lasprimeras.com.do\/wp-content\/uploads\/2026\/03\/Patricia-Pereyra-1.jpg?resize=350%2C200&ssl=1","width":350,"height":200,"srcset":"https:\/\/i0.wp.com\/lasprimeras.com.do\/wp-content\/uploads\/2026\/03\/Patricia-Pereyra-1.jpg?resize=350%2C200&ssl=1 1x, https:\/\/i0.wp.com\/lasprimeras.com.do\/wp-content\/uploads\/2026\/03\/Patricia-Pereyra-1.jpg?resize=525%2C300&ssl=1 1.5x, https:\/\/i0.wp.com\/lasprimeras.com.do\/wp-content\/uploads\/2026\/03\/Patricia-Pereyra-1.jpg?resize=700%2C400&ssl=1 2x"},"classes":[]},{"id":108326,"url":"https:\/\/lasprimeras.com.do\/index.php\/2025\/09\/04\/anuncian-ganadores-del-premio-banreservas-de-relatos-dedicados-al-merengue\/","url_meta":{"origin":129315,"position":1},"title":"Anuncian ganadores del Premio Banreservas de Relatos dedicados al merengue","author":"Nelson Feliz","date":"4 de septiembre de 2025","format":false,"excerpt":"Con los trabajos ganadores se editar\u00e1 un libro de cuentos que circular\u00e1 en la XXVII Feria Internacional del Libro Santo Domingo 2025. El Centro Cultural Banreservas, en coordinaci\u00f3n con Luna Insomne Editores y la Fundaci\u00f3n Cultural Lado B, anunci\u00f3 los ganadores de la segunda versi\u00f3n del\u201cPremio Banreservas de Relatos\u201d, en\u2026","rel":"","context":"En \u00abENTRETENIMIENTO\u00bb","block_context":{"text":"ENTRETENIMIENTO","link":"https:\/\/lasprimeras.com.do\/index.php\/category\/entretenimiento\/"},"img":{"alt_text":"","src":"https:\/\/i0.wp.com\/lasprimeras.com.do\/wp-content\/uploads\/2025\/09\/LIBRO.jpg?resize=350%2C200&ssl=1","width":350,"height":200,"srcset":"https:\/\/i0.wp.com\/lasprimeras.com.do\/wp-content\/uploads\/2025\/09\/LIBRO.jpg?resize=350%2C200&ssl=1 1x, https:\/\/i0.wp.com\/lasprimeras.com.do\/wp-content\/uploads\/2025\/09\/LIBRO.jpg?resize=525%2C300&ssl=1 1.5x, https:\/\/i0.wp.com\/lasprimeras.com.do\/wp-content\/uploads\/2025\/09\/LIBRO.jpg?resize=700%2C400&ssl=1 2x"},"classes":[]},{"id":128533,"url":"https:\/\/lasprimeras.com.do\/index.php\/2026\/04\/24\/centro-cultural-banreservas-convoca-al-premio-de-relatos-con-bachata-2026\/","url_meta":{"origin":129315,"position":2},"title":"Centro Cultural Banreservas convoca al Premio de Relatos con Bachata 2026","author":"Nelson Feliz","date":"24 de abril de 2026","format":false,"excerpt":"Feria Regional del Libro del Cibao El Centro Cultural Banreservas, en el marco de la Feria Regional del Libro y la Cultura del Cibao, convoca a la edici\u00f3n 2026 del Premio de Relatos Banreservas, que este a\u00f1o estar\u00e1 dedicada a la bachata. El Premio Banreservas de Relatos, organizado en alianza\u2026","rel":"","context":"En \u00abECONOM\u00cdA\u00bb","block_context":{"text":"ECONOM\u00cdA","link":"https:\/\/lasprimeras.com.do\/index.php\/category\/economia\/"},"img":{"alt_text":"","src":"https:\/\/i0.wp.com\/lasprimeras.com.do\/wp-content\/uploads\/2026\/04\/IMG-20260424-WA0310-scaled.jpg?resize=350%2C200&ssl=1","width":350,"height":200,"srcset":"https:\/\/i0.wp.com\/lasprimeras.com.do\/wp-content\/uploads\/2026\/04\/IMG-20260424-WA0310-scaled.jpg?resize=350%2C200&ssl=1 1x, https:\/\/i0.wp.com\/lasprimeras.com.do\/wp-content\/uploads\/2026\/04\/IMG-20260424-WA0310-scaled.jpg?resize=525%2C300&ssl=1 1.5x, https:\/\/i0.wp.com\/lasprimeras.com.do\/wp-content\/uploads\/2026\/04\/IMG-20260424-WA0310-scaled.jpg?resize=700%2C400&ssl=1 2x, https:\/\/i0.wp.com\/lasprimeras.com.do\/wp-content\/uploads\/2026\/04\/IMG-20260424-WA0310-scaled.jpg?resize=1050%2C600&ssl=1 3x, https:\/\/i0.wp.com\/lasprimeras.com.do\/wp-content\/uploads\/2026\/04\/IMG-20260424-WA0310-scaled.jpg?resize=1400%2C800&ssl=1 4x"},"classes":[]},{"id":116319,"url":"https:\/\/lasprimeras.com.do\/index.php\/2025\/11\/30\/banreservas-inaugura-centro-cultural-en-el-antiguo-hotel-mercedes-de-santiago\/","url_meta":{"origin":129315,"position":3},"title":"Banreservas inaugura Centro Cultural en el antiguo Hotel Mercedes de Santiago","author":"Nelson Feliz","date":"30 de noviembre de 2025","format":false,"excerpt":"El doctor Leonardo Aguilera destaca que el renovado edificio, m\u00e1s que un espacio f\u00edsico, es un faro de cultura y creatividad que se proyectar\u00e1 por generaciones. El Banco de Reservas inaugur\u00f3 el Centro Cultural que funcionar\u00e1 en las restauradas instalaciones del emblem\u00e1tico Hotel Mercedes. La ceremonia fue encabezada por el\u2026","rel":"","context":"En \u00abECONOM\u00cdA\u00bb","block_context":{"text":"ECONOM\u00cdA","link":"https:\/\/lasprimeras.com.do\/index.php\/category\/economia\/"},"img":{"alt_text":"","src":"https:\/\/i0.wp.com\/lasprimeras.com.do\/wp-content\/uploads\/2025\/11\/reservas-1-1.jpg?resize=350%2C200&ssl=1","width":350,"height":200,"srcset":"https:\/\/i0.wp.com\/lasprimeras.com.do\/wp-content\/uploads\/2025\/11\/reservas-1-1.jpg?resize=350%2C200&ssl=1 1x, https:\/\/i0.wp.com\/lasprimeras.com.do\/wp-content\/uploads\/2025\/11\/reservas-1-1.jpg?resize=525%2C300&ssl=1 1.5x, https:\/\/i0.wp.com\/lasprimeras.com.do\/wp-content\/uploads\/2025\/11\/reservas-1-1.jpg?resize=700%2C400&ssl=1 2x"},"classes":[]},{"id":123641,"url":"https:\/\/lasprimeras.com.do\/index.php\/2026\/03\/03\/michel-camilo-ofrece-concierto-en-berlin-para-celebrar-la-independencia-dominicana\/","url_meta":{"origin":129315,"position":4},"title":"Michel Camilo ofrece concierto en Berl\u00edn para celebrar la Independencia Dominicana","author":"Nelson Feliz","date":"3 de marzo de 2026","format":false,"excerpt":"La velada cultural, organizada por la Embajada de la Rep\u00fablica Dominicana en Alemania y patrocinada por Banreservas, reuni\u00f3 a m\u00e1s de 400 asistentes en la capital alemana Berl\u00edn, Alemania.\u2013 El reconocido pianista y compositor dominicano Michel Camilo ofreci\u00f3 un emotivo concierto en la capital alemana ante m\u00e1s de 400 asistentes,\u2026","rel":"","context":"En \u00abENTRETENIMIENTO\u00bb","block_context":{"text":"ENTRETENIMIENTO","link":"https:\/\/lasprimeras.com.do\/index.php\/category\/entretenimiento\/"},"img":{"alt_text":"","src":"https:\/\/i0.wp.com\/lasprimeras.com.do\/wp-content\/uploads\/2026\/03\/MICHAEL-CAMILO.jpg?resize=350%2C200&ssl=1","width":350,"height":200,"srcset":"https:\/\/i0.wp.com\/lasprimeras.com.do\/wp-content\/uploads\/2026\/03\/MICHAEL-CAMILO.jpg?resize=350%2C200&ssl=1 1x, https:\/\/i0.wp.com\/lasprimeras.com.do\/wp-content\/uploads\/2026\/03\/MICHAEL-CAMILO.jpg?resize=525%2C300&ssl=1 1.5x, https:\/\/i0.wp.com\/lasprimeras.com.do\/wp-content\/uploads\/2026\/03\/MICHAEL-CAMILO.jpg?resize=700%2C400&ssl=1 2x"},"classes":[]},{"id":116957,"url":"https:\/\/lasprimeras.com.do\/index.php\/2025\/12\/06\/centro-cultural-banreservas-santiago-inaugura-sus-primeras-exposiciones-con-obras-de-domingo-batista-y-artistas-cibaenos\/","url_meta":{"origin":129315,"position":5},"title":"Centro Cultural Banreservas Santiago inaugura sus primeras exposiciones con obras de Domingo Batista y artistas cibae\u00f1os","author":"Nelson Feliz","date":"6 de diciembre de 2025","format":false,"excerpt":"Las muestras est\u00e1n abiertas al p\u00fablico desde el 4 de diciembre hasta el mes de marzo y re\u00fanen diversas t\u00e9cnicas y formatos visuales. El Centro Cultural Banreservas Santiago inaugur\u00f3 sus primeras exposiciones: \u201cCaminos de luz, caminos de tierra\u201d, del maestro fot\u00f3grafo Domingo Batista; y \u201cCibae\u00f1os en la Colecci\u00f3n de Artes\u2026","rel":"","context":"En \u00abENTRETENIMIENTO\u00bb","block_context":{"text":"ENTRETENIMIENTO","link":"https:\/\/lasprimeras.com.do\/index.php\/category\/entretenimiento\/"},"img":{"alt_text":"","src":"https:\/\/i0.wp.com\/lasprimeras.com.do\/wp-content\/uploads\/2025\/12\/una.jpg?resize=350%2C200&ssl=1","width":350,"height":200,"srcset":"https:\/\/i0.wp.com\/lasprimeras.com.do\/wp-content\/uploads\/2025\/12\/una.jpg?resize=350%2C200&ssl=1 1x, https:\/\/i0.wp.com\/lasprimeras.com.do\/wp-content\/uploads\/2025\/12\/una.jpg?resize=525%2C300&ssl=1 1.5x, https:\/\/i0.wp.com\/lasprimeras.com.do\/wp-content\/uploads\/2025\/12\/una.jpg?resize=700%2C400&ssl=1 2x"},"classes":[]}],"jetpack_sharing_enabled":true,"_links":{"self":[{"href":"https:\/\/lasprimeras.com.do\/index.php\/wp-json\/wp\/v2\/posts\/129315","targetHints":{"allow":["GET"]}}],"collection":[{"href":"https:\/\/lasprimeras.com.do\/index.php\/wp-json\/wp\/v2\/posts"}],"about":[{"href":"https:\/\/lasprimeras.com.do\/index.php\/wp-json\/wp\/v2\/types\/post"}],"author":[{"embeddable":true,"href":"https:\/\/lasprimeras.com.do\/index.php\/wp-json\/wp\/v2\/users\/10"}],"replies":[{"embeddable":true,"href":"https:\/\/lasprimeras.com.do\/index.php\/wp-json\/wp\/v2\/comments?post=129315"}],"version-history":[{"count":1,"href":"https:\/\/lasprimeras.com.do\/index.php\/wp-json\/wp\/v2\/posts\/129315\/revisions"}],"predecessor-version":[{"id":129319,"href":"https:\/\/lasprimeras.com.do\/index.php\/wp-json\/wp\/v2\/posts\/129315\/revisions\/129319"}],"wp:featuredmedia":[{"embeddable":true,"href":"https:\/\/lasprimeras.com.do\/index.php\/wp-json\/wp\/v2\/media\/129316"}],"wp:attachment":[{"href":"https:\/\/lasprimeras.com.do\/index.php\/wp-json\/wp\/v2\/media?parent=129315"}],"wp:term":[{"taxonomy":"category","embeddable":true,"href":"https:\/\/lasprimeras.com.do\/index.php\/wp-json\/wp\/v2\/categories?post=129315"},{"taxonomy":"post_tag","embeddable":true,"href":"https:\/\/lasprimeras.com.do\/index.php\/wp-json\/wp\/v2\/tags?post=129315"}],"curies":[{"name":"wp","href":"https:\/\/api.w.org\/{rel}","templated":true}]}}