{"id":129327,"date":"2026-05-01T23:24:22","date_gmt":"2026-05-02T03:24:22","guid":{"rendered":"https:\/\/lasprimeras.com.do\/?p=129327"},"modified":"2026-05-01T23:24:24","modified_gmt":"2026-05-02T03:24:24","slug":"senador-carlos-gomez-insta-al-prm-a-ejecutar-consenso-en-la-provincia-espaillat","status":"publish","type":"post","link":"https:\/\/lasprimeras.com.do\/index.php\/2026\/05\/01\/senador-carlos-gomez-insta-al-prm-a-ejecutar-consenso-en-la-provincia-espaillat\/","title":{"rendered":"Senador Carlos G\u00f3mez insta al PRM a ejecutar consenso en la provincia Espaillat"},"content":{"rendered":"\n<p>El senador de la provincia Espaillat, Carlos Manuel G\u00f3mez Ure\u00f1a, remiti\u00f3 recientemente una correspondencia oficial dirigida a la Comisi\u00f3n Nacional de Consenso del Partido Revolucionario Moderno (PRM).<\/p>\n\n\n\n<p>En dicha misiva, el legislador manifest\u00f3 su profunda inquietud ante la notable demora en la aplicaci\u00f3n de los convenios establecidos para la estructuraci\u00f3n de la dirigencia partidista en su demarcaci\u00f3n.<\/p>\n\n\n\n<p>Esta comunicaci\u00f3n, enviada directamente al Lic. Andr\u00e9s Batista Garc\u00eda en su calidad de titular de la referida comisi\u00f3n, enfatiza la necesidad de cumplir con lo pactado previamente.<\/p>\n\n\n\n<p>El congresista record\u00f3 que estos acuerdos son el fruto de un di\u00e1logo constante con los liderazgos pol\u00edticos tanto de la provincia como del municipio de Moca.<\/p>\n\n\n\n<p>Durante estos encuentros previos, se determin\u00f3 de manera un\u00e1nime que el equilibrio debe ser el principio fundamental y el eje rector de todos los procesos internos.<\/p>\n\n\n\n<p>Para el legislador, el respeto a este valor es lo que garantiza la armon\u00eda entre las distintas corrientes que convergen en la organizaci\u00f3n oficialista.<\/p>\n\n\n\n<p>De acuerdo con lo estipulado en las mesas de trabajo, la integraci\u00f3n de los mandos provinciales, municipales y de zonas debe fundamentarse en una repartici\u00f3n de paridad absoluta. Esto implica, espec\u00edficamente, otorgar un 50 % de participaci\u00f3n a cada sector involucrado, asegurando una representaci\u00f3n justa para todas las partes.<\/p>\n\n\n\n<p>G\u00f3mez Ure\u00f1a resalt\u00f3 que tales pactos no son arbitrarios, sino que tienen como fin primordial asegurar la imparcialidad y la claridad administrativa. Todo esto se realiza siguiendo estrictamente las pautas fijadas en el segundo bolet\u00edn difundido por la alta direcci\u00f3n de la entidad pol\u00edtica.<\/p>\n\n\n\n<p>No obstante, el senador advirti\u00f3 con preocupaci\u00f3n que, al d\u00eda de hoy, las labores de ejecuci\u00f3n para materializar este consenso permanecen inactivas. Seg\u00fan sus declaraciones, resulta incomprensible que, tras haber llegado a un entendimiento com\u00fan, no se haya iniciado el cronograma de trabajo correspondiente.<\/p>\n\n\n\n<p>&#8220;Es motivo de una genuina preocupaci\u00f3n que las tareas para operativizar dicho consenso no hayan arrancado a\u00fan&#8221;, se\u00f1ala el texto suscrito por el legislador. En el mismo sentido, lament\u00f3 la ausencia de una explicaci\u00f3n precisa o una notificaci\u00f3n formal por parte de los organismos competentes que sustenten esta pasividad.<\/p>\n\n\n\n<p>El portavoz de Espaillat ante el Senado alert\u00f3 que esta interrupci\u00f3n no es un tema menor, ya que perjudica directamente la agenda organizativa de la agrupaci\u00f3n. Una par\u00e1lisis en la toma de decisiones internas detiene el avance de los planes estrat\u00e9gicos que el partido tiene proyectados para la regi\u00f3n.<\/p>\n\n\n\n<p>Asimismo, G\u00f3mez Ure\u00f1a subray\u00f3 que esta falta de acci\u00f3n compromete la certidumbre y la estabilidad jur\u00eddica que deben regir en cualquier escenario de concertaci\u00f3n democr\u00e1tica. Para el legislador, el incumplimiento de lo acordado debilita la confianza de la militancia en las instituciones internas del partido.<\/p>\n\n\n\n<p>El senador invoc\u00f3 adem\u00e1s a los valores de integridad y rectitud, exhortando a la Comisi\u00f3n Nacional de Consenso a instruir el comienzo inmediato de las actividades acordadas. Su petici\u00f3n concluye con un llamado a respetar rigurosamente los t\u00e9rminos fijados para salvaguardar la unidad y el \u00e9xito del PRM en la provincia.<\/p>\n\n\n\n<figure class=\"wp-block-image size-large\"><img decoding=\"async\" width=\"602\" height=\"1024\" src=\"https:\/\/lasprimeras.com.do\/wp-content\/uploads\/2026\/05\/WhatsApp-Image-2026-05-01-at-4.48.20-PM-602x1024.jpeg\" alt=\"\" class=\"wp-image-129329\" srcset=\"https:\/\/lasprimeras.com.do\/wp-content\/uploads\/2026\/05\/WhatsApp-Image-2026-05-01-at-4.48.20-PM-602x1024.jpeg 602w, https:\/\/lasprimeras.com.do\/wp-content\/uploads\/2026\/05\/WhatsApp-Image-2026-05-01-at-4.48.20-PM-176x300.jpeg 176w, https:\/\/lasprimeras.com.do\/wp-content\/uploads\/2026\/05\/WhatsApp-Image-2026-05-01-at-4.48.20-PM.jpeg 720w\" sizes=\"(max-width: 602px) 100vw, 602px\" \/><\/figure>\n\n\n\n<figure class=\"wp-block-image size-large\"><img decoding=\"async\" width=\"602\" height=\"1024\" src=\"https:\/\/lasprimeras.com.do\/wp-content\/uploads\/2026\/05\/WhatsApp-Image-2026-05-01-at-4.48.21-PM-602x1024.jpeg\" alt=\"\" class=\"wp-image-129330\" srcset=\"https:\/\/lasprimeras.com.do\/wp-content\/uploads\/2026\/05\/WhatsApp-Image-2026-05-01-at-4.48.21-PM-602x1024.jpeg 602w, https:\/\/lasprimeras.com.do\/wp-content\/uploads\/2026\/05\/WhatsApp-Image-2026-05-01-at-4.48.21-PM-176x300.jpeg 176w, https:\/\/lasprimeras.com.do\/wp-content\/uploads\/2026\/05\/WhatsApp-Image-2026-05-01-at-4.48.21-PM.jpeg 720w\" sizes=\"(max-width: 602px) 100vw, 602px\" \/><\/figure>\n","protected":false},"excerpt":{"rendered":"<p>El senador de la provincia Espaillat, Carlos Manuel G\u00f3mez Ure\u00f1a, remiti\u00f3 recientemente una correspondencia oficial dirigida a la Comisi\u00f3n Nacional de Consenso del Partido Revolucionario Moderno (PRM). En dicha misiva,&hellip;<\/p>\n","protected":false},"author":10,"featured_media":129328,"comment_status":"open","ping_status":"open","sticky":false,"template":"","format":"standard","meta":{"content-type":"","jetpack_post_was_ever_published":false,"_jetpack_newsletter_access":"","_jetpack_dont_email_post_to_subs":false,"_jetpack_newsletter_tier_id":0,"_jetpack_memberships_contains_paywalled_content":false,"_jetpack_memberships_contains_paid_content":false,"footnotes":""},"categories":[16559],"tags":[3787,3037,32902,8292,31,805,1101],"class_list":["post-129327","post","type-post","status-publish","format-standard","has-post-thumbnail","hentry","category-politica","tag-carlos-gomez","tag-consenso","tag-ejecutar","tag-espaillat","tag-prm","tag-provincia","tag-senador"],"jetpack_featured_media_url":"https:\/\/lasprimeras.com.do\/wp-content\/uploads\/2026\/05\/Carlos-Gomez-1.jpg","jetpack-related-posts":[{"id":105585,"url":"https:\/\/lasprimeras.com.do\/index.php\/2025\/08\/05\/el-senador-carlos-gomez-impulsa-el-desarrollo-emprendedor-en-moca\/","url_meta":{"origin":129327,"position":0},"title":"El Senador Carlos G\u00f3mez impulsa el desarrollo emprendedor en Moca","author":"Nelson Feliz","date":"5 de agosto de 2025","format":false,"excerpt":"Promipyme entrega RD$100 millones en cr\u00e9ditos a 400 microempresarios en la provincia Espaillat. Por: Nicolas Grull\u00f3n Ubi\u00f1as El Consejo Nacional de Promoci\u00f3n y Apoyo a la Micro, Peque\u00f1a y Mediana Empresa (Promipyme) en coordinaci\u00f3n con el senador Carlos G\u00f3mez encabez\u00f3 el acto de entrega de RD$100 millones en pr\u00e9stamos a\u2026","rel":"","context":"En \u00abECONOM\u00cdA\u00bb","block_context":{"text":"ECONOM\u00cdA","link":"https:\/\/lasprimeras.com.do\/index.php\/category\/economia\/"},"img":{"alt_text":"","src":"https:\/\/i0.wp.com\/lasprimeras.com.do\/wp-content\/uploads\/2025\/08\/Carlos-Gomez.jpg?resize=350%2C200&ssl=1","width":350,"height":200,"srcset":"https:\/\/i0.wp.com\/lasprimeras.com.do\/wp-content\/uploads\/2025\/08\/Carlos-Gomez.jpg?resize=350%2C200&ssl=1 1x, https:\/\/i0.wp.com\/lasprimeras.com.do\/wp-content\/uploads\/2025\/08\/Carlos-Gomez.jpg?resize=525%2C300&ssl=1 1.5x, https:\/\/i0.wp.com\/lasprimeras.com.do\/wp-content\/uploads\/2025\/08\/Carlos-Gomez.jpg?resize=700%2C400&ssl=1 2x"},"classes":[]},{"id":125807,"url":"https:\/\/lasprimeras.com.do\/index.php\/2026\/03\/26\/senador-carlos-gomez-destaca-construccion-del-puente-de-batey-ginebra\/","url_meta":{"origin":129327,"position":1},"title":"Senador Carlos G\u00f3mez destaca construcci\u00f3n del puente de Batey Ginebra","author":"Nelson Feliz","date":"26 de marzo de 2026","format":false,"excerpt":"El senador de la provincia Espaillat, Carlos G\u00f3mez, particip\u00f3 en una jornada de inclusi\u00f3n social desarrollada en el municipio de Gaspar Hern\u00e1ndez, iniciativa organizada por el Gabinete de Pol\u00edticas Sociales del Gobierno y encabezada por la coordinadora de dicha entidad, Geanilda V\u00e1squez. Durante su participaci\u00f3n, el legislador destac\u00f3 la importancia\u2026","rel":"","context":"En \u00abNACIONALES\u00bb","block_context":{"text":"NACIONALES","link":"https:\/\/lasprimeras.com.do\/index.php\/category\/nacionales\/"},"img":{"alt_text":"","src":"https:\/\/i0.wp.com\/lasprimeras.com.do\/wp-content\/uploads\/2026\/03\/IMG-20260321-WA0740.jpg?resize=350%2C200&ssl=1","width":350,"height":200,"srcset":"https:\/\/i0.wp.com\/lasprimeras.com.do\/wp-content\/uploads\/2026\/03\/IMG-20260321-WA0740.jpg?resize=350%2C200&ssl=1 1x, https:\/\/i0.wp.com\/lasprimeras.com.do\/wp-content\/uploads\/2026\/03\/IMG-20260321-WA0740.jpg?resize=525%2C300&ssl=1 1.5x, https:\/\/i0.wp.com\/lasprimeras.com.do\/wp-content\/uploads\/2026\/03\/IMG-20260321-WA0740.jpg?resize=700%2C400&ssl=1 2x, https:\/\/i0.wp.com\/lasprimeras.com.do\/wp-content\/uploads\/2026\/03\/IMG-20260321-WA0740.jpg?resize=1050%2C600&ssl=1 3x, https:\/\/i0.wp.com\/lasprimeras.com.do\/wp-content\/uploads\/2026\/03\/IMG-20260321-WA0740.jpg?resize=1400%2C800&ssl=1 4x"},"classes":[]},{"id":123095,"url":"https:\/\/lasprimeras.com.do\/index.php\/2026\/02\/25\/carlos-gomez-presenta-en-moca-la-nueva-franquicia-heroes-de-moca-equipo-que-representara-a-espaillat-en-la-lnb\/","url_meta":{"origin":129327,"position":2},"title":"Carlos G\u00f3mez presenta en Moca la nueva franquicia \u201cH\u00e9roes de Moca\u201d, equipo que representar\u00e1 a Espaillat en la LNB","author":"Nelson Feliz","date":"25 de febrero de 2026","format":false,"excerpt":"Por: Nicol\u00e1s Grull\u00f3n Ubinas El empresario y pol\u00edtico Carlos G\u00f3mez present\u00f3 oficialmente en Moca la nueva franquicia de la Liga Nacional de Baloncesto (LNB), denominada H\u00e9roes de Moca, equipo que representar\u00e1 con orgullo a la provincia Espaillat en el principal escenario del baloncesto profesional dominicano. Durante la rueda de prensa\u2026","rel":"","context":"En \u00abDEPORTES\u00bb","block_context":{"text":"DEPORTES","link":"https:\/\/lasprimeras.com.do\/index.php\/category\/deportes\/"},"img":{"alt_text":"","src":"https:\/\/i0.wp.com\/lasprimeras.com.do\/wp-content\/uploads\/2026\/02\/Carlos-Gomez.jpg?resize=350%2C200&ssl=1","width":350,"height":200,"srcset":"https:\/\/i0.wp.com\/lasprimeras.com.do\/wp-content\/uploads\/2026\/02\/Carlos-Gomez.jpg?resize=350%2C200&ssl=1 1x, https:\/\/i0.wp.com\/lasprimeras.com.do\/wp-content\/uploads\/2026\/02\/Carlos-Gomez.jpg?resize=525%2C300&ssl=1 1.5x, https:\/\/i0.wp.com\/lasprimeras.com.do\/wp-content\/uploads\/2026\/02\/Carlos-Gomez.jpg?resize=700%2C400&ssl=1 2x"},"classes":[]},{"id":53120,"url":"https:\/\/lasprimeras.com.do\/index.php\/2023\/06\/23\/senador-carlos-gomez-resalta-impacto-programaturismo-en-cada-rinconen-moca\/","url_meta":{"origin":129327,"position":3},"title":"Senador Carlos G\u00f3mez resalta impacto programa\u201cTurismo en Cada Rinc\u00f3n\u201den Moca","author":"Nelson Feliz","date":"23 de junio de 2023","format":false,"excerpt":"El senador de la provincia Espaillat, Carlos G\u00f3mez resalt\u00f3 el impacto que tuvo la activaci\u00f3n de \u201cTurismo en cada Rinc\u00f3n\u201d, programa que impulsa el turismo interno de cara al mercado local por medio de la promoci\u00f3n de la cultura, gastronom\u00eda, artesan\u00eda, ecoturismo y la oferta comunitaria complementaria. Carlos G\u00f3mez, destac\u00f3\u2026","rel":"","context":"En \u00abTURISMO\u00bb","block_context":{"text":"TURISMO","link":"https:\/\/lasprimeras.com.do\/index.php\/category\/turismo\/"},"img":{"alt_text":"Carlos G\u00f3mez","src":"https:\/\/i0.wp.com\/lasprimeras.com.do\/wp-content\/uploads\/2023\/06\/Carlos-Gomez.jpg?resize=350%2C200&ssl=1","width":350,"height":200,"srcset":"https:\/\/i0.wp.com\/lasprimeras.com.do\/wp-content\/uploads\/2023\/06\/Carlos-Gomez.jpg?resize=350%2C200&ssl=1 1x, https:\/\/i0.wp.com\/lasprimeras.com.do\/wp-content\/uploads\/2023\/06\/Carlos-Gomez.jpg?resize=525%2C300&ssl=1 1.5x, https:\/\/i0.wp.com\/lasprimeras.com.do\/wp-content\/uploads\/2023\/06\/Carlos-Gomez.jpg?resize=700%2C400&ssl=1 2x"},"classes":[]},{"id":98210,"url":"https:\/\/lasprimeras.com.do\/index.php\/2025\/05\/03\/senado-aprueba-en-sesion-extraordinaria-en-provincia-espaillat\/","url_meta":{"origin":129327,"position":4},"title":"Senado aprueba en sesi\u00f3n extraordinaria en provincia Espaillat","author":"Nelson Feliz","date":"3 de mayo de 2025","format":false,"excerpt":"Respalda proyecto que modifica Ley 137-03 sobre Trafico Il\u00edcito de Migrantes y Trata de Personas. En sesi\u00f3n extraordinaria celebrada en la provincia Espaillat, el Senado de la Rep\u00fablica aprob\u00f3 en primera lectura el proyecto de ley que modifica la Ley 137-03, sobre Trafico Ilicito de Migrantes y Trata de Personas,\u2026","rel":"","context":"En \u00abNACIONALES\u00bb","block_context":{"text":"NACIONALES","link":"https:\/\/lasprimeras.com.do\/index.php\/category\/nacionales\/"},"img":{"alt_text":"","src":"https:\/\/i0.wp.com\/lasprimeras.com.do\/wp-content\/uploads\/2025\/05\/senado-2.jpg?resize=350%2C200&ssl=1","width":350,"height":200,"srcset":"https:\/\/i0.wp.com\/lasprimeras.com.do\/wp-content\/uploads\/2025\/05\/senado-2.jpg?resize=350%2C200&ssl=1 1x, https:\/\/i0.wp.com\/lasprimeras.com.do\/wp-content\/uploads\/2025\/05\/senado-2.jpg?resize=525%2C300&ssl=1 1.5x"},"classes":[]},{"id":120241,"url":"https:\/\/lasprimeras.com.do\/index.php\/2026\/01\/21\/carlos-gomez-anuncia-llegada-de-franquicia-de-baloncesto-profesional-a-moca-desde-2026\/","url_meta":{"origin":129327,"position":5},"title":"Carlos G\u00f3mez anuncia llegada de franquicia de baloncesto profesional a Moca desde 2026","author":"Nelson Feliz","date":"21 de enero de 2026","format":false,"excerpt":"Por Nicol\u00e1s Grull\u00f3n Ubinas Carlos G\u00f3mez expres\u00f3 su m\u00e1s sincero agradecimiento y satisfacci\u00f3n al confirmar que, luego de un largo proceso de gesti\u00f3n, esfuerzo y perseverancia Moca contar\u00e1 con una franquicia de baloncesto profesional a partir de la temporada 2026, marcando un hecho hist\u00f3rico para la provincia Espaillat. El anuncio\u2026","rel":"","context":"En \u00abDEPORTES\u00bb","block_context":{"text":"DEPORTES","link":"https:\/\/lasprimeras.com.do\/index.php\/category\/deportes\/"},"img":{"alt_text":"Carlos G\u00f3mez","src":"https:\/\/i0.wp.com\/lasprimeras.com.do\/wp-content\/uploads\/2026\/01\/Carlos-Gomez.jpg?resize=350%2C200&ssl=1","width":350,"height":200,"srcset":"https:\/\/i0.wp.com\/lasprimeras.com.do\/wp-content\/uploads\/2026\/01\/Carlos-Gomez.jpg?resize=350%2C200&ssl=1 1x, https:\/\/i0.wp.com\/lasprimeras.com.do\/wp-content\/uploads\/2026\/01\/Carlos-Gomez.jpg?resize=525%2C300&ssl=1 1.5x, https:\/\/i0.wp.com\/lasprimeras.com.do\/wp-content\/uploads\/2026\/01\/Carlos-Gomez.jpg?resize=700%2C400&ssl=1 2x"},"classes":[]}],"jetpack_sharing_enabled":true,"_links":{"self":[{"href":"https:\/\/lasprimeras.com.do\/index.php\/wp-json\/wp\/v2\/posts\/129327","targetHints":{"allow":["GET"]}}],"collection":[{"href":"https:\/\/lasprimeras.com.do\/index.php\/wp-json\/wp\/v2\/posts"}],"about":[{"href":"https:\/\/lasprimeras.com.do\/index.php\/wp-json\/wp\/v2\/types\/post"}],"author":[{"embeddable":true,"href":"https:\/\/lasprimeras.com.do\/index.php\/wp-json\/wp\/v2\/users\/10"}],"replies":[{"embeddable":true,"href":"https:\/\/lasprimeras.com.do\/index.php\/wp-json\/wp\/v2\/comments?post=129327"}],"version-history":[{"count":1,"href":"https:\/\/lasprimeras.com.do\/index.php\/wp-json\/wp\/v2\/posts\/129327\/revisions"}],"predecessor-version":[{"id":129331,"href":"https:\/\/lasprimeras.com.do\/index.php\/wp-json\/wp\/v2\/posts\/129327\/revisions\/129331"}],"wp:featuredmedia":[{"embeddable":true,"href":"https:\/\/lasprimeras.com.do\/index.php\/wp-json\/wp\/v2\/media\/129328"}],"wp:attachment":[{"href":"https:\/\/lasprimeras.com.do\/index.php\/wp-json\/wp\/v2\/media?parent=129327"}],"wp:term":[{"taxonomy":"category","embeddable":true,"href":"https:\/\/lasprimeras.com.do\/index.php\/wp-json\/wp\/v2\/categories?post=129327"},{"taxonomy":"post_tag","embeddable":true,"href":"https:\/\/lasprimeras.com.do\/index.php\/wp-json\/wp\/v2\/tags?post=129327"}],"curies":[{"name":"wp","href":"https:\/\/api.w.org\/{rel}","templated":true}]}}