{"id":129332,"date":"2026-05-01T23:31:47","date_gmt":"2026-05-02T03:31:47","guid":{"rendered":"https:\/\/lasprimeras.com.do\/?p=129332"},"modified":"2026-05-01T23:31:48","modified_gmt":"2026-05-02T03:31:48","slug":"pedro-perez-vargas-recordado-por-tener-la-voz-mas-potentes-de-la-radiodifusion-nacional","status":"publish","type":"post","link":"https:\/\/lasprimeras.com.do\/index.php\/2026\/05\/01\/pedro-perez-vargas-recordado-por-tener-la-voz-mas-potentes-de-la-radiodifusion-nacional\/","title":{"rendered":"Pedro P\u00e9rez Vargas recordado por tener la voz m\u00e1s potentes de la radiodifusi\u00f3n nacional"},"content":{"rendered":"\n<p>Jhon Garcia<\/p>\n\n\n\n<p>&#8220;El locutor que Trujillo oblig\u00f3 a cambiarse el nombre,La historia de Pedro P\u00e9rez Vargas.&#8221;<br>Pedro P\u00e9rez Vargas (1936\u20131990) fue uno de los locutores m\u00e1s destacados y emblem\u00e1ticos de la Rep\u00fablica Dominicana, recordado por tener una de las voces m\u00e1s potentes y profesionales en la historia de la radiodifusi\u00f3n nacional.<\/p>\n\n\n\n<p>Su nombre real era Pedro Vargas P\u00e9rez, pero al ingresar a la planta televisora y radial La Voz Dominicana, su director Pet\u00e1n Trujillo (hermano del dictador Rafael L.Trujillo) le orden\u00f3 invertir sus apellidos.<\/p>\n\n\n\n<p>La raz\u00f3n fue que Pet\u00e1n era un gran admirador del tenor mexicano Pedro Vargas y no quer\u00eda que el joven locutor usara el mismo nombre que su &#8220;pupilo&#8221; e \u00eddolo.<\/p>\n\n\n\n<p>Naci\u00f3 el 17 de diciembre de 1936 en el sector de Villa Francisca, Santo Domingo. Se form\u00f3 en la Escuela de Locutores de La Voz Dominicana y destac\u00f3 r\u00e1pidamente por la calidad de su voz.<\/p>\n\n\n\n<p>Fue una figura central en los noticiarios de la \u00e9poca, como &#8220;El Mundo al D\u00eda&#8221; en Radio Televisi\u00f3n Dominicana, compitiendo en calidad con los mejores locutores de Latinoam\u00e9rica.<\/p>\n\n\n\n<p>En etapas posteriores, fue reconocido como el narrador o &#8220;voz en off&#8221; del popular programa S\u00e1bado de Corpor\u00e1n y trabaj\u00f3 en Radio Popular.<\/p>\n\n\n\n<p>Incursion\u00f3 en la producci\u00f3n de documentales, realizando trabajos sobre la vida de Olivorio Mateo y la matanza de Palma Sola.<\/p>\n\n\n\n<p>Muri\u00f3 el 25 de abril de 1990 en Estados Unidos a causa de un infarto, a los 53 a\u00f1os de edad.<\/p>\n","protected":false},"excerpt":{"rendered":"<p>Jhon Garcia &#8220;El locutor que Trujillo oblig\u00f3 a cambiarse el nombre,La historia de Pedro P\u00e9rez Vargas.&#8221;Pedro P\u00e9rez Vargas (1936\u20131990) fue uno de los locutores m\u00e1s destacados y emblem\u00e1ticos de la&hellip;<\/p>\n","protected":false},"author":10,"featured_media":129333,"comment_status":"open","ping_status":"open","sticky":false,"template":"","format":"standard","meta":{"content-type":"","jetpack_post_was_ever_published":false,"_jetpack_newsletter_access":"","_jetpack_dont_email_post_to_subs":false,"_jetpack_newsletter_tier_id":0,"_jetpack_memberships_contains_paywalled_content":false,"_jetpack_memberships_contains_paid_content":false,"footnotes":""},"categories":[482],"tags":[32904,172,32903,32905],"class_list":["post-129332","post","type-post","status-publish","format-standard","has-post-thumbnail","hentry","category-historia","tag-la-voz-mas-potentes","tag-nacional","tag-pedro-perez-vargas","tag-radiodifusion"],"jetpack_featured_media_url":"https:\/\/lasprimeras.com.do\/wp-content\/uploads\/2026\/05\/perez-vargas.jpg","jetpack-related-posts":[{"id":122256,"url":"https:\/\/lasprimeras.com.do\/index.php\/2026\/02\/15\/como-extranamos-los-noticiarios\/","url_meta":{"origin":129332,"position":0},"title":"C\u00f3mo extra\u00f1amos los noticiarios","author":"Nelson Feliz","date":"15 de febrero de 2026","format":false,"excerpt":"Orlando Arias Reynoso","rel":"","context":"En \u00abOPINI\u00d3N\u00bb","block_context":{"text":"OPINI\u00d3N","link":"https:\/\/lasprimeras.com.do\/index.php\/category\/opinion\/"},"img":{"alt_text":"Orlando Arias Reynoso","src":"https:\/\/i0.wp.com\/lasprimeras.com.do\/wp-content\/uploads\/2026\/02\/Orlando-Arias-Reynoso.jpg?resize=350%2C200&ssl=1","width":350,"height":200,"srcset":"https:\/\/i0.wp.com\/lasprimeras.com.do\/wp-content\/uploads\/2026\/02\/Orlando-Arias-Reynoso.jpg?resize=350%2C200&ssl=1 1x, https:\/\/i0.wp.com\/lasprimeras.com.do\/wp-content\/uploads\/2026\/02\/Orlando-Arias-Reynoso.jpg?resize=525%2C300&ssl=1 1.5x"},"classes":[]},{"id":79162,"url":"https:\/\/lasprimeras.com.do\/index.php\/2024\/03\/24\/la-inconfundible-onda-musical-cumple-67-anos-en-el-aire\/","url_meta":{"origin":129332,"position":1},"title":"La Inconfundible Onda Musical cumple 67 a\u00f1os en el aire","author":"Nelson Feliz","date":"24 de marzo de 2024","format":false,"excerpt":"Por Jeffry Jim\u00e9nez. La emblem\u00e1tica estaci\u00f3n radial Onda Musical cumple 67 a\u00f1os en el aire de manera ininterrumpida, transmitiendo desde el mismo escenario donde naci\u00f3 nuestra patria, Santo Domingo de Guzm\u00e1n, Rep\u00fablica Dominicana, kil\u00f3metro 0, en el mismo medio de las famosas Puertas (La Misericordia -El Conde). El 1 de\u2026","rel":"","context":"En \u00abHISTORIA\u00bb","block_context":{"text":"HISTORIA","link":"https:\/\/lasprimeras.com.do\/index.php\/category\/historia\/"},"img":{"alt_text":"","src":"https:\/\/i0.wp.com\/lasprimeras.com.do\/wp-content\/uploads\/2024\/03\/onda.webp?resize=350%2C200&ssl=1","width":350,"height":200,"srcset":"https:\/\/i0.wp.com\/lasprimeras.com.do\/wp-content\/uploads\/2024\/03\/onda.webp?resize=350%2C200&ssl=1 1x, https:\/\/i0.wp.com\/lasprimeras.com.do\/wp-content\/uploads\/2024\/03\/onda.webp?resize=525%2C300&ssl=1 1.5x"},"classes":[]},{"id":122303,"url":"https:\/\/lasprimeras.com.do\/index.php\/2026\/02\/16\/miguel-vargas-alerta-sobre-caida-de-autosuficiencia-alimentaria-en-rd\/","url_meta":{"origin":129332,"position":2},"title":"Miguel Vargas alerta sobre ca\u00edda de autosuficiencia alimentaria en RD","author":"Nelson Feliz","date":"16 de febrero de 2026","format":false,"excerpt":"El presidente del Partido Revolucionario Dominicano (PRD),Miguel Vargas Maldonado, advirti\u00f3 este domingo que la Rep\u00fablica Dominicana ha retrocedido en sectores clave para el desarrollo nacional, especialmente en la producci\u00f3n agropecuaria. Vargas Maldonado dijo que el pa\u00eds pas\u00f3 de ser autosuficiente en un 85 % en alimentos a apenas un 70\u2026","rel":"","context":"En \u00abPOLITICA\u00bb","block_context":{"text":"POLITICA","link":"https:\/\/lasprimeras.com.do\/index.php\/category\/politica\/"},"img":{"alt_text":"","src":"https:\/\/i0.wp.com\/lasprimeras.com.do\/wp-content\/uploads\/2026\/02\/PRD-1140x694-1.jpeg?resize=350%2C200&ssl=1","width":350,"height":200,"srcset":"https:\/\/i0.wp.com\/lasprimeras.com.do\/wp-content\/uploads\/2026\/02\/PRD-1140x694-1.jpeg?resize=350%2C200&ssl=1 1x, https:\/\/i0.wp.com\/lasprimeras.com.do\/wp-content\/uploads\/2026\/02\/PRD-1140x694-1.jpeg?resize=525%2C300&ssl=1 1.5x, https:\/\/i0.wp.com\/lasprimeras.com.do\/wp-content\/uploads\/2026\/02\/PRD-1140x694-1.jpeg?resize=700%2C400&ssl=1 2x, https:\/\/i0.wp.com\/lasprimeras.com.do\/wp-content\/uploads\/2026\/02\/PRD-1140x694-1.jpeg?resize=1050%2C600&ssl=1 3x"},"classes":[]},{"id":81072,"url":"https:\/\/lasprimeras.com.do\/index.php\/2024\/04\/16\/circulo-de-locutores-dominicanos-nueva-york-celebra-su-dia\/","url_meta":{"origin":129332,"position":3},"title":"C\u00edrculo de Locutores Dominicanos Nueva York celebra su d\u00eda","author":"Nelson Feliz","date":"16 de abril de 2024","format":false,"excerpt":"Por: Aquiles Rojas NUEVA YORK. - El C\u00edrculo de Locutores Dominicanos filial Nueva York que preside Germ\u00e1n Batista celebrar\u00e1 el d\u00eda de los profesionales del micr\u00f3fono este jueves 18 de abril desde las 6:00 PM As\u00ed lo dio a conocer Batista en un comunicado de prensa donde explic\u00f3 que ser\u00e1\u2026","rel":"","context":"En \u00abENTRETENIMIENTO\u00bb","block_context":{"text":"ENTRETENIMIENTO","link":"https:\/\/lasprimeras.com.do\/index.php\/category\/entretenimiento\/"},"img":{"alt_text":"circulo","src":"https:\/\/i0.wp.com\/lasprimeras.com.do\/wp-content\/uploads\/2024\/04\/circulo.jpg?resize=350%2C200&ssl=1","width":350,"height":200,"srcset":"https:\/\/i0.wp.com\/lasprimeras.com.do\/wp-content\/uploads\/2024\/04\/circulo.jpg?resize=350%2C200&ssl=1 1x, https:\/\/i0.wp.com\/lasprimeras.com.do\/wp-content\/uploads\/2024\/04\/circulo.jpg?resize=525%2C300&ssl=1 1.5x, https:\/\/i0.wp.com\/lasprimeras.com.do\/wp-content\/uploads\/2024\/04\/circulo.jpg?resize=700%2C400&ssl=1 2x"},"classes":[]},{"id":103149,"url":"https:\/\/lasprimeras.com.do\/index.php\/2025\/07\/12\/locutor-elphis-perez-regresa-a-palma-informa\/","url_meta":{"origin":129332,"position":4},"title":"Locutor Elphis P\u00e9rez regresa a &#8220;Palma Informa&#8221;","author":"Nelson Feliz","date":"12 de julio de 2025","format":false,"excerpt":"Luego de una pausa de casi un a\u00f1o que mantuvo en expectativa a miles de oyentes en toda la Regi\u00f3n Sur del pa\u00eds, el locutor Elphis P\u00e9rez ha regresado este lunes a su emblem\u00e1tico rol como presentador de los res\u00famenes noticiosos de Palma Informa, transmitido por Palma FM y replicado\u2026","rel":"","context":"En \u00abENTRETENIMIENTO\u00bb","block_context":{"text":"ENTRETENIMIENTO","link":"https:\/\/lasprimeras.com.do\/index.php\/category\/entretenimiento\/"},"img":{"alt_text":"","src":"https:\/\/i0.wp.com\/lasprimeras.com.do\/wp-content\/uploads\/2025\/07\/elphis-perez.jpg?resize=350%2C200&ssl=1","width":350,"height":200,"srcset":"https:\/\/i0.wp.com\/lasprimeras.com.do\/wp-content\/uploads\/2025\/07\/elphis-perez.jpg?resize=350%2C200&ssl=1 1x, https:\/\/i0.wp.com\/lasprimeras.com.do\/wp-content\/uploads\/2025\/07\/elphis-perez.jpg?resize=525%2C300&ssl=1 1.5x"},"classes":[]},{"id":77498,"url":"https:\/\/lasprimeras.com.do\/index.php\/2024\/02\/21\/agueda-alejo-presidira-la-asociacion-de-locutores-de-santiago\/","url_meta":{"origin":129332,"position":5},"title":"\u00c1gueda Alejo presidir\u00e1 la Asociaci\u00f3n de Locutores de Santiago","author":"Nelson Feliz","date":"21 de febrero de 2024","format":false,"excerpt":"Juramentan nueva directiva de la Asociaci\u00f3n de Locutores de Santiago (ALS) que presidir\u00e1 \u00c1gueda Alejo para el per\u00edodo 2024-2026, en acto celebrado el pasado jueves 15 de febrero en el Sal\u00f3n de Eventos del Edificio de la Fundaci\u00f3n Rub\u00e9n Polanco en el Reparto Oquet de la Ciudad Coraz\u00f3n. \u00c1gueda Alejo,\u2026","rel":"","context":"En \u00abENTRETENIMIENTO\u00bb","block_context":{"text":"ENTRETENIMIENTO","link":"https:\/\/lasprimeras.com.do\/index.php\/category\/entretenimiento\/"},"img":{"alt_text":"\u00c1gueda Alejo","src":"https:\/\/i0.wp.com\/lasprimeras.com.do\/wp-content\/uploads\/2024\/02\/Agueda-Alejo.jpg?resize=350%2C200&ssl=1","width":350,"height":200,"srcset":"https:\/\/i0.wp.com\/lasprimeras.com.do\/wp-content\/uploads\/2024\/02\/Agueda-Alejo.jpg?resize=350%2C200&ssl=1 1x, https:\/\/i0.wp.com\/lasprimeras.com.do\/wp-content\/uploads\/2024\/02\/Agueda-Alejo.jpg?resize=525%2C300&ssl=1 1.5x, https:\/\/i0.wp.com\/lasprimeras.com.do\/wp-content\/uploads\/2024\/02\/Agueda-Alejo.jpg?resize=700%2C400&ssl=1 2x"},"classes":[]}],"jetpack_sharing_enabled":true,"_links":{"self":[{"href":"https:\/\/lasprimeras.com.do\/index.php\/wp-json\/wp\/v2\/posts\/129332","targetHints":{"allow":["GET"]}}],"collection":[{"href":"https:\/\/lasprimeras.com.do\/index.php\/wp-json\/wp\/v2\/posts"}],"about":[{"href":"https:\/\/lasprimeras.com.do\/index.php\/wp-json\/wp\/v2\/types\/post"}],"author":[{"embeddable":true,"href":"https:\/\/lasprimeras.com.do\/index.php\/wp-json\/wp\/v2\/users\/10"}],"replies":[{"embeddable":true,"href":"https:\/\/lasprimeras.com.do\/index.php\/wp-json\/wp\/v2\/comments?post=129332"}],"version-history":[{"count":1,"href":"https:\/\/lasprimeras.com.do\/index.php\/wp-json\/wp\/v2\/posts\/129332\/revisions"}],"predecessor-version":[{"id":129334,"href":"https:\/\/lasprimeras.com.do\/index.php\/wp-json\/wp\/v2\/posts\/129332\/revisions\/129334"}],"wp:featuredmedia":[{"embeddable":true,"href":"https:\/\/lasprimeras.com.do\/index.php\/wp-json\/wp\/v2\/media\/129333"}],"wp:attachment":[{"href":"https:\/\/lasprimeras.com.do\/index.php\/wp-json\/wp\/v2\/media?parent=129332"}],"wp:term":[{"taxonomy":"category","embeddable":true,"href":"https:\/\/lasprimeras.com.do\/index.php\/wp-json\/wp\/v2\/categories?post=129332"},{"taxonomy":"post_tag","embeddable":true,"href":"https:\/\/lasprimeras.com.do\/index.php\/wp-json\/wp\/v2\/tags?post=129332"}],"curies":[{"name":"wp","href":"https:\/\/api.w.org\/{rel}","templated":true}]}}