{"id":129335,"date":"2026-05-01T23:36:10","date_gmt":"2026-05-02T03:36:10","guid":{"rendered":"https:\/\/lasprimeras.com.do\/?p=129335"},"modified":"2026-05-01T23:36:12","modified_gmt":"2026-05-02T03:36:12","slug":"jose-horacio-el-trabajo-en-rd-no-puede-seguir-siendo-sinonimo-de-sobrevivir","status":"publish","type":"post","link":"https:\/\/lasprimeras.com.do\/index.php\/2026\/05\/01\/jose-horacio-el-trabajo-en-rd-no-puede-seguir-siendo-sinonimo-de-sobrevivir\/","title":{"rendered":"Jos\u00e9 Horacio: \u201cEl trabajo en RD no puede seguir siendo sin\u00f3nimo de sobrevivir\u201d"},"content":{"rendered":"\n<p>En el marco de la conmemoraci\u00f3n del D\u00eda Internacional del Trabajo, el presidente del partido Opci\u00f3n Democr\u00e1tica (OD), Jos\u00e9 Horacio Rodr\u00edguez, hizo un llamado a transformar las condiciones laborales en el pa\u00eds a trav\u00e9s de reformas profundas al C\u00f3digo de Trabajo y al sistema de Seguridad Social.<\/p>\n\n\n\n<p>\u201c\u00bfCu\u00e1nto vale tu trabajo si no tienes tiempo para vivir ni dinero suficiente para saldar las cuentas?\u201d, cuestion\u00f3 Rodr\u00edguez, al reflexionar sobre la realidad que enfrentan miles de trabajadores dominicanos.<\/p>\n\n\n\n<p>El el tambi\u00e9n exdiputado explic\u00f3 que tanto el C\u00f3digo de Trabajo como las leyes de Seguridad Social son fundamentales para definir la calidad de vida de la poblaci\u00f3n, ya que establecen aspectos clave como la jornada laboral, los d\u00edas de vacaciones, la protecci\u00f3n ante el desempleo y el monto de las pensiones.<\/p>\n\n\n\n<p>Rodr\u00edguez record\u00f3 que estas legislaciones tienen d\u00e9cadas de vigencia y que actualmente el Congreso Nacional discute posibles modificaciones, lo que representa una oportunidad decisiva para mejorar las condiciones de vida de las familias dominicanas.<\/p>\n\n\n\n<p>En ese sentido, desde Opci\u00f3n Democr\u00e1tica plante\u00f3 una serie de propuestas orientadas a dignificar el trabajo en el pa\u00eds, entre ellas la implementaci\u00f3n de una jornada laboral de 40 horas semanales, l\u00edmites efectivos a las horas extras, salarios que se ajusten autom\u00e1ticamente a la inflaci\u00f3n, un salario m\u00ednimo suficiente para cubrir el costo de vida, la creaci\u00f3n de un seguro de desempleo y pensiones dignas.<\/p>\n\n\n\n<p>\u201cEl trabajo deber\u00eda permitirte tener una buena vida para vivir, no solo para sobrevivir. Y esto es una decisi\u00f3n pol\u00edtica\u201d, enfatiz\u00f3.<\/p>\n\n\n\n<p>Finalmente, el partido reiter\u00f3 su compromiso con impulsar reformas que coloquen en el centro el bienestar de los trabajadores y garanticen condiciones m\u00e1s justas y equitativas para toda la poblaci\u00f3n.<\/p>\n","protected":false},"excerpt":{"rendered":"<p>En el marco de la conmemoraci\u00f3n del D\u00eda Internacional del Trabajo, el presidente del partido Opci\u00f3n Democr\u00e1tica (OD), Jos\u00e9 Horacio Rodr\u00edguez, hizo un llamado a transformar las condiciones laborales en&hellip;<\/p>\n","protected":false},"author":10,"featured_media":129336,"comment_status":"open","ping_status":"open","sticky":false,"template":"","format":"standard","meta":{"content-type":"","jetpack_post_was_ever_published":false,"_jetpack_newsletter_access":"","_jetpack_dont_email_post_to_subs":false,"_jetpack_newsletter_tier_id":0,"_jetpack_memberships_contains_paywalled_content":false,"_jetpack_memberships_contains_paid_content":false,"footnotes":""},"categories":[16559],"tags":[24109,127,32906,1180,967],"class_list":["post-129335","post","type-post","status-publish","format-standard","has-post-thumbnail","hentry","category-politica","tag-jose-horacio-rodriguez","tag-rd","tag-sinonimo","tag-sobrevivir","tag-trabajo"],"jetpack_featured_media_url":"https:\/\/lasprimeras.com.do\/wp-content\/uploads\/2026\/05\/Jose-Horacio-Rodriguez-1.jpg","jetpack-related-posts":[{"id":59567,"url":"https:\/\/lasprimeras.com.do\/index.php\/2023\/09\/05\/jose-horacio-aspira-a-reelegirse-como-diputado-por-el-distrito-nacional\/","url_meta":{"origin":129335,"position":0},"title":"Jos\u00e9 Horacio aspira a reelegirse como diputado por el Distrito Nacional","author":"Nelson Feliz","date":"5 de septiembre de 2023","format":false,"excerpt":"El diputado Jos\u00e9 Horacio Rodr\u00edguez, de Opci\u00f3n Democr\u00e1tica, anunci\u00f3 que iniciar\u00e1 una campa\u00f1a para ser reelegido como diputado por la ciudadan\u00eda, como representante de la Circunscripci\u00f3n No. 1 del Distrito Nacional. Rodr\u00edguez ofreci\u00f3 esta informaci\u00f3n al concluir un acto de rendici\u00f3n de cuentas junto a simpatizantes y militantes. El evento\u2026","rel":"","context":"En \u00abSin categor\u00eda\u00bb","block_context":{"text":"Sin categor\u00eda","link":"https:\/\/lasprimeras.com.do\/index.php\/category\/sin-categoria\/"},"img":{"alt_text":"Jos\u00e9 Horacio Rodr\u00edguez","src":"https:\/\/i0.wp.com\/lasprimeras.com.do\/wp-content\/uploads\/2023\/09\/Jose-Horacio-Rodriguez.jpg?resize=350%2C200&ssl=1","width":350,"height":200},"classes":[]},{"id":123324,"url":"https:\/\/lasprimeras.com.do\/index.php\/2026\/02\/27\/jose-horacio-rodriguez-prm-prometio-un-cambio-pero-hoy-reproduce-los-mismos-discursos\/","url_meta":{"origin":129335,"position":1},"title":"Jos\u00e9 Horacio Rodr\u00edguez: PRM prometi\u00f3 un cambio, pero hoy reproduce los mismos discursos","author":"Nelson Feliz","date":"27 de febrero de 2026","format":false,"excerpt":"El presidente del partido Opci\u00f3n Democr\u00e1tica (OD), Jos\u00e9 Horacio Rodr\u00edguez sostuvo que el gobierno del PRM prometi\u00f3 un cambio, pero hoy reproduce los mismos discursos e intereses de siempre. El presidente del partido Opci\u00f3n Democr\u00e1tica (OD), Jos\u00e9 Horacio Rodr\u00edguez, calific\u00f3 como \u201cun d\u00e9j\u00e0 vu\u201d el discurso de rendici\u00f3n de cuentas\u2026","rel":"","context":"En \u00abPOLITICA\u00bb","block_context":{"text":"POLITICA","link":"https:\/\/lasprimeras.com.do\/index.php\/category\/politica\/"},"img":{"alt_text":"Jose Horacio Rodriguez","src":"https:\/\/i0.wp.com\/lasprimeras.com.do\/wp-content\/uploads\/2026\/02\/Jose-Horacio-Rodriguez.jpeg?resize=350%2C200&ssl=1","width":350,"height":200,"srcset":"https:\/\/i0.wp.com\/lasprimeras.com.do\/wp-content\/uploads\/2026\/02\/Jose-Horacio-Rodriguez.jpeg?resize=350%2C200&ssl=1 1x, https:\/\/i0.wp.com\/lasprimeras.com.do\/wp-content\/uploads\/2026\/02\/Jose-Horacio-Rodriguez.jpeg?resize=525%2C300&ssl=1 1.5x, https:\/\/i0.wp.com\/lasprimeras.com.do\/wp-content\/uploads\/2026\/02\/Jose-Horacio-Rodriguez.jpeg?resize=700%2C400&ssl=1 2x"},"classes":[]},{"id":93607,"url":"https:\/\/lasprimeras.com.do\/index.php\/2025\/02\/15\/presidente-del-senado-visita-al-ministro-de-trabajo-eddy-olivares\/","url_meta":{"origin":129335,"position":2},"title":"Presidente del Senado visita al ministro de Trabajo Eddy Olivares","author":"Nelson Feliz","date":"15 de febrero de 2025","format":false,"excerpt":"La visita de Ricardo de los Santos se produjo en el marco de un encuentro fraternal entre amigos, en el que hablaron de trasformaciones y compromisos en favor del pa\u00eds. El presidente del Senado, Ricardo de los Santos, gir\u00f3 este viernes una visita de cortes\u00eda al nuevo ministro de Trabajo,\u2026","rel":"","context":"En \u00abNACIONALES\u00bb","block_context":{"text":"NACIONALES","link":"https:\/\/lasprimeras.com.do\/index.php\/category\/nacionales\/"},"img":{"alt_text":"","src":"https:\/\/i0.wp.com\/lasprimeras.com.do\/wp-content\/uploads\/2025\/02\/WhatsApp-Image-2025-02-14-at-1.34.30-PM-1.jpeg?resize=350%2C200&ssl=1","width":350,"height":200,"srcset":"https:\/\/i0.wp.com\/lasprimeras.com.do\/wp-content\/uploads\/2025\/02\/WhatsApp-Image-2025-02-14-at-1.34.30-PM-1.jpeg?resize=350%2C200&ssl=1 1x, https:\/\/i0.wp.com\/lasprimeras.com.do\/wp-content\/uploads\/2025\/02\/WhatsApp-Image-2025-02-14-at-1.34.30-PM-1.jpeg?resize=525%2C300&ssl=1 1.5x, https:\/\/i0.wp.com\/lasprimeras.com.do\/wp-content\/uploads\/2025\/02\/WhatsApp-Image-2025-02-14-at-1.34.30-PM-1.jpeg?resize=700%2C400&ssl=1 2x, https:\/\/i0.wp.com\/lasprimeras.com.do\/wp-content\/uploads\/2025\/02\/WhatsApp-Image-2025-02-14-at-1.34.30-PM-1.jpeg?resize=1050%2C600&ssl=1 3x, https:\/\/i0.wp.com\/lasprimeras.com.do\/wp-content\/uploads\/2025\/02\/WhatsApp-Image-2025-02-14-at-1.34.30-PM-1.jpeg?resize=1400%2C800&ssl=1 4x"},"classes":[]},{"id":63446,"url":"https:\/\/lasprimeras.com.do\/index.php\/2023\/10\/12\/jose-nelton-gonzalez-al-asumir-la-presidencia-de-anje-aboga-por-reforma-al-codigo-de-trabajo\/","url_meta":{"origin":129335,"position":3},"title":"Jos\u00e9 Nelton Gonz\u00e1lez al asumir la presidencia de Anje aboga por reforma al C\u00f3digo de Trabajo","author":"Nelson Feliz","date":"12 de octubre de 2023","format":false,"excerpt":"Tambi\u00e9n busca el fomento a una educaci\u00f3n de calidad y la celebraci\u00f3n de debates en todas sus vertientes. La Asociaci\u00f3n Nacional de J\u00f3venes Empresarios (ANJE) jurament\u00f3 este jueves la nueva Junta Directiva para el per\u00edodo octubre 2023-diciembre 2024, presidida por Jos\u00e9 Nelton Gonz\u00e1lez Rodr\u00edguez. Gonz\u00e1lez Rodr\u00edguez expres\u00f3 que su gesti\u00f3n\u2026","rel":"","context":"En \u00abECONOM\u00cdA\u00bb","block_context":{"text":"ECONOM\u00cdA","link":"https:\/\/lasprimeras.com.do\/index.php\/category\/economia\/"},"img":{"alt_text":"Jos\u00e9 Nelton Gonz\u00e1lez Rodr\u00edguez fue juramentado como presidente de AnjeJORGE MART\u00cdNEZ","src":"https:\/\/i0.wp.com\/lasprimeras.com.do\/wp-content\/uploads\/2023\/10\/Jose-Nelton-Gonzalez-Rodriguez.jpeg?resize=350%2C200&ssl=1","width":350,"height":200,"srcset":"https:\/\/i0.wp.com\/lasprimeras.com.do\/wp-content\/uploads\/2023\/10\/Jose-Nelton-Gonzalez-Rodriguez.jpeg?resize=350%2C200&ssl=1 1x, https:\/\/i0.wp.com\/lasprimeras.com.do\/wp-content\/uploads\/2023\/10\/Jose-Nelton-Gonzalez-Rodriguez.jpeg?resize=525%2C300&ssl=1 1.5x, https:\/\/i0.wp.com\/lasprimeras.com.do\/wp-content\/uploads\/2023\/10\/Jose-Nelton-Gonzalez-Rodriguez.jpeg?resize=700%2C400&ssl=1 2x"},"classes":[]},{"id":124262,"url":"https:\/\/lasprimeras.com.do\/index.php\/2026\/03\/10\/jose-horacio-llama-a-lograr-la-independencia-energetica-en-rd-con-renovables\/","url_meta":{"origin":129335,"position":4},"title":"Jos\u00e9 Horacio llama a lograr la independencia energ\u00e9tica en RD con renovables","author":"Nelson Feliz","date":"10 de marzo de 2026","format":false,"excerpt":"El presidente del partido Opci\u00f3n Democr\u00e1tica (OD), Jos\u00e9 Horacio Rodr\u00edguez, destac\u00f3 este martes la importancia de avanzar hacia la soberan\u00eda energ\u00e9tica en la Rep\u00fablica Dominicana, al advertir que el pa\u00eds mantiene una alta dependencia de los combustibles f\u00f3siles importados, lo que lo hace vulnerable ante la volatilidad de los precios\u2026","rel":"","context":"En \u00abPOLITICA\u00bb","block_context":{"text":"POLITICA","link":"https:\/\/lasprimeras.com.do\/index.php\/category\/politica\/"},"img":{"alt_text":"Jos\u00e9 Horacio Rodr\u00edguez","src":"https:\/\/i0.wp.com\/lasprimeras.com.do\/wp-content\/uploads\/2026\/03\/Jose-Horacio-Rodriguez.jpg?resize=350%2C200&ssl=1","width":350,"height":200,"srcset":"https:\/\/i0.wp.com\/lasprimeras.com.do\/wp-content\/uploads\/2026\/03\/Jose-Horacio-Rodriguez.jpg?resize=350%2C200&ssl=1 1x, https:\/\/i0.wp.com\/lasprimeras.com.do\/wp-content\/uploads\/2026\/03\/Jose-Horacio-Rodriguez.jpg?resize=525%2C300&ssl=1 1.5x, https:\/\/i0.wp.com\/lasprimeras.com.do\/wp-content\/uploads\/2026\/03\/Jose-Horacio-Rodriguez.jpg?resize=700%2C400&ssl=1 2x"},"classes":[]},{"id":102799,"url":"https:\/\/lasprimeras.com.do\/index.php\/2025\/07\/08\/senado-aprobo-en-primera-lectura-las-modificaciones-a-la-ley-16-92-que-aprueba-el-codigo-de-trabajo\/","url_meta":{"origin":129335,"position":5},"title":"Senado aprob\u00f3 en primera lectura las modificaciones a la Ley 16-92, que aprueba el C\u00f3digo de Trabajo","author":"Nelson Feliz","date":"8 de julio de 2025","format":false,"excerpt":"Por Adalgisa S\u00e1nchez El Senado de la Rep\u00fablica aprob\u00f3 en primera lectura el proyecto de ley que introduce modificaciones a la Ley 16-92, que aprueba el C\u00f3digo de Trabajo, una nueva herramienta legislativa que busca modernizar el sistema laboral, haci\u00e9ndolo m\u00e1s \u00e1gil, justo y adaptado al siglo XXI. En los\u2026","rel":"","context":"En \u00abNACIONALES\u00bb","block_context":{"text":"NACIONALES","link":"https:\/\/lasprimeras.com.do\/index.php\/category\/nacionales\/"},"img":{"alt_text":"","src":"https:\/\/i0.wp.com\/lasprimeras.com.do\/wp-content\/uploads\/2025\/07\/senado-1-1.jpg?resize=350%2C200&ssl=1","width":350,"height":200,"srcset":"https:\/\/i0.wp.com\/lasprimeras.com.do\/wp-content\/uploads\/2025\/07\/senado-1-1.jpg?resize=350%2C200&ssl=1 1x, https:\/\/i0.wp.com\/lasprimeras.com.do\/wp-content\/uploads\/2025\/07\/senado-1-1.jpg?resize=525%2C300&ssl=1 1.5x, https:\/\/i0.wp.com\/lasprimeras.com.do\/wp-content\/uploads\/2025\/07\/senado-1-1.jpg?resize=700%2C400&ssl=1 2x"},"classes":[]}],"jetpack_sharing_enabled":true,"_links":{"self":[{"href":"https:\/\/lasprimeras.com.do\/index.php\/wp-json\/wp\/v2\/posts\/129335","targetHints":{"allow":["GET"]}}],"collection":[{"href":"https:\/\/lasprimeras.com.do\/index.php\/wp-json\/wp\/v2\/posts"}],"about":[{"href":"https:\/\/lasprimeras.com.do\/index.php\/wp-json\/wp\/v2\/types\/post"}],"author":[{"embeddable":true,"href":"https:\/\/lasprimeras.com.do\/index.php\/wp-json\/wp\/v2\/users\/10"}],"replies":[{"embeddable":true,"href":"https:\/\/lasprimeras.com.do\/index.php\/wp-json\/wp\/v2\/comments?post=129335"}],"version-history":[{"count":1,"href":"https:\/\/lasprimeras.com.do\/index.php\/wp-json\/wp\/v2\/posts\/129335\/revisions"}],"predecessor-version":[{"id":129337,"href":"https:\/\/lasprimeras.com.do\/index.php\/wp-json\/wp\/v2\/posts\/129335\/revisions\/129337"}],"wp:featuredmedia":[{"embeddable":true,"href":"https:\/\/lasprimeras.com.do\/index.php\/wp-json\/wp\/v2\/media\/129336"}],"wp:attachment":[{"href":"https:\/\/lasprimeras.com.do\/index.php\/wp-json\/wp\/v2\/media?parent=129335"}],"wp:term":[{"taxonomy":"category","embeddable":true,"href":"https:\/\/lasprimeras.com.do\/index.php\/wp-json\/wp\/v2\/categories?post=129335"},{"taxonomy":"post_tag","embeddable":true,"href":"https:\/\/lasprimeras.com.do\/index.php\/wp-json\/wp\/v2\/tags?post=129335"}],"curies":[{"name":"wp","href":"https:\/\/api.w.org\/{rel}","templated":true}]}}