{"id":129341,"date":"2026-05-02T01:45:00","date_gmt":"2026-05-02T05:45:00","guid":{"rendered":"https:\/\/lasprimeras.com.do\/?p=129341"},"modified":"2026-05-01T23:49:00","modified_gmt":"2026-05-02T03:49:00","slug":"agenda-de-leonel-fernandez-encabezara-actividades-este-sabado-y-domingo-en-barahona","status":"publish","type":"post","link":"https:\/\/lasprimeras.com.do\/index.php\/2026\/05\/02\/agenda-de-leonel-fernandez-encabezara-actividades-este-sabado-y-domingo-en-barahona\/","title":{"rendered":"Agenda de Leonel Fern\u00e1ndez: encabezar\u00e1 actividades este s\u00e1bado y domingo en Barahona"},"content":{"rendered":"\n<p><strong>El l\u00edder pol\u00edtico desarrollar\u00e1 visitas, encuentros con comunicadores y encabezar\u00e1 el acto principal de juramentaci\u00f3n este domingo en horas de la ma\u00f1ana.<\/strong><\/p>\n\n\n\n<p>El presidente del partido Fuerza del Pueblo (FP), Leonel Fern\u00e1ndez, encabezar\u00e1 este s\u00e1bado 2 y domingo 3 de mayo una agenda de actividades en la provincia de Barahona, como parte de la jornada de contacto y juramentaci\u00f3n que desarrolla la organizaci\u00f3n pol\u00edtica a nivel nacional.<\/p>\n\n\n\n<p>Durante su estancia en la provincia, Fern\u00e1ndez realizar\u00e1 diversas visitas y sostendr\u00e1 encuentros con distintos sectores, incluyendo comunicadores, dirigentes locales y actores representativos de la vida social y productiva de Barahona.<\/p>\n\n\n\n<p>La agenda incluye reuniones con l\u00edderes religiosos y encuentros con sectores sociales y productivos, en el marco del contacto directo que promueve la organizaci\u00f3n en todo el territorio nacional.<\/p>\n\n\n\n<p>Entre las actividades previstas para el s\u00e1bado 2 de mayo se contemplan recorridos por distintos puntos de la provincia, encuentros con representantes comunitarios y reuniones con sectores organizados, como parte del fortalecimiento de la estructura partidaria en la regi\u00f3n.<\/p>\n\n\n\n<p>Para el domingo 3, el exmandatario sostendr\u00e1 un encuentro con la prensa en horas de la ma\u00f1ana, previo al acto central de la jornada.<\/p>\n\n\n\n<p>El acto principal ser\u00e1 la juramentaci\u00f3n de nuevos miembros de la Fuerza del Pueblo en la provincia de Barahona, pautado para las 10:30 de la ma\u00f1ana, en el Palacio de los Deportes de Santa Cruz de Barahona.<\/p>\n\n\n\n<p>Estas actividades forman parte de la agenda nacional de crecimiento y consolidaci\u00f3n que impulsa la Fuerza del Pueblo, orientada a fortalecer sus estructuras y ampliar su base de apoyo en todo el pa\u00eds.<\/p>\n","protected":false},"excerpt":{"rendered":"<p>El l\u00edder pol\u00edtico desarrollar\u00e1 visitas, encuentros con comunicadores y encabezar\u00e1 el acto principal de juramentaci\u00f3n este domingo en horas de la ma\u00f1ana. El presidente del partido Fuerza del Pueblo (FP),&hellip;<\/p>\n","protected":false},"author":10,"featured_media":129342,"comment_status":"open","ping_status":"open","sticky":false,"template":"","format":"standard","meta":{"content-type":"","jetpack_post_was_ever_published":false,"_jetpack_newsletter_access":"","_jetpack_dont_email_post_to_subs":false,"_jetpack_newsletter_tier_id":0,"_jetpack_memberships_contains_paywalled_content":false,"_jetpack_memberships_contains_paid_content":false,"footnotes":""},"categories":[16559,25],"tags":[1640,361,265,32907,51,31849],"class_list":["post-129341","post","type-post","status-publish","format-standard","has-post-thumbnail","hentry","category-politica","category-portada","tag-actividades","tag-agenda","tag-barahona","tag-encabezara","tag-leonel-fernandez","tag-sabado-y-domingo"],"jetpack_featured_media_url":"https:\/\/lasprimeras.com.do\/wp-content\/uploads\/2026\/05\/Leonel-Fernandez-03.jpg","jetpack-related-posts":[{"id":121670,"url":"https:\/\/lasprimeras.com.do\/index.php\/2026\/02\/06\/leonel-se-reune-con-industriales-y-comerciantes-en-santiago\/","url_meta":{"origin":129341,"position":0},"title":"Leonel se re\u00fane con industriales y comerciantes en Santiago","author":"Nelson Feliz","date":"6 de febrero de 2026","format":false,"excerpt":"Sostendr\u00e1 m\u00e1s encuentros con sectores empresariales, profesionales y sociales, adem\u00e1s de m\u00faltiples juramentaciones de nuevos miembros de la Fuerza del Pueblo. El presidente del partido Fuerza del Pueblo, Leonel Fern\u00e1ndez, inici\u00f3 este viernes una agenda de trabajo de tres d\u00edas en la provincia de Santiago con un encuentro con industriales\u2026","rel":"","context":"En \u00abPOLITICA\u00bb","block_context":{"text":"POLITICA","link":"https:\/\/lasprimeras.com.do\/index.php\/category\/politica\/"},"img":{"alt_text":"Leonel Fern\u00e1ndez","src":"https:\/\/i0.wp.com\/lasprimeras.com.do\/wp-content\/uploads\/2026\/02\/Leonel-Fernandez.jpg?resize=350%2C200&ssl=1","width":350,"height":200,"srcset":"https:\/\/i0.wp.com\/lasprimeras.com.do\/wp-content\/uploads\/2026\/02\/Leonel-Fernandez.jpg?resize=350%2C200&ssl=1 1x, https:\/\/i0.wp.com\/lasprimeras.com.do\/wp-content\/uploads\/2026\/02\/Leonel-Fernandez.jpg?resize=525%2C300&ssl=1 1.5x, https:\/\/i0.wp.com\/lasprimeras.com.do\/wp-content\/uploads\/2026\/02\/Leonel-Fernandez.jpg?resize=700%2C400&ssl=1 2x"},"classes":[]},{"id":121680,"url":"https:\/\/lasprimeras.com.do\/index.php\/2026\/02\/07\/leonel-se-reune-con-lideres-cooperativistas-en-santiago\/","url_meta":{"origin":129341,"position":1},"title":"Leonel se re\u00fane con l\u00edderes cooperativistas en Santiago","author":"Nelson Feliz","date":"7 de febrero de 2026","format":false,"excerpt":"Fern\u00e1ndez garantiza respaldo estatal a las cooperativas en un gobierno de la FP. El l\u00edder pol\u00edtico continuar\u00e1 este fin de semana el proceso de juramentaci\u00f3n y fortalecimiento de las estructuras de la Fuerza del Pueblo en Santiago. El presidente del partido Fuerza del Pueblo (FP) Leonel Fern\u00e1ndez, afirm\u00f3 que el\u2026","rel":"","context":"En \u00abPOLITICA\u00bb","block_context":{"text":"POLITICA","link":"https:\/\/lasprimeras.com.do\/index.php\/category\/politica\/"},"img":{"alt_text":"Leonel Fern\u00e1ndez","src":"https:\/\/i0.wp.com\/lasprimeras.com.do\/wp-content\/uploads\/2026\/02\/Leonelito-1.jpg?resize=350%2C200&ssl=1","width":350,"height":200,"srcset":"https:\/\/i0.wp.com\/lasprimeras.com.do\/wp-content\/uploads\/2026\/02\/Leonelito-1.jpg?resize=350%2C200&ssl=1 1x, https:\/\/i0.wp.com\/lasprimeras.com.do\/wp-content\/uploads\/2026\/02\/Leonelito-1.jpg?resize=525%2C300&ssl=1 1.5x, https:\/\/i0.wp.com\/lasprimeras.com.do\/wp-content\/uploads\/2026\/02\/Leonelito-1.jpg?resize=700%2C400&ssl=1 2x"},"classes":[]},{"id":128064,"url":"https:\/\/lasprimeras.com.do\/index.php\/2026\/04\/17\/leonel-fernandez-encabezara-agenda-de-actividades-este-fin-de-semana-en-santiago-la-romana-y-santo-domingo\/","url_meta":{"origin":129341,"position":2},"title":"Leonel Fern\u00e1ndez encabezar\u00e1 agenda de actividades este fin de semana en Santiago, La Romana y Santo Domingo","author":"Nelson Feliz","date":"17 de abril de 2026","format":false,"excerpt":"El expresidente de la Rep\u00fablica y presidente del partido Fuerza del Pueblo, Leonel Fern\u00e1ndez, desarrollar\u00e1 una agenda de actividades durante este fin de semana en Santiago, La Romana y Santo Domingo, como parte de su din\u00e1mica de trabajo pol\u00edtico y contacto con distintos sectores del pa\u00eds. La jornada del l\u00edder\u2026","rel":"","context":"En \u00abPOLITICA\u00bb","block_context":{"text":"POLITICA","link":"https:\/\/lasprimeras.com.do\/index.php\/category\/politica\/"},"img":{"alt_text":"","src":"https:\/\/i0.wp.com\/lasprimeras.com.do\/wp-content\/uploads\/2025\/05\/Leonel-Fernandez-1.jpg?resize=350%2C200&ssl=1","width":350,"height":200,"srcset":"https:\/\/i0.wp.com\/lasprimeras.com.do\/wp-content\/uploads\/2025\/05\/Leonel-Fernandez-1.jpg?resize=350%2C200&ssl=1 1x, https:\/\/i0.wp.com\/lasprimeras.com.do\/wp-content\/uploads\/2025\/05\/Leonel-Fernandez-1.jpg?resize=525%2C300&ssl=1 1.5x"},"classes":[]},{"id":49628,"url":"https:\/\/lasprimeras.com.do\/index.php\/2023\/05\/12\/leonel-va-este-fin-de-semana-a-barahona-azua-y-peravia\/","url_meta":{"origin":129341,"position":3},"title":"Leonel va este fin de semana a Barahona, Azua y Peravia","author":"prenxa100","date":"12 de mayo de 2023","format":false,"excerpt":"Dirigentes de la Fuerza del Pueblo se despliegan en todo el pa\u00eds. Por Wilson P\u00e9rez Santo Domingo.- Despu\u00e9s de su regreso al pa\u00eds este jueves, el presidente de la Fuerza del Pueblo, Leonel Fern\u00e1ndez, estar\u00e1 este fin de semana en varias provincias del Sur, en actividades que van desde juramentaciones\u2026","rel":"","context":"En \u00abPORTADA\u00bb","block_context":{"text":"PORTADA","link":"https:\/\/lasprimeras.com.do\/index.php\/category\/portada\/"},"img":{"alt_text":"","src":"","width":0,"height":0},"classes":[]},{"id":121070,"url":"https:\/\/lasprimeras.com.do\/index.php\/2026\/01\/31\/leonel-fernandez-encabezara-juramentacion-de-nuevos-miembros-de-fp-este-domingo\/","url_meta":{"origin":129341,"position":4},"title":"Leonel Fern\u00e1ndez encabezar\u00e1 juramentaci\u00f3n de nuevos miembros de FP este domingo","author":"Nelson Feliz","date":"31 de enero de 2026","format":false,"excerpt":"El presidente del partido Fuerza del Pueblo (FP), Leonel Fern\u00e1ndez, contin\u00faa este domingo el proceso de juramentaci\u00f3n de nuevos miembros en esa organizaci\u00f3n, como parte del fortalecimiento que impulsa la entidad opositora a nivel nacional. El acto de este domingo tendr\u00e1 lugar a las 10:00 de la ma\u00f1ana en el\u2026","rel":"","context":"En \u00abPOLITICA\u00bb","block_context":{"text":"POLITICA","link":"https:\/\/lasprimeras.com.do\/index.php\/category\/politica\/"},"img":{"alt_text":"","src":"https:\/\/i0.wp.com\/lasprimeras.com.do\/wp-content\/uploads\/2025\/08\/Leonel-Fernandez.jpg?resize=350%2C200&ssl=1","width":350,"height":200,"srcset":"https:\/\/i0.wp.com\/lasprimeras.com.do\/wp-content\/uploads\/2025\/08\/Leonel-Fernandez.jpg?resize=350%2C200&ssl=1 1x, https:\/\/i0.wp.com\/lasprimeras.com.do\/wp-content\/uploads\/2025\/08\/Leonel-Fernandez.jpg?resize=525%2C300&ssl=1 1.5x, https:\/\/i0.wp.com\/lasprimeras.com.do\/wp-content\/uploads\/2025\/08\/Leonel-Fernandez.jpg?resize=700%2C400&ssl=1 2x"},"classes":[]},{"id":65938,"url":"https:\/\/lasprimeras.com.do\/index.php\/2023\/11\/01\/leonel-hara-recorrido-por-el-sur-del-pais-en-apoyo-a-candidatos-y-candidatas-este-fin-de-semana\/","url_meta":{"origin":129341,"position":5},"title":"Leonel har\u00e1 recorrido por el Sur del pa\u00eds en apoyo a candidatos y candidatas este fin de semana","author":"Nelson Feliz","date":"1 de noviembre de 2023","format":false,"excerpt":"El presidente del partido Fuerza del Pueblo (FP), Leonel Fern\u00e1ndez, sale este fin de semana a las calles del Sur, para apoyar a los candidatos y candidatas de la organizaci\u00f3n que lidera. El tambi\u00e9n candidato presidencial de la Fuerza del Pueblo iniciar\u00e1 el recorrido el s\u00e1bado 4 de noviembre, con\u2026","rel":"","context":"En \u00abPORTADA\u00bb","block_context":{"text":"PORTADA","link":"https:\/\/lasprimeras.com.do\/index.php\/category\/portada\/"},"img":{"alt_text":"Leonel Fernandez","src":"https:\/\/i0.wp.com\/lasprimeras.com.do\/wp-content\/uploads\/2023\/11\/Leonel-Fernandez-2.jpg?resize=350%2C200&ssl=1","width":350,"height":200,"srcset":"https:\/\/i0.wp.com\/lasprimeras.com.do\/wp-content\/uploads\/2023\/11\/Leonel-Fernandez-2.jpg?resize=350%2C200&ssl=1 1x, https:\/\/i0.wp.com\/lasprimeras.com.do\/wp-content\/uploads\/2023\/11\/Leonel-Fernandez-2.jpg?resize=525%2C300&ssl=1 1.5x, https:\/\/i0.wp.com\/lasprimeras.com.do\/wp-content\/uploads\/2023\/11\/Leonel-Fernandez-2.jpg?resize=700%2C400&ssl=1 2x"},"classes":[]}],"jetpack_sharing_enabled":true,"_links":{"self":[{"href":"https:\/\/lasprimeras.com.do\/index.php\/wp-json\/wp\/v2\/posts\/129341","targetHints":{"allow":["GET"]}}],"collection":[{"href":"https:\/\/lasprimeras.com.do\/index.php\/wp-json\/wp\/v2\/posts"}],"about":[{"href":"https:\/\/lasprimeras.com.do\/index.php\/wp-json\/wp\/v2\/types\/post"}],"author":[{"embeddable":true,"href":"https:\/\/lasprimeras.com.do\/index.php\/wp-json\/wp\/v2\/users\/10"}],"replies":[{"embeddable":true,"href":"https:\/\/lasprimeras.com.do\/index.php\/wp-json\/wp\/v2\/comments?post=129341"}],"version-history":[{"count":1,"href":"https:\/\/lasprimeras.com.do\/index.php\/wp-json\/wp\/v2\/posts\/129341\/revisions"}],"predecessor-version":[{"id":129343,"href":"https:\/\/lasprimeras.com.do\/index.php\/wp-json\/wp\/v2\/posts\/129341\/revisions\/129343"}],"wp:featuredmedia":[{"embeddable":true,"href":"https:\/\/lasprimeras.com.do\/index.php\/wp-json\/wp\/v2\/media\/129342"}],"wp:attachment":[{"href":"https:\/\/lasprimeras.com.do\/index.php\/wp-json\/wp\/v2\/media?parent=129341"}],"wp:term":[{"taxonomy":"category","embeddable":true,"href":"https:\/\/lasprimeras.com.do\/index.php\/wp-json\/wp\/v2\/categories?post=129341"},{"taxonomy":"post_tag","embeddable":true,"href":"https:\/\/lasprimeras.com.do\/index.php\/wp-json\/wp\/v2\/tags?post=129341"}],"curies":[{"name":"wp","href":"https:\/\/api.w.org\/{rel}","templated":true}]}}