{"id":129344,"date":"2026-05-01T23:58:22","date_gmt":"2026-05-02T03:58:22","guid":{"rendered":"https:\/\/lasprimeras.com.do\/?p=129344"},"modified":"2026-05-01T23:58:23","modified_gmt":"2026-05-02T03:58:23","slug":"senado-de-la-republica-honra-la-excelencia-de-su-capital-humano-en-historica-premiacion","status":"publish","type":"post","link":"https:\/\/lasprimeras.com.do\/index.php\/2026\/05\/01\/senado-de-la-republica-honra-la-excelencia-de-su-capital-humano-en-historica-premiacion\/","title":{"rendered":"Senado de la Rep\u00fablica honra la excelencia de su capital humano en hist\u00f3rica premiaci\u00f3n"},"content":{"rendered":"\n<p>En una jornada que mezcl\u00f3 la alegr\u00eda, emotividad, gratitud y profundo sentido institucional, el Senado de la Rep\u00fablica celebr\u00f3 este viernes el D\u00eda del Trabajo con la primera entrega del Premio Anual a la Labor Sobresaliente del Personal Administrativo y Legislativo, una iniciativa concebida para exaltar la dedicaci\u00f3n, la excelencia y la vocaci\u00f3n de servicio de quienes, desde m\u00faltiples funciones, sostienen el quehacer legislativo.<\/p>\n\n\n\n<p>El presidente del Senado, Ricardo de los Santos, encabez\u00f3 el acto y destac\u00f3 el papel esencial de los colaboradores de la C\u00e1mara Alta, a quienes defini\u00f3 como \u201clos verdaderos protagonistas del trabajo y los resultados que podemos exhibir como legisladores\u201d.<\/p>\n\n\n\n<figure class=\"wp-block-image size-full\"><img decoding=\"async\" width=\"1000\" height=\"665\" src=\"https:\/\/lasprimeras.com.do\/wp-content\/uploads\/2026\/05\/senado-1.jpg\" alt=\"\" class=\"wp-image-129346\" srcset=\"https:\/\/lasprimeras.com.do\/wp-content\/uploads\/2026\/05\/senado-1.jpg 1000w, https:\/\/lasprimeras.com.do\/wp-content\/uploads\/2026\/05\/senado-1-300x200.jpg 300w, https:\/\/lasprimeras.com.do\/wp-content\/uploads\/2026\/05\/senado-1-768x511.jpg 768w\" sizes=\"(max-width: 1000px) 100vw, 1000px\" \/><\/figure>\n\n\n\n<p>Subray\u00f3 que, es precisamente en el compromiso silencioso y constante de estos hombres y mujeres donde descansa la eficiencia legislativa, afirmando que sin su labor cotidiana \u201cnada fuera posible\u201d.<\/p>\n\n\n\n<p>Resalt\u00f3 que el reconocimiento nace con la firme intenci\u00f3n de visibilizar el esfuerzo excepcional de quienes, desde diversas posiciones, contribuyen a dotar a la Rep\u00fablica Dominicana de un cuerpo normativo que garantiza la convivencia pac\u00edfica en el marco de un Estado libre, democr\u00e1tico y de derecho.<\/p>\n\n\n\n<p>El presidente del Senado valor\u00f3 la trascendencia de esta iniciativa, se\u00f1alando que no solo reconoce m\u00e9ritos individuales, sino que tambi\u00e9n reafirma el compromiso colectivo de servir al pa\u00eds con integridad y eficiencia.<\/p>\n\n\n<div class=\"wp-block-image\">\n<figure class=\"alignright size-full is-resized\"><img decoding=\"async\" width=\"1000\" height=\"1000\" src=\"https:\/\/lasprimeras.com.do\/wp-content\/uploads\/2026\/05\/senado-2.jpg\" alt=\"\" class=\"wp-image-129347\" style=\"width:325px;height:auto\" srcset=\"https:\/\/lasprimeras.com.do\/wp-content\/uploads\/2026\/05\/senado-2.jpg 1000w, https:\/\/lasprimeras.com.do\/wp-content\/uploads\/2026\/05\/senado-2-300x300.jpg 300w, https:\/\/lasprimeras.com.do\/wp-content\/uploads\/2026\/05\/senado-2-150x150.jpg 150w, https:\/\/lasprimeras.com.do\/wp-content\/uploads\/2026\/05\/senado-2-768x768.jpg 768w\" sizes=\"(max-width: 1000px) 100vw, 1000px\" \/><\/figure>\n<\/div>\n\n\n<p>En ese sentido, enfatiz\u00f3 la relevancia de la constante actualizaci\u00f3n de las leyes que rigen la vida en sociedad, destacando que el trabajo del personal administrativo y legislativo resulta indispensable para alcanzar dicho prop\u00f3sito.<\/p>\n\n\n\n<p>Por su parte, la directora de Gesti\u00f3n Humana del Senado, Sonya Uribe, expres\u00f3 su agradecimiento al respaldo decidido del presidente del Senado, quien \u201csiempre tiene el coraz\u00f3n puesto en mejorar las condiciones de los colaboradores\u201d. Destac\u00f3 que ese apoyo ha sido fundamental para impulsar iniciativas orientadas al bienestar y desarrollo del capital humano institucional.<\/p>\n\n\n\n<p>\u201cCada idea que hemos tenido o que \u00e9l mismo nos ha pedido desarrollar siempre ha sido pensando en el colaborador\u201d, afirm\u00f3.<\/p>\n\n\n\n<p>Explic\u00f3 que la selecci\u00f3n de los galardonados estuvo a cargo de un comit\u00e9 evaluador y un jurado especializado, quienes ponderaron rigurosamente los perfiles propuestos por los responsables de cada departamento, en un ejercicio que prioriz\u00f3 la trayectoria, el m\u00e9rito y la excelencia en el desempe\u00f1o.<\/p>\n\n\n\n<p>Indic\u00f3 que el Premio Anual a la Labor Sobresaliente del Personal Administrativo y Legislativo es la forma de visibilizar cada a\u00f1o el trabajo que hacen cada a\u00f1o los colaboradores.<\/p>\n\n\n\n<p>La ceremonia no solo marc\u00f3 un hito en la historia del Senado de la Rep\u00fablica, sino que tambi\u00e9n reafirm\u00f3 una convicci\u00f3n esencial: que el progreso legislativo y la fortaleza democr\u00e1tica encuentran su ra\u00edz m\u00e1s firme en la excelencia, la entrega y la dignidad de su gente.<\/p>\n\n\n\n<figure class=\"wp-block-image size-full\"><img decoding=\"async\" width=\"1000\" height=\"665\" src=\"https:\/\/lasprimeras.com.do\/wp-content\/uploads\/2026\/05\/senado-3.jpg\" alt=\"\" class=\"wp-image-129348\" srcset=\"https:\/\/lasprimeras.com.do\/wp-content\/uploads\/2026\/05\/senado-3.jpg 1000w, https:\/\/lasprimeras.com.do\/wp-content\/uploads\/2026\/05\/senado-3-300x200.jpg 300w, https:\/\/lasprimeras.com.do\/wp-content\/uploads\/2026\/05\/senado-3-768x511.jpg 768w\" sizes=\"(max-width: 1000px) 100vw, 1000px\" \/><\/figure>\n\n\n\n<p>Reconocidos<\/p>\n\n\n\n<p>Los primeros en ser reconocidos, bajo una ovaci\u00f3n de pie de sus compa\u00f1eros que abarrotaron el Auditorio del Senado de la Rep\u00fablica fueron Santiago Andr\u00e9s Jacobo (Pepe), de la Divisi\u00f3n de Ingenier\u00eda y Mantenimiento; Carmen Carvajal, del Departamento de Archivo y Correspondencia; Bony Edermira Castillo, de la Secretar\u00eda General Legislativa y Ana Ramona Cordero (Charo), de la Unidad de Reproducci\u00f3n, quienes acumulan 40 a\u00f1os de servicio al pa\u00eds a trav\u00e9s de la C\u00e1mara Alta.<\/p>\n\n\n\n<p>Tambi\u00e9n se reconocieron los 46 a\u00f1os de servicio de la sub encargada del Departamento de Documentaci\u00f3n, Archivo y Correspondencia, Maritza Altagracia Matos.<\/p>\n\n\n\n<p>En la categor\u00eda de Innovaci\u00f3n en la Gesti\u00f3n fueron reconocidos Rumania Ortiz Soto, coordinadora de la Biblioteca del Senado; Jos\u00e9 Rosario Ure\u00f1a, programador de la Direcci\u00f3n de Inform\u00e1tica; Rafael Oviedo, coordinador de Planificaci\u00f3n y Desarrollo y Mar\u00eda Antonia Collado, coordinadora de Taquigraf\u00eda y Transcripciones. Esta categor\u00eda premia a quienes transforman los procesos.<\/p>\n\n\n\n<p>En la categor\u00eda de Excelencia Administrativa se reconoci\u00f3 el trabajo diario de Jennifer Tellado, asistente ejecutiva de la Presidencia del Senado; Teresa Guti\u00e9rrez, coordinadora de la Divisi\u00f3n de Reclutamiento y Selecci\u00f3n; y Elizabeth Arlovia P\u00e9rez, de la secretaria general Legislativa; Altagracia Iris Santos, de la Direcci\u00f3n de Comisiones.<\/p>\n\n\n\n<p>Tambi\u00e9n se reconoci\u00f3 el esfuerzo diario de Kenia Mar\u00eda S\u00e1nchez, de la Direcci\u00f3n Financiera y On\u00e9simo Carvajal, coordinador de la Direcci\u00f3n de Comisiones, ambos con 35 a\u00f1os de servicio; Euris Bolivar Pereyra, coordinador de Elaboraci\u00f3n de Actas y servidor por 34 a\u00f1os de servicio; y El\u00edas Sena, coordinador de la Direcci\u00f3n Administrativa, con 18 a\u00f1os de servicio, en la categor\u00eda de M\u00e9rito Extraordinario.<\/p>\n\n\n\n<p>Recibieron un certificado de reconocimiento: Wada M\u00e9ndez Ferreras, de Participaci\u00f3n Ciudadana; Digna Milagros Quezada, del Departamento de Representaci\u00f3n; Olga Febles Cedano, de la Secretar\u00eda General Administrativa; Elizabeth Matos, de la Unidad Central Telef\u00f3nica; Ren\u00e9 Omar M\u00e9ndez, del Departamento de Auditor\u00eda Legislativa; Eduvigis Mora, del Departamento de Registro y Control; Eneida Rosa, de la Unidad de Almac\u00e9n y Francis Janet Campusano.<\/p>\n\n\n\n<p>El reconocimiento distingui\u00f3 la trayectoria de Mar\u00eda Mej\u00edas, de la Direcci\u00f3n Administrativa; Maxime Emilie Taul\u00e9, de la Coordinaci\u00f3n de Comisiones; Mery Catalina Pujals, de Planificaci\u00f3n y Desarrollo; Judelyn Malena Pi\u00f1eyro, de Servicios Generales y Katty Valdez, de Transcripci\u00f3n Legislativa.<\/p>\n\n\n\n<p>Las palabras de agradecimiento estuvieron a cargo de Elizabeth Arlovia P\u00e9rez quien dijo que es un honor y una gran responsabilidad trabajar d\u00eda a d\u00eda por la C\u00e1mara Alta y comparti\u00f3 la premiaci\u00f3n con todos sus compa\u00f1eros y agradeci\u00f3 a la instituci\u00f3n por valorar el esfuerzo, detr\u00e1s de cada proceso.<\/p>\n","protected":false},"excerpt":{"rendered":"<p>En una jornada que mezcl\u00f3 la alegr\u00eda, emotividad, gratitud y profundo sentido institucional, el Senado de la Rep\u00fablica celebr\u00f3 este viernes el D\u00eda del Trabajo con la primera entrega del&hellip;<\/p>\n","protected":false},"author":10,"featured_media":129345,"comment_status":"open","ping_status":"open","sticky":false,"template":"","format":"standard","meta":{"content-type":"","jetpack_post_was_ever_published":false,"_jetpack_newsletter_access":"","_jetpack_dont_email_post_to_subs":false,"_jetpack_newsletter_tier_id":0,"_jetpack_memberships_contains_paywalled_content":false,"_jetpack_memberships_contains_paid_content":false,"footnotes":""},"categories":[35],"tags":[32908,1844,19142,7350,9526,11949],"class_list":["post-129344","post","type-post","status-publish","format-standard","has-post-thumbnail","hentry","category-nacionales","tag-capital-humano","tag-excelencia","tag-historica","tag-honra","tag-premiacion","tag-senado-de-la-republica"],"jetpack_featured_media_url":"https:\/\/lasprimeras.com.do\/wp-content\/uploads\/2026\/05\/senado.jpg","jetpack-related-posts":[{"id":82808,"url":"https:\/\/lasprimeras.com.do\/index.php\/2024\/05\/07\/senado-y-oei-firman-acuerdo-para-capacitar-nuevos-senadores-y-formar-a-sus-colaboradores\/","url_meta":{"origin":129344,"position":0},"title":"Senado y OEI firman acuerdo para capacitar nuevos senadores y formar a sus colaboradores","author":"Esteffany Vargas","date":"7 de mayo de 2024","format":false,"excerpt":"El Senado de la Rep\u00fablica y la Organizaci\u00f3n de los Estados Iberoamericanos para la Educaci\u00f3n, la Ciencia y la Cultura (OEI), firmaron un acuerdo para desarrollar iniciativas de fortalecimiento y asesoramiento t\u00e9cnico en \u00e1reas como democracia, derechos humanos, educaci\u00f3n, ciencia y cultura, para la capacitaci\u00f3n de los nuevos legisladores y\u2026","rel":"","context":"En \u00abNACIONALES\u00bb","block_context":{"text":"NACIONALES","link":"https:\/\/lasprimeras.com.do\/index.php\/category\/nacionales\/"},"img":{"alt_text":"Ricardo de los Santos y Mariano Jabonero","src":"https:\/\/i0.wp.com\/lasprimeras.com.do\/wp-content\/uploads\/2024\/05\/Ricardo-de-los-Santos-y-Mariano-Jabonero-1.jpg?resize=350%2C200&ssl=1","width":350,"height":200,"srcset":"https:\/\/i0.wp.com\/lasprimeras.com.do\/wp-content\/uploads\/2024\/05\/Ricardo-de-los-Santos-y-Mariano-Jabonero-1.jpg?resize=350%2C200&ssl=1 1x, https:\/\/i0.wp.com\/lasprimeras.com.do\/wp-content\/uploads\/2024\/05\/Ricardo-de-los-Santos-y-Mariano-Jabonero-1.jpg?resize=525%2C300&ssl=1 1.5x"},"classes":[]},{"id":129076,"url":"https:\/\/lasprimeras.com.do\/index.php\/2026\/04\/29\/oficiales-de-la-fard-distinguen-a-ricardo-de-los-santos-por-su-compromiso-con-la-excelencia-academica\/","url_meta":{"origin":129344,"position":1},"title":"Oficiales de la FARD distinguen a Ricardo de los Santos por su compromiso con la excelencia acad\u00e9mica","author":"Nelson Feliz","date":"29 de abril de 2026","format":false,"excerpt":"Por Elvis Castro Hern\u00e1ndez El presidente del Senado de la Rep\u00fablica, Ricardo de los Santos, fue reconocido por una delegaci\u00f3n conformada por 18 oficiales de la Vig\u00e9sima Tercera Promoci\u00f3n de la Especialidad de Comando y Estado Mayor A\u00e9reo de la Fuerza A\u00e9rea de Rep\u00fablica Dominicana (FARD), por sus aportes al\u2026","rel":"","context":"En \u00abNACIONALES\u00bb","block_context":{"text":"NACIONALES","link":"https:\/\/lasprimeras.com.do\/index.php\/category\/nacionales\/"},"img":{"alt_text":"","src":"https:\/\/i0.wp.com\/lasprimeras.com.do\/wp-content\/uploads\/2026\/04\/IMG-20260429-WA0681-scaled.jpg?resize=350%2C200&ssl=1","width":350,"height":200,"srcset":"https:\/\/i0.wp.com\/lasprimeras.com.do\/wp-content\/uploads\/2026\/04\/IMG-20260429-WA0681-scaled.jpg?resize=350%2C200&ssl=1 1x, https:\/\/i0.wp.com\/lasprimeras.com.do\/wp-content\/uploads\/2026\/04\/IMG-20260429-WA0681-scaled.jpg?resize=525%2C300&ssl=1 1.5x, https:\/\/i0.wp.com\/lasprimeras.com.do\/wp-content\/uploads\/2026\/04\/IMG-20260429-WA0681-scaled.jpg?resize=700%2C400&ssl=1 2x, https:\/\/i0.wp.com\/lasprimeras.com.do\/wp-content\/uploads\/2026\/04\/IMG-20260429-WA0681-scaled.jpg?resize=1050%2C600&ssl=1 3x, https:\/\/i0.wp.com\/lasprimeras.com.do\/wp-content\/uploads\/2026\/04\/IMG-20260429-WA0681-scaled.jpg?resize=1400%2C800&ssl=1 4x"},"classes":[]},{"id":81226,"url":"https:\/\/lasprimeras.com.do\/index.php\/2024\/04\/18\/senado-pone-en-circulacion-libro-tecnica-legislativa-en-la-republica-dominicana\/","url_meta":{"origin":129344,"position":2},"title":"Senado pone en circulaci\u00f3n libro \u201cT\u00e9cnica Legislativa en la Rep\u00fablica Dominicana\u201d","author":"BIMARY DE JES\u00daS Matos","date":"18 de abril de 2024","format":false,"excerpt":"La obra tiene como objetivo complementar y fundamentar t\u00e9cnicas legislativas en el pa\u00eds. SANTO DOMINGO. - Con el respaldo del presidente del Senado, Ricardo de los Santos, la C\u00e1mara Alta puso en circulaci\u00f3n este martes el libro \u201cT\u00e9cnica Legislativa en la Rep\u00fablica Dominicana\u201d, de la autor\u00eda de Welnel Dar\u00edo Feliz,\u2026","rel":"","context":"En \u00abNACIONALES\u00bb","block_context":{"text":"NACIONALES","link":"https:\/\/lasprimeras.com.do\/index.php\/category\/nacionales\/"},"img":{"alt_text":"","src":"https:\/\/i0.wp.com\/lasprimeras.com.do\/wp-content\/uploads\/2024\/04\/IMG-20240418-WA0032.jpg?resize=350%2C200&ssl=1","width":350,"height":200,"srcset":"https:\/\/i0.wp.com\/lasprimeras.com.do\/wp-content\/uploads\/2024\/04\/IMG-20240418-WA0032.jpg?resize=350%2C200&ssl=1 1x, https:\/\/i0.wp.com\/lasprimeras.com.do\/wp-content\/uploads\/2024\/04\/IMG-20240418-WA0032.jpg?resize=525%2C300&ssl=1 1.5x, https:\/\/i0.wp.com\/lasprimeras.com.do\/wp-content\/uploads\/2024\/04\/IMG-20240418-WA0032.jpg?resize=700%2C400&ssl=1 2x, https:\/\/i0.wp.com\/lasprimeras.com.do\/wp-content\/uploads\/2024\/04\/IMG-20240418-WA0032.jpg?resize=1050%2C600&ssl=1 3x, https:\/\/i0.wp.com\/lasprimeras.com.do\/wp-content\/uploads\/2024\/04\/IMG-20240418-WA0032.jpg?resize=1400%2C800&ssl=1 4x"},"classes":[]},{"id":88973,"url":"https:\/\/lasprimeras.com.do\/index.php\/2024\/09\/11\/senado-aprueba-convenio-de-fideicomiso-entre-fdi-y-br\/","url_meta":{"origin":129344,"position":3},"title":"Senado aprueba convenio de Fideicomiso entre FDI y BR","author":"Nelson Feliz","date":"11 de septiembre de 2024","format":false,"excerpt":"\u00a0El Senado de la Rep\u00fablica aprob\u00f3 este mi\u00e9rcoles un convenio de Fideicomiso con el Fondo de Desarrollo de Infraestructuras (FDI), suscrito entre el Estado dominicano, representado por el Ministerio de la Presidencia y la Fiduciaria Reservas. Los senadores aprobaron una enmienda con el objetivo de modificar la tasa a varios\u2026","rel":"","context":"En \u00abECONOM\u00cdA\u00bb","block_context":{"text":"ECONOM\u00cdA","link":"https:\/\/lasprimeras.com.do\/index.php\/category\/economia\/"},"img":{"alt_text":"Ricardo de los Santos","src":"https:\/\/i0.wp.com\/lasprimeras.com.do\/wp-content\/uploads\/2024\/08\/Ricardo-de-los-Santos-3-1.jpg?resize=350%2C200&ssl=1","width":350,"height":200,"srcset":"https:\/\/i0.wp.com\/lasprimeras.com.do\/wp-content\/uploads\/2024\/08\/Ricardo-de-los-Santos-3-1.jpg?resize=350%2C200&ssl=1 1x, https:\/\/i0.wp.com\/lasprimeras.com.do\/wp-content\/uploads\/2024\/08\/Ricardo-de-los-Santos-3-1.jpg?resize=525%2C300&ssl=1 1.5x, https:\/\/i0.wp.com\/lasprimeras.com.do\/wp-content\/uploads\/2024\/08\/Ricardo-de-los-Santos-3-1.jpg?resize=700%2C400&ssl=1 2x"},"classes":[]},{"id":87143,"url":"https:\/\/lasprimeras.com.do\/index.php\/2024\/08\/07\/presidente-del-senado-presenta-informe-correspondiente-al-periodo-legislativo-2023-2024\/","url_meta":{"origin":129344,"position":4},"title":"Presidente del Senado presenta informe correspondiente al per\u00edodo legislativo 2023 -2024","author":"Nelson Feliz","date":"7 de agosto de 2024","format":false,"excerpt":"Ricardo de los Santos destaca aprobaci\u00f3n de 325 iniciativas legislativas. Por Martin Restituyo El presidente del Senado Ricardo de los Santos, al presentar su informe de gesti\u00f3n dijo que el Pleno aprob\u00f3 325 iniciativas legislativas, de las cuales 45 fueron promulgadas por el Poder Ejecutivo, durante el per\u00edodo legislativo agosto\u2026","rel":"","context":"En \u00abNACIONALES\u00bb","block_context":{"text":"NACIONALES","link":"https:\/\/lasprimeras.com.do\/index.php\/category\/nacionales\/"},"img":{"alt_text":"Ricardo de los Santos","src":"https:\/\/i0.wp.com\/lasprimeras.com.do\/wp-content\/uploads\/2024\/08\/Ricardo-de-los-Santos-1.jpg?resize=350%2C200&ssl=1","width":350,"height":200,"srcset":"https:\/\/i0.wp.com\/lasprimeras.com.do\/wp-content\/uploads\/2024\/08\/Ricardo-de-los-Santos-1.jpg?resize=350%2C200&ssl=1 1x, https:\/\/i0.wp.com\/lasprimeras.com.do\/wp-content\/uploads\/2024\/08\/Ricardo-de-los-Santos-1.jpg?resize=525%2C300&ssl=1 1.5x"},"classes":[]},{"id":87386,"url":"https:\/\/lasprimeras.com.do\/index.php\/2024\/08\/11\/senadores-salientes-reconocen-trayectoria-del-presidente-del-senado-ricardo-de-los-santos\/","url_meta":{"origin":129344,"position":5},"title":"Senadores salientes reconocen trayectoria del presidente del Senado Ricardo de los Santos","author":"Nelson Feliz","date":"11 de agosto de 2024","format":false,"excerpt":"Los senadores salientes del per\u00edodo legislativo 2020-2024, reconocieron al presidente de Senado de la Rep\u00fablica, Ricardo de los Santos, al valorar su trayectoria pol\u00edtica, liderazgo y contribuci\u00f3n a favor del fortalecimiento de las buenas normativas. En un ambiente de agradecimiento, confraternidad, y emotividad el senador por la provincia de Hato\u2026","rel":"","context":"En \u00abPORTADA\u00bb","block_context":{"text":"PORTADA","link":"https:\/\/lasprimeras.com.do\/index.php\/category\/portada\/"},"img":{"alt_text":"Ricardo de los Santos","src":"https:\/\/i0.wp.com\/lasprimeras.com.do\/wp-content\/uploads\/2024\/08\/Ricardo-de-los-Santos-4.jpg?resize=350%2C200&ssl=1","width":350,"height":200,"srcset":"https:\/\/i0.wp.com\/lasprimeras.com.do\/wp-content\/uploads\/2024\/08\/Ricardo-de-los-Santos-4.jpg?resize=350%2C200&ssl=1 1x, https:\/\/i0.wp.com\/lasprimeras.com.do\/wp-content\/uploads\/2024\/08\/Ricardo-de-los-Santos-4.jpg?resize=525%2C300&ssl=1 1.5x, https:\/\/i0.wp.com\/lasprimeras.com.do\/wp-content\/uploads\/2024\/08\/Ricardo-de-los-Santos-4.jpg?resize=700%2C400&ssl=1 2x"},"classes":[]}],"jetpack_sharing_enabled":true,"_links":{"self":[{"href":"https:\/\/lasprimeras.com.do\/index.php\/wp-json\/wp\/v2\/posts\/129344","targetHints":{"allow":["GET"]}}],"collection":[{"href":"https:\/\/lasprimeras.com.do\/index.php\/wp-json\/wp\/v2\/posts"}],"about":[{"href":"https:\/\/lasprimeras.com.do\/index.php\/wp-json\/wp\/v2\/types\/post"}],"author":[{"embeddable":true,"href":"https:\/\/lasprimeras.com.do\/index.php\/wp-json\/wp\/v2\/users\/10"}],"replies":[{"embeddable":true,"href":"https:\/\/lasprimeras.com.do\/index.php\/wp-json\/wp\/v2\/comments?post=129344"}],"version-history":[{"count":1,"href":"https:\/\/lasprimeras.com.do\/index.php\/wp-json\/wp\/v2\/posts\/129344\/revisions"}],"predecessor-version":[{"id":129349,"href":"https:\/\/lasprimeras.com.do\/index.php\/wp-json\/wp\/v2\/posts\/129344\/revisions\/129349"}],"wp:featuredmedia":[{"embeddable":true,"href":"https:\/\/lasprimeras.com.do\/index.php\/wp-json\/wp\/v2\/media\/129345"}],"wp:attachment":[{"href":"https:\/\/lasprimeras.com.do\/index.php\/wp-json\/wp\/v2\/media?parent=129344"}],"wp:term":[{"taxonomy":"category","embeddable":true,"href":"https:\/\/lasprimeras.com.do\/index.php\/wp-json\/wp\/v2\/categories?post=129344"},{"taxonomy":"post_tag","embeddable":true,"href":"https:\/\/lasprimeras.com.do\/index.php\/wp-json\/wp\/v2\/tags?post=129344"}],"curies":[{"name":"wp","href":"https:\/\/api.w.org\/{rel}","templated":true}]}}