{"id":131617,"date":"2026-05-23T23:21:39","date_gmt":"2026-05-24T03:21:39","guid":{"rendered":"https:\/\/lasprimeras.com.do\/?p=131617"},"modified":"2026-05-23T23:21:41","modified_gmt":"2026-05-24T03:21:41","slug":"consternacion-ante-la-violencia-contra-la-mujer","status":"publish","type":"post","link":"https:\/\/lasprimeras.com.do\/index.php\/2026\/05\/23\/consternacion-ante-la-violencia-contra-la-mujer\/","title":{"rendered":"Consternaci\u00f3n ante la violencia contra la mujer"},"content":{"rendered":"\n<p class=\"wp-block-paragraph\">Editorial<\/p>\n\n\n\n<p class=\"wp-block-paragraph\">La Rep\u00fablica Dominicana inicia la semana estremecida por el asesinato de una joven madre, un tr\u00e1gico suceso que deja en la orfandad a ni\u00f1os que, para colmo de males, fueron testigos del crimen.<\/p>\n\n\n\n<p class=\"wp-block-paragraph\">Se trata de un cuadro desgarrador que impacta a una sociedad impotente y frustrada ante la persistencia de estos asesinatos, tipificados legalmente como feminicidios.<\/p>\n\n\n\n<p class=\"wp-block-paragraph\">En lo que va de 2026, m\u00e1s de 30 de estos cr\u00edmenes han enlutado al pa\u00eds. Mientras el resto del mundo experimenta un descenso generalizado en estas estad\u00edsticas, la Rep\u00fablica Dominicana destaca negativamente entre las naciones con mayor incremento en la tasa de feminicidios.<\/p>\n\n\n\n<p class=\"wp-block-paragraph\">\u00bfQu\u00e9 hacer? Es la pregunta obligada ante la indignaci\u00f3n de una poblaci\u00f3n que suma estas tragedias a las asfixiantes limitaciones econ\u00f3micas: la falta de empleo, el alto costo de la vida, la inseguridad ciudadana y el deterioro progresivo de los servicios p\u00fablicos.<\/p>\n\n\n\n<p class=\"wp-block-paragraph\">M\u00e1s all\u00e1 de las fr\u00edas estad\u00edsticas y los partes policiales, con la muerte de cada v\u00edctima se desvanecen proyectos de vida, se tronchan carreras profesionales y se destruye la ilusi\u00f3n de criar a los hijos en un entorno seguro.<\/p>\n\n\n\n<p class=\"wp-block-paragraph\">Muchas de las mujeres asesinadas eran el motor de sus hogares: estudiantes, emprendedoras y figuras centrales de la estructura familiar.<\/p>\n\n\n\n<p class=\"wp-block-paragraph\">La violencia de g\u00e9nero responde a una combinaci\u00f3n de factores sociales, educativos y de debilidad institucional.<\/p>\n\n\n\n<p class=\"wp-block-paragraph\">Entre ellos destacan la ausencia de pol\u00edticas p\u00fablicas eficientes y la falta de una autoridad competente, como denunci\u00f3 recientemente el secretario general del Partido de la Liberaci\u00f3n Dominicana (PLD), Johnny Pujols.<\/p>\n\n\n\n<p class=\"wp-block-paragraph\">Frente a cada reporte tr\u00e1gico abundan los anuncios y las declaraciones de los funcionarios; sin embargo, el gobierno del PRM sigue sin ejecutar acciones concretas y articuladas.<\/p>\n\n\n\n<p class=\"wp-block-paragraph\">Al igual que en otras \u00e1reas prioritarias, al Gobierno se le ha ido este tema de las manos, sembrando el miedo y la consternaci\u00f3n en la ciudadan\u00eda.<\/p>\n\n\n\n<p class=\"wp-block-paragraph\">\u00a1Basta ya de ret\u00f3rica vac\u00eda! La sociedad demanda firmeza, presupuesto y menos demagogia.<\/p>\n","protected":false},"excerpt":{"rendered":"<p>Editorial La Rep\u00fablica Dominicana inicia la semana estremecida por el asesinato de una joven madre, un tr\u00e1gico suceso que deja en la orfandad a ni\u00f1os que, para colmo de males,&hellip;<\/p>\n","protected":false},"author":10,"featured_media":131459,"comment_status":"open","ping_status":"open","sticky":false,"template":"","format":"standard","meta":{"content-type":"","_jetpack_newsletter_access":"","_jetpack_dont_email_post_to_subs":false,"_jetpack_newsletter_tier_id":0,"_jetpack_memberships_contains_paywalled_content":false,"_jetpack_feature_clip_id":0,"_jetpack_memberships_contains_paid_content":false,"footnotes":"","jetpack_post_was_ever_published":false},"categories":[95],"tags":[33835],"class_list":["post-131617","post","type-post","status-publish","format-standard","has-post-thumbnail","hentry","category-opinion","tag-consternacion-ante-la-violencia-contra-la-mujer"],"jetpack-related-posts":[{"id":69502,"url":"https:\/\/lasprimeras.com.do\/index.php\/2023\/12\/03\/alto-a-la-violencia-contra-la-mujer\/","url_meta":{"origin":131617,"position":0},"title":"Alto a la violencia contra la mujer","author":"Nelson Feliz","date":"3 de diciembre de 2023","format":false,"excerpt":"Por: Luis Fern\u00e1ndezPol\u00edtico, Escritor y Comunicador El pasado 25 de Noviembre se conmemor\u00f3 en todo el mundo, el d\u00eda internacional de la eliminaci\u00f3n de la violencia contra la mujer, fecha en la cual se denunciala violencia que se ejerce sobre las mujeres yse reclaman pol\u00edticas en todos los pa\u00edses para\u2026","rel":"","context":"En \u00abOPINI\u00d3N\u00bb","block_context":{"text":"OPINI\u00d3N","link":"https:\/\/lasprimeras.com.do\/index.php\/category\/opinion\/"},"img":{"alt_text":"violencia contra la mujer","src":"https:\/\/i0.wp.com\/lasprimeras.com.do\/wp-content\/uploads\/2023\/12\/violencia-contra-la-mujer.jpg?resize=350%2C200&ssl=1","width":350,"height":200,"srcset":"https:\/\/i0.wp.com\/lasprimeras.com.do\/wp-content\/uploads\/2023\/12\/violencia-contra-la-mujer.jpg?resize=350%2C200&ssl=1 1x, https:\/\/i0.wp.com\/lasprimeras.com.do\/wp-content\/uploads\/2023\/12\/violencia-contra-la-mujer.jpg?resize=525%2C300&ssl=1 1.5x, https:\/\/i0.wp.com\/lasprimeras.com.do\/wp-content\/uploads\/2023\/12\/violencia-contra-la-mujer.jpg?resize=700%2C400&ssl=1 2x"},"classes":[]},{"id":91498,"url":"https:\/\/lasprimeras.com.do\/index.php\/2024\/11\/25\/abinader-llama-a-las-mujeres-victimas-de-violencia-a-que-la-reporten\/","url_meta":{"origin":131617,"position":1},"title":"Abinader llama a las mujeres v\u00edctimas de violencia a que la reporten","author":"Nelson Feliz","date":"25 de noviembre de 2024","format":false,"excerpt":"El presidente de la Rep\u00fablica Dominicana, Luis Abinader, pidi\u00f3 este lunes 25 de noviembre a las mujeres que sufren violencia que \"la reporten\". El mandatario fue cuestionado en LA Semanal con la Prensa sobre las medidas que su gobierno est\u00e1 tomando para combatir la violencia familiar y los feminicidios en\u2026","rel":"","context":"En \u00abNACIONALES\u00bb","block_context":{"text":"NACIONALES","link":"https:\/\/lasprimeras.com.do\/index.php\/category\/nacionales\/"},"img":{"alt_text":"Luis Abinader","src":"https:\/\/i0.wp.com\/lasprimeras.com.do\/wp-content\/uploads\/2024\/11\/Luis-Abinader-c-2.jpg?resize=350%2C200&ssl=1","width":350,"height":200,"srcset":"https:\/\/i0.wp.com\/lasprimeras.com.do\/wp-content\/uploads\/2024\/11\/Luis-Abinader-c-2.jpg?resize=350%2C200&ssl=1 1x, https:\/\/i0.wp.com\/lasprimeras.com.do\/wp-content\/uploads\/2024\/11\/Luis-Abinader-c-2.jpg?resize=525%2C300&ssl=1 1.5x, https:\/\/i0.wp.com\/lasprimeras.com.do\/wp-content\/uploads\/2024\/11\/Luis-Abinader-c-2.jpg?resize=700%2C400&ssl=1 2x"},"classes":[]},{"id":96510,"url":"https:\/\/lasprimeras.com.do\/index.php\/2025\/04\/02\/fp-contradicciones-en-cifras-de-feminicidios-revelan-desorden-del-gobierno-del-prm\/","url_meta":{"origin":131617,"position":2},"title":"FP: Contradicciones en cifras de feminicidios revelan desorden del gobierno del PRM","author":"Nelson Feliz","date":"2 de abril de 2025","format":false,"excerpt":"La Secretar\u00eda de la Mujer del partido Fuerza del Pueblo (FP) denunci\u00f3 la falta de coordinaci\u00f3n y la negligencia del gobierno del PRM ante la crisis de feminicidios que afecta a la Rep\u00fablica Dominicana, y exigi\u00f3 respuestas inmediatas para frenar la violencia contra las mujeres. Las cifras oficiales muestran contradicciones\u2026","rel":"","context":"En \u00abPOLITICA\u00bb","block_context":{"text":"POLITICA","link":"https:\/\/lasprimeras.com.do\/index.php\/category\/politica\/"},"img":{"alt_text":"","src":"https:\/\/i0.wp.com\/lasprimeras.com.do\/wp-content\/uploads\/2025\/04\/Angie-Brooks.jpg?resize=350%2C200&ssl=1","width":350,"height":200,"srcset":"https:\/\/i0.wp.com\/lasprimeras.com.do\/wp-content\/uploads\/2025\/04\/Angie-Brooks.jpg?resize=350%2C200&ssl=1 1x, https:\/\/i0.wp.com\/lasprimeras.com.do\/wp-content\/uploads\/2025\/04\/Angie-Brooks.jpg?resize=525%2C300&ssl=1 1.5x"},"classes":[]},{"id":91457,"url":"https:\/\/lasprimeras.com.do\/index.php\/2024\/11\/24\/angie-brooks-llama-combatir-la-violencia-contra-la-mujer-en-republica-dominicana\/","url_meta":{"origin":131617,"position":3},"title":"Angie Brooks llama combatir la violencia contra la mujer en Rep\u00fablica Dominicana","author":"Nelson Feliz","date":"24 de noviembre de 2024","format":false,"excerpt":"Angie Brooks reitera el compromiso del partido con la protecci\u00f3n de las mujeres y la igualdad La Secretar\u00eda de la Mujer del partido Fuerza del Pueblo (FP)Angie Brooks, llama combatir la violencia de g\u00e9nero que afecta a mujeres, adolescentes y ni\u00f1as en la Rep\u00fablica Dominicana y el mundo. al conmemorarse\u2026","rel":"","context":"En \u00abPORTADA\u00bb","block_context":{"text":"PORTADA","link":"https:\/\/lasprimeras.com.do\/index.php\/category\/portada\/"},"img":{"alt_text":"Angie Brooks","src":"https:\/\/i0.wp.com\/lasprimeras.com.do\/wp-content\/uploads\/2024\/11\/Angie-Brooks.jpg?resize=350%2C200&ssl=1","width":350,"height":200,"srcset":"https:\/\/i0.wp.com\/lasprimeras.com.do\/wp-content\/uploads\/2024\/11\/Angie-Brooks.jpg?resize=350%2C200&ssl=1 1x, https:\/\/i0.wp.com\/lasprimeras.com.do\/wp-content\/uploads\/2024\/11\/Angie-Brooks.jpg?resize=525%2C300&ssl=1 1.5x"},"classes":[]},{"id":96612,"url":"https:\/\/lasprimeras.com.do\/index.php\/2025\/04\/04\/margarita-cedeno-exhorta-a-fortalecer-politicas-sociales-para-prevenir-feminicidios\/","url_meta":{"origin":131617,"position":4},"title":"Margarita Cede\u00f1o exhorta a fortalecer pol\u00edticas sociales para prevenir feminicidios","author":"Nelson Feliz","date":"4 de abril de 2025","format":false,"excerpt":"\u201cLos feminicidios son el reflejo de una cultura que debemos transformar desde la educaci\u00f3n, la crianza y la justicia. El Estado no puede ser espectador.\", consider\u00f3 Margarita Cede\u00f1o. La ex vicepresidenta de la Rep\u00fablica y miembro del Comit\u00e9 Pol\u00edtico del Partido de la Liberaci\u00f3n Dominicana (PLD), Margarita Cede\u00f1o, exhort\u00f3 al\u2026","rel":"","context":"En \u00abPOLITICA\u00bb","block_context":{"text":"POLITICA","link":"https:\/\/lasprimeras.com.do\/index.php\/category\/politica\/"},"img":{"alt_text":"","src":"https:\/\/i0.wp.com\/lasprimeras.com.do\/wp-content\/uploads\/2025\/04\/Margarita-Cedeno.jpg?resize=350%2C200&ssl=1","width":350,"height":200,"srcset":"https:\/\/i0.wp.com\/lasprimeras.com.do\/wp-content\/uploads\/2025\/04\/Margarita-Cedeno.jpg?resize=350%2C200&ssl=1 1x, https:\/\/i0.wp.com\/lasprimeras.com.do\/wp-content\/uploads\/2025\/04\/Margarita-Cedeno.jpg?resize=525%2C300&ssl=1 1.5x, https:\/\/i0.wp.com\/lasprimeras.com.do\/wp-content\/uploads\/2025\/04\/Margarita-Cedeno.jpg?resize=700%2C400&ssl=1 2x"},"classes":[]},{"id":131458,"url":"https:\/\/lasprimeras.com.do\/index.php\/2026\/05\/11\/republica-dominicana-continua-en-alerta-por-los-feminicidios\/","url_meta":{"origin":131617,"position":5},"title":"Rep\u00fablica Dominicana contin\u00faa en alerta por los feminicidios","author":"Nelson Feliz","date":"11 de mayo de 2026","format":false,"excerpt":"Santo Domingo, (Prensa Latina) En lo que va de 2026, la Rep\u00fablica Dominicana registra entre 22 y 32 mujeres asesinadas por sus parejas o exparejas, seg\u00fan cifras ofrecidas por distintas instituciones oficiales, trascendi\u00f3 hoy. Los datos var\u00edan entre la Direcci\u00f3n Nacional contra la Violencia de G\u00e9nero del Ministerio P\u00fablico, el\u2026","rel":"","context":"En \u00abNACIONALES\u00bb","block_context":{"text":"NACIONALES","link":"https:\/\/lasprimeras.com.do\/index.php\/category\/nacionales\/"},"img":{"alt_text":"Rep\u00fablica Dominicana, contin\u00faa, alerta, feminicidios","src":"https:\/\/i0.wp.com\/lasprimeras.com.do\/wp-content\/uploads\/2026\/05\/feminicidios-1.jpg?resize=350%2C200&ssl=1","width":350,"height":200,"srcset":"https:\/\/i0.wp.com\/lasprimeras.com.do\/wp-content\/uploads\/2026\/05\/feminicidios-1.jpg?resize=350%2C200&ssl=1 1x, https:\/\/i0.wp.com\/lasprimeras.com.do\/wp-content\/uploads\/2026\/05\/feminicidios-1.jpg?resize=525%2C300&ssl=1 1.5x, https:\/\/i0.wp.com\/lasprimeras.com.do\/wp-content\/uploads\/2026\/05\/feminicidios-1.jpg?resize=700%2C400&ssl=1 2x"},"classes":[]}],"jetpack_sharing_enabled":true,"jetpack_featured_media_url":"https:\/\/lasprimeras.com.do\/wp-content\/uploads\/2026\/05\/feminicidios-1.jpg","_links":{"self":[{"href":"https:\/\/lasprimeras.com.do\/index.php\/wp-json\/wp\/v2\/posts\/131617","targetHints":{"allow":["GET"]}}],"collection":[{"href":"https:\/\/lasprimeras.com.do\/index.php\/wp-json\/wp\/v2\/posts"}],"about":[{"href":"https:\/\/lasprimeras.com.do\/index.php\/wp-json\/wp\/v2\/types\/post"}],"author":[{"embeddable":true,"href":"https:\/\/lasprimeras.com.do\/index.php\/wp-json\/wp\/v2\/users\/10"}],"replies":[{"embeddable":true,"href":"https:\/\/lasprimeras.com.do\/index.php\/wp-json\/wp\/v2\/comments?post=131617"}],"version-history":[{"count":1,"href":"https:\/\/lasprimeras.com.do\/index.php\/wp-json\/wp\/v2\/posts\/131617\/revisions"}],"predecessor-version":[{"id":131618,"href":"https:\/\/lasprimeras.com.do\/index.php\/wp-json\/wp\/v2\/posts\/131617\/revisions\/131618"}],"wp:featuredmedia":[{"embeddable":true,"href":"https:\/\/lasprimeras.com.do\/index.php\/wp-json\/wp\/v2\/media\/131459"}],"wp:attachment":[{"href":"https:\/\/lasprimeras.com.do\/index.php\/wp-json\/wp\/v2\/media?parent=131617"}],"wp:term":[{"taxonomy":"category","embeddable":true,"href":"https:\/\/lasprimeras.com.do\/index.php\/wp-json\/wp\/v2\/categories?post=131617"},{"taxonomy":"post_tag","embeddable":true,"href":"https:\/\/lasprimeras.com.do\/index.php\/wp-json\/wp\/v2\/tags?post=131617"}],"curies":[{"name":"wp","href":"https:\/\/api.w.org\/{rel}","templated":true}]}}