{"id":131866,"date":"2026-05-26T12:13:14","date_gmt":"2026-05-26T16:13:14","guid":{"rendered":"https:\/\/lasprimeras.com.do\/?p=131866"},"modified":"2026-05-26T12:13:18","modified_gmt":"2026-05-26T16:13:18","slug":"fundacion-macarrulla-anuncia-concurso-ilustremos-un-cuento","status":"publish","type":"post","link":"https:\/\/lasprimeras.com.do\/index.php\/2026\/05\/26\/fundacion-macarrulla-anuncia-concurso-ilustremos-un-cuento\/","title":{"rendered":"Fundaci\u00f3n Macarrulla anuncia concurso \u201cIlustremos un cuento\u201d"},"content":{"rendered":"\n<p class=\"wp-block-paragraph\"><br>Santo Domingo.-&nbsp; La Fundaci\u00f3n Macarrulla celebr\u00f3 la tercera edici\u00f3n del concurso infantil \u201cIlustremos un cuento\u201d, una iniciativa que busca incentivar en ni\u00f1os y adolescentes la lectura comprensiva, la imaginaci\u00f3n y la expresi\u00f3n art\u00edstica a trav\u00e9s de la ilustraci\u00f3n.<br><br>En esta edici\u00f3n participaron 101 ni\u00f1os con edades entre 8 y 14 a\u00f1os, quienes tuvieron el reto de ilustrar el cuento \u201cEl cuervo y su equipo de amigos\u201d, escrito por Lidia Mart\u00ednez de Macarrulla, poniendo a prueba su imaginaci\u00f3n, creatividad y habilidades art\u00edsticas.<br><br>Los participantes fueron distribuidos en tres categor\u00edas: categor\u00eda A, de 8 a 10 a\u00f1os; categor\u00eda B, de 11 a 12 a\u00f1os; y categor\u00eda C, de 13 a 14 a\u00f1os.<\/p>\n\n\n\n<p class=\"wp-block-paragraph\">Las obras fueron evaluadas por un jurado de artistas y especialistas integrado por Willy P\u00e9rez, Roc\u00edo P\u00e9rez, Alma V\u00e1squez, Rosa Francia Esquea y Javier Ben\u00edtez.<br><br>Lidia Mart\u00ednez de Macarrulla explic\u00f3 que esta iniciativa forma parte del compromiso sostenido que durante a\u00f1os ha mantenido la Fundaci\u00f3n Macarrulla con la promoci\u00f3n de la educaci\u00f3n, mediante proyectos orientados a estimular la creatividad, el pensamiento cr\u00edtico y la formaci\u00f3n en valores desde edades tempranas.<br><br>\u201cLa Fundaci\u00f3n Macarrulla ha estado desde hace 10 a\u00f1os inmersa en diferentes proyectos. El objetivo de este concurso es ense\u00f1ar a los ni\u00f1os a interpretar lo que leen. Damos un cuento, un texto, y los ni\u00f1os de manera individual deben interpretarlo siguiendo la lectura del cuento\u201d, expres\u00f3.<br><br>Indic\u00f3 que la historia utilizada en el concurso contiene mensajes positivos y ense\u00f1anzas dirigidas a fortalecer la formaci\u00f3n de los participantes.<br><br>\u201cSiempre esos cuentos llevan un mensaje positivo, una aclaraci\u00f3n de mitos, y esperamos que los nutra y los ense\u00f1e realmente a interpretar lo que leen\u201d, sostuvo.<br><br>Mart\u00ednez de Macarrulla resalt\u00f3 adem\u00e1s la importancia de incentivar el h\u00e1bito de la lectura desde edades tempranas y destac\u00f3 la necesidad de seguir promoviendo la lectura comprensiva en la sociedad actual.<br><br>\u201cLa lectura comprensiva es nuestro inter\u00e9s. La lectura es algo que debemos trabajar fuertemente. A nivel mundial se est\u00e1 perdiendo mucho y nosotros en nuestro pa\u00eds tenemos que hacer un esfuerzo\u201d, manifest\u00f3.<br><br>Asimismo, Mart\u00ednez de Macarrulla, quien es autora de seis obras infantiles, manifest\u00f3 que escribir literatura infantil ha sido una parte fundamental de su trayectoria como autora.<br><br>Durante la premiaci\u00f3n fueron reconocidos los ganadores de las distintas categor\u00edas.<\/p>\n\n\n\n<p class=\"wp-block-paragraph\">En la categor\u00eda A, correspondiente a ni\u00f1os de 8 a 10 a\u00f1os, el primer lugar fue obtenido por Agatha Delgado Castro, el segundo lugar por Isabella Noem\u00ed Capell\u00e1n Mart\u00ednez y el tercero por Salette Quevedo.<br><br>En la categor\u00eda B, de 11 a 12 a\u00f1os, resultaron ganadores Alberto Jos\u00e9 Guzm\u00e1n Mora en primer lugar, Emely Sarahy Fortunato Acosta en segundo lugar y Roc\u00edo P\u00e9rez Gil en tercer lugar.<br><br>Mientras que en la categor\u00eda C, de 13 a 14 a\u00f1os, fueron reconocidos Lia Camila Guilliani con el primer lugar, Lizeth Sanabria Mena con el segundo lugar y Adrian Levy Vicioso con el tercer lugar.<br><br>Adem\u00e1s, el jurado entreg\u00f3 una menci\u00f3n especial a Josu\u00e9 Israel F. Mola, quien recibi\u00f3 una beca en la Escuela de Arte Guillo P\u00e9rez, con materiales incluidos, por su destacada ilustraci\u00f3n del cuento \u201cEl cuervo y su equipo de amigos\u201d.<br><br>Como parte del reconocimiento al esfuerzo y talento demostrado por los participantes, la Fundaci\u00f3n Macarrulla entreg\u00f3 equipos y dispositivos tecnol\u00f3gicos a los ganadores de las distintas categor\u00edas, con el prop\u00f3sito de incentivar el desarrollo creativo, la educaci\u00f3n y el inter\u00e9s de los ni\u00f1os y adolescentes por el arte y la lectura.<br><br>La Fundaci\u00f3n Macarrulla es una entidad sin fines de lucro con varios a\u00f1os de trabajo ininterrumpido que impulsa iniciativas que fomenten la educaci\u00f3n, la cultura, las artes, los deportes y otras \u00e1reas que contribuyan al desarrollo integral de los ciudadanos.<\/p>\n\n\n\n<p class=\"wp-block-paragraph\">Parte de su visi\u00f3n es contribuir al desarrollo de la Rep\u00fablica Dominicana.<\/p>\n\n\n\n<p class=\"wp-block-paragraph\">Durante su trayectoria, ha auspiciado concursos infantiles, actividades educativas, la promoci\u00f3n de la lectura, el desarrollo de proyectos de investigaci\u00f3n y la conmemoraci\u00f3n de eventos hist\u00f3ricos de relevancia nacional.<br><\/p>\n","protected":false},"excerpt":{"rendered":"<p>Santo Domingo.-&nbsp; La Fundaci\u00f3n Macarrulla celebr\u00f3 la tercera edici\u00f3n del concurso infantil \u201cIlustremos un cuento\u201d, una iniciativa que busca incentivar en ni\u00f1os y adolescentes la lectura comprensiva, la imaginaci\u00f3n y&hellip;<\/p>\n","protected":false},"author":10,"featured_media":131867,"comment_status":"open","ping_status":"open","sticky":false,"template":"","format":"standard","meta":{"content-type":"","_jetpack_newsletter_access":"","_jetpack_dont_email_post_to_subs":false,"_jetpack_newsletter_tier_id":0,"_jetpack_memberships_contains_paywalled_content":false,"_jetpack_feature_clip_id":0,"_jetpack_memberships_contains_paid_content":false,"footnotes":"","jetpack_post_was_ever_published":false},"categories":[35,25],"tags":[22771],"class_list":["post-131866","post","type-post","status-publish","format-standard","has-post-thumbnail","hentry","category-nacionales","category-portada","tag-fundacion-macarrulla"],"jetpack-related-posts":[{"id":137773,"url":"https:\/\/lasprimeras.com.do\/index.php\/2026\/08\/20\/fundacion-macarrulla-comprometida-con-el-desarrollo-del-deporte-infantil\/","url_meta":{"origin":131866,"position":0},"title":"Fundaci\u00f3n Macarrulla comprometida con el desarrollo del deporte infantil","author":"Nelson Feliz","date":"20 de agosto de 2026","format":false,"excerpt":"Anuncia nueva edici\u00f3n de la Copa Macarrulla Santo Domingo.- La Fundaci\u00f3n Macarrulla reafirma su apuesta por el desarrollo del deporte infantil como motor de formaci\u00f3n y oportunidades con la realizaci\u00f3n de una nueva edici\u00f3n de la Copa Macarrulla, un torneo que reunir\u00e1 a ocho equipos del Gran Santo Domingo en\u2026","rel":"","context":"En \u00abDEPORTES\u00bb","block_context":{"text":"DEPORTES","link":"https:\/\/lasprimeras.com.do\/index.php\/category\/deportes\/"},"img":{"alt_text":"","src":"https:\/\/i0.wp.com\/lasprimeras.com.do\/wp-content\/uploads\/2026\/08\/IMG-20260820-WA0560.jpg?resize=350%2C200&ssl=1","width":350,"height":200,"srcset":"https:\/\/i0.wp.com\/lasprimeras.com.do\/wp-content\/uploads\/2026\/08\/IMG-20260820-WA0560.jpg?resize=350%2C200&ssl=1 1x, https:\/\/i0.wp.com\/lasprimeras.com.do\/wp-content\/uploads\/2026\/08\/IMG-20260820-WA0560.jpg?resize=525%2C300&ssl=1 1.5x, https:\/\/i0.wp.com\/lasprimeras.com.do\/wp-content\/uploads\/2026\/08\/IMG-20260820-WA0560.jpg?resize=700%2C400&ssl=1 2x, https:\/\/i0.wp.com\/lasprimeras.com.do\/wp-content\/uploads\/2026\/08\/IMG-20260820-WA0560.jpg?resize=1050%2C600&ssl=1 3x"},"classes":[]},{"id":130399,"url":"https:\/\/lasprimeras.com.do\/index.php\/2026\/05\/13\/fundacion-macarrulla-y-museo-de-la-resistencia-convocan-septima-edicion-del-concurso-de-ensayos-por-la-libertad\/","url_meta":{"origin":131866,"position":1},"title":"Fundaci\u00f3n Macarrulla y Museo de la Resistencia convocan s\u00e9ptima edici\u00f3n del Concurso de Ensayos por la Libertad","author":"Nelson Feliz","date":"13 de mayo de 2026","format":false,"excerpt":"La Fundaci\u00f3n Macarrulla y el Museo Memorial de la Resistencia Dominicana anunciaron la s\u00e9ptima edici\u00f3n del \"Concurso de Ensayos por la Libertad\" , una iniciativa dirigida a estudiantes de nivel secundario con el prop\u00f3sito de motivarlos a reflexionar sobre el valor de la libertad y la importancia de preservarla. Lidia\u2026","rel":"","context":"En \u00abENTRETENIMIENTO\u00bb","block_context":{"text":"ENTRETENIMIENTO","link":"https:\/\/lasprimeras.com.do\/index.php\/category\/entretenimiento\/"},"img":{"alt_text":"","src":"https:\/\/i0.wp.com\/lasprimeras.com.do\/wp-content\/uploads\/2026\/05\/IMG-20260513-WA0391.jpg?resize=350%2C200&ssl=1","width":350,"height":200,"srcset":"https:\/\/i0.wp.com\/lasprimeras.com.do\/wp-content\/uploads\/2026\/05\/IMG-20260513-WA0391.jpg?resize=350%2C200&ssl=1 1x, https:\/\/i0.wp.com\/lasprimeras.com.do\/wp-content\/uploads\/2026\/05\/IMG-20260513-WA0391.jpg?resize=525%2C300&ssl=1 1.5x, https:\/\/i0.wp.com\/lasprimeras.com.do\/wp-content\/uploads\/2026\/05\/IMG-20260513-WA0391.jpg?resize=700%2C400&ssl=1 2x, https:\/\/i0.wp.com\/lasprimeras.com.do\/wp-content\/uploads\/2026\/05\/IMG-20260513-WA0391.jpg?resize=1050%2C600&ssl=1 3x"},"classes":[]},{"id":105641,"url":"https:\/\/lasprimeras.com.do\/index.php\/2025\/08\/05\/fundacion-macarrulla-convoca-al-torneo-de-beisbol-infantil-copa-macarrulla\/","url_meta":{"origin":131866,"position":2},"title":"Fundaci\u00f3n Macarrulla convoca al torneo de b\u00e9isbol infantil \u201cCopa Macarrulla\u201d","author":"Nelson Feliz","date":"5 de agosto de 2025","format":false,"excerpt":"\u00a0La Fundaci\u00f3n Macarrulla anunci\u00f3 la celebraci\u00f3n del torneo provincial de b\u00e9isbol infantil \u201cCopa Macarrulla\u201d, un evento deportivo que reunir\u00e1 a ocho ligas infantiles del Gran Santo Domingo y el Distrito Nacional.\u00a0El torneo dirigido a ni\u00f1os de 11 y 12 a\u00f1os, se jugar\u00e1 durante dos fines de semana consecutivos, del viernes\u2026","rel":"","context":"En \u00abDEPORTES\u00bb","block_context":{"text":"DEPORTES","link":"https:\/\/lasprimeras.com.do\/index.php\/category\/deportes\/"},"img":{"alt_text":"","src":"https:\/\/i0.wp.com\/lasprimeras.com.do\/wp-content\/uploads\/2025\/08\/WhatsApp-Image-2025-08-05-at-12.32.23-PM.jpeg?resize=350%2C200&ssl=1","width":350,"height":200,"srcset":"https:\/\/i0.wp.com\/lasprimeras.com.do\/wp-content\/uploads\/2025\/08\/WhatsApp-Image-2025-08-05-at-12.32.23-PM.jpeg?resize=350%2C200&ssl=1 1x, https:\/\/i0.wp.com\/lasprimeras.com.do\/wp-content\/uploads\/2025\/08\/WhatsApp-Image-2025-08-05-at-12.32.23-PM.jpeg?resize=525%2C300&ssl=1 1.5x, https:\/\/i0.wp.com\/lasprimeras.com.do\/wp-content\/uploads\/2025\/08\/WhatsApp-Image-2025-08-05-at-12.32.23-PM.jpeg?resize=700%2C400&ssl=1 2x, https:\/\/i0.wp.com\/lasprimeras.com.do\/wp-content\/uploads\/2025\/08\/WhatsApp-Image-2025-08-05-at-12.32.23-PM.jpeg?resize=1050%2C600&ssl=1 3x"},"classes":[]},{"id":113845,"url":"https:\/\/lasprimeras.com.do\/index.php\/2025\/11\/06\/fundacion-macarrulla-pone-en-circulacion-el-libro-la-libertad-vista-por-estudiantes-de-nivel-secundario\/","url_meta":{"origin":131866,"position":3},"title":"Fundaci\u00f3n Macarrulla pone en circulaci\u00f3n el libro \u201cLa Libertad Vista por Estudiantes de Nivel Secundario\u201d","author":"Nelson Feliz","date":"6 de noviembre de 2025","format":false,"excerpt":"La Fundaci\u00f3n Macarrulla puso en circulaci\u00f3n del libro \u201cLa Libertad Vista por Estudiantes de Nivel Secundario\u201d, una obra que recopila los ensayos ganadores y las menciones honor\u00edficas del Sexto Concurso Estudiantil de Ensayo sobre la Libertad 2025, celebrado en alianza con el Museo Memorial de la Resistencia Dominicana. El acto\u2026","rel":"","context":"En \u00abENTRETENIMIENTO\u00bb","block_context":{"text":"ENTRETENIMIENTO","link":"https:\/\/lasprimeras.com.do\/index.php\/category\/entretenimiento\/"},"img":{"alt_text":"","src":"https:\/\/i0.wp.com\/lasprimeras.com.do\/wp-content\/uploads\/2025\/11\/Fundacion-Macarrulla-1.jpg?resize=350%2C200&ssl=1","width":350,"height":200,"srcset":"https:\/\/i0.wp.com\/lasprimeras.com.do\/wp-content\/uploads\/2025\/11\/Fundacion-Macarrulla-1.jpg?resize=350%2C200&ssl=1 1x, https:\/\/i0.wp.com\/lasprimeras.com.do\/wp-content\/uploads\/2025\/11\/Fundacion-Macarrulla-1.jpg?resize=525%2C300&ssl=1 1.5x, https:\/\/i0.wp.com\/lasprimeras.com.do\/wp-content\/uploads\/2025\/11\/Fundacion-Macarrulla-1.jpg?resize=700%2C400&ssl=1 2x"},"classes":[]},{"id":108669,"url":"https:\/\/lasprimeras.com.do\/index.php\/2025\/09\/09\/fundacion-macarrulla-inaugura-la-copa-macarrulla-2025-con-ocho-equipos-infantiles-del-gran-santo-domingo\/","url_meta":{"origin":131866,"position":4},"title":"Fundaci\u00f3n Macarrulla inaugura la \u201cCopa Macarrulla 2025\u201d con ocho equipos infantiles del Gran Santo Domingo","author":"Nelson Feliz","date":"9 de septiembre de 2025","format":false,"excerpt":"En un ambiente cargado de entusiasmo y valores comunitarios, la Fundaci\u00f3n Macarrulla dej\u00f3 inaugurada la Copa Macarrulla 2025, un torneo provincial de b\u00e9isbol infantil que re\u00fane a ocho equipos del Gran Santo Domingo y el Distrito Nacional, con el prop\u00f3sito de abrir m\u00e1s oportunidades a los ni\u00f1os a trav\u00e9s del\u2026","rel":"","context":"En \u00abDEPORTES\u00bb","block_context":{"text":"DEPORTES","link":"https:\/\/lasprimeras.com.do\/index.php\/category\/deportes\/"},"img":{"alt_text":"","src":"https:\/\/i0.wp.com\/lasprimeras.com.do\/wp-content\/uploads\/2025\/09\/macca-1.jpg?resize=350%2C200&ssl=1","width":350,"height":200,"srcset":"https:\/\/i0.wp.com\/lasprimeras.com.do\/wp-content\/uploads\/2025\/09\/macca-1.jpg?resize=350%2C200&ssl=1 1x, https:\/\/i0.wp.com\/lasprimeras.com.do\/wp-content\/uploads\/2025\/09\/macca-1.jpg?resize=525%2C300&ssl=1 1.5x, https:\/\/i0.wp.com\/lasprimeras.com.do\/wp-content\/uploads\/2025\/09\/macca-1.jpg?resize=700%2C400&ssl=1 2x"},"classes":[]},{"id":138946,"url":"https:\/\/lasprimeras.com.do\/index.php\/2026\/09\/03\/copa-macarrulla-2026-inicia-este-viernes-en-ciudad-juan-bosch\/","url_meta":{"origin":131866,"position":5},"title":"Copa Macarrulla 2026 inicia este viernes en Ciudad Juan Bosch","author":"Nelson Feliz","date":"3 de septiembre de 2026","format":false,"excerpt":"SANTO DOMINGO.=. La Copa Macarrulla 2026 arrancar\u00e1 este viernes en Ciudad Juan Bosch. El torneo infantil rendir\u00e1 homenaje a figuras del b\u00e9isbol y a medallistas de los Juegos Centroamericanos. Se jugar\u00e1 bajo el lema \u201cSembrando valores en el terreno\u201d. Ocho equipos sub-12 participar\u00e1n durante tres fines de semana consecutivos. Est\u00e1n\u2026","rel":"","context":"En \u00abDEPORTES\u00bb","block_context":{"text":"DEPORTES","link":"https:\/\/lasprimeras.com.do\/index.php\/category\/deportes\/"},"img":{"alt_text":"","src":"https:\/\/i0.wp.com\/lasprimeras.com.do\/wp-content\/uploads\/2026\/09\/IMG-20260903-WA0217.jpg?resize=350%2C200&ssl=1","width":350,"height":200,"srcset":"https:\/\/i0.wp.com\/lasprimeras.com.do\/wp-content\/uploads\/2026\/09\/IMG-20260903-WA0217.jpg?resize=350%2C200&ssl=1 1x, https:\/\/i0.wp.com\/lasprimeras.com.do\/wp-content\/uploads\/2026\/09\/IMG-20260903-WA0217.jpg?resize=525%2C300&ssl=1 1.5x, https:\/\/i0.wp.com\/lasprimeras.com.do\/wp-content\/uploads\/2026\/09\/IMG-20260903-WA0217.jpg?resize=700%2C400&ssl=1 2x, https:\/\/i0.wp.com\/lasprimeras.com.do\/wp-content\/uploads\/2026\/09\/IMG-20260903-WA0217.jpg?resize=1050%2C600&ssl=1 3x"},"classes":[]}],"jetpack_sharing_enabled":true,"jetpack_featured_media_url":"https:\/\/lasprimeras.com.do\/wp-content\/uploads\/2026\/05\/IMG-20260521-WA0775.jpg","_links":{"self":[{"href":"https:\/\/lasprimeras.com.do\/index.php\/wp-json\/wp\/v2\/posts\/131866","targetHints":{"allow":["GET"]}}],"collection":[{"href":"https:\/\/lasprimeras.com.do\/index.php\/wp-json\/wp\/v2\/posts"}],"about":[{"href":"https:\/\/lasprimeras.com.do\/index.php\/wp-json\/wp\/v2\/types\/post"}],"author":[{"embeddable":true,"href":"https:\/\/lasprimeras.com.do\/index.php\/wp-json\/wp\/v2\/users\/10"}],"replies":[{"embeddable":true,"href":"https:\/\/lasprimeras.com.do\/index.php\/wp-json\/wp\/v2\/comments?post=131866"}],"version-history":[{"count":1,"href":"https:\/\/lasprimeras.com.do\/index.php\/wp-json\/wp\/v2\/posts\/131866\/revisions"}],"predecessor-version":[{"id":131868,"href":"https:\/\/lasprimeras.com.do\/index.php\/wp-json\/wp\/v2\/posts\/131866\/revisions\/131868"}],"wp:featuredmedia":[{"embeddable":true,"href":"https:\/\/lasprimeras.com.do\/index.php\/wp-json\/wp\/v2\/media\/131867"}],"wp:attachment":[{"href":"https:\/\/lasprimeras.com.do\/index.php\/wp-json\/wp\/v2\/media?parent=131866"}],"wp:term":[{"taxonomy":"category","embeddable":true,"href":"https:\/\/lasprimeras.com.do\/index.php\/wp-json\/wp\/v2\/categories?post=131866"},{"taxonomy":"post_tag","embeddable":true,"href":"https:\/\/lasprimeras.com.do\/index.php\/wp-json\/wp\/v2\/tags?post=131866"}],"curies":[{"name":"wp","href":"https:\/\/api.w.org\/{rel}","templated":true}]}}