{"id":132139,"date":"2026-05-29T08:54:15","date_gmt":"2026-05-29T12:54:15","guid":{"rendered":"https:\/\/lasprimeras.com.do\/?p=132139"},"modified":"2026-05-29T08:54:17","modified_gmt":"2026-05-29T12:54:17","slug":"debil-vaguada-y-polvo-sahariano-limitaran-las-lluvias-este-viernes-informa-indomet","status":"publish","type":"post","link":"https:\/\/lasprimeras.com.do\/index.php\/2026\/05\/29\/debil-vaguada-y-polvo-sahariano-limitaran-las-lluvias-este-viernes-informa-indomet\/","title":{"rendered":"D\u00e9bil vaguada y polvo sahariano limitar\u00e1n las lluvias este viernes, informa Indomet"},"content":{"rendered":"\n<p class=\"wp-block-paragraph\"><strong>Las temperaturas seguir\u00e1n calurosas en todo el pa\u00eds.<\/strong><br><\/p>\n\n\n\n<p class=\"wp-block-paragraph\"><strong>Santo Domingo.-<\/strong>&nbsp;El Instituto Dominicano de Meteorogia inform\u00f3 que este viernes,&nbsp;permaneceremos bajo un ambiente con escaso contenido de humedad m\u00e1s la llegada de ligeras part\u00edculas de polvo sahariano.<\/p>\n\n\n\n<p class=\"wp-block-paragraph\">El Indomet se\u00f1ala que seguir\u00e1 limitando las lluvias significativas en gran parte de la Rep\u00fablica Dominicana.<\/p>\n\n\n\n<p class=\"wp-block-paragraph\">Sin embargo, la incidencia de una d\u00e9bil vaguada en los niveles medios de la troposfera, junto a los efectos orogr\u00e1ficos y de calentamiento diurno, provocar\u00e1n algunos aguaceros locales, tronadas aisladas y posibles r\u00e1fagas de viento, especialmente durante la tarde.<\/p>\n\n\n\n<p class=\"wp-block-paragraph\">Localidades cercanas a monta\u00f1as de Monse\u00f1or Nouel, La Vega, Santiago, Santiago Rodr\u00edguez, recibir\u00e1n los efectos de las lluvias.<\/p>\n\n\n\n<p class=\"wp-block-paragraph\">Las temperaturas seguir\u00e1n&nbsp;<strong>calurosas<\/strong>&nbsp;en todo el pa\u00eds.<\/p>\n\n\n\n<p class=\"wp-block-paragraph\">Se recomienda en horas del d\u00eda, tomar suficientes l\u00edquidos, usar ropa ligera y de colores claros, evitar la exposici\u00f3n prolongada al sol y permanecer en lugares frescos y ventilados.<\/p>\n\n\n\n<p class=\"wp-block-paragraph\"><strong>Distrito Nacional:&nbsp;<\/strong>cielo gris\u00e1ceo con incrementos nubosos, algunos chubascos aislados y posibles tronadas.<\/p>\n\n\n\n<p class=\"wp-block-paragraph\"><strong>Santo Domingo:&nbsp;<\/strong>cielo gris\u00e1ceo con incrementos nubosos, algunos chubascos aislados y posibles tronadas.<\/p>\n","protected":false},"excerpt":{"rendered":"<p>Las temperaturas seguir\u00e1n calurosas en todo el pa\u00eds. Santo Domingo.-&nbsp;El Instituto Dominicano de Meteorogia inform\u00f3 que este viernes,&nbsp;permaneceremos bajo un ambiente con escaso contenido de humedad m\u00e1s la llegada de&hellip;<\/p>\n","protected":false},"author":10,"featured_media":112605,"comment_status":"open","ping_status":"open","sticky":false,"template":"","format":"standard","meta":{"content-type":"","_jetpack_newsletter_access":"","_jetpack_dont_email_post_to_subs":false,"_jetpack_newsletter_tier_id":0,"_jetpack_memberships_contains_paywalled_content":false,"_jetpack_feature_clip_id":0,"_jetpack_memberships_contains_paid_content":false,"footnotes":"","jetpack_post_was_ever_published":false},"categories":[23530,25],"tags":[4192,13553,7158,1518],"class_list":["post-132139","post","type-post","status-publish","format-standard","has-post-thumbnail","hentry","category-clima","category-portada","tag-clima","tag-indomet","tag-polvo-sahariano","tag-vaguada"],"jetpack-related-posts":[{"id":132960,"url":"https:\/\/lasprimeras.com.do\/index.php\/2026\/06\/09\/chubascos-aislados-en-algunas-provincias-persisten-las-particulas-sahariano-informa-indomet\/","url_meta":{"origin":132139,"position":0},"title":"Chubascos aislados en algunas provincias, persisten las part\u00edculas Sahariano, informa Indomet","author":"Nelson Feliz","date":"9 de junio de 2026","format":false,"excerpt":"TEMPERATURAS CALUROSAS El Instituto Dominicano de Meteorogia, informa que durante las horas matutinas, se producir\u00e1n incrementos nubosos con chubascos d\u00e9biles y aislados en Monte Cristi, Valverde, Barahona, entre otras. Mientras que en gran parte del pa\u00eds, se observar\u00e1 un cielo gris\u00e1ceo de aspecto opaco con nubosidad dispersa, producto de un\u2026","rel":"","context":"En \u00abCLIMA\u00bb","block_context":{"text":"CLIMA","link":"https:\/\/lasprimeras.com.do\/index.php\/category\/clima\/"},"img":{"alt_text":"","src":"https:\/\/i0.wp.com\/lasprimeras.com.do\/wp-content\/uploads\/2026\/05\/Lluvias-1.png?resize=350%2C200&ssl=1","width":350,"height":200,"srcset":"https:\/\/i0.wp.com\/lasprimeras.com.do\/wp-content\/uploads\/2026\/05\/Lluvias-1.png?resize=350%2C200&ssl=1 1x, https:\/\/i0.wp.com\/lasprimeras.com.do\/wp-content\/uploads\/2026\/05\/Lluvias-1.png?resize=525%2C300&ssl=1 1.5x, https:\/\/i0.wp.com\/lasprimeras.com.do\/wp-content\/uploads\/2026\/05\/Lluvias-1.png?resize=700%2C400&ssl=1 2x, https:\/\/i0.wp.com\/lasprimeras.com.do\/wp-content\/uploads\/2026\/05\/Lluvias-1.png?resize=1050%2C600&ssl=1 3x"},"classes":[]},{"id":134076,"url":"https:\/\/lasprimeras.com.do\/index.php\/2026\/07\/06\/chubascos-aislados-en-la-manana-aguaceros-locales-con-tonadas-en-la-tarde\/","url_meta":{"origin":132139,"position":1},"title":"Chubascos aislados en la ma\u00f1ana, aguaceros locales con tonadas en la tarde","author":"Nelson Feliz","date":"6 de julio de 2026","format":false,"excerpt":"Santo Domingo - El Instituto Dominicano de Meteorolog\u00eda (Indomet) informa que durante las horas matutinas, observaremos algunos incrementos nubosos y chubascos aislados, sobre localidades de Santo Domingo, San Pedro de Macor\u00eds, San Crist\u00f3bal, Peravia, Barahona y Pedernales. Para la tarde, producto del calentamiento diurno m\u00e1s una vaguada en los niveles\u2026","rel":"","context":"En \u00abCLIMA\u00bb","block_context":{"text":"CLIMA","link":"https:\/\/lasprimeras.com.do\/index.php\/category\/clima\/"},"img":{"alt_text":"","src":"https:\/\/i0.wp.com\/lasprimeras.com.do\/wp-content\/uploads\/2026\/05\/Lluvias-1.png?resize=350%2C200&ssl=1","width":350,"height":200,"srcset":"https:\/\/i0.wp.com\/lasprimeras.com.do\/wp-content\/uploads\/2026\/05\/Lluvias-1.png?resize=350%2C200&ssl=1 1x, https:\/\/i0.wp.com\/lasprimeras.com.do\/wp-content\/uploads\/2026\/05\/Lluvias-1.png?resize=525%2C300&ssl=1 1.5x, https:\/\/i0.wp.com\/lasprimeras.com.do\/wp-content\/uploads\/2026\/05\/Lluvias-1.png?resize=700%2C400&ssl=1 2x, https:\/\/i0.wp.com\/lasprimeras.com.do\/wp-content\/uploads\/2026\/05\/Lluvias-1.png?resize=1050%2C600&ssl=1 3x"},"classes":[]},{"id":135000,"url":"https:\/\/lasprimeras.com.do\/index.php\/2026\/07\/19\/chubascos-y-tronadas-aisladas-en-la-tarde-por-efectos-locales-y-una-debil-vaguada-segun-informa-indomet\/","url_meta":{"origin":132139,"position":2},"title":"Chubascos y tronadas aisladas en la tarde por efectos locales y una d\u00e9bil vaguada, seg\u00fan informa INDOMET","author":"Nelson Feliz","date":"19 de julio de 2026","format":false,"excerpt":"Caluroso y brumoso por polvo del Sahara, escasas lluvias SANTO DOMINGO.-. El Instituto Dominicano de Meteorolog\u00eda (INDOMET), informo que Hoy domingo, la combinaci\u00f3n de los efectos locales (calentamiento diurno y orograf\u00eda) con una d\u00e9bil vaguada favorecer\u00e1 algunos aguaceros dispersos, posibles tronadas y r\u00e1fagas de viento, principalmente sobre Hato Mayor, Monte\u2026","rel":"","context":"En \u00abCLIMA\u00bb","block_context":{"text":"CLIMA","link":"https:\/\/lasprimeras.com.do\/index.php\/category\/clima\/"},"img":{"alt_text":"","src":"https:\/\/i0.wp.com\/lasprimeras.com.do\/wp-content\/uploads\/2025\/06\/Indomet.jpg?resize=350%2C200&ssl=1","width":350,"height":200,"srcset":"https:\/\/i0.wp.com\/lasprimeras.com.do\/wp-content\/uploads\/2025\/06\/Indomet.jpg?resize=350%2C200&ssl=1 1x, https:\/\/i0.wp.com\/lasprimeras.com.do\/wp-content\/uploads\/2025\/06\/Indomet.jpg?resize=525%2C300&ssl=1 1.5x, https:\/\/i0.wp.com\/lasprimeras.com.do\/wp-content\/uploads\/2025\/06\/Indomet.jpg?resize=700%2C400&ssl=1 2x"},"classes":[]},{"id":100469,"url":"https:\/\/lasprimeras.com.do\/index.php\/2025\/06\/06\/indomet-sistema-de-alta-presion-sigue-dominando-condiciones-atmosfericas\/","url_meta":{"origin":132139,"position":3},"title":"Indomet: Sistema de alta presi\u00f3n sigue dominando condiciones atmosf\u00e9ricas","author":"Nelson Feliz","date":"6 de junio de 2025","format":false,"excerpt":"Disminuye polvo del Sahara. El Instituto Dominicano de Meteorolog\u00eda (Indomet) inform\u00f3 que un sistema de alta presi\u00f3n seguir\u00e1 dominando las condiciones atmosf\u00e9ricas en gran parte del territorio nacional. La instituci\u00f3n pronostic\u00f3 un cielo poco nuboso y mayormente soleado en la ma\u00f1ana de este mi\u00e9rcoles. \u201cSin embargo, en la tarde hasta\u2026","rel":"","context":"En \u00abNACIONALES\u00bb","block_context":{"text":"NACIONALES","link":"https:\/\/lasprimeras.com.do\/index.php\/category\/nacionales\/"},"img":{"alt_text":"","src":"https:\/\/i0.wp.com\/lasprimeras.com.do\/wp-content\/uploads\/2025\/06\/tiwmpo.jpg?resize=350%2C200&ssl=1","width":350,"height":200,"srcset":"https:\/\/i0.wp.com\/lasprimeras.com.do\/wp-content\/uploads\/2025\/06\/tiwmpo.jpg?resize=350%2C200&ssl=1 1x, https:\/\/i0.wp.com\/lasprimeras.com.do\/wp-content\/uploads\/2025\/06\/tiwmpo.jpg?resize=525%2C300&ssl=1 1.5x, https:\/\/i0.wp.com\/lasprimeras.com.do\/wp-content\/uploads\/2025\/06\/tiwmpo.jpg?resize=700%2C400&ssl=1 2x"},"classes":[]},{"id":101978,"url":"https:\/\/lasprimeras.com.do\/index.php\/2025\/06\/29\/indomet-disminuye-las-precipitaciones-en-el-territorio-nacional\/","url_meta":{"origin":132139,"position":4},"title":"INDOMET disminuye las precipitaciones en el territorio nacional","author":"Nelson Feliz","date":"29 de junio de 2025","format":false,"excerpt":"El Centro Nacional de Pron\u00f3stico del Instituto Dominicano De Meteorolog\u00eda inform\u00f3 que para este lunes, se pronostica una disminuci\u00f3n significativa de las precipitaciones, debido al alejamiento de la vaguada y la onda tropical. Ambos fen\u00f3menos ser\u00e1n reemplazados por una masa de aire m\u00e1s seca y baja en humedad, y moderada\u2026","rel":"","context":"En \u00abNACIONALES\u00bb","block_context":{"text":"NACIONALES","link":"https:\/\/lasprimeras.com.do\/index.php\/category\/nacionales\/"},"img":{"alt_text":"","src":"https:\/\/i0.wp.com\/lasprimeras.com.do\/wp-content\/uploads\/2025\/06\/Indomet.jpg?resize=350%2C200&ssl=1","width":350,"height":200,"srcset":"https:\/\/i0.wp.com\/lasprimeras.com.do\/wp-content\/uploads\/2025\/06\/Indomet.jpg?resize=350%2C200&ssl=1 1x, https:\/\/i0.wp.com\/lasprimeras.com.do\/wp-content\/uploads\/2025\/06\/Indomet.jpg?resize=525%2C300&ssl=1 1.5x, https:\/\/i0.wp.com\/lasprimeras.com.do\/wp-content\/uploads\/2025\/06\/Indomet.jpg?resize=700%2C400&ssl=1 2x"},"classes":[]}],"jetpack_sharing_enabled":true,"jetpack_featured_media_url":"https:\/\/lasprimeras.com.do\/wp-content\/uploads\/2025\/10\/Indomet.jpg","_links":{"self":[{"href":"https:\/\/lasprimeras.com.do\/index.php\/wp-json\/wp\/v2\/posts\/132139","targetHints":{"allow":["GET"]}}],"collection":[{"href":"https:\/\/lasprimeras.com.do\/index.php\/wp-json\/wp\/v2\/posts"}],"about":[{"href":"https:\/\/lasprimeras.com.do\/index.php\/wp-json\/wp\/v2\/types\/post"}],"author":[{"embeddable":true,"href":"https:\/\/lasprimeras.com.do\/index.php\/wp-json\/wp\/v2\/users\/10"}],"replies":[{"embeddable":true,"href":"https:\/\/lasprimeras.com.do\/index.php\/wp-json\/wp\/v2\/comments?post=132139"}],"version-history":[{"count":1,"href":"https:\/\/lasprimeras.com.do\/index.php\/wp-json\/wp\/v2\/posts\/132139\/revisions"}],"predecessor-version":[{"id":132140,"href":"https:\/\/lasprimeras.com.do\/index.php\/wp-json\/wp\/v2\/posts\/132139\/revisions\/132140"}],"wp:featuredmedia":[{"embeddable":true,"href":"https:\/\/lasprimeras.com.do\/index.php\/wp-json\/wp\/v2\/media\/112605"}],"wp:attachment":[{"href":"https:\/\/lasprimeras.com.do\/index.php\/wp-json\/wp\/v2\/media?parent=132139"}],"wp:term":[{"taxonomy":"category","embeddable":true,"href":"https:\/\/lasprimeras.com.do\/index.php\/wp-json\/wp\/v2\/categories?post=132139"},{"taxonomy":"post_tag","embeddable":true,"href":"https:\/\/lasprimeras.com.do\/index.php\/wp-json\/wp\/v2\/tags?post=132139"}],"curies":[{"name":"wp","href":"https:\/\/api.w.org\/{rel}","templated":true}]}}