{"id":132233,"date":"2026-05-30T21:47:59","date_gmt":"2026-05-31T01:47:59","guid":{"rendered":"https:\/\/lasprimeras.com.do\/?p=132233"},"modified":"2026-05-30T21:48:00","modified_gmt":"2026-05-31T01:48:00","slug":"opositor-edmundo-gonzalez-pide-ir-a-elecciones-para-la-transicion-en-venezuela","status":"publish","type":"post","link":"https:\/\/lasprimeras.com.do\/index.php\/2026\/05\/30\/opositor-edmundo-gonzalez-pide-ir-a-elecciones-para-la-transicion-en-venezuela\/","title":{"rendered":"Opositor Edmundo Gonz\u00e1lez pide ir a elecciones para la transici\u00f3n en Venezuela"},"content":{"rendered":"\n<p class=\"wp-block-paragraph\">CARACAS (AP) \u2014 El excandidato de la oposici\u00f3n a la presidencia de Venezuela Edmundo Gonz\u00e1lez pidi\u00f3 el s\u00e1bado avanzar a las elecciones presidenciales en el pa\u00eds sudamericano, cuando est\u00e1n por cumplirse cinco meses de gobierno de la presidenta encargada, Delcy Rodr\u00edguez, tras una incursi\u00f3n militar estadounidense para capturar a Nicol\u00e1s Maduro.<\/p>\n\n\n\n<p class=\"wp-block-paragraph\">El diplom\u00e1tico de 76 a\u00f1os fue reconocido por varios pa\u00edses como leg\u00edtimo ganador de los comicios de julio de 2024 en medio de una crisis postelectoral y protestas callejeras luego que la oposici\u00f3n aleg\u00f3 un \u201cfraude\u201d.<\/p>\n\n\n\n<p class=\"wp-block-paragraph\">Las actas electorales expuestas que le daban la victoria a Gonz\u00e1lez sobre Maduro fueron consideradas por observadores internacionales como \u201ccre\u00edbles\u201d.<\/p>\n\n\n\n<p class=\"wp-block-paragraph\">En un mensaje difundido en redes sociales, Gonz\u00e1lez consider\u00f3 que es el momento de \u201cconstruir las condiciones para realizar unas elecciones presidenciales que sirvan de instrumentos ciudadanos para el cambio\u201d y que contribuyan a la reinstitucionalizaci\u00f3n del pa\u00eds y a sentar las bases de un gobierno estable.<\/p>\n\n\n\n<p class=\"wp-block-paragraph\">Rodr\u00edguez asumi\u00f3 el poder el 5 de enero tras la captura de Maduro y de su esposa, quienes fueron llevados a Estados Unidos para enfrentar procesos judiciales.<\/p>\n\n\n\n<p class=\"wp-block-paragraph\">La otrora aliada de Maduro fue reconocida por el gobierno de Donald Trump como presidenta, y han avanzado en una serie de acuerdos que han incluido el levantamiento de sanciones y negociaciones en el \u00e1mbito energ\u00e9tico, adem\u00e1s de lograr la normalizaci\u00f3n de las relaciones diplom\u00e1ticas, rotas por varios a\u00f1os.<\/p>\n\n\n\n<p class=\"wp-block-paragraph\">Ni el oficialismo ni Estados Unidos han dado se\u00f1ales de que las elecciones est\u00e9n pr\u00f3ximas a realizarse en Venezuela.<\/p>\n\n\n\n<p class=\"wp-block-paragraph\">Seg\u00fan el l\u00edder opositor, un proceso electoral debe contar con \u201c\u00e1rbitros independientes\u201d, observaci\u00f3n nacional e internacional y pluralismo pol\u00edtico, entre otras condiciones, siendo innegociable la liberaci\u00f3n de los presos por motivos pol\u00edticos y \u201cel fin de la persecuci\u00f3n\u201d.<\/p>\n\n\n\n<p class=\"wp-block-paragraph\">Finalmente, Gonz\u00e1lez asegur\u00f3 ser \u201ccustodio\u201d del mandato de sus electores que decidieron por la \u201clibertad\u201d de Venezuela, asever\u00f3.<\/p>\n\n\n\n<p class=\"wp-block-paragraph\">Desde septiembre de 2024, Gonz\u00e1lez se exili\u00f3 en Espa\u00f1a tras conocerse una orden de detenci\u00f3n levantada en su contra por cargos de supuesta conspiraci\u00f3n, usurpaci\u00f3n y falsificaci\u00f3n de documentos p\u00fablicos, los cuales ha refutado.<\/p>\n\n\n\n<p class=\"wp-block-paragraph\">La figura del exdiplom\u00e1tico tom\u00f3 notoriedad al ser nombrado candidato sustituto de la l\u00edder opositora Mar\u00eda Corina Machado \u2014laureada con el premio Nobel de la Paz\u2014, quien fue inhabilitada para participar en esos comicios.<\/p>\n\n\n\n<p class=\"wp-block-paragraph\">Recientemente desde Panam\u00e1, la l\u00edder pol\u00edtica, en una reuni\u00f3n con dirigentes de la oposici\u00f3n, defendi\u00f3 una transici\u00f3n democr\u00e1tica en Venezuela e insisti\u00f3 en que regresar\u00e1 antes de que termine el a\u00f1o para postularse a la presidencia.<\/p>\n","protected":false},"excerpt":{"rendered":"<p>CARACAS (AP) \u2014 El excandidato de la oposici\u00f3n a la presidencia de Venezuela Edmundo Gonz\u00e1lez pidi\u00f3 el s\u00e1bado avanzar a las elecciones presidenciales en el pa\u00eds sudamericano, cuando est\u00e1n por&hellip;<\/p>\n","protected":false},"author":10,"featured_media":132234,"comment_status":"open","ping_status":"open","sticky":false,"template":"","format":"standard","meta":{"content-type":"","_jetpack_newsletter_access":"","_jetpack_dont_email_post_to_subs":false,"_jetpack_newsletter_tier_id":0,"_jetpack_memberships_contains_paywalled_content":false,"_jetpack_feature_clip_id":0,"_jetpack_memberships_contains_paid_content":false,"footnotes":"","jetpack_post_was_ever_published":false},"categories":[16289],"tags":[14352,182,3548,5006,420],"class_list":["post-132233","post","type-post","status-publish","format-standard","has-post-thumbnail","hentry","category-internacionales","tag-edmundo-gonzalez","tag-elecciones","tag-opositor","tag-transicion","tag-venezuela"],"jetpack-related-posts":[{"id":86572,"url":"https:\/\/lasprimeras.com.do\/index.php\/2024\/07\/28\/edmundo-gonzalez-inesperado-candidato-opositor-que-pretende-sacar-a-maduro-del-poder-en-venezuela\/","url_meta":{"origin":132233,"position":0},"title":"Edmundo Gonz\u00e1lez, inesperado candidato opositor que pretende sacar a Maduro del poder en Venezuela","author":"Nelson Feliz","date":"28 de julio de 2024","format":false,"excerpt":"BY JORGE RUEDA CARACAS (AP) \u2014 Apenas tres meses antes de la fecha prevista para las elecciones de Venezuela, Edmundo Gonz\u00e1lez Urrutia recibi\u00f3 una encomienda que jam\u00e1s busc\u00f3: ser el candidato de la principal coalici\u00f3n opositora que pretender sacar a Nicol\u00e1s Maduro del poder, tras 25 a\u00f1os de gobiernos socialistas.\u2026","rel":"","context":"En \u00abPORTADA\u00bb","block_context":{"text":"PORTADA","link":"https:\/\/lasprimeras.com.do\/index.php\/category\/portada\/"},"img":{"alt_text":"","src":"https:\/\/i0.wp.com\/lasprimeras.com.do\/wp-content\/uploads\/2024\/07\/Edmundo-Gonzalez-Urrutia-1.png?resize=350%2C200&ssl=1","width":350,"height":200,"srcset":"https:\/\/i0.wp.com\/lasprimeras.com.do\/wp-content\/uploads\/2024\/07\/Edmundo-Gonzalez-Urrutia-1.png?resize=350%2C200&ssl=1 1x, https:\/\/i0.wp.com\/lasprimeras.com.do\/wp-content\/uploads\/2024\/07\/Edmundo-Gonzalez-Urrutia-1.png?resize=525%2C300&ssl=1 1.5x, https:\/\/i0.wp.com\/lasprimeras.com.do\/wp-content\/uploads\/2024\/07\/Edmundo-Gonzalez-Urrutia-1.png?resize=700%2C400&ssl=1 2x"},"classes":[]},{"id":86809,"url":"https:\/\/lasprimeras.com.do\/index.php\/2024\/08\/01\/el-gobierno-de-eeuu-reconoce-al-opositor-edmundo-gonzalez-como-el-ganador-de-elecciones-de-venezuela\/","url_meta":{"origin":132233,"position":1},"title":"El gobierno de EEUU reconoce al opositor Edmundo Gonz\u00e1lez como el ganador de elecciones de Venezuela","author":"Nelson Feliz","date":"1 de agosto de 2024","format":false,"excerpt":"By REGINA GARC\u00cdA CANO CARACAS (AP) \u2014 El gobierno de Estados Unidos anunci\u00f3 el jueves que reconoce al opositor venezolano Edmundo Gonz\u00e1lez como el ganador de las elecciones de Venezuela, en las que la autoridad electoral nacional dio la victoria al presidente Nicol\u00e1s Maduro y que han sido duramente cuestionadas\u2026","rel":"","context":"En \u00abSin categor\u00eda\u00bb","block_context":{"text":"Sin categor\u00eda","link":"https:\/\/lasprimeras.com.do\/index.php\/category\/sin-categoria\/"},"img":{"alt_text":"Nicol\u00e1s Maduro","src":"https:\/\/i0.wp.com\/lasprimeras.com.do\/wp-content\/uploads\/2024\/08\/Nicolas-Maduro-3.png?resize=350%2C200&ssl=1","width":350,"height":200,"srcset":"https:\/\/i0.wp.com\/lasprimeras.com.do\/wp-content\/uploads\/2024\/08\/Nicolas-Maduro-3.png?resize=350%2C200&ssl=1 1x, https:\/\/i0.wp.com\/lasprimeras.com.do\/wp-content\/uploads\/2024\/08\/Nicolas-Maduro-3.png?resize=525%2C300&ssl=1 1.5x, https:\/\/i0.wp.com\/lasprimeras.com.do\/wp-content\/uploads\/2024\/08\/Nicolas-Maduro-3.png?resize=700%2C400&ssl=1 2x"},"classes":[]},{"id":92335,"url":"https:\/\/lasprimeras.com.do\/index.php\/2025\/01\/02\/el-opositor-venezolano-edmundo-gonzalez-urrutia-viaja-a-argentina\/","url_meta":{"origin":132233,"position":2},"title":"El opositor venezolano Edmundo Gonz\u00e1lez Urrutia viaja a Argentina","author":"Nelson Feliz","date":"2 de enero de 2025","format":false,"excerpt":"Gonz\u00e1lez se exili\u00f3 en Espa\u00f1a en septiembre y ha prometido volver a su pa\u00eds para \"tomar posesi\u00f3n\" el 10 de enero en lugar de Maduro. Buenos Aires, AFP, Europa Press, EFE - El opositor venezolano Edmundo Gonz\u00e1lez Urrutia, quien reclama el triunfo sobre el presidente Nicol\u00e1s Maduro en las elecciones\u2026","rel":"","context":"En \u00abINTERNACIONALES\u00bb","block_context":{"text":"INTERNACIONALES","link":"https:\/\/lasprimeras.com.do\/index.php\/category\/sin-categoria\/internacionales\/"},"img":{"alt_text":"Edmundo Gonz\u00e1lez Urrutia","src":"https:\/\/i0.wp.com\/lasprimeras.com.do\/wp-content\/uploads\/2025\/01\/Edmundo-Gonzalez-Urrutia.jpg?resize=350%2C200&ssl=1","width":350,"height":200,"srcset":"https:\/\/i0.wp.com\/lasprimeras.com.do\/wp-content\/uploads\/2025\/01\/Edmundo-Gonzalez-Urrutia.jpg?resize=350%2C200&ssl=1 1x, https:\/\/i0.wp.com\/lasprimeras.com.do\/wp-content\/uploads\/2025\/01\/Edmundo-Gonzalez-Urrutia.jpg?resize=525%2C300&ssl=1 1.5x, https:\/\/i0.wp.com\/lasprimeras.com.do\/wp-content\/uploads\/2025\/01\/Edmundo-Gonzalez-Urrutia.jpg?resize=700%2C400&ssl=1 2x"},"classes":[]},{"id":88834,"url":"https:\/\/lasprimeras.com.do\/index.php\/2024\/09\/08\/oea-acusa-a-maduro-de-forzar-el-exilio-del-opositor-venezolano-edmundo-gonzalez-urrutia\/","url_meta":{"origin":132233,"position":3},"title":"OEA acusa a Maduro de forzar el exilio del opositor venezolano Edmundo Gonz\u00e1lez Urrutia","author":"Nelson Feliz","date":"8 de septiembre de 2024","format":false,"excerpt":"Washington, (EFE).- La Organizaci\u00f3n de los Estados Americanos (OEA) acus\u00f3 este domingo al \"r\u00e9gimen autoritario\" venezolano de haber \"forzado el exilio\" del opositor Edmundo Gonz\u00e1lez Urrutia, al que el organismo considera el ganador de las elecciones presidenciales que se celebraron en el pa\u00eds suramericano el pasado 28 de julio. \"El\u2026","rel":"","context":"En \u00abSin categor\u00eda\u00bb","block_context":{"text":"Sin categor\u00eda","link":"https:\/\/lasprimeras.com.do\/index.php\/category\/sin-categoria\/"},"img":{"alt_text":"ANTONIO GUTERRES","src":"https:\/\/i0.wp.com\/lasprimeras.com.do\/wp-content\/uploads\/2024\/09\/ANTONIO-GUTERRES.jpg?resize=350%2C200&ssl=1","width":350,"height":200,"srcset":"https:\/\/i0.wp.com\/lasprimeras.com.do\/wp-content\/uploads\/2024\/09\/ANTONIO-GUTERRES.jpg?resize=350%2C200&ssl=1 1x, https:\/\/i0.wp.com\/lasprimeras.com.do\/wp-content\/uploads\/2024\/09\/ANTONIO-GUTERRES.jpg?resize=525%2C300&ssl=1 1.5x"},"classes":[]},{"id":92459,"url":"https:\/\/lasprimeras.com.do\/index.php\/2025\/01\/04\/edmundo-gonzalez-es-reconocido-por-eeuu-como-vencedor-electoral-emprende-gira-internacional\/","url_meta":{"origin":132233,"position":4},"title":"Edmundo Gonz\u00e1lez es reconocido por EEUU como vencedor electoral emprende gira internacional","author":"Nelson Feliz","date":"4 de enero de 2025","format":false,"excerpt":"BUENOS AIRES (AP) \u2014 El excandidato opositor venezolano Edmundo Gonz\u00e1lez, quien reclama ser ganador de las elecciones ante Nicol\u00e1s Maduro y es reconocido por algunos pa\u00edses como leg\u00edtimo presidente electo de Venezuela, inici\u00f3 una gira internacional que lo llevar\u00e1 a Estados Unidos antes de la toma de posesi\u00f3n del nuevo\u2026","rel":"","context":"En \u00abINTERNACIONALES\u00bb","block_context":{"text":"INTERNACIONALES","link":"https:\/\/lasprimeras.com.do\/index.php\/category\/sin-categoria\/internacionales\/"},"img":{"alt_text":"","src":"https:\/\/i0.wp.com\/lasprimeras.com.do\/wp-content\/uploads\/2025\/01\/edmundo-gonzalez-es-reconocido-por-eeuu-como-vencedor-electoral-emprende-gira-internacional.jpg?resize=350%2C200&ssl=1","width":350,"height":200,"srcset":"https:\/\/i0.wp.com\/lasprimeras.com.do\/wp-content\/uploads\/2025\/01\/edmundo-gonzalez-es-reconocido-por-eeuu-como-vencedor-electoral-emprende-gira-internacional.jpg?resize=350%2C200&ssl=1 1x, https:\/\/i0.wp.com\/lasprimeras.com.do\/wp-content\/uploads\/2025\/01\/edmundo-gonzalez-es-reconocido-por-eeuu-como-vencedor-electoral-emprende-gira-internacional.jpg?resize=525%2C300&ssl=1 1.5x, https:\/\/i0.wp.com\/lasprimeras.com.do\/wp-content\/uploads\/2025\/01\/edmundo-gonzalez-es-reconocido-por-eeuu-como-vencedor-electoral-emprende-gira-internacional.jpg?resize=700%2C400&ssl=1 2x"},"classes":[]},{"id":88837,"url":"https:\/\/lasprimeras.com.do\/index.php\/2024\/09\/08\/edmundo-gonzalez-llega-a-espana-tras-recibir-asilo-politico-del-gobierno-espanol\/","url_meta":{"origin":132233,"position":5},"title":"Edmundo Gonz\u00e1lez llega a Espa\u00f1a tras recibir asilo pol\u00edtico del gobierno espa\u00f1ol","author":"Nelson Feliz","date":"8 de septiembre de 2024","format":false,"excerpt":"El candidato opositor en las elecciones del pasado 28 de julio en Venezuela, Edmundo Gonz\u00e1lez, sali\u00f3 de su pa\u00eds el s\u00e1bado en la noche y lleg\u00f3 el domingo a Espa\u00f1a, donde se le otorg\u00f3 asilo pol\u00edtico. El s\u00e1bado, a trav\u00e9s de su cuenta de Instagram, la vicepresidenta, Delcy Rodr\u00edguez, inform\u00f3\u2026","rel":"","context":"En \u00abSin categor\u00eda\u00bb","block_context":{"text":"Sin categor\u00eda","link":"https:\/\/lasprimeras.com.do\/index.php\/category\/sin-categoria\/"},"img":{"alt_text":"Edmundo Gonz\u00e1lez","src":"https:\/\/i0.wp.com\/lasprimeras.com.do\/wp-content\/uploads\/2024\/09\/Edmundo-Gonzalez.jpg?resize=350%2C200&ssl=1","width":350,"height":200,"srcset":"https:\/\/i0.wp.com\/lasprimeras.com.do\/wp-content\/uploads\/2024\/09\/Edmundo-Gonzalez.jpg?resize=350%2C200&ssl=1 1x, https:\/\/i0.wp.com\/lasprimeras.com.do\/wp-content\/uploads\/2024\/09\/Edmundo-Gonzalez.jpg?resize=525%2C300&ssl=1 1.5x, https:\/\/i0.wp.com\/lasprimeras.com.do\/wp-content\/uploads\/2024\/09\/Edmundo-Gonzalez.jpg?resize=700%2C400&ssl=1 2x"},"classes":[]}],"jetpack_sharing_enabled":true,"jetpack_featured_media_url":"https:\/\/lasprimeras.com.do\/wp-content\/uploads\/2026\/05\/Delcy-Rodriguez.jpg","_links":{"self":[{"href":"https:\/\/lasprimeras.com.do\/index.php\/wp-json\/wp\/v2\/posts\/132233","targetHints":{"allow":["GET"]}}],"collection":[{"href":"https:\/\/lasprimeras.com.do\/index.php\/wp-json\/wp\/v2\/posts"}],"about":[{"href":"https:\/\/lasprimeras.com.do\/index.php\/wp-json\/wp\/v2\/types\/post"}],"author":[{"embeddable":true,"href":"https:\/\/lasprimeras.com.do\/index.php\/wp-json\/wp\/v2\/users\/10"}],"replies":[{"embeddable":true,"href":"https:\/\/lasprimeras.com.do\/index.php\/wp-json\/wp\/v2\/comments?post=132233"}],"version-history":[{"count":1,"href":"https:\/\/lasprimeras.com.do\/index.php\/wp-json\/wp\/v2\/posts\/132233\/revisions"}],"predecessor-version":[{"id":132235,"href":"https:\/\/lasprimeras.com.do\/index.php\/wp-json\/wp\/v2\/posts\/132233\/revisions\/132235"}],"wp:featuredmedia":[{"embeddable":true,"href":"https:\/\/lasprimeras.com.do\/index.php\/wp-json\/wp\/v2\/media\/132234"}],"wp:attachment":[{"href":"https:\/\/lasprimeras.com.do\/index.php\/wp-json\/wp\/v2\/media?parent=132233"}],"wp:term":[{"taxonomy":"category","embeddable":true,"href":"https:\/\/lasprimeras.com.do\/index.php\/wp-json\/wp\/v2\/categories?post=132233"},{"taxonomy":"post_tag","embeddable":true,"href":"https:\/\/lasprimeras.com.do\/index.php\/wp-json\/wp\/v2\/tags?post=132233"}],"curies":[{"name":"wp","href":"https:\/\/api.w.org\/{rel}","templated":true}]}}