{"id":132302,"date":"2026-06-01T00:15:20","date_gmt":"2026-06-01T04:15:20","guid":{"rendered":"https:\/\/lasprimeras.com.do\/?p=132302"},"modified":"2026-06-01T00:15:22","modified_gmt":"2026-06-01T04:15:22","slug":"iberostar-hotels-resorts-y-pnud-impulsan-alianza-para-fortalecer-un-modelo-de-turismo","status":"publish","type":"post","link":"https:\/\/lasprimeras.com.do\/index.php\/2026\/06\/01\/iberostar-hotels-resorts-y-pnud-impulsan-alianza-para-fortalecer-un-modelo-de-turismo\/","title":{"rendered":"Iberostar Hotels &#038; Resorts y PNUD impulsan alianza para fortalecer un modelo de turismo"},"content":{"rendered":"\n<p class=\"wp-block-paragraph\">Santo Domingo\u2013 La cadena hotelera Iberostar Hotels &amp; Resorts y el Programa de las Naciones Unidas para el Desarrollo (PNUD) impulsaron una alianza estrat\u00e9gica para promover cadenas de valor tur\u00edsticas m\u00e1s inclusivas, responsables y resilientes en la Rep\u00fablica Dominicana.<\/p>\n\n\n\n<p class=\"wp-block-paragraph\">Los representantes de Iberostar y el PNUD impulsaran acuerdo mediante acciones conjuntas enfocadas en la responsabilidad ambiental, la resiliencia clim\u00e1tica y el fortalecimiento de proveedores locales y mipymes vinculadas al sector turismo.<\/p>\n\n\n\n<p class=\"wp-block-paragraph\">Mediante la firma de un memor\u00e1ndum de entendimiento rubricado por Alejandro Francisco Ferrer Alcalde, director de operaciones de Rep\u00fablica Dominicana de Iberostar Hotels &amp; Resorts y Ana Mar\u00eda D\u00edaz, representante residente del PNUD en Rep\u00fablica Dominicana.<\/p>\n\n\n\n<p class=\"wp-block-paragraph\">Las entidades se comprometen a impulsar acciones para apoyar la descarbonizaci\u00f3n de la cadena de suministro tur\u00edstica de la empresa, fortalecer capacidades de proveedores y mipymes, promover pr\u00e1cticas de producci\u00f3n y consumo responsable, as\u00ed como impulsar herramientas de gesti\u00f3n de riesgos clim\u00e1ticos y resiliencia operativa.<\/p>\n\n\n\n<p class=\"wp-block-paragraph\">El acuerdo tambi\u00e9n fomentar\u00e1 el desarrollo de espacios de di\u00e1logo, generaci\u00f3n de conocimiento y movilizaci\u00f3n de alianzas entre el sector privado, academia, entidades financieras y sector p\u00fablico.<\/p>\n\n\n\n<p class=\"wp-block-paragraph\">Durante la firma, Ana Mar\u00eda D\u00edaz destac\u00f3 que esta alianza refleja la importancia de construir soluciones conjuntas entre el sector privado y la cooperaci\u00f3n internacional para acelerar las transformaciones sostenibles que requiere el pa\u00eds.<\/p>\n\n\n\n<p class=\"wp-block-paragraph\">Se\u00f1al\u00f3 que el turismo tiene un papel estrat\u00e9gico en el desarrollo econ\u00f3mico nacional y que avanzar hacia modelos m\u00e1s sostenibles y resilientes es fundamental para fortalecer la competitividad, proteger los recursos naturales y generar oportunidades para las comunidades y las mipymes locales.<\/p>\n\n\n\n<p class=\"wp-block-paragraph\">De su lado, Alejandro Ferrer afirm\u00f3 que estas acciones se alinean con la estrategia global en materia de turismo responsable de Iberostar y su movimiento Iberostar Wave of Change, reforzando su hoja de ruta que apuesta por una econom\u00eda circular y un impacto positivo en las comunidades donde opera, entre otras \u00e1reas de foco.<\/p>\n\n\n\n<p class=\"wp-block-paragraph\">\ufeff\u201cEsta alianza refuerza su compromiso a largo plazo con la Rep\u00fablica Dominicana, un destino donde llevamos m\u00e1s de 30 a\u00f1os presentes. \u201dCreemos firmemente que el impacto positivo y la creaci\u00f3n de valor real solo son posibles mediante la colaboraci\u00f3n estrecha con toda la cadena de valor tur\u00edstica. Con este acuerdo, buscamos que el turismo positivo sea el motor de un ecosistema m\u00e1s fuerte, competitivo y preparado para el futuro\u201d, dijo.<\/p>\n\n\n\n<p class=\"wp-block-paragraph\">Entre las \u00e1reas de cooperaci\u00f3n priorizadas se encuentran la medici\u00f3n y reducci\u00f3n de emisiones en la cadena de suministro tur\u00edstica, la promoci\u00f3n de est\u00e1ndares ambientales y sociales, la capacitaci\u00f3n de proveedores locales, el impulso de finanzas sostenibles y la creaci\u00f3n de comunidades de pr\u00e1ctica orientadas a la sostenibilidad empresarial.<\/p>\n\n\n\n<p class=\"wp-block-paragraph\">El memorando tambi\u00e9n prev\u00e9 el desarrollo de foros, campa\u00f1as y publicaciones para sensibilizar sobre la relaci\u00f3n entre sostenibilidad, competitividad y gesti\u00f3n de riesgos en el sector tur\u00edstico, as\u00ed como la promoci\u00f3n de compromisos voluntarios y redes de colaboraci\u00f3n entre actores estrat\u00e9gicos.<\/p>\n\n\n\n<p class=\"wp-block-paragraph\">Con esta alianza, el PNUD y Iberostar buscan seguir contribuyendo a la transformaci\u00f3n del sector tur\u00edstico dominicano hacia modelos m\u00e1s responsables, resilientes e inclusivos, fortaleciendo el aporte del turismo al desarrollo humano y econ\u00f3mico del pa\u00eds.<\/p>\n\n\n\n<p class=\"wp-block-paragraph\">Adem\u00e1s de los firmantes, al acto asistieron: Luz Valentina Lantigua, Destination Stewardship Manager Rep\u00fablica Dominicana, por parte de Iberostar Hotels &amp; Resorts; Victor Alfonso Rodriguez Marte, Coordinador del Sector Privado del PNUD; Julissa Lopez,\u2028Analista de monitoreo y evaluaci\u00f3n del portafolio de producci\u00f3n y consumo sostenible.<\/p>\n\n\n\n<p class=\"wp-block-paragraph\">.<\/p>\n","protected":false},"excerpt":{"rendered":"<p>Santo Domingo\u2013 La cadena hotelera Iberostar Hotels &amp; Resorts y el Programa de las Naciones Unidas para el Desarrollo (PNUD) impulsaron una alianza estrat\u00e9gica para promover cadenas de valor tur\u00edsticas&hellip;<\/p>\n","protected":false},"author":10,"featured_media":132303,"comment_status":"open","ping_status":"open","sticky":false,"template":"","format":"standard","meta":{"content-type":"","_jetpack_newsletter_access":"","_jetpack_dont_email_post_to_subs":false,"_jetpack_newsletter_tier_id":0,"_jetpack_memberships_contains_paywalled_content":false,"_jetpack_feature_clip_id":0,"_jetpack_memberships_contains_paid_content":false,"footnotes":"","jetpack_post_was_ever_published":false},"categories":[25,376],"tags":[50,28654,34147,4746],"class_list":["post-132302","post","type-post","status-publish","format-standard","has-post-thumbnail","hentry","category-portada","category-turismo","tag-alianza","tag-iberostar-hotels-resorts","tag-modelo-de-turismo","tag-pnud"],"jetpack-related-posts":[{"id":110968,"url":"https:\/\/lasprimeras.com.do\/index.php\/2025\/10\/03\/sirenis-hotels-resorts-revoluciona-el-turismo-sostenible-en-alianza-con-gppa\/","url_meta":{"origin":132302,"position":0},"title":"Sirenis Hotels &#038; Resorts Revoluciona el Turismo Sostenible en Alianza con GPPA","author":"Nelson Feliz","date":"3 de octubre de 2025","format":false,"excerpt":"Grand Sirenis Punta Cana Resort celebra la formalizaci\u00f3n de una alianza estrat\u00e9gica con\u00a0Consultores en Gesti\u00f3n, Pol\u00edtica y Planificaci\u00f3n Ambiental S.C. (GPPA), un salto hacia un modelo de sostenibilidad pionero en Am\u00e9rica y el Caribe. Esta colaboraci\u00f3n, integrada en nuestro programa\u00a0Sirenis Sostenible, no solo eleva nuestras pr\u00e1cticas ambientales, sino que inspira\u2026","rel":"","context":"En \u00abTURISMO\u00bb","block_context":{"text":"TURISMO","link":"https:\/\/lasprimeras.com.do\/index.php\/category\/turismo\/"},"img":{"alt_text":"","src":"https:\/\/i0.wp.com\/lasprimeras.com.do\/wp-content\/uploads\/2025\/10\/Sin-titulo-2.jpg?resize=350%2C200&ssl=1","width":350,"height":200,"srcset":"https:\/\/i0.wp.com\/lasprimeras.com.do\/wp-content\/uploads\/2025\/10\/Sin-titulo-2.jpg?resize=350%2C200&ssl=1 1x, https:\/\/i0.wp.com\/lasprimeras.com.do\/wp-content\/uploads\/2025\/10\/Sin-titulo-2.jpg?resize=525%2C300&ssl=1 1.5x, https:\/\/i0.wp.com\/lasprimeras.com.do\/wp-content\/uploads\/2025\/10\/Sin-titulo-2.jpg?resize=700%2C400&ssl=1 2x"},"classes":[]},{"id":117880,"url":"https:\/\/lasprimeras.com.do\/index.php\/2025\/12\/16\/iberostar-hotels-resorts-se-integra-al-programa-de-formacion-dual-de-infotep\/","url_meta":{"origin":132302,"position":1},"title":"Iberostar Hotels &#038; Resorts se integra al programa de Formaci\u00f3n Dual de INFOTEP","author":"Nelson Feliz","date":"16 de diciembre de 2025","format":false,"excerpt":"Buscan impulsar oportunidades laborales y desarrollar nuevo talento en el sector hotelero de B\u00e1varo, Punta Cana. Iberostar Hotels & Resorts acord\u00f3 con el Instituto Nacional de Formaci\u00f3n T\u00e9cnico Profesional (INFOTEP) iniciar la implementaci\u00f3n del Programa ProDual, con el compromiso de fortalecer sus acciones de responsabilidad social y ampliar las oportunidades\u2026","rel":"","context":"En \u00abTURISMO\u00bb","block_context":{"text":"TURISMO","link":"https:\/\/lasprimeras.com.do\/index.php\/category\/turismo\/"},"img":{"alt_text":"","src":"https:\/\/i0.wp.com\/lasprimeras.com.do\/wp-content\/uploads\/2025\/12\/infotep-1.jpg?resize=350%2C200&ssl=1","width":350,"height":200,"srcset":"https:\/\/i0.wp.com\/lasprimeras.com.do\/wp-content\/uploads\/2025\/12\/infotep-1.jpg?resize=350%2C200&ssl=1 1x, https:\/\/i0.wp.com\/lasprimeras.com.do\/wp-content\/uploads\/2025\/12\/infotep-1.jpg?resize=525%2C300&ssl=1 1.5x, https:\/\/i0.wp.com\/lasprimeras.com.do\/wp-content\/uploads\/2025\/12\/infotep-1.jpg?resize=700%2C400&ssl=1 2x"},"classes":[]},{"id":109438,"url":"https:\/\/lasprimeras.com.do\/index.php\/2025\/09\/18\/grand-sirenis-punta-cana-apuesta-por-la-sostenibilidad-con-planta-solar-fotovoltaica\/","url_meta":{"origin":132302,"position":2},"title":"Grand Sirenis Punta Cana apuesta por la sostenibilidad con Planta Solar Fotovoltaica","author":"Nelson Feliz","date":"18 de septiembre de 2025","format":false,"excerpt":"-Enmarcada en el programa Sirenis Sostenible, refuerza su compromiso con el manejo responsable del ambiente. -Reitera su cumplimiento riguroso de las normas ambientales con el respaldo de certificaciones internacionales de prestigio. Grand Sirenis Punta Cana Hotels & Resorts, parte de la cadena espa\u00f1ola Sirenis, reafirma su compromiso con la protecci\u00f3n\u2026","rel":"","context":"En \u00abTURISMO\u00bb","block_context":{"text":"TURISMO","link":"https:\/\/lasprimeras.com.do\/index.php\/category\/turismo\/"},"img":{"alt_text":"Grand Sirenis Punta Cana","src":"https:\/\/i0.wp.com\/lasprimeras.com.do\/wp-content\/uploads\/2025\/09\/Foto-principal.jpg?resize=350%2C200&ssl=1","width":350,"height":200,"srcset":"https:\/\/i0.wp.com\/lasprimeras.com.do\/wp-content\/uploads\/2025\/09\/Foto-principal.jpg?resize=350%2C200&ssl=1 1x, https:\/\/i0.wp.com\/lasprimeras.com.do\/wp-content\/uploads\/2025\/09\/Foto-principal.jpg?resize=525%2C300&ssl=1 1.5x, https:\/\/i0.wp.com\/lasprimeras.com.do\/wp-content\/uploads\/2025\/09\/Foto-principal.jpg?resize=700%2C400&ssl=1 2x"},"classes":[]},{"id":115538,"url":"https:\/\/lasprimeras.com.do\/index.php\/2025\/11\/23\/grupo-de-valle-en-36-meses-desarrolla-el-primer-days-inn-by-wyndham-en-rd\/","url_meta":{"origin":132302,"position":3},"title":"Grupo De Valle en 36 meses desarrolla el primer Days Inn by Wyndham en RD","author":"Nelson Feliz","date":"23 de noviembre de 2025","format":false,"excerpt":"Grupo De Valle destac\u00f3 la importancia que representa para Juan Dolio la apertura del hotel Days Inn by Wyndham Juan Dolio, cuya inauguraci\u00f3n ser\u00e1 el pr\u00f3ximo 8 de diciembre. Wyndham Hotels & Resorts confirm\u00f3 en su sitio web oficial que el 8 de diciembre ser\u00e1 la fecha de apertura del\u2026","rel":"","context":"En \u00abTURISMO\u00bb","block_context":{"text":"TURISMO","link":"https:\/\/lasprimeras.com.do\/index.php\/category\/turismo\/"},"img":{"alt_text":"","src":"https:\/\/i0.wp.com\/lasprimeras.com.do\/wp-content\/uploads\/2025\/11\/Grupo-De-Valle.jpg?resize=350%2C200&ssl=1","width":350,"height":200,"srcset":"https:\/\/i0.wp.com\/lasprimeras.com.do\/wp-content\/uploads\/2025\/11\/Grupo-De-Valle.jpg?resize=350%2C200&ssl=1 1x, https:\/\/i0.wp.com\/lasprimeras.com.do\/wp-content\/uploads\/2025\/11\/Grupo-De-Valle.jpg?resize=525%2C300&ssl=1 1.5x, https:\/\/i0.wp.com\/lasprimeras.com.do\/wp-content\/uploads\/2025\/11\/Grupo-De-Valle.jpg?resize=700%2C400&ssl=1 2x, https:\/\/i0.wp.com\/lasprimeras.com.do\/wp-content\/uploads\/2025\/11\/Grupo-De-Valle.jpg?resize=1050%2C600&ssl=1 3x"},"classes":[]},{"id":74854,"url":"https:\/\/lasprimeras.com.do\/index.php\/2024\/01\/26\/alterra-village-lanza-el-primer-hotel-internacional-de-jarabacoa\/","url_meta":{"origin":132302,"position":4},"title":"Alterra Village lanza el primer hotel internacional de Jarabacoa","author":"Nelson Feliz","date":"26 de enero de 2024","format":false,"excerpt":"Madrid, Espa\u00f1a.-. FITUR \u2014 Alterra Village y Grupo De Valle han anunciado sus planes para desarrollar los primeros hoteles y residencias de Registry Collection en la regi\u00f3n del Caribe. El anuncio se realiz\u00f3 en el marco de la Feria Internacional de Turismo (FITUR), un hito importante que har\u00e1 de Jarabacoa\u2026","rel":"","context":"En \u00abTURISMO\u00bb","block_context":{"text":"TURISMO","link":"https:\/\/lasprimeras.com.do\/index.php\/category\/turismo\/"},"img":{"alt_text":"Wyndham Hotels & Resorts","src":"https:\/\/i0.wp.com\/lasprimeras.com.do\/wp-content\/uploads\/2024\/01\/Wyndham-Hotels-Resorts.jpg?resize=350%2C200&ssl=1","width":350,"height":200,"srcset":"https:\/\/i0.wp.com\/lasprimeras.com.do\/wp-content\/uploads\/2024\/01\/Wyndham-Hotels-Resorts.jpg?resize=350%2C200&ssl=1 1x, https:\/\/i0.wp.com\/lasprimeras.com.do\/wp-content\/uploads\/2024\/01\/Wyndham-Hotels-Resorts.jpg?resize=525%2C300&ssl=1 1.5x, https:\/\/i0.wp.com\/lasprimeras.com.do\/wp-content\/uploads\/2024\/01\/Wyndham-Hotels-Resorts.jpg?resize=700%2C400&ssl=1 2x"},"classes":[]},{"id":80136,"url":"https:\/\/lasprimeras.com.do\/index.php\/2024\/04\/04\/hotelera-karisma-apuesta-por-puerto-plata-desarrollara-en-bergantin-hotel-de-300-habitaciones-y-parque-acuatico\/","url_meta":{"origin":132302,"position":5},"title":"Hotelera Karisma apuesta por Puerto Plata desarrollar\u00e1 en Bergant\u00edn hotel de 300 habitaciones y parque acu\u00e1tico","author":"BIMARY DE JES\u00daS Matos","date":"4 de abril de 2024","format":false,"excerpt":"PUERTO PLATA. La cadena hotelera Karisma Hotels & Resorts firm\u00f3 un acuerdo de entendimiento con el Fideicomiso de Punta Bergant\u00edn, para desarrollar un proyecto de 300 habitaciones y un parque acu\u00e1tico.El proyecto incluir\u00e1 en su desarrollo restaurantes, bares, espacios para reuniones, instalaciones de bienestar, salud y fitness, piscinas y \u00e1reas\u2026","rel":"","context":"En \u00abTURISMO\u00bb","block_context":{"text":"TURISMO","link":"https:\/\/lasprimeras.com.do\/index.php\/category\/turismo\/"},"img":{"alt_text":"","src":"https:\/\/i0.wp.com\/lasprimeras.com.do\/wp-content\/uploads\/2024\/04\/WhatsApp-Image-2024-04-04-at-11.39.25-AM.jpeg?resize=350%2C200&ssl=1","width":350,"height":200,"srcset":"https:\/\/i0.wp.com\/lasprimeras.com.do\/wp-content\/uploads\/2024\/04\/WhatsApp-Image-2024-04-04-at-11.39.25-AM.jpeg?resize=350%2C200&ssl=1 1x, https:\/\/i0.wp.com\/lasprimeras.com.do\/wp-content\/uploads\/2024\/04\/WhatsApp-Image-2024-04-04-at-11.39.25-AM.jpeg?resize=525%2C300&ssl=1 1.5x, https:\/\/i0.wp.com\/lasprimeras.com.do\/wp-content\/uploads\/2024\/04\/WhatsApp-Image-2024-04-04-at-11.39.25-AM.jpeg?resize=700%2C400&ssl=1 2x"},"classes":[]}],"jetpack_sharing_enabled":true,"jetpack_featured_media_url":"https:\/\/lasprimeras.com.do\/wp-content\/uploads\/2026\/06\/Alejandro-Francisco-Ferrer.jpg","_links":{"self":[{"href":"https:\/\/lasprimeras.com.do\/index.php\/wp-json\/wp\/v2\/posts\/132302","targetHints":{"allow":["GET"]}}],"collection":[{"href":"https:\/\/lasprimeras.com.do\/index.php\/wp-json\/wp\/v2\/posts"}],"about":[{"href":"https:\/\/lasprimeras.com.do\/index.php\/wp-json\/wp\/v2\/types\/post"}],"author":[{"embeddable":true,"href":"https:\/\/lasprimeras.com.do\/index.php\/wp-json\/wp\/v2\/users\/10"}],"replies":[{"embeddable":true,"href":"https:\/\/lasprimeras.com.do\/index.php\/wp-json\/wp\/v2\/comments?post=132302"}],"version-history":[{"count":1,"href":"https:\/\/lasprimeras.com.do\/index.php\/wp-json\/wp\/v2\/posts\/132302\/revisions"}],"predecessor-version":[{"id":132304,"href":"https:\/\/lasprimeras.com.do\/index.php\/wp-json\/wp\/v2\/posts\/132302\/revisions\/132304"}],"wp:featuredmedia":[{"embeddable":true,"href":"https:\/\/lasprimeras.com.do\/index.php\/wp-json\/wp\/v2\/media\/132303"}],"wp:attachment":[{"href":"https:\/\/lasprimeras.com.do\/index.php\/wp-json\/wp\/v2\/media?parent=132302"}],"wp:term":[{"taxonomy":"category","embeddable":true,"href":"https:\/\/lasprimeras.com.do\/index.php\/wp-json\/wp\/v2\/categories?post=132302"},{"taxonomy":"post_tag","embeddable":true,"href":"https:\/\/lasprimeras.com.do\/index.php\/wp-json\/wp\/v2\/tags?post=132302"}],"curies":[{"name":"wp","href":"https:\/\/api.w.org\/{rel}","templated":true}]}}