{"id":132444,"date":"2026-06-02T18:13:41","date_gmt":"2026-06-02T22:13:41","guid":{"rendered":"https:\/\/lasprimeras.com.do\/?p=132444"},"modified":"2026-06-02T18:13:43","modified_gmt":"2026-06-02T22:13:43","slug":"fundacion-reservas-del-pais-ofrece-conferencia-a-microempresarios-de-pedernales","status":"publish","type":"post","link":"https:\/\/lasprimeras.com.do\/index.php\/2026\/06\/02\/fundacion-reservas-del-pais-ofrece-conferencia-a-microempresarios-de-pedernales\/","title":{"rendered":"Fundaci\u00f3n Reservas del Pa\u00eds ofrece conferencia a microempresarios de Pedernales"},"content":{"rendered":"\n<p class=\"wp-block-paragraph\"><strong>La iniciativa busca fortalecer el desarrollo local y las buenas pr\u00e1cticas empresariales de la zona<\/strong><\/p>\n\n\n\n<p class=\"wp-block-paragraph\"><strong>Pedernales, R.D. \u2013 <\/strong>La Fundaci\u00f3n Reservas del Pa\u00eds capacit\u00f3 a m\u00e1s de 100 microempresarios de Pedernales a trav\u00e9s de la conferencia Oportunidades, Gobernanza y Buenas Pr\u00e1cticas como parte de los esfuerzos para impulsar el desarrollo local y el tejido productivo en las comunidades de la regi\u00f3n.<\/p>\n\n\n\n<p class=\"wp-block-paragraph\">La actividad fue encabezada por la vicepresidenta ejecutiva de la Fundaci\u00f3n Reservas del Pa\u00eds, Yamily L\u00f3pez, quien expres\u00f3 la misi\u00f3n que tiene esa instituci\u00f3n para contribuir con el bienestar social desde una estrategia de apoyo integral al sector de las microfinanzas.<\/p>\n\n\n\n<p class=\"wp-block-paragraph\">\u00abEl desarrollo se construye desde las comunidades. Por ello, escuchamos activamente, nos acercamos y actuamos donde m\u00e1s se necesita, acompa\u00f1ando a nuestras cooperativas para que contin\u00faen transformando la vida de sus socios y el desarrollo de sus comunidades\u00bb, afirm\u00f3.<\/p>\n\n\n\n<p class=\"wp-block-paragraph\">Los participantes recibieron entrenamientos vinculados a la toma de decisiones responsables, la transparencia institucional y el robustecimiento de las estructuras organizacionales, elementos esenciales para garantizar la sostenibilidad y el crecimiento de las cooperativas para generar un impacto positivo en sus comunidades.<\/p>\n\n\n\n<p class=\"wp-block-paragraph\">El encuentro reuni\u00f3 a miembros y microempresarios asociados a la Cooperativa De Ahorros Y Cr\u00e9ditos COOTRALCOA, consolid\u00e1ndose como un espacio clave de aprendizaje, intercambio y construcci\u00f3n colectiva en la regi\u00f3n sur del pa\u00eds.<\/p>\n\n\n\n<p class=\"wp-block-paragraph\">Los beneficiados manifestaron su satisfacci\u00f3n y agradecimiento, destacando el esfuerzo de la Fundaci\u00f3n Reservas del Pa\u00eds por acompa\u00f1ar de manera directa a este sector productivo radicado en zonas apartadas de las ciudades con mayor movimiento econ\u00f3mico.<\/p>\n\n\n\n<p class=\"wp-block-paragraph\">Esta jornada forma parte del programa que desarrolla la Fundaci\u00f3n Reservas del Pa\u00eds como reflejo del compromiso con el fortalecimiento del sector de las microfinanzas y su proceso de tecnificaci\u00f3n.<\/p>\n\n\n\n<p class=\"wp-block-paragraph\">La entidad mantiene encuentros con socios y miembros de cooperativas de las regiones norte y sur de la Rep\u00fablica Dominicana, as\u00ed como con actores claves para el desarrollo comunitario.<\/p>\n","protected":false},"excerpt":{"rendered":"<p>La iniciativa busca fortalecer el desarrollo local y las buenas pr\u00e1cticas empresariales de la zona Pedernales, R.D. \u2013 La Fundaci\u00f3n Reservas del Pa\u00eds capacit\u00f3 a m\u00e1s de 100 microempresarios de&hellip;<\/p>\n","protected":false},"author":10,"featured_media":132445,"comment_status":"open","ping_status":"open","sticky":false,"template":"","format":"standard","meta":{"content-type":"","_jetpack_newsletter_access":"","_jetpack_dont_email_post_to_subs":false,"_jetpack_newsletter_tier_id":0,"_jetpack_memberships_contains_paywalled_content":false,"_jetpack_feature_clip_id":0,"_jetpack_memberships_contains_paid_content":false,"footnotes":"","jetpack_post_was_ever_published":false},"categories":[39,25],"tags":[667,34195,4469,30],"class_list":["post-132444","post","type-post","status-publish","format-standard","has-post-thumbnail","hentry","category-economia","category-portada","tag-conferencia","tag-fundacion-reservas-del-pais","tag-microempresarios","tag-pedernales"],"jetpack-related-posts":[{"id":137859,"url":"https:\/\/lasprimeras.com.do\/index.php\/2026\/08\/21\/fundacion-reservas-del-pais-inaugura-la-5-a-feria-de-cooperativas-y-asociaciones-aliadas-de-santo-domingo\/","url_meta":{"origin":132444,"position":0},"title":"Fundaci\u00f3n Reservas del Pa\u00eds inaugura la 5.\u00aa Feria de Cooperativas y Asociaciones Aliadas de Santo Domingo","author":"Nelson Feliz","date":"21 de agosto de 2026","format":false,"excerpt":"M\u00e1s de 20 entidades de finanzas solidarias participan en un espacio que promueve financiamiento, capacitaci\u00f3n, innovaci\u00f3n y nuevas oportunidades para emprendedores y microempresarios. Santo Domingo.- La Fundaci\u00f3n Reservas del Pa\u00eds inaugur\u00f3 la quinta edici\u00f3n de la Feria de Cooperativas y Asociaciones Aliadas de Santo Domingo, que re\u00fane a m\u00e1s de\u2026","rel":"","context":"En \u00abPORTADA\u00bb","block_context":{"text":"PORTADA","link":"https:\/\/lasprimeras.com.do\/index.php\/category\/portada\/"},"img":{"alt_text":"","src":"https:\/\/i0.wp.com\/lasprimeras.com.do\/wp-content\/uploads\/2026\/08\/banreservas-2.jpg?resize=350%2C200&ssl=1","width":350,"height":200,"srcset":"https:\/\/i0.wp.com\/lasprimeras.com.do\/wp-content\/uploads\/2026\/08\/banreservas-2.jpg?resize=350%2C200&ssl=1 1x, https:\/\/i0.wp.com\/lasprimeras.com.do\/wp-content\/uploads\/2026\/08\/banreservas-2.jpg?resize=525%2C300&ssl=1 1.5x, https:\/\/i0.wp.com\/lasprimeras.com.do\/wp-content\/uploads\/2026\/08\/banreservas-2.jpg?resize=700%2C400&ssl=1 2x"},"classes":[]},{"id":127550,"url":"https:\/\/lasprimeras.com.do\/index.php\/2026\/04\/13\/fundacion-reservas-del-pais-realiza-cooperativas-y-asociaciones-aliadas-de-la-zona-sur\/","url_meta":{"origin":132444,"position":1},"title":"Fundaci\u00f3n Reservas del Pa\u00eds realiza cooperativas y asociaciones aliadas de la Zona Sur","author":"Nelson Feliz","date":"13 de abril de 2026","format":false,"excerpt":"La Fundaci\u00f3n Reservas del Pa\u00eds celebr\u00f3 un encuentro con cooperativas y asociaciones aliadas de la zona Sur, con el objetivo de conocer sus pr\u00f3ximos proyectos, promover los servicios disponibles y afianzar la relaci\u00f3n de colaboraci\u00f3n que impulsa el desarrollo del sector. Yamily Alina L\u00f3pez, vicepresidenta ejecutiva de la Fundaci\u00f3n Reservas\u2026","rel":"","context":"En \u00abECONOM\u00cdA\u00bb","block_context":{"text":"ECONOM\u00cdA","link":"https:\/\/lasprimeras.com.do\/index.php\/category\/economia\/"},"img":{"alt_text":"","src":"https:\/\/i0.wp.com\/lasprimeras.com.do\/wp-content\/uploads\/2026\/04\/IMG-20260413-WA0853.jpg?resize=350%2C200&ssl=1","width":350,"height":200,"srcset":"https:\/\/i0.wp.com\/lasprimeras.com.do\/wp-content\/uploads\/2026\/04\/IMG-20260413-WA0853.jpg?resize=350%2C200&ssl=1 1x, https:\/\/i0.wp.com\/lasprimeras.com.do\/wp-content\/uploads\/2026\/04\/IMG-20260413-WA0853.jpg?resize=525%2C300&ssl=1 1.5x, https:\/\/i0.wp.com\/lasprimeras.com.do\/wp-content\/uploads\/2026\/04\/IMG-20260413-WA0853.jpg?resize=700%2C400&ssl=1 2x, https:\/\/i0.wp.com\/lasprimeras.com.do\/wp-content\/uploads\/2026\/04\/IMG-20260413-WA0853.jpg?resize=1050%2C600&ssl=1 3x"},"classes":[]},{"id":100854,"url":"https:\/\/lasprimeras.com.do\/index.php\/2025\/06\/12\/abogan-por-un-desarrollo-turistico-en-pedernales-que-respete-el-entorno-y-beneficie-comunidades-locales\/","url_meta":{"origin":132444,"position":2},"title":"Abogan por un desarrollo tur\u00edstico en Pedernales que respete el entorno y beneficie comunidades locales","author":"Nelson Feliz","date":"12 de junio de 2025","format":false,"excerpt":"\u00a0Diversos representantes del sector medioambiental coincidieron en se\u00f1alar que el desarrollo del nuevo polo tur\u00edstico Cabo Rojo, en Pedernales, debe ejecutarse con absoluto respeto a la integridad del medio ambiente, especialmente a las \u00e1reas protegidas de la zona,y garantizar la participaci\u00f3n activa de la comunidad para que los beneficios lleguen\u2026","rel":"","context":"En \u00abNACIONALES\u00bb","block_context":{"text":"NACIONALES","link":"https:\/\/lasprimeras.com.do\/index.php\/category\/nacionales\/"},"img":{"alt_text":"","src":"https:\/\/i0.wp.com\/lasprimeras.com.do\/wp-content\/uploads\/2025\/06\/Ambientalistas.jpg?resize=350%2C200&ssl=1","width":350,"height":200,"srcset":"https:\/\/i0.wp.com\/lasprimeras.com.do\/wp-content\/uploads\/2025\/06\/Ambientalistas.jpg?resize=350%2C200&ssl=1 1x, https:\/\/i0.wp.com\/lasprimeras.com.do\/wp-content\/uploads\/2025\/06\/Ambientalistas.jpg?resize=525%2C300&ssl=1 1.5x, https:\/\/i0.wp.com\/lasprimeras.com.do\/wp-content\/uploads\/2025\/06\/Ambientalistas.jpg?resize=700%2C400&ssl=1 2x"},"classes":[]},{"id":136881,"url":"https:\/\/lasprimeras.com.do\/index.php\/2026\/08\/09\/infotep-fortalece-competencias-en-pedernales-ante-el-auge-turistico\/","url_meta":{"origin":132444,"position":3},"title":"Infotep fortalece competencias en Pedernales ante el auge tur\u00edstico","author":"Nelson Feliz","date":"9 de agosto de 2026","format":false,"excerpt":"La certificaci\u00f3n de 59 participantes en el Diplomado Distintivo de Puertos de Cruceros contribuye a elevar la oferta laboral t\u00e9cnica y preparar a la poblaci\u00f3n local para aprovechar las oportunidades que genera la expansi\u00f3n tur\u00edstica de la provincia. Cabo Rojo, Pedernales. -El Instituto Nacional de Formaci\u00f3n T\u00e9cnico Profesional (INFOTEP), junto\u2026","rel":"","context":"En \u00abTURISMO\u00bb","block_context":{"text":"TURISMO","link":"https:\/\/lasprimeras.com.do\/index.php\/category\/turismo\/"},"img":{"alt_text":"INFOTEP","src":"https:\/\/i0.wp.com\/lasprimeras.com.do\/wp-content\/uploads\/2026\/08\/INFOTEP-1.jpg?resize=350%2C200&ssl=1","width":350,"height":200,"srcset":"https:\/\/i0.wp.com\/lasprimeras.com.do\/wp-content\/uploads\/2026\/08\/INFOTEP-1.jpg?resize=350%2C200&ssl=1 1x, https:\/\/i0.wp.com\/lasprimeras.com.do\/wp-content\/uploads\/2026\/08\/INFOTEP-1.jpg?resize=525%2C300&ssl=1 1.5x, https:\/\/i0.wp.com\/lasprimeras.com.do\/wp-content\/uploads\/2026\/08\/INFOTEP-1.jpg?resize=700%2C400&ssl=1 2x"},"classes":[]},{"id":80911,"url":"https:\/\/lasprimeras.com.do\/index.php\/2024\/04\/14\/infotep-certifica-a-35-participantes-capacitados-para-el-desarrollo-turistico-de-pedernales\/","url_meta":{"origin":132444,"position":4},"title":"INFOTEP certifica a 35 participantes capacitados para el desarrollo tur\u00edstico de Pedernales","author":"Nelson Feliz","date":"14 de abril de 2024","format":false,"excerpt":"El Instituto Nacional de Formaci\u00f3n T\u00e9cnico Profesional (INFOTEP) y la Fundaci\u00f3n Genera ITM certificaron a 35 participantes, capacitados para el desarrollo tur\u00edstico de Pedernales. Los participantes recibieron sus certificados luego de agotar las capacitaciones: T\u00e9cnicas de las 5s para la Mejora Continua, Desarrollo de Habilidades Esenciales para el Servicio al\u2026","rel":"","context":"En \u00abNACIONALES\u00bb","block_context":{"text":"NACIONALES","link":"https:\/\/lasprimeras.com.do\/index.php\/category\/nacionales\/"},"img":{"alt_text":"Infotep","src":"https:\/\/i0.wp.com\/lasprimeras.com.do\/wp-content\/uploads\/2024\/04\/Infotep.jpg?resize=350%2C200&ssl=1","width":350,"height":200,"srcset":"https:\/\/i0.wp.com\/lasprimeras.com.do\/wp-content\/uploads\/2024\/04\/Infotep.jpg?resize=350%2C200&ssl=1 1x, https:\/\/i0.wp.com\/lasprimeras.com.do\/wp-content\/uploads\/2024\/04\/Infotep.jpg?resize=525%2C300&ssl=1 1.5x"},"classes":[]},{"id":136243,"url":"https:\/\/lasprimeras.com.do\/index.php\/2026\/08\/01\/camep-y-dominicredit-impulsan-el-crecimiento-de-miles-de-microempresarios-dominicanos\/","url_meta":{"origin":132444,"position":5},"title":"CAMEP y DOMINICREDIT impulsan el crecimiento de miles de microempresarios dominicanos","author":"Nelson Feliz","date":"1 de agosto de 2026","format":false,"excerpt":"SANTO DOMINGO. \u2013 La alianza estrat\u00e9gica entre la C\u00e1mara de la Empresa Privada de la Rep\u00fablica Dominicana (CAMEP) y la entidad financiera DOMINICREDIT se consolida como uno de los proyectos privados de mayor impacto territorial para el fortalecimiento del micro-empresariado en el pa\u00eds. El programa conjunto busca dar respuesta a\u2026","rel":"","context":"En \u00abECONOM\u00cdA\u00bb","block_context":{"text":"ECONOM\u00cdA","link":"https:\/\/lasprimeras.com.do\/index.php\/category\/economia\/"},"img":{"alt_text":"CAMEP y DOMINICREDIT","src":"https:\/\/i0.wp.com\/lasprimeras.com.do\/wp-content\/uploads\/2026\/08\/CAMEP-y-DOMINICREDIT.jpg?resize=350%2C200&ssl=1","width":350,"height":200,"srcset":"https:\/\/i0.wp.com\/lasprimeras.com.do\/wp-content\/uploads\/2026\/08\/CAMEP-y-DOMINICREDIT.jpg?resize=350%2C200&ssl=1 1x, https:\/\/i0.wp.com\/lasprimeras.com.do\/wp-content\/uploads\/2026\/08\/CAMEP-y-DOMINICREDIT.jpg?resize=525%2C300&ssl=1 1.5x, https:\/\/i0.wp.com\/lasprimeras.com.do\/wp-content\/uploads\/2026\/08\/CAMEP-y-DOMINICREDIT.jpg?resize=700%2C400&ssl=1 2x"},"classes":[]}],"jetpack_sharing_enabled":true,"jetpack_featured_media_url":"https:\/\/lasprimeras.com.do\/wp-content\/uploads\/2026\/06\/Yamily-Lopez-1.jpg","_links":{"self":[{"href":"https:\/\/lasprimeras.com.do\/index.php\/wp-json\/wp\/v2\/posts\/132444","targetHints":{"allow":["GET"]}}],"collection":[{"href":"https:\/\/lasprimeras.com.do\/index.php\/wp-json\/wp\/v2\/posts"}],"about":[{"href":"https:\/\/lasprimeras.com.do\/index.php\/wp-json\/wp\/v2\/types\/post"}],"author":[{"embeddable":true,"href":"https:\/\/lasprimeras.com.do\/index.php\/wp-json\/wp\/v2\/users\/10"}],"replies":[{"embeddable":true,"href":"https:\/\/lasprimeras.com.do\/index.php\/wp-json\/wp\/v2\/comments?post=132444"}],"version-history":[{"count":1,"href":"https:\/\/lasprimeras.com.do\/index.php\/wp-json\/wp\/v2\/posts\/132444\/revisions"}],"predecessor-version":[{"id":132446,"href":"https:\/\/lasprimeras.com.do\/index.php\/wp-json\/wp\/v2\/posts\/132444\/revisions\/132446"}],"wp:featuredmedia":[{"embeddable":true,"href":"https:\/\/lasprimeras.com.do\/index.php\/wp-json\/wp\/v2\/media\/132445"}],"wp:attachment":[{"href":"https:\/\/lasprimeras.com.do\/index.php\/wp-json\/wp\/v2\/media?parent=132444"}],"wp:term":[{"taxonomy":"category","embeddable":true,"href":"https:\/\/lasprimeras.com.do\/index.php\/wp-json\/wp\/v2\/categories?post=132444"},{"taxonomy":"post_tag","embeddable":true,"href":"https:\/\/lasprimeras.com.do\/index.php\/wp-json\/wp\/v2\/tags?post=132444"}],"curies":[{"name":"wp","href":"https:\/\/api.w.org\/{rel}","templated":true}]}}