{"id":132498,"date":"2026-06-03T00:12:30","date_gmt":"2026-06-03T04:12:30","guid":{"rendered":"https:\/\/lasprimeras.com.do\/?p=132498"},"modified":"2026-06-03T00:12:32","modified_gmt":"2026-06-03T04:12:32","slug":"abinader-designa-nuevos-miembros-del-consejo-de-directores-del-cea-mediante-decreto-352-26","status":"publish","type":"post","link":"https:\/\/lasprimeras.com.do\/index.php\/2026\/06\/03\/abinader-designa-nuevos-miembros-del-consejo-de-directores-del-cea-mediante-decreto-352-26\/","title":{"rendered":"Abinader designa nuevos miembros del consejo de directores del CEA mediante decreto 352-26"},"content":{"rendered":"\n<p class=\"wp-block-paragraph\"><strong>Jos\u00e9 Garc\u00eda Ram\u00edrez, Rosa Pastora M\u00e9ndez M\u00e9ndez y An\u00edbal Amparo fueron designados como miembros del \u00f3rgano directivo del CEA<\/strong><\/p>\n\n\n\n<p class=\"wp-block-paragraph\">Santo Domingo.\u2013 El presidente Luis Abinader, emiti\u00f3 el Decreto 352-26 mediante el cual design\u00f3 tres nuevos miembros del consejo de directores del Consejo Estatal del Az\u00facar (CEA), en representaci\u00f3n de distintos sectores, como parte del proceso institucional que desarrolla esa entidad.<\/p>\n\n\n\n<p class=\"wp-block-paragraph\">De acuerdo con la disposici\u00f3n presidencial, Jos\u00e9 Garc\u00eda Ram\u00edrez fue designado miembro del consejo de directores del CEA en representaci\u00f3n del sector privado.<\/p>\n\n\n\n<p class=\"wp-block-paragraph\">Asimismo, Rosa Pastora M\u00e9ndez M\u00e9ndez fue nombrada integrante de dicho organismo tambi\u00e9n en representaci\u00f3n del sector privado.<\/p>\n\n\n\n<p class=\"wp-block-paragraph\">El decreto establece, adem\u00e1s, la designaci\u00f3n de An\u00edbal Amparo como miembro del consejo de directores del CEA en representaci\u00f3n del sector fabril, fortaleciendo la participaci\u00f3n de los sectores vinculados a las funciones y responsabilidades de la instituci\u00f3n.<\/p>\n\n\n\n<p class=\"wp-block-paragraph\">La disposici\u00f3n presidencial se\u00f1ala que las personas designadas permanecer\u00e1n en sus respectivos cargos hasta que concluya el proceso de disoluci\u00f3n del CEA o hasta que se disponga su sustituci\u00f3n mediante una nueva decisi\u00f3n del Poder Ejecutivo.<\/p>\n\n\n\n<p class=\"wp-block-paragraph\">Con estas designaciones, el Gobierno contin\u00faa avanzando en las acciones administrativas e institucionales relacionadas con la transformaci\u00f3n y reorganizaci\u00f3n de los organismos estatales, en consonancia con las pol\u00edticas de modernizaci\u00f3n impulsadas por la presente gesti\u00f3n gubernamental.<\/p>\n\n\n\n<div data-wp-interactive=\"core\/file\" class=\"wp-block-file\"><object data-wp-bind--hidden=\"!state.hasPdfPreview\" hidden class=\"wp-block-file__embed\" data=\"https:\/\/lasprimeras.com.do\/wp-content\/uploads\/2026\/06\/Decreto-352-26.pdf\" type=\"application\/pdf\" style=\"width:100%;height:600px\" aria-label=\"Incrustado de Decreto 352-26.\"><\/object><a id=\"wp-block-file--media-b96e74f3-47ca-4330-9758-daa5026c36f6\" href=\"https:\/\/lasprimeras.com.do\/wp-content\/uploads\/2026\/06\/Decreto-352-26.pdf\">Decreto 352-26<\/a><a href=\"https:\/\/lasprimeras.com.do\/wp-content\/uploads\/2026\/06\/Decreto-352-26.pdf\" class=\"wp-block-file__button wp-element-button\" download aria-describedby=\"wp-block-file--media-b96e74f3-47ca-4330-9758-daa5026c36f6\">Descarga<\/a><\/div>\n","protected":false},"excerpt":{"rendered":"<p>Jos\u00e9 Garc\u00eda Ram\u00edrez, Rosa Pastora M\u00e9ndez M\u00e9ndez y An\u00edbal Amparo fueron designados como miembros del \u00f3rgano directivo del CEA Santo Domingo.\u2013 El presidente Luis Abinader, emiti\u00f3 el Decreto 352-26 mediante&hellip;<\/p>\n","protected":false},"author":10,"featured_media":76947,"comment_status":"open","ping_status":"open","sticky":false,"template":"","format":"standard","meta":{"content-type":"","_jetpack_newsletter_access":"","_jetpack_dont_email_post_to_subs":false,"_jetpack_newsletter_tier_id":0,"_jetpack_memberships_contains_paywalled_content":false,"_jetpack_feature_clip_id":0,"_jetpack_memberships_contains_paid_content":false,"footnotes":"","jetpack_post_was_ever_published":false},"categories":[35],"tags":[34234,1981,1144,34232,3344,1376,34231,67,23562,34233],"class_list":["post-132498","post","type-post","status-publish","format-standard","has-post-thumbnail","hentry","category-nacionales","tag-anibal-amparo","tag-cea","tag-consejo","tag-decreto-352-26","tag-designa","tag-directores","tag-jose-garcia-ramirez","tag-luis-abinader","tag-nuevos-miembros","tag-rosa-pastora-mendez-mendez"],"jetpack-related-posts":[{"id":89275,"url":"https:\/\/lasprimeras.com.do\/index.php\/2024\/09\/20\/abinader-designa-nuevos-consules-embajadores-y-directora-del-despacho-presidencial\/","url_meta":{"origin":132498,"position":0},"title":"Abinader designa nuevos c\u00f3nsules, embajadores y directora del Despacho Presidencial","author":"Nelson Feliz","date":"20 de septiembre de 2024","format":false,"excerpt":"Tambi\u00e9n se nombran nuevos miembros del Consejo de Directores del Banco de Reservas El presidente Luis Abinader emiti\u00f3 los decretos 515-24, 554-24 y 555-24 mediante los cuales se realizan cambios en el Despacho Presidencial, consulados generales de la Rep\u00fablica Dominicana en diversos pa\u00edses, el servicio interno del Ministerio de Relaciones\u2026","rel":"","context":"En \u00abNACIONALES\u00bb","block_context":{"text":"NACIONALES","link":"https:\/\/lasprimeras.com.do\/index.php\/category\/nacionales\/"},"img":{"alt_text":"","src":"https:\/\/i0.wp.com\/lasprimeras.com.do\/wp-content\/uploads\/2024\/09\/ny.jpeg?resize=350%2C200&ssl=1","width":350,"height":200,"srcset":"https:\/\/i0.wp.com\/lasprimeras.com.do\/wp-content\/uploads\/2024\/09\/ny.jpeg?resize=350%2C200&ssl=1 1x, https:\/\/i0.wp.com\/lasprimeras.com.do\/wp-content\/uploads\/2024\/09\/ny.jpeg?resize=525%2C300&ssl=1 1.5x, https:\/\/i0.wp.com\/lasprimeras.com.do\/wp-content\/uploads\/2024\/09\/ny.jpeg?resize=700%2C400&ssl=1 2x, https:\/\/i0.wp.com\/lasprimeras.com.do\/wp-content\/uploads\/2024\/09\/ny.jpeg?resize=1050%2C600&ssl=1 3x"},"classes":[]},{"id":73003,"url":"https:\/\/lasprimeras.com.do\/index.php\/2024\/01\/04\/abinader-acoge-recomendacion-de-comision-revisora-contratos-del-cea\/","url_meta":{"origin":132498,"position":1},"title":"Abinader acoge recomendaci\u00f3n de Comisi\u00f3n Revisora Contratos del CEA","author":"Nelson Feliz","date":"4 de enero de 2024","format":false,"excerpt":"Decreto establece que el traspaso de los terrenos identificados al fideicomiso p\u00fablico estar\u00e1 sujeto a la aprobaci\u00f3n del Congreso Nacional, cumpliendo con lo establecido por la Ley 28-23. El presidente Luis Abinader acogi\u00f3 la propuesta de la Comisi\u00f3n Revisora de Contratos relativos a la disposici\u00f3n de terrenos propiedad del Consejo\u2026","rel":"","context":"En \u00abECONOM\u00cdA\u00bb","block_context":{"text":"ECONOM\u00cdA","link":"https:\/\/lasprimeras.com.do\/index.php\/category\/economia\/"},"img":{"alt_text":"CEA","src":"https:\/\/i0.wp.com\/lasprimeras.com.do\/wp-content\/uploads\/2024\/01\/CEA-1.jpg?resize=350%2C200&ssl=1","width":350,"height":200,"srcset":"https:\/\/i0.wp.com\/lasprimeras.com.do\/wp-content\/uploads\/2024\/01\/CEA-1.jpg?resize=350%2C200&ssl=1 1x, https:\/\/i0.wp.com\/lasprimeras.com.do\/wp-content\/uploads\/2024\/01\/CEA-1.jpg?resize=525%2C300&ssl=1 1.5x"},"classes":[]},{"id":137418,"url":"https:\/\/lasprimeras.com.do\/index.php\/2026\/08\/16\/juan-manuel-mendez-nuevo-director-del-intrant-y-a-erdwin-olivares-del-coe\/","url_meta":{"origin":132498,"position":2},"title":"Juan Manuel M\u00e9ndez nuevo director del Intrant y a Erdwin Olivares del COE","author":"Nelson Feliz","date":"16 de agosto de 2026","format":false,"excerpt":"Como nuevo director de la Defensa Civil fue fue designado\u00a0Carlos Manuel Paulino C\u00e1rdena Santo Domingo = El presidente\u00a0Luis Abinader\u00a0design\u00f3 nuevos titulares en el Instituto Nacional de Tr\u00e1nsito y Transporte Terrestre (Intrant), el Centro de Operaciones de Emergencias (COE) y la Defensa Civil. La Presidencia de la Rep\u00fablica inform\u00f3 que se\u2026","rel":"","context":"En \u00abNACIONALES\u00bb","block_context":{"text":"NACIONALES","link":"https:\/\/lasprimeras.com.do\/index.php\/category\/nacionales\/"},"img":{"alt_text":"","src":"https:\/\/i0.wp.com\/lasprimeras.com.do\/wp-content\/uploads\/2026\/08\/68fa5e72d10bf.jpeg?resize=350%2C200&ssl=1","width":350,"height":200,"srcset":"https:\/\/i0.wp.com\/lasprimeras.com.do\/wp-content\/uploads\/2026\/08\/68fa5e72d10bf.jpeg?resize=350%2C200&ssl=1 1x, https:\/\/i0.wp.com\/lasprimeras.com.do\/wp-content\/uploads\/2026\/08\/68fa5e72d10bf.jpeg?resize=525%2C300&ssl=1 1.5x, https:\/\/i0.wp.com\/lasprimeras.com.do\/wp-content\/uploads\/2026\/08\/68fa5e72d10bf.jpeg?resize=700%2C400&ssl=1 2x"},"classes":[]},{"id":137412,"url":"https:\/\/lasprimeras.com.do\/index.php\/2026\/08\/16\/jose-dolores-andujar-nuevo-director-de-la-direccion-de-desarrollo-provincia\/","url_meta":{"origin":132498,"position":3},"title":"Jos\u00e9 Dolores And\u00fajar nuevo director de la Direcci\u00f3n de Desarrollo Provincia","author":"Nelson Feliz","date":"16 de agosto de 2026","format":false,"excerpt":"El mandatario design\u00f3 a C\u00e9sar Andr\u00e9s Pichardo Ferm\u00edn como presidente del Consejo de Directores de la Corporaci\u00f3n del Acueducto y Alcantarillado de Santiago (CORAASAN) Santo Domingo.\u2013 El presidente Luis Abinader continu\u00f3 este domingo con los cambios en el tren gubernamental mediante el Decreto n\u00fam. 555-26, que dispone nuevas designaciones en\u2026","rel":"","context":"En \u00abNACIONALES\u00bb","block_context":{"text":"NACIONALES","link":"https:\/\/lasprimeras.com.do\/index.php\/category\/nacionales\/"},"img":{"alt_text":"","src":"https:\/\/i0.wp.com\/lasprimeras.com.do\/wp-content\/uploads\/2026\/08\/6a823819ef89b.jpeg?resize=350%2C200&ssl=1","width":350,"height":200},"classes":[]},{"id":72713,"url":"https:\/\/lasprimeras.com.do\/index.php\/2024\/01\/02\/director-del-cea-revela-175-desvinculados-no-han-retirado-pago-de-prestaciones-laborales\/","url_meta":{"origin":132498,"position":4},"title":"Director del CEA revela 175 desvinculados no han retirado pago de prestaciones laborales","author":"Nelson Feliz","date":"2 de enero de 2024","format":false,"excerpt":"El director General de Bienes Nacionales y honor\u00edfico ejecutivo del Consejo Estatal del Az\u00facar-CORDE, Rafael Burgos G\u00f3mez inform\u00f3 que a\u00fan quedan pendiente de retirar un total de 175 cheques por concepto de pago de prestaciones laborales a igual n\u00famero de personas desvinculadas del CEA. El funcionario asegur\u00f3 que esos valores\u2026","rel":"","context":"En \u00abECONOM\u00cdA\u00bb","block_context":{"text":"ECONOM\u00cdA","link":"https:\/\/lasprimeras.com.do\/index.php\/category\/economia\/"},"img":{"alt_text":"CEA","src":"https:\/\/i0.wp.com\/lasprimeras.com.do\/wp-content\/uploads\/2024\/01\/CEA.jpg?resize=350%2C200&ssl=1","width":350,"height":200,"srcset":"https:\/\/i0.wp.com\/lasprimeras.com.do\/wp-content\/uploads\/2024\/01\/CEA.jpg?resize=350%2C200&ssl=1 1x, https:\/\/i0.wp.com\/lasprimeras.com.do\/wp-content\/uploads\/2024\/01\/CEA.jpg?resize=525%2C300&ssl=1 1.5x, https:\/\/i0.wp.com\/lasprimeras.com.do\/wp-content\/uploads\/2024\/01\/CEA.jpg?resize=700%2C400&ssl=1 2x"},"classes":[]},{"id":100994,"url":"https:\/\/lasprimeras.com.do\/index.php\/2025\/06\/14\/denuncian-cea-no-da-cumplimiento-a-decreto-presidencial-que-ordena-titular-terreno-en-sde\/","url_meta":{"origin":132498,"position":5},"title":"Denuncian CEA no da cumplimiento a decreto Presidencial que ordena titular terreno en SDE","author":"Nelson Feliz","date":"14 de junio de 2025","format":false,"excerpt":"El no cumplimiento del decreto est\u00e1 generando usurpaci\u00f3n ilegal y conflictos, por lo que llaman a resolver la situaci\u00f3n lo antes posible y evitar una tragedia. Los representantes legales del se\u00f1or Juan Rivera Cordero, adquirente desde el a\u00f1o 2013 de unos terrenos ubicados en el Distrito Catastral 32, Parcela 21-C-2,\u2026","rel":"","context":"En \u00abJUSTICIA\u00bb","block_context":{"text":"JUSTICIA","link":"https:\/\/lasprimeras.com.do\/index.php\/category\/justicia\/"},"img":{"alt_text":"","src":"https:\/\/i0.wp.com\/lasprimeras.com.do\/wp-content\/uploads\/2025\/06\/Denuncian-CEA.jpg?resize=350%2C200&ssl=1","width":350,"height":200,"srcset":"https:\/\/i0.wp.com\/lasprimeras.com.do\/wp-content\/uploads\/2025\/06\/Denuncian-CEA.jpg?resize=350%2C200&ssl=1 1x, https:\/\/i0.wp.com\/lasprimeras.com.do\/wp-content\/uploads\/2025\/06\/Denuncian-CEA.jpg?resize=525%2C300&ssl=1 1.5x, https:\/\/i0.wp.com\/lasprimeras.com.do\/wp-content\/uploads\/2025\/06\/Denuncian-CEA.jpg?resize=700%2C400&ssl=1 2x"},"classes":[]}],"jetpack_sharing_enabled":true,"jetpack_featured_media_url":"https:\/\/lasprimeras.com.do\/wp-content\/uploads\/2024\/02\/FOTO-PRINCIPAL-PALACIO-NACIONAL-e1708074506177.jpg","_links":{"self":[{"href":"https:\/\/lasprimeras.com.do\/index.php\/wp-json\/wp\/v2\/posts\/132498","targetHints":{"allow":["GET"]}}],"collection":[{"href":"https:\/\/lasprimeras.com.do\/index.php\/wp-json\/wp\/v2\/posts"}],"about":[{"href":"https:\/\/lasprimeras.com.do\/index.php\/wp-json\/wp\/v2\/types\/post"}],"author":[{"embeddable":true,"href":"https:\/\/lasprimeras.com.do\/index.php\/wp-json\/wp\/v2\/users\/10"}],"replies":[{"embeddable":true,"href":"https:\/\/lasprimeras.com.do\/index.php\/wp-json\/wp\/v2\/comments?post=132498"}],"version-history":[{"count":1,"href":"https:\/\/lasprimeras.com.do\/index.php\/wp-json\/wp\/v2\/posts\/132498\/revisions"}],"predecessor-version":[{"id":132500,"href":"https:\/\/lasprimeras.com.do\/index.php\/wp-json\/wp\/v2\/posts\/132498\/revisions\/132500"}],"wp:featuredmedia":[{"embeddable":true,"href":"https:\/\/lasprimeras.com.do\/index.php\/wp-json\/wp\/v2\/media\/76947"}],"wp:attachment":[{"href":"https:\/\/lasprimeras.com.do\/index.php\/wp-json\/wp\/v2\/media?parent=132498"}],"wp:term":[{"taxonomy":"category","embeddable":true,"href":"https:\/\/lasprimeras.com.do\/index.php\/wp-json\/wp\/v2\/categories?post=132498"},{"taxonomy":"post_tag","embeddable":true,"href":"https:\/\/lasprimeras.com.do\/index.php\/wp-json\/wp\/v2\/tags?post=132498"}],"curies":[{"name":"wp","href":"https:\/\/api.w.org\/{rel}","templated":true}]}}