{"id":132775,"date":"2026-06-06T20:39:21","date_gmt":"2026-06-07T00:39:21","guid":{"rendered":"https:\/\/lasprimeras.com.do\/?p=132775"},"modified":"2026-06-06T20:39:23","modified_gmt":"2026-06-07T00:39:23","slug":"denuncian-planton-del-alcalde-mamdani-a-los-puertorriquenos-en-gracie-mansion","status":"publish","type":"post","link":"https:\/\/lasprimeras.com.do\/index.php\/2026\/06\/06\/denuncian-planton-del-alcalde-mamdani-a-los-puertorriquenos-en-gracie-mansion\/","title":{"rendered":"Denuncian \u201cplant\u00f3n\u201d del alcalde Mamdani a los puertorrique\u00f1os en Gracie Mansion"},"content":{"rendered":"\n<p class=\"wp-block-paragraph\">Por Ram\u00f3n Mercedes<\/p>\n\n\n\n<p class=\"wp-block-paragraph\">NUEVA YORK.- El alcalde Zohran Mamdani le ha hecho un \u201cplant\u00f3n\u201d a la comunidad puertorrique\u00f1a al suspender por completo la tradicional recepci\u00f3n que se hace a\u00f1o tras a\u00f1o en Gracie Mansion, residencia oficial del mun\u00edcipe.<\/p>\n\n\n\n<p class=\"wp-block-paragraph\">La alcald\u00eda inform\u00f3 que este a\u00f1o no se celebrar\u00eda la hist\u00f3rica recepci\u00f3n previa al Desfile Nacional Puertorrique\u00f1o, un evento que, durante d\u00e9cadas, ha servido para reconocer las contribuciones de los puertorrique\u00f1os a la vida pol\u00edtica, econ\u00f3mica y cultural de Nueva York.<\/p>\n\n\n\n<p class=\"wp-block-paragraph\">La recepci\u00f3n en Gracie Mansion es considerada por muchos l\u00edderes como un s\u00edmbolo de respeto y reconocimiento a diferentes comunidades que han sido fundamentales en la construcci\u00f3n de la identidad latina en Nueva York.<\/p>\n\n\n\n<p class=\"wp-block-paragraph\">Apenas semanas atr\u00e1s, la alcald\u00eda celebr\u00f3 en el lugar la recepci\u00f3n oficial por la independencia de Grecia, manteniendo intacta una tradici\u00f3n similar para la comunidad grecoamericana.<\/p>\n\n\n\n<p class=\"wp-block-paragraph\">\u201cIgual hizo con los irlandeses y las comunidades \u00e1rabes, por citar un par de ejemplos, pero a la vez hace cambios a las tradiciones de nosotros, los boricuas, y no es que seamos hipersensibles&#8221;, sostuvo la ex comisionada municipal Lorraine Cort\u00e9s, recordando que el Desfile Nacional Puertorrique\u00f1o se celebra desde 1957.<\/p>\n\n\n\n<p class=\"wp-block-paragraph\">Hay una gran interrogante por parte de la comunidad que abri\u00f3 las puertas a la comunidad latina en Nueva York hace 100 a\u00f1os\u201d, afirm\u00f3 Ed Garc\u00eda Conde, editor del blog Welcome2TheBronx.<\/p>\n\n\n\n<p class=\"wp-block-paragraph\">Versiones apuntan a que, en efecto, s\u00ed se realizar\u00e1 alg\u00fan tipo de celebraci\u00f3n en Gracie Mansion, pero no en los t\u00e9rminos de a\u00f1os anteriores; se tratar\u00e1 solo de un desayuno, y el alcalde estar\u00e1 presente en el Desfile Nacional Puertorrique\u00f1o, que este a\u00f1o celebrar\u00e1 el domingo 14 de junio, en su edici\u00f3n n\u00famero 69, dijo un representante de la alcald\u00eda.<\/p>\n\n\n\n<p class=\"wp-block-paragraph\">El Desfile Puertorrique\u00f1o es uno de los eventos culturales m\u00e1s multitudinarios de Estados Unidos y re\u00fane cada a\u00f1o a m\u00e1s de un mill\u00f3n de personas entre participantes y espectadores.<\/p>\n\n\n\n<p class=\"wp-block-paragraph\">&#8220;Cuando veas las barbas de tu vecino arder, pon las tuyas en remojo&#8221;, expresa la sentencia pueblerina, indicaron los dominicanos Andr\u00e9s Cortorreal y Sandoval Ferreiras, para referirse a que, en el mismo lugar, a\u00f1o tras a\u00f1o, la ciudad ofrece la recepci\u00f3n a la comunidad dominicana durante el Desfile en Manhattan, en el mes de agosto.<\/p>\n","protected":false},"excerpt":{"rendered":"<p>Por Ram\u00f3n Mercedes NUEVA YORK.- El alcalde Zohran Mamdani le ha hecho un \u201cplant\u00f3n\u201d a la comunidad puertorrique\u00f1a al suspender por completo la tradicional recepci\u00f3n que se hace a\u00f1o tras&hellip;<\/p>\n","protected":false},"author":10,"featured_media":132776,"comment_status":"open","ping_status":"open","sticky":false,"template":"","format":"standard","meta":{"content-type":"","_jetpack_newsletter_access":"","_jetpack_dont_email_post_to_subs":false,"_jetpack_newsletter_tier_id":0,"_jetpack_memberships_contains_paywalled_content":false,"_jetpack_feature_clip_id":0,"_jetpack_memberships_contains_paid_content":false,"footnotes":"","jetpack_post_was_ever_published":false},"categories":[25580],"tags":[161,1384,34330,29666,13801,20876],"class_list":["post-132775","post","type-post","status-publish","format-standard","has-post-thumbnail","hentry","category-la-voz-de-la-diaspora","tag-alcalde","tag-denuncian","tag-gracie-mansion-2","tag-planton","tag-puertorriquenos","tag-zohran-mamdani"],"jetpack-related-posts":[{"id":57195,"url":"https:\/\/lasprimeras.com.do\/index.php\/2023\/08\/09\/alcalde-eric-adams-abre-las-puertas-de-gracie-mansion-para-celebrar-la-herencia-dominicana\/","url_meta":{"origin":132775,"position":0},"title":"Alcalde Eric Adams abre las puertas de \u201cGracie Mansi\u00f3n\u201d para celebrar la herencia Dominicana","author":"Nelson Feliz","date":"9 de agosto de 2023","format":false,"excerpt":"Por Jos\u00e9 Zabala El alcalde Eric Adams recibi\u00f3 con los brazos abiertos a todos los sectores de la comunidad dominicana radicada en la ciudad de New York en su residencia la \u201cGracie Mansi\u00f3n\u201d\u00a0 a ritmo de merengue,\u00a0 bachata, rica gastronom\u00eda y bebidas de marcas criolla. Adams, realizo la actividad como\u2026","rel":"","context":"En \u00abENTRETENIMIENTO\u00bb","block_context":{"text":"ENTRETENIMIENTO","link":"https:\/\/lasprimeras.com.do\/index.php\/category\/entretenimiento\/"},"img":{"alt_text":"Erick Adams","src":"https:\/\/i0.wp.com\/lasprimeras.com.do\/wp-content\/uploads\/2023\/08\/Erick-Adams.jpg?resize=350%2C200&ssl=1","width":350,"height":200,"srcset":"https:\/\/i0.wp.com\/lasprimeras.com.do\/wp-content\/uploads\/2023\/08\/Erick-Adams.jpg?resize=350%2C200&ssl=1 1x, https:\/\/i0.wp.com\/lasprimeras.com.do\/wp-content\/uploads\/2023\/08\/Erick-Adams.jpg?resize=525%2C300&ssl=1 1.5x, https:\/\/i0.wp.com\/lasprimeras.com.do\/wp-content\/uploads\/2023\/08\/Erick-Adams.jpg?resize=700%2C400&ssl=1 2x"},"classes":[]},{"id":136934,"url":"https:\/\/lasprimeras.com.do\/index.php\/2026\/08\/10\/estiman-rotura-de-tradiciones-empanaron-este-ano-lucidez-desfiles-dominicanos-en-nyc-por-primera-vez-no-asiste-un-consul-de-rd\/","url_meta":{"origin":132775,"position":1},"title":"Estiman rotura de tradiciones empa\u00f1aron este a\u00f1o lucidez desfiles dominicanos en NYC; por primera vez no asiste un c\u00f3nsul de RD","author":"Nelson Feliz","date":"10 de agosto de 2026","format":false,"excerpt":"Por Ram\u00f3n Mercedes NUEVA YORK.- Dominicanos residentes en el Alto Manhattan comentan que los desfiles de este a\u00f1o se han visto empa\u00f1ados por la rotura de tradiciones que durante a\u00f1os se mantuvieron vigentes. Entre las m\u00e1s notorias figura la negativa del alcalde Zohran Mamdani de participar en la tarima principal\u2026","rel":"","context":"En \u00abLA VOZ DE LA DIASPORA\u00bb","block_context":{"text":"LA VOZ DE LA DIASPORA","link":"https:\/\/lasprimeras.com.do\/index.php\/category\/la-voz-de-la-diaspora\/"},"img":{"alt_text":"","src":"https:\/\/i0.wp.com\/lasprimeras.com.do\/wp-content\/uploads\/2026\/08\/IMG-20260810-WA0035.jpg?resize=350%2C200&ssl=1","width":350,"height":200,"srcset":"https:\/\/i0.wp.com\/lasprimeras.com.do\/wp-content\/uploads\/2026\/08\/IMG-20260810-WA0035.jpg?resize=350%2C200&ssl=1 1x, https:\/\/i0.wp.com\/lasprimeras.com.do\/wp-content\/uploads\/2026\/08\/IMG-20260810-WA0035.jpg?resize=525%2C300&ssl=1 1.5x, https:\/\/i0.wp.com\/lasprimeras.com.do\/wp-content\/uploads\/2026\/08\/IMG-20260810-WA0035.jpg?resize=700%2C400&ssl=1 2x, https:\/\/i0.wp.com\/lasprimeras.com.do\/wp-content\/uploads\/2026\/08\/IMG-20260810-WA0035.jpg?resize=1050%2C600&ssl=1 3x, https:\/\/i0.wp.com\/lasprimeras.com.do\/wp-content\/uploads\/2026\/08\/IMG-20260810-WA0035.jpg?resize=1400%2C800&ssl=1 4x"},"classes":[]},{"id":118592,"url":"https:\/\/lasprimeras.com.do\/index.php\/2025\/12\/31\/zohran-mamdani-eligio-un-coran-lleno-de-simbolismo-para-su-juramento-como-alcalde\/","url_meta":{"origin":132775,"position":2},"title":"Zohran Mamdani eligi\u00f3 un Cor\u00e1n lleno de simbolismo para su juramento como alcalde","author":"Nelson Feliz","date":"31 de diciembre de 2025","format":false,"excerpt":"Por SAFIYAH RIDDLE NUEVA YORK (AP) \u2014 El alcalde entrante Zohran Mamdani prestar\u00e1 juramento a medianoche sobre un Cor\u00e1n centenario, lo que marca la primera vez que un alcalde de la ciudad de Nueva York utiliza el texto sagrado del Islam para jurar su cargo y subraya una serie de\u2026","rel":"","context":"En \u00abINTERNACIONALES\u00bb","block_context":{"text":"INTERNACIONALES","link":"https:\/\/lasprimeras.com.do\/index.php\/category\/sin-categoria\/internacionales\/"},"img":{"alt_text":"","src":"https:\/\/i0.wp.com\/lasprimeras.com.do\/wp-content\/uploads\/2025\/12\/una1.jpg?resize=350%2C200&ssl=1","width":350,"height":200,"srcset":"https:\/\/i0.wp.com\/lasprimeras.com.do\/wp-content\/uploads\/2025\/12\/una1.jpg?resize=350%2C200&ssl=1 1x, https:\/\/i0.wp.com\/lasprimeras.com.do\/wp-content\/uploads\/2025\/12\/una1.jpg?resize=525%2C300&ssl=1 1.5x, https:\/\/i0.wp.com\/lasprimeras.com.do\/wp-content\/uploads\/2025\/12\/una1.jpg?resize=700%2C400&ssl=1 2x"},"classes":[]},{"id":137222,"url":"https:\/\/lasprimeras.com.do\/index.php\/2026\/08\/14\/pocos-dominicanos-asisten-a-encuentro-convocado-por-alcalde-mamdani-al-desfile-dominicano\/","url_meta":{"origin":132775,"position":3},"title":"Pocos dominicanos asisten a encuentro convocado por alcalde Mamdani al Desfile Dominicano","author":"Nelson Feliz","date":"14 de agosto de 2026","format":false,"excerpt":"Por Ram\u00f3n Mercedes NUEVA YORK.- Unos 140 dominicanos asistieron este jueves al encuentro convocado por el alcalde Zohran Mamdani en su residencia oficial de Gracie Mansion. Tradicionalmente, a esta actividad asisten m\u00e1s de mil quisqueyanos antes del Desfile Dominicano en Manhattan para ser homenajeados; sin embargo, este a\u00f1o el encuentro\u2026","rel":"","context":"En \u00abLA VOZ DE LA DIASPORA\u00bb","block_context":{"text":"LA VOZ DE LA DIASPORA","link":"https:\/\/lasprimeras.com.do\/index.php\/category\/la-voz-de-la-diaspora\/"},"img":{"alt_text":"","src":"https:\/\/i0.wp.com\/lasprimeras.com.do\/wp-content\/uploads\/2026\/08\/IMG-20260814-WA0037.jpg?resize=350%2C200&ssl=1","width":350,"height":200,"srcset":"https:\/\/i0.wp.com\/lasprimeras.com.do\/wp-content\/uploads\/2026\/08\/IMG-20260814-WA0037.jpg?resize=350%2C200&ssl=1 1x, https:\/\/i0.wp.com\/lasprimeras.com.do\/wp-content\/uploads\/2026\/08\/IMG-20260814-WA0037.jpg?resize=525%2C300&ssl=1 1.5x"},"classes":[]},{"id":135794,"url":"https:\/\/lasprimeras.com.do\/index.php\/2026\/07\/28\/alcalde-nyc-no-compartio-tarima-con-lideres-dominicanos-durante-parada-del-bronx\/","url_meta":{"origin":132775,"position":4},"title":"Alcalde NYC no comparti\u00f3 tarima con l\u00edderes dominicanos durante &#8220;Parada del BRONX&#8221;","author":"Nelson Feliz","date":"28 de julio de 2026","format":false,"excerpt":"https:\/\/www.youtube.com\/watch?v=_VbHhQQ32Ww Por Ram\u00f3n Mercedes NUEVA YORK.- La actitud asumida por el alcalde de esta ciudad, Zohran Mamdani, de no compactir una misma tarima con l\u00edderes de la comunidad dominicana durante la Gran Parada Dominicana en El Bronx, el pasado domingo, ha dejado m\u00e1s interrogantes que respuestas entre los oficiales electos\u2026","rel":"","context":"En \u00abLA VOZ DE LA DIASPORA\u00bb","block_context":{"text":"LA VOZ DE LA DIASPORA","link":"https:\/\/lasprimeras.com.do\/index.php\/category\/la-voz-de-la-diaspora\/"},"img":{"alt_text":"","src":"https:\/\/i0.wp.com\/lasprimeras.com.do\/wp-content\/uploads\/2026\/07\/IMG-20260728-WA0009.jpg?resize=350%2C200&ssl=1","width":350,"height":200,"srcset":"https:\/\/i0.wp.com\/lasprimeras.com.do\/wp-content\/uploads\/2026\/07\/IMG-20260728-WA0009.jpg?resize=350%2C200&ssl=1 1x, https:\/\/i0.wp.com\/lasprimeras.com.do\/wp-content\/uploads\/2026\/07\/IMG-20260728-WA0009.jpg?resize=525%2C300&ssl=1 1.5x, https:\/\/i0.wp.com\/lasprimeras.com.do\/wp-content\/uploads\/2026\/07\/IMG-20260728-WA0009.jpg?resize=700%2C400&ssl=1 2x"},"classes":[]},{"id":109211,"url":"https:\/\/lasprimeras.com.do\/index.php\/2025\/09\/15\/la-gobernadora-kathy-hochul-respalda-a-zohran-mamdani-para-alcalde-de-nueva-york\/","url_meta":{"origin":132775,"position":5},"title":"La gobernadora Kathy Hochul respalda a Zohran Mamdani para alcalde de Nueva York","author":"Nelson Feliz","date":"15 de septiembre de 2025","format":false,"excerpt":"NUEVA YORK (AP) \u2014 La gobernadora Kathy Hochul inst\u00f3 el domingo a los neoyorquinos a votar por Zohran Mamdani para la alcald\u00eda de la ciudad de Nueva York, d\u00e1ndole al candidato dem\u00f3crata uno de sus respaldos m\u00e1s significativos hasta la fecha en la contienda para dirigir la ciudad m\u00e1s grande\u2026","rel":"","context":"En \u00abINTERNACIONALES\u00bb","block_context":{"text":"INTERNACIONALES","link":"https:\/\/lasprimeras.com.do\/index.php\/category\/sin-categoria\/internacionales\/"},"img":{"alt_text":"","src":"https:\/\/i0.wp.com\/lasprimeras.com.do\/wp-content\/uploads\/2025\/09\/Zohran-Mamdani.jpg?resize=350%2C200&ssl=1","width":350,"height":200,"srcset":"https:\/\/i0.wp.com\/lasprimeras.com.do\/wp-content\/uploads\/2025\/09\/Zohran-Mamdani.jpg?resize=350%2C200&ssl=1 1x, https:\/\/i0.wp.com\/lasprimeras.com.do\/wp-content\/uploads\/2025\/09\/Zohran-Mamdani.jpg?resize=525%2C300&ssl=1 1.5x, https:\/\/i0.wp.com\/lasprimeras.com.do\/wp-content\/uploads\/2025\/09\/Zohran-Mamdani.jpg?resize=700%2C400&ssl=1 2x"},"classes":[]}],"jetpack_sharing_enabled":true,"jetpack_featured_media_url":"https:\/\/lasprimeras.com.do\/wp-content\/uploads\/2026\/06\/WhatsApp-Image-2026-06-05-at-6.38.59-AM-3.jpeg","_links":{"self":[{"href":"https:\/\/lasprimeras.com.do\/index.php\/wp-json\/wp\/v2\/posts\/132775","targetHints":{"allow":["GET"]}}],"collection":[{"href":"https:\/\/lasprimeras.com.do\/index.php\/wp-json\/wp\/v2\/posts"}],"about":[{"href":"https:\/\/lasprimeras.com.do\/index.php\/wp-json\/wp\/v2\/types\/post"}],"author":[{"embeddable":true,"href":"https:\/\/lasprimeras.com.do\/index.php\/wp-json\/wp\/v2\/users\/10"}],"replies":[{"embeddable":true,"href":"https:\/\/lasprimeras.com.do\/index.php\/wp-json\/wp\/v2\/comments?post=132775"}],"version-history":[{"count":1,"href":"https:\/\/lasprimeras.com.do\/index.php\/wp-json\/wp\/v2\/posts\/132775\/revisions"}],"predecessor-version":[{"id":132777,"href":"https:\/\/lasprimeras.com.do\/index.php\/wp-json\/wp\/v2\/posts\/132775\/revisions\/132777"}],"wp:featuredmedia":[{"embeddable":true,"href":"https:\/\/lasprimeras.com.do\/index.php\/wp-json\/wp\/v2\/media\/132776"}],"wp:attachment":[{"href":"https:\/\/lasprimeras.com.do\/index.php\/wp-json\/wp\/v2\/media?parent=132775"}],"wp:term":[{"taxonomy":"category","embeddable":true,"href":"https:\/\/lasprimeras.com.do\/index.php\/wp-json\/wp\/v2\/categories?post=132775"},{"taxonomy":"post_tag","embeddable":true,"href":"https:\/\/lasprimeras.com.do\/index.php\/wp-json\/wp\/v2\/tags?post=132775"}],"curies":[{"name":"wp","href":"https:\/\/api.w.org\/{rel}","templated":true}]}}