{"id":134574,"date":"2026-07-12T21:00:37","date_gmt":"2026-07-13T01:00:37","guid":{"rendered":"https:\/\/lasprimeras.com.do\/?p=134574"},"modified":"2026-07-12T21:00:39","modified_gmt":"2026-07-13T01:00:39","slug":"escuela-de-cancino-adentro-estara-lista-para-el-proximo-ano-escolar","status":"publish","type":"post","link":"https:\/\/lasprimeras.com.do\/index.php\/2026\/07\/12\/escuela-de-cancino-adentro-estara-lista-para-el-proximo-ano-escolar\/","title":{"rendered":"Escuela de Cancino Adentro estar\u00e1 lista para el pr\u00f3ximo a\u00f1o escolar"},"content":{"rendered":"\n<p class=\"wp-block-paragraph\"><strong>Infraestructura Escolar acelera trabajos y proyecta entregar moderno plantel de 22 aulas a finales de agosto en Santo Domingo Este.<\/strong><\/p>\n\n\n\n<p class=\"wp-block-paragraph\"><strong>Santo Domingo Este.\u2013 <\/strong>Tras m\u00e1s de una d\u00e9cada de paralizaci\u00f3n, la construcci\u00f3n de la Escuela B\u00e1sica Cancino Adentro I (Santiago Hirujo Sosa) avanza a ritmo acelerado y se encamina hacia su culminaci\u00f3n para el inicio del a\u00f1o escolar 2026-2027, seg\u00fan inform\u00f3 la Direcci\u00f3n de Infraestructura Escolar (DIE) durante un reciente recorrido de supervisi\u00f3n.<\/p>\n\n\n\n<p class=\"wp-block-paragraph\">La obra, que actualmente presenta un nivel de ejecuci\u00f3n superior al 75 %, est\u00e1 prevista para ser entregada a finales del mes de agosto, lo que permitir\u00e1 su incorporaci\u00f3n inmediata al calendario escolar, beneficiando de forma directa a cientos de familias del sector Cancino Adentro y zonas aleda\u00f1as.<\/p>\n\n\n\n<p class=\"wp-block-paragraph\">El moderno plantel educativo est\u00e1 compuesto por dos m\u00f3dulos de tres niveles y un bloque de un nivel, para un total de 22 aulas, incluyendo tres destinadas a educaci\u00f3n inicial.<\/p>\n\n\n\n<p class=\"wp-block-paragraph\">Adem\u00e1s, contar\u00e1 con comedor escolar, cancha deportiva, plaza c\u00edvica, \u00e1reas de estacionamiento y espacios de paisajismo, impactando positivamente a m\u00e1s de 880 estudiantes.<\/p>\n\n\n\n<p class=\"wp-block-paragraph\">El ingeniero Jimmy Adames Figuereo, representante de la empresa contratista, explic\u00f3 que la obra permaneci\u00f3 detenida por m\u00e1s de 14 a\u00f1os, hasta que fue reactivada por disposici\u00f3n del presidente Luis Abinader, tras una visita del director de la DIE, Roberto Herrera.<\/p>\n\n\n\n<p class=\"wp-block-paragraph\">Desde entonces, los trabajos se han desarrollado de manera continua y eficiente, con miras a su pronta finalizaci\u00f3n.<\/p>\n\n\n\n<p class=\"wp-block-paragraph\">Adames Figuereo destac\u00f3 que la conclusi\u00f3n del plantel representar\u00e1 un alivio significativo para numerosas familias, al evitar traslados prolongados de estudiantes hacia otros centros educativos, lo que se traduce en ahorro de tiempo y recursos.<\/p>\n\n\n\n<p class=\"wp-block-paragraph\">Asimismo, indic\u00f3 que los trabajos se ejecutan conforme al cronograma establecido dentro del Plan \u201cAulas 24\/7-365\u201d, cumpliendo con los est\u00e1ndares de calidad y seguridad exigidos.<\/p>\n\n\n\n<p class=\"wp-block-paragraph\">En ese sentido, exhort\u00f3 a la comunidad educativa a mantener la confianza y paciencia mientras se completan los detalles finales de la obra.<\/p>\n\n\n\n<p class=\"wp-block-paragraph\">En el \u00e1mbito comunitario, la dirigente Esther Santos de Fr\u00edas valor\u00f3 positivamente la intervenci\u00f3n de las autoridades, al considerar que acuden en auxilio de un sector que, seg\u00fan expres\u00f3, llevaba casi d\u00e9cada y media esperando la terminaci\u00f3n de este plantel.<\/p>\n\n\n\n<p class=\"wp-block-paragraph\">Subray\u00f3 que la obra permitir\u00e1 mitigar el d\u00e9ficit de aulas en la zona y evitar\u00e1 que decenas de ni\u00f1os tengan que trasladarse a otros sectores para recibir el pan de la ense\u00f1anza.<\/p>\n\n\n\n<p class=\"wp-block-paragraph\">De su lado, las ingenieras Mar\u00eda Josefina y Karina Bierd, supervisoras de Infraestructura Escolar, aseguraron que el proyecto avanza de manera satisfactoria y responde al compromiso del Gobierno de fortalecer la infraestructura educativa en todo el pa\u00eds, bajo la coordinaci\u00f3n del ministro de Educaci\u00f3n, Luis Miguel De Camps.<\/p>\n\n\n\n<p class=\"wp-block-paragraph\">Las profesionales garantizaron que el centro contar\u00e1 con la capacidad necesaria para albergar a m\u00e1s de 800 estudiantes, consolid\u00e1ndose como un espacio digno, seguro y adecuado para el desarrollo acad\u00e9mico de ni\u00f1os y adolescentes de la comunidad.<\/p>\n","protected":false},"excerpt":{"rendered":"<p>Infraestructura Escolar acelera trabajos y proyecta entregar moderno plantel de 22 aulas a finales de agosto en Santo Domingo Este. Santo Domingo Este.\u2013 Tras m\u00e1s de una d\u00e9cada de paralizaci\u00f3n,&hellip;<\/p>\n","protected":false},"author":10,"featured_media":134575,"comment_status":"open","ping_status":"open","sticky":false,"template":"","format":"standard","meta":{"content-type":"","_jetpack_newsletter_access":"","_jetpack_dont_email_post_to_subs":false,"_jetpack_newsletter_tier_id":0,"_jetpack_memberships_contains_paywalled_content":false,"_jetpack_feature_clip_id":0,"_jetpack_memberships_contains_paid_content":false,"footnotes":"","jetpack_post_was_ever_published":false},"categories":[35],"tags":[3800,34978,34979,1570],"class_list":["post-134574","post","type-post","status-publish","format-standard","has-post-thumbnail","hentry","category-nacionales","tag-ano-escolar","tag-escuela-de-cancino-adentro","tag-proximo","tag-santo-domingo-este"],"jetpack-related-posts":[{"id":136823,"url":"https:\/\/lasprimeras.com.do\/index.php\/2026\/08\/08\/gran-incendio-se-registra-en-el-vertedero-de-cancino-adentro\/","url_meta":{"origin":134574,"position":0},"title":"Gran incendio se registra en el vertedero de Cancino Adentro","author":"Nelson Feliz","date":"8 de agosto de 2026","format":false,"excerpt":"SANTO DOMINGO ESTE, RD.- Un incendio de gran magnitud se registra desde las primeras horas de este s\u00e1bado en el vertedero de Cancino Adentro, en este municipio, sin que hasta el momento se reporten desgracias personales. El fuego levanta grandes columnas de humo que se observan desde todo el municipio\u2026","rel":"","context":"En \u00abNACIONALES\u00bb","block_context":{"text":"NACIONALES","link":"https:\/\/lasprimeras.com.do\/index.php\/category\/nacionales\/"},"img":{"alt_text":"","src":"https:\/\/i0.wp.com\/lasprimeras.com.do\/wp-content\/uploads\/2026\/08\/Vertedero.jpg?resize=350%2C200&ssl=1","width":350,"height":200,"srcset":"https:\/\/i0.wp.com\/lasprimeras.com.do\/wp-content\/uploads\/2026\/08\/Vertedero.jpg?resize=350%2C200&ssl=1 1x, https:\/\/i0.wp.com\/lasprimeras.com.do\/wp-content\/uploads\/2026\/08\/Vertedero.jpg?resize=525%2C300&ssl=1 1.5x, https:\/\/i0.wp.com\/lasprimeras.com.do\/wp-content\/uploads\/2026\/08\/Vertedero.jpg?resize=700%2C400&ssl=1 2x, https:\/\/i0.wp.com\/lasprimeras.com.do\/wp-content\/uploads\/2026\/08\/Vertedero.jpg?resize=1050%2C600&ssl=1 3x"},"classes":[]},{"id":138000,"url":"https:\/\/lasprimeras.com.do\/index.php\/2026\/08\/24\/comunitarios-de-cancino-adentro-piden-al-presidente-abinader-intervencion-integral\/","url_meta":{"origin":134574,"position":1},"title":"Comunitarios de Cancino Adentro piden al presidente Abinader intervenci\u00f3n integral","author":"Nelson Feliz","date":"24 de agosto de 2026","format":false,"excerpt":"Santo Domingo Este.= Residentes y dirigentes de Cancino Adentro hicieron un llamado urgente al presidente Luis Abinader. Solicitan una intervenci\u00f3n integral para atender las carencias sociales y de infraestructura. Denuncian que estas afectan la calidad de vida de sus habitantes. Se\u00f1alan que pese al crecimiento poblacional persisten fallas en agua,\u2026","rel":"","context":"En \u00abNACIONALES\u00bb","block_context":{"text":"NACIONALES","link":"https:\/\/lasprimeras.com.do\/index.php\/category\/nacionales\/"},"img":{"alt_text":"","src":"https:\/\/i0.wp.com\/lasprimeras.com.do\/wp-content\/uploads\/2026\/08\/DJI_0159-scaled.jpg?resize=350%2C200&ssl=1","width":350,"height":200,"srcset":"https:\/\/i0.wp.com\/lasprimeras.com.do\/wp-content\/uploads\/2026\/08\/DJI_0159-scaled.jpg?resize=350%2C200&ssl=1 1x, https:\/\/i0.wp.com\/lasprimeras.com.do\/wp-content\/uploads\/2026\/08\/DJI_0159-scaled.jpg?resize=525%2C300&ssl=1 1.5x, https:\/\/i0.wp.com\/lasprimeras.com.do\/wp-content\/uploads\/2026\/08\/DJI_0159-scaled.jpg?resize=700%2C400&ssl=1 2x, https:\/\/i0.wp.com\/lasprimeras.com.do\/wp-content\/uploads\/2026\/08\/DJI_0159-scaled.jpg?resize=1050%2C600&ssl=1 3x, https:\/\/i0.wp.com\/lasprimeras.com.do\/wp-content\/uploads\/2026\/08\/DJI_0159-scaled.jpg?resize=1400%2C800&ssl=1 4x"},"classes":[]},{"id":137954,"url":"https:\/\/lasprimeras.com.do\/index.php\/2026\/08\/23\/alarma-en-cancino-adentro-por-ola-de-atracos-y-debil-patrullaje-policial\/","url_meta":{"origin":134574,"position":2},"title":"Alarma en Cancino Adentro por ola de atracos y d\u00e9bil patrullaje policial","author":"Nelson Feliz","date":"23 de agosto de 2026","format":false,"excerpt":"Residentes viven con miedo constante y denuncian abandono ante la falta de respuesta efectiva de las autoridades. Santo Domingo Este.- Un creciente clima de inseguridad mantiene en estado de alarma a los residentes del sector Cancino Adentro, quienes denuncian un aumento significativo de robos y atracos, acompa\u00f1ado de un patrullaje\u2026","rel":"","context":"En \u00abNACIONALES\u00bb","block_context":{"text":"NACIONALES","link":"https:\/\/lasprimeras.com.do\/index.php\/category\/nacionales\/"},"img":{"alt_text":"Alarma en Cancino Adentro","src":"https:\/\/i0.wp.com\/lasprimeras.com.do\/wp-content\/uploads\/2026\/08\/Alarma-en-Cancino-Adentro-1.jpg?resize=350%2C200&ssl=1","width":350,"height":200,"srcset":"https:\/\/i0.wp.com\/lasprimeras.com.do\/wp-content\/uploads\/2026\/08\/Alarma-en-Cancino-Adentro-1.jpg?resize=350%2C200&ssl=1 1x, https:\/\/i0.wp.com\/lasprimeras.com.do\/wp-content\/uploads\/2026\/08\/Alarma-en-Cancino-Adentro-1.jpg?resize=525%2C300&ssl=1 1.5x, https:\/\/i0.wp.com\/lasprimeras.com.do\/wp-content\/uploads\/2026\/08\/Alarma-en-Cancino-Adentro-1.jpg?resize=700%2C400&ssl=1 2x"},"classes":[]},{"id":136427,"url":"https:\/\/lasprimeras.com.do\/index.php\/2026\/08\/03\/ola-de-robos-y-debil-patrullaje-policial-siembran-alarma-en-cancino-adentro\/","url_meta":{"origin":134574,"position":3},"title":"Ola de robos y d\u00e9bil patrullaje policial siembran alarma en Cancino Adentro","author":"Nelson Feliz","date":"3 de agosto de 2026","format":false,"excerpt":"Residentes denuncian atracos constantes, falta de vigilancia nocturna y exigen acciones urgentes de las autoridades Santo Domingo Este. \u2013 Comerciantes y residentes del sector Cancino Adentro denunciaron una creciente ola de robos registrada en las \u00faltimas semanas, situaci\u00f3n que ha encendido las alarmas y generado un clima de inseguridad, agravado,\u2026","rel":"","context":"En \u00abNACIONALES\u00bb","block_context":{"text":"NACIONALES","link":"https:\/\/lasprimeras.com.do\/index.php\/category\/nacionales\/"},"img":{"alt_text":"","src":"https:\/\/i0.wp.com\/lasprimeras.com.do\/wp-content\/uploads\/2026\/08\/Cancino-Adentro-1.jpg?resize=350%2C200&ssl=1","width":350,"height":200,"srcset":"https:\/\/i0.wp.com\/lasprimeras.com.do\/wp-content\/uploads\/2026\/08\/Cancino-Adentro-1.jpg?resize=350%2C200&ssl=1 1x, https:\/\/i0.wp.com\/lasprimeras.com.do\/wp-content\/uploads\/2026\/08\/Cancino-Adentro-1.jpg?resize=525%2C300&ssl=1 1.5x, https:\/\/i0.wp.com\/lasprimeras.com.do\/wp-content\/uploads\/2026\/08\/Cancino-Adentro-1.jpg?resize=700%2C400&ssl=1 2x"},"classes":[]},{"id":111070,"url":"https:\/\/lasprimeras.com.do\/index.php\/2025\/10\/04\/el-puente-que-dio-astacio-no-ha-vuelto-a-cruzar-en-cancino-adentro\/","url_meta":{"origin":134574,"position":4},"title":"El puente que Dio Astacio no ha vuelto a cruzar en Cancino Adentro","author":"Nelson Feliz","date":"4 de octubre de 2025","format":false,"excerpt":"Por Darwin Feliz Matos En Cancino Adentro y El Tamarindo hay una ca\u00f1ada que no solo divide territorios, sino que tambi\u00e9n separa las promesas de la realidad. All\u00ed, justo en la ruta de guagua la 39 y con desembocadura en el r\u00edo Ozama, el puente colapsado sigue esperando ser reconstruido,\u2026","rel":"","context":"En \u00abNACIONALES\u00bb","block_context":{"text":"NACIONALES","link":"https:\/\/lasprimeras.com.do\/index.php\/category\/nacionales\/"},"img":{"alt_text":"","src":"https:\/\/i0.wp.com\/lasprimeras.com.do\/wp-content\/uploads\/2025\/10\/Puente.jpg?resize=350%2C200&ssl=1","width":350,"height":200,"srcset":"https:\/\/i0.wp.com\/lasprimeras.com.do\/wp-content\/uploads\/2025\/10\/Puente.jpg?resize=350%2C200&ssl=1 1x, https:\/\/i0.wp.com\/lasprimeras.com.do\/wp-content\/uploads\/2025\/10\/Puente.jpg?resize=525%2C300&ssl=1 1.5x, https:\/\/i0.wp.com\/lasprimeras.com.do\/wp-content\/uploads\/2025\/10\/Puente.jpg?resize=700%2C400&ssl=1 2x"},"classes":[]},{"id":106582,"url":"https:\/\/lasprimeras.com.do\/index.php\/2025\/08\/17\/en-cancino-adentro-reina-el-miedo-ante-posibles-inundaciones-por-el-huracan-erin\/","url_meta":{"origin":134574,"position":5},"title":"En Cancino Adentro reina el miedo ante posibles inundaciones por el hurac\u00e1n Erin","author":"Nelson Feliz","date":"17 de agosto de 2025","format":false,"excerpt":"Un sentimiento de angustia colectiva se respira en Cancino Adentro, donde decenas de familias viven horas de incertidumbre ante la amenaza de inundaciones provocadas por el hurac\u00e1n Erin y las intensas lluvias que se esperan en los pr\u00f3ximos d\u00edas. Los moradores de esta zona vulnerable, ubicada en la periferia del\u2026","rel":"","context":"En \u00abNACIONALES\u00bb","block_context":{"text":"NACIONALES","link":"https:\/\/lasprimeras.com.do\/index.php\/category\/nacionales\/"},"img":{"alt_text":"","src":"https:\/\/i0.wp.com\/lasprimeras.com.do\/wp-content\/uploads\/2025\/08\/INUNDACIONES.jpg?resize=350%2C200&ssl=1","width":350,"height":200,"srcset":"https:\/\/i0.wp.com\/lasprimeras.com.do\/wp-content\/uploads\/2025\/08\/INUNDACIONES.jpg?resize=350%2C200&ssl=1 1x, https:\/\/i0.wp.com\/lasprimeras.com.do\/wp-content\/uploads\/2025\/08\/INUNDACIONES.jpg?resize=525%2C300&ssl=1 1.5x, https:\/\/i0.wp.com\/lasprimeras.com.do\/wp-content\/uploads\/2025\/08\/INUNDACIONES.jpg?resize=700%2C400&ssl=1 2x"},"classes":[]}],"jetpack_sharing_enabled":true,"jetpack_featured_media_url":"https:\/\/lasprimeras.com.do\/wp-content\/uploads\/2026\/07\/escuela-1.jpg","_links":{"self":[{"href":"https:\/\/lasprimeras.com.do\/index.php\/wp-json\/wp\/v2\/posts\/134574","targetHints":{"allow":["GET"]}}],"collection":[{"href":"https:\/\/lasprimeras.com.do\/index.php\/wp-json\/wp\/v2\/posts"}],"about":[{"href":"https:\/\/lasprimeras.com.do\/index.php\/wp-json\/wp\/v2\/types\/post"}],"author":[{"embeddable":true,"href":"https:\/\/lasprimeras.com.do\/index.php\/wp-json\/wp\/v2\/users\/10"}],"replies":[{"embeddable":true,"href":"https:\/\/lasprimeras.com.do\/index.php\/wp-json\/wp\/v2\/comments?post=134574"}],"version-history":[{"count":1,"href":"https:\/\/lasprimeras.com.do\/index.php\/wp-json\/wp\/v2\/posts\/134574\/revisions"}],"predecessor-version":[{"id":134576,"href":"https:\/\/lasprimeras.com.do\/index.php\/wp-json\/wp\/v2\/posts\/134574\/revisions\/134576"}],"wp:featuredmedia":[{"embeddable":true,"href":"https:\/\/lasprimeras.com.do\/index.php\/wp-json\/wp\/v2\/media\/134575"}],"wp:attachment":[{"href":"https:\/\/lasprimeras.com.do\/index.php\/wp-json\/wp\/v2\/media?parent=134574"}],"wp:term":[{"taxonomy":"category","embeddable":true,"href":"https:\/\/lasprimeras.com.do\/index.php\/wp-json\/wp\/v2\/categories?post=134574"},{"taxonomy":"post_tag","embeddable":true,"href":"https:\/\/lasprimeras.com.do\/index.php\/wp-json\/wp\/v2\/tags?post=134574"}],"curies":[{"name":"wp","href":"https:\/\/api.w.org\/{rel}","templated":true}]}}