{"id":134618,"date":"2026-07-13T09:42:28","date_gmt":"2026-07-13T13:42:28","guid":{"rendered":"https:\/\/lasprimeras.com.do\/?p=134618"},"modified":"2026-07-13T09:42:30","modified_gmt":"2026-07-13T13:42:30","slug":"presidente-del-senado-defiende-procesos-legislativos-proyectos-no-se-aprueban-al-vapor","status":"publish","type":"post","link":"https:\/\/lasprimeras.com.do\/index.php\/2026\/07\/13\/presidente-del-senado-defiende-procesos-legislativos-proyectos-no-se-aprueban-al-vapor\/","title":{"rendered":"Presidente del Senado defiende procesos legislativos: \u201cproyectos no se aprueban al vapor&#8221;"},"content":{"rendered":"\n<p class=\"wp-block-paragraph\">Por Adalgisa S\u00e1nchez<\/p>\n\n\n\n<p class=\"wp-block-paragraph\">SANTO DOMINGO.\u2013 El presidente del Senado, Ricardo de los Santos, defendi\u00f3 categ\u00f3ricamente la eficiencia del actual periodo legislativo, rechazando las cr\u00edticas de sectores de la oposici\u00f3n que califican de &#8220;acelerada&#8221; la aprobaci\u00f3n de importantes piezas.<\/p>\n\n\n\n<p class=\"wp-block-paragraph\">Al ser cuestionado por los medios de comunicaci\u00f3n que cubre la fuente del Congreso sobre la criticas de los representantes de partidos opositores sobre la rapidez con que la C\u00e1mara Alta, aprob\u00f3 la noche del mi\u00e9rcoles, la modificaci\u00f3n a la Ley 590-16 Org\u00e1nica de la Polic\u00eda Nacional, el senador asegur\u00f3 que esta pieza se mantuvo en estudio por siete meses.<\/p>\n\n\n\n<p class=\"wp-block-paragraph\">\u201cEl Congreso Nacional ha pasado de ser criticado por la mora legislativa y la falta de resultados, a ser cuestionado por su dinamismo y productividad. La cr\u00edtica al Congreso antes era porque no se trabajaba y los proyectos no sal\u00edan. Ahora la cr\u00edtica es porque avanzamos demasiado. Nuestro compromiso es seguir trabajando arduamente&#8221;, afirm\u00f3, el presidente del Senado.<\/p>\n\n\n\n<p class=\"wp-block-paragraph\">El presidente senatorial rechaz\u00f3 que el conocimiento de esta pieza legislativa responda a una reacci\u00f3n improvisada ante la presi\u00f3n social.<\/p>\n\n\n\n<p class=\"wp-block-paragraph\">Precis\u00f3 que el proyecto, que consta de 315 art\u00edculos, permaneci\u00f3 por meses en an\u00e1lisis y en consulta con todos los sectores interesados.<\/p>\n\n\n\n<p class=\"wp-block-paragraph\">&#8220;Es ignorancia y populismo de la oposici\u00f3n, ellos no pueden hablar de rapidez\u201d puntualiz\u00f3, confirmando que la pieza ser\u00e1 conocida en segunda discusi\u00f3n este viernes antes de pasar a la C\u00e1mara de Diputados.<\/p>\n\n\n\n<p class=\"wp-block-paragraph\">En cuanto a las cr\u00edticas al C\u00f3digo Laboral, el representante de la provincia S\u00e1nchez Ramirtez, y presidente del Senado hizo un llamado a la sociedad dominicana a evitar la &#8220;satanizaci\u00f3n&#8221; de los proyectos y a fundamentar las discusiones en el conocimiento.<\/p>\n\n\n\n<p class=\"wp-block-paragraph\">&#8220;Leamos primero y despu\u00e9s discutamos para poder hablar con verdadero argumento y conocimiento de causa&#8221;, inst\u00f3.<\/p>\n\n\n\n<p class=\"wp-block-paragraph\">El representante de S\u00e1nchez Ram\u00edrez reiter\u00f3 que el Congreso continuar\u00e1 trabajando sobre la base del consenso para profesionalizar a la Polic\u00eda Nacional y dotar al pa\u00eds de leyes sensatas que respondan a las necesidades actuales de la democracia dominicana.<\/p>\n","protected":false},"excerpt":{"rendered":"<p>Por Adalgisa S\u00e1nchez SANTO DOMINGO.\u2013 El presidente del Senado, Ricardo de los Santos, defendi\u00f3 categ\u00f3ricamente la eficiencia del actual periodo legislativo, rechazando las cr\u00edticas de sectores de la oposici\u00f3n que&hellip;<\/p>\n","protected":false},"author":10,"featured_media":129918,"comment_status":"open","ping_status":"open","sticky":false,"template":"","format":"standard","meta":{"content-type":"","_jetpack_newsletter_access":"","_jetpack_dont_email_post_to_subs":false,"_jetpack_newsletter_tier_id":0,"_jetpack_memberships_contains_paywalled_content":false,"_jetpack_feature_clip_id":0,"_jetpack_memberships_contains_paid_content":false,"footnotes":"","jetpack_post_was_ever_published":false},"categories":[16559],"tags":[7568,916,449,2107,14234],"class_list":["post-134618","post","type-post","status-publish","format-standard","has-post-thumbnail","hentry","category-politica","tag-legislativos","tag-procesos","tag-proyectos","tag-ricardo-de-los-santos","tag-vapor"],"jetpack-related-posts":[{"id":94717,"url":"https:\/\/lasprimeras.com.do\/index.php\/2025\/03\/04\/camara-alta-trabajara-para-aprobar-modificacion-al-codigo-penal\/","url_meta":{"origin":134618,"position":0},"title":"C\u00e1mara Alta trabajar\u00e1 para aprobar modificaci\u00f3n al C\u00f3digo Penal","author":"Nelson Feliz","date":"4 de marzo de 2025","format":false,"excerpt":"Durante su participaci\u00f3n en el programa Despierta con CDN, el presidente del Senado asegur\u00f3 que el poder legislativo tiene esa deuda con el pa\u00eds. Por Elvis Castro Hern\u00e1ndez El presidente del Senado, Ricardo de los Santos, destac\u00f3 el proyecto de modificaci\u00f3n al C\u00f3digo Penal dominicano, como la pieza legislativa macro\u2026","rel":"","context":"En \u00abNACIONALES\u00bb","block_context":{"text":"NACIONALES","link":"https:\/\/lasprimeras.com.do\/index.php\/category\/nacionales\/"},"img":{"alt_text":"Ricardo de los Santos","src":"https:\/\/i0.wp.com\/lasprimeras.com.do\/wp-content\/uploads\/2025\/03\/Ricardo-de-los-Santos2.jpg?resize=350%2C200&ssl=1","width":350,"height":200,"srcset":"https:\/\/i0.wp.com\/lasprimeras.com.do\/wp-content\/uploads\/2025\/03\/Ricardo-de-los-Santos2.jpg?resize=350%2C200&ssl=1 1x, https:\/\/i0.wp.com\/lasprimeras.com.do\/wp-content\/uploads\/2025\/03\/Ricardo-de-los-Santos2.jpg?resize=525%2C300&ssl=1 1.5x, https:\/\/i0.wp.com\/lasprimeras.com.do\/wp-content\/uploads\/2025\/03\/Ricardo-de-los-Santos2.jpg?resize=700%2C400&ssl=1 2x"},"classes":[]},{"id":90070,"url":"https:\/\/lasprimeras.com.do\/index.php\/2024\/10\/12\/presidente-del-senado-invita-a-todos-los-sectores-a-participar-en-debates-sobre-reforma-fiscal\/","url_meta":{"origin":134618,"position":1},"title":"Presidente del Senado invita a todos los sectores a participar en debates sobre Reforma Fiscal","author":"Nelson Feliz","date":"12 de octubre de 2024","format":false,"excerpt":"El presidente del Senado, Ricardo De los Santos, invit\u00f3 a los distintos sectores del pa\u00eds a participar en las discusiones que se llevan a cabo en el conocimiento del proyecto de Reforma Fiscal. De los Santos dijo que el Congreso Nacional es la casa de la democracia y asegur\u00f3 que\u2026","rel":"","context":"En \u00abNACIONALES\u00bb","block_context":{"text":"NACIONALES","link":"https:\/\/lasprimeras.com.do\/index.php\/category\/nacionales\/"},"img":{"alt_text":"Ricardo De los Santos","src":"https:\/\/i0.wp.com\/lasprimeras.com.do\/wp-content\/uploads\/2024\/10\/Ricardo-De-los-Santos-7.jpg?resize=350%2C200&ssl=1","width":350,"height":200,"srcset":"https:\/\/i0.wp.com\/lasprimeras.com.do\/wp-content\/uploads\/2024\/10\/Ricardo-De-los-Santos-7.jpg?resize=350%2C200&ssl=1 1x, https:\/\/i0.wp.com\/lasprimeras.com.do\/wp-content\/uploads\/2024\/10\/Ricardo-De-los-Santos-7.jpg?resize=525%2C300&ssl=1 1.5x, https:\/\/i0.wp.com\/lasprimeras.com.do\/wp-content\/uploads\/2024\/10\/Ricardo-De-los-Santos-7.jpg?resize=700%2C400&ssl=1 2x"},"classes":[]},{"id":81552,"url":"https:\/\/lasprimeras.com.do\/index.php\/2024\/04\/22\/presidente-del-senado-afirma-impulsara-proyectos-para-unificar-elecciones\/","url_meta":{"origin":134618,"position":2},"title":"Presidente del Senado afirma impulsar\u00e1 proyectos para unificar elecciones","author":"BIMARY DE JES\u00daS Matos","date":"22 de abril de 2024","format":false,"excerpt":"SANTO DOMINGO. - El presidente del Senado Ricardo de los Santos asumi\u00f3 este lunes el compromiso de impulsar la unificaci\u00f3n de las elecciones presidenciales y congresuales con las municipales; as\u00ed como de institucionalizar la independencia del Ministerio P\u00fablico, por medio a una modificaci\u00f3n de la Constituci\u00f3n. El senador por S\u00e1nchez\u2026","rel":"","context":"En \u00abSin categor\u00eda\u00bb","block_context":{"text":"Sin categor\u00eda","link":"https:\/\/lasprimeras.com.do\/index.php\/category\/sin-categoria\/"},"img":{"alt_text":"","src":"https:\/\/i0.wp.com\/lasprimeras.com.do\/wp-content\/uploads\/2024\/04\/IMG-20240422-WA0032.jpg?resize=350%2C200&ssl=1","width":350,"height":200,"srcset":"https:\/\/i0.wp.com\/lasprimeras.com.do\/wp-content\/uploads\/2024\/04\/IMG-20240422-WA0032.jpg?resize=350%2C200&ssl=1 1x, https:\/\/i0.wp.com\/lasprimeras.com.do\/wp-content\/uploads\/2024\/04\/IMG-20240422-WA0032.jpg?resize=525%2C300&ssl=1 1.5x, https:\/\/i0.wp.com\/lasprimeras.com.do\/wp-content\/uploads\/2024\/04\/IMG-20240422-WA0032.jpg?resize=700%2C400&ssl=1 2x, https:\/\/i0.wp.com\/lasprimeras.com.do\/wp-content\/uploads\/2024\/04\/IMG-20240422-WA0032.jpg?resize=1050%2C600&ssl=1 3x, https:\/\/i0.wp.com\/lasprimeras.com.do\/wp-content\/uploads\/2024\/04\/IMG-20240422-WA0032.jpg?resize=1400%2C800&ssl=1 4x"},"classes":[]},{"id":93235,"url":"https:\/\/lasprimeras.com.do\/index.php\/2025\/01\/28\/presidente-del-senado-afirma-congreso-nacional-legislara-sobre-candidaturas-independientes\/","url_meta":{"origin":134618,"position":3},"title":"Presidente del Senado afirma Congreso Nacional legislar\u00e1 sobre candidaturas independientes","author":"Nelson Feliz","date":"28 de enero de 2025","format":false,"excerpt":"El presidente del Senado, Ricardo de los Santos, afirm\u00f3 este martes que el Congreso Nacional est\u00e1 abierto y se abocar\u00e1 a crear las normas necesarias para regular y debatir leyes pendientes durante la pr\u00f3xima legislatura que iniciar\u00e1 a partir del 27 de febrero. Entre estas se\u00f1al\u00f3, crear normas para regular\u2026","rel":"","context":"En \u00abPOLITICA\u00bb","block_context":{"text":"POLITICA","link":"https:\/\/lasprimeras.com.do\/index.php\/category\/politica\/"},"img":{"alt_text":"","src":"https:\/\/i0.wp.com\/lasprimeras.com.do\/wp-content\/uploads\/2024\/12\/RICARDO-DE-LOS-SANTOS-Pres.jpg?resize=350%2C200&ssl=1","width":350,"height":200,"srcset":"https:\/\/i0.wp.com\/lasprimeras.com.do\/wp-content\/uploads\/2024\/12\/RICARDO-DE-LOS-SANTOS-Pres.jpg?resize=350%2C200&ssl=1 1x, https:\/\/i0.wp.com\/lasprimeras.com.do\/wp-content\/uploads\/2024\/12\/RICARDO-DE-LOS-SANTOS-Pres.jpg?resize=525%2C300&ssl=1 1.5x, https:\/\/i0.wp.com\/lasprimeras.com.do\/wp-content\/uploads\/2024\/12\/RICARDO-DE-LOS-SANTOS-Pres.jpg?resize=700%2C400&ssl=1 2x"},"classes":[]},{"id":93864,"url":"https:\/\/lasprimeras.com.do\/index.php\/2025\/02\/21\/presidente-del-senado-apoya-la-modificacion-a-ley-de-residuos-solidos\/","url_meta":{"origin":134618,"position":4},"title":"Presidente del Senado apoya la modificaci\u00f3n a ley de Residuos S\u00f3lidos","author":"Nelson Feliz","date":"21 de febrero de 2025","format":false,"excerpt":"El presidente del Senado de la Rep\u00fablica, Ricardo De Los Santos, dijo que apoya la modificaci\u00f3n a ley General de Gesti\u00f3n Integral y Procedimiento de Residuos S\u00f3lidos en la Rep\u00fablica Dominicana. El senador dijo \u201cEstamos escuchando todos los sectores para la modificaci\u00f3n a la ya debatida ley\u201d, asegur\u00f3 Ricardo De\u2026","rel":"","context":"En \u00abNACIONALES\u00bb","block_context":{"text":"NACIONALES","link":"https:\/\/lasprimeras.com.do\/index.php\/category\/nacionales\/"},"img":{"alt_text":"Ricardo De Los Santos","src":"https:\/\/i0.wp.com\/lasprimeras.com.do\/wp-content\/uploads\/2025\/02\/Ricardo-De-Los-Santos.jpg?resize=350%2C200&ssl=1","width":350,"height":200,"srcset":"https:\/\/i0.wp.com\/lasprimeras.com.do\/wp-content\/uploads\/2025\/02\/Ricardo-De-Los-Santos.jpg?resize=350%2C200&ssl=1 1x, https:\/\/i0.wp.com\/lasprimeras.com.do\/wp-content\/uploads\/2025\/02\/Ricardo-De-Los-Santos.jpg?resize=525%2C300&ssl=1 1.5x, https:\/\/i0.wp.com\/lasprimeras.com.do\/wp-content\/uploads\/2025\/02\/Ricardo-De-Los-Santos.jpg?resize=700%2C400&ssl=1 2x"},"classes":[]},{"id":90927,"url":"https:\/\/lasprimeras.com.do\/index.php\/2024\/11\/02\/senado-iniciara-amplio-proceso-de-actualizacion-de-leyes-pendientes\/","url_meta":{"origin":134618,"position":5},"title":"Senado iniciar\u00e1 amplio proceso de actualizaci\u00f3n de leyes pendientes","author":"Nelson Feliz","date":"2 de noviembre de 2024","format":false,"excerpt":"El presidente del Senado, Ricardo de los Santos, asegur\u00f3 que el \u00f3rgano legislativo buscar\u00e1 actualizar y consensuar las leyes contempladas en la Constituci\u00f3n del 2010 y 2024. El presidente del Senado, Ricardo de los Santos, destac\u00f3 que la C\u00e1mara Alta est\u00e1 preparada para iniciar un amplio proceso legislativo, que busca\u2026","rel":"","context":"En \u00abSin categor\u00eda\u00bb","block_context":{"text":"Sin categor\u00eda","link":"https:\/\/lasprimeras.com.do\/index.php\/category\/sin-categoria\/"},"img":{"alt_text":"","src":"https:\/\/i0.wp.com\/lasprimeras.com.do\/wp-content\/uploads\/2024\/11\/RICARDO.jpg?resize=350%2C200&ssl=1","width":350,"height":200,"srcset":"https:\/\/i0.wp.com\/lasprimeras.com.do\/wp-content\/uploads\/2024\/11\/RICARDO.jpg?resize=350%2C200&ssl=1 1x, https:\/\/i0.wp.com\/lasprimeras.com.do\/wp-content\/uploads\/2024\/11\/RICARDO.jpg?resize=525%2C300&ssl=1 1.5x, https:\/\/i0.wp.com\/lasprimeras.com.do\/wp-content\/uploads\/2024\/11\/RICARDO.jpg?resize=700%2C400&ssl=1 2x"},"classes":[]}],"jetpack_sharing_enabled":true,"jetpack_featured_media_url":"https:\/\/lasprimeras.com.do\/wp-content\/uploads\/2026\/05\/RICARDO-DE-LOS-SANTOS.jpg","_links":{"self":[{"href":"https:\/\/lasprimeras.com.do\/index.php\/wp-json\/wp\/v2\/posts\/134618","targetHints":{"allow":["GET"]}}],"collection":[{"href":"https:\/\/lasprimeras.com.do\/index.php\/wp-json\/wp\/v2\/posts"}],"about":[{"href":"https:\/\/lasprimeras.com.do\/index.php\/wp-json\/wp\/v2\/types\/post"}],"author":[{"embeddable":true,"href":"https:\/\/lasprimeras.com.do\/index.php\/wp-json\/wp\/v2\/users\/10"}],"replies":[{"embeddable":true,"href":"https:\/\/lasprimeras.com.do\/index.php\/wp-json\/wp\/v2\/comments?post=134618"}],"version-history":[{"count":1,"href":"https:\/\/lasprimeras.com.do\/index.php\/wp-json\/wp\/v2\/posts\/134618\/revisions"}],"predecessor-version":[{"id":134619,"href":"https:\/\/lasprimeras.com.do\/index.php\/wp-json\/wp\/v2\/posts\/134618\/revisions\/134619"}],"wp:featuredmedia":[{"embeddable":true,"href":"https:\/\/lasprimeras.com.do\/index.php\/wp-json\/wp\/v2\/media\/129918"}],"wp:attachment":[{"href":"https:\/\/lasprimeras.com.do\/index.php\/wp-json\/wp\/v2\/media?parent=134618"}],"wp:term":[{"taxonomy":"category","embeddable":true,"href":"https:\/\/lasprimeras.com.do\/index.php\/wp-json\/wp\/v2\/categories?post=134618"},{"taxonomy":"post_tag","embeddable":true,"href":"https:\/\/lasprimeras.com.do\/index.php\/wp-json\/wp\/v2\/tags?post=134618"}],"curies":[{"name":"wp","href":"https:\/\/api.w.org\/{rel}","templated":true}]}}