{"id":134642,"date":"2026-07-14T07:20:24","date_gmt":"2026-07-14T11:20:24","guid":{"rendered":"https:\/\/lasprimeras.com.do\/?p=134642"},"modified":"2026-07-14T07:20:26","modified_gmt":"2026-07-14T11:20:26","slug":"esperan-gonzalo-vaya-con-to-a-rd-debate-unico-aspirante-presidencial-pld-no-se-ha-inscripto","status":"publish","type":"post","link":"https:\/\/lasprimeras.com.do\/index.php\/2026\/07\/14\/esperan-gonzalo-vaya-con-to-a-rd-debate-unico-aspirante-presidencial-pld-no-se-ha-inscripto\/","title":{"rendered":"Esperan Gonzalo vaya con t\u00f3 a \u201cRD Debate\u201d, \u00fanico aspirante presidencial PLD no se ha inscripto"},"content":{"rendered":"\n<p class=\"wp-block-paragraph\">Por Ram\u00f3n Mercedes<\/p>\n\n\n\n<p class=\"wp-block-paragraph\">NUEVA YORK.- Dirigentes y militantes del Partido de la Liberaci\u00f3n Dominicana (PLD) en esta ciudad han expresado su esperanza de que el aspirante presidencial de la entidad, Gonzalo Castillo, &#8220;vaya con t\u00f3&#8221; y se inscriba en \u201cRD Debate\u201d, que ofrecer\u00e1 proximamente el Consejo de Desarrollo Econ\u00f3mico y Social de Santo Domingo (CODESSD), ya que \u00e9l es el \u00fanico que falta por inscribirse.<\/p>\n\n\n\n<p class=\"wp-block-paragraph\">Sostienen que, de no hacerlo, \u201cEl Penco\u201d dar\u00eda la sensaci\u00f3n e interpretaci\u00f3n ante la opini\u00f3n p\u00fablica de miedo, p\u00e1nico y pavor, debiendo aprovechar el influyente escenario, sin ama\u00f1amientos y con total transparencia, para que demuestre con claridad, detalles y precisi\u00f3n los programas de su agenda para dirigir el pa\u00eds.<\/p>\n\n\n\n<p class=\"wp-block-paragraph\">Ya todos los aspirantes presidenciales pelede\u00edstas se han inscrito ante el COSESSD. Ellos son: Francisco Javier Garc\u00eda, Francisco Dom\u00ednguez Brito, Luis de Le\u00f3n, Ram\u00f3n Ventura Camejo, Manfred Mata y Mario Bruno Gonz\u00e1lez.<\/p>\n\n\n\n<p class=\"wp-block-paragraph\">Los pelede\u00edstas en NY, en documento y pidiendo reservas de sus identidades, especifican que \u201cRD Debate\u201d constituye una oportunidad para que el pueblo conozca las propuestas, ideas, visiones y capacidades de quienes aspiran a encabezar la boleta presidencial de nuestro partido de cara a las elecciones de 2028.<\/p>\n\n\n\n<p class=\"wp-block-paragraph\">Adem\u00e1s, fortalecer\u00eda el sistema democr\u00e1tico dominicano, porque la democracia se beneficia del intercambio abierto y frecuente de posturas pol\u00edticas, y los votantes esperan que los debates pongan de manifiesto sus programas de gobierno a aplicar en caso de resultar electos.<\/p>\n\n\n\n<p class=\"wp-block-paragraph\">Se\u00f1alan que los debates crean las bases para que los votantes sepan cu\u00e1l es el candidato que m\u00e1s le conviene al conocer de manera directa sus planteamientos, enfoques, intenciones y necesidades inmediatas, as\u00ed como enfrentar\u00eda los problemas que padece la sociedad dominicana.<\/p>\n\n\n\n<p class=\"wp-block-paragraph\">Los debates no son un lujo, son una necesidad que naci\u00f3 en 1858, cuando debatieron Abraham Lincoln y Stephen A. Douglas por el esca\u00f1o de Illinois en el Senado de los Estados Unidos, indican.<br>Reiteramos que \u201cRD Debate\u201d y otros foros similares entre los aspirantes presidenciales servir\u00e1n para informar al electorado sobre sus propuestas pol\u00edticas y visi\u00f3n del futuro de una naci\u00f3n con crisis en el sistema el\u00e9ctrico, agropecuario, de salud, habitacional, de transporte y seguridad ciudadana, entre otros.<\/p>\n\n\n\n<p class=\"wp-block-paragraph\">&#8220;Esperamos que el compa\u00f1ero Gonzalo no recurra a subterfugios, porque quedar\u00eda ante el electorado la percepci\u00f3n de que oculta la falta de propuestas para enfrentar los problemas nacionales&#8221;, expresan.<\/p>\n\n\n\n<p class=\"wp-block-paragraph\">La serie de debates de los aspirantes presidenciales del PLD comenzar\u00e1 el 23 de agosto y se desarrollar\u00e1 con la participaci\u00f3n de los principales dirigentes que buscan la nominaci\u00f3n presidencial de la organizaci\u00f3n.<\/p>\n\n\n\n<p class=\"wp-block-paragraph\">Tendr\u00e1 una din\u00e1mica que permite presentar planteamientos sobre los principales desaf\u00edos nacionales en un ambiente de respeto e intercambio de ideas.<\/p>\n","protected":false},"excerpt":{"rendered":"<p>Por Ram\u00f3n Mercedes NUEVA YORK.- Dirigentes y militantes del Partido de la Liberaci\u00f3n Dominicana (PLD) en esta ciudad han expresado su esperanza de que el aspirante presidencial de la entidad,&hellip;<\/p>\n","protected":false},"author":10,"featured_media":134643,"comment_status":"open","ping_status":"open","sticky":false,"template":"","format":"standard","meta":{"content-type":"","_jetpack_newsletter_access":"","_jetpack_dont_email_post_to_subs":false,"_jetpack_newsletter_tier_id":0,"_jetpack_memberships_contains_paywalled_content":false,"_jetpack_feature_clip_id":0,"_jetpack_memberships_contains_paid_content":false,"footnotes":"","jetpack_post_was_ever_published":false},"categories":[16559,25],"tags":[6989,269,3855],"class_list":["post-134642","post","type-post","status-publish","format-standard","has-post-thumbnail","hentry","category-politica","category-portada","tag-debate","tag-pld","tag-precandidatos"],"jetpack-related-posts":[{"id":135910,"url":"https:\/\/lasprimeras.com.do\/index.php\/2026\/07\/28\/peledeistas-nyc-rechazan-que-johnny-pujols-encabece-reunion-virtual-con-el-equipo-politico-de-gonzalo\/","url_meta":{"origin":134642,"position":0},"title":"Pelede\u00edstas NYC rechazan que Johnny Pujols encabece reuni\u00f3n virtual con el equipo pol\u00edtico de Gonzalo","author":"Nelson Feliz","date":"28 de julio de 2026","format":false,"excerpt":"Por Ram\u00f3n Mercedes NUEVA YORK.- Dirigentes y militantes del Partido de la Liberaci\u00f3n Dominicana (PLD) en esta ciudad manifiestan su desacuerdo con que Johnny Pujols actual secretario general encabezara una reuni\u00f3n virtual \u00fanicamente con miembros del equipo pol\u00edtico del aspirante presidencial Gonzalo Castillo, tal como lo inform\u00f3 la prensa nacional.\u2026","rel":"","context":"En \u00abPOLITICA\u00bb","block_context":{"text":"POLITICA","link":"https:\/\/lasprimeras.com.do\/index.php\/category\/politica\/"},"img":{"alt_text":"","src":"https:\/\/i0.wp.com\/lasprimeras.com.do\/wp-content\/uploads\/2026\/07\/Peledeistas-NYC-en-desacuerdo-porque-secretario-general-del-partido-encabece-reunion-virtual-exclusiva-con-equipo-politico-de-Gonzalo.jpg?resize=350%2C200&ssl=1","width":350,"height":200},"classes":[]},{"id":106986,"url":"https:\/\/lasprimeras.com.do\/index.php\/2025\/08\/21\/charlie-mariotti-voy-a-echar-el-pleito-como-quiera-con-danilo-o-sin-danilo\/","url_meta":{"origin":134642,"position":1},"title":"Charlie Mariotti: \u201cVoy a echar el pleito como quiera, con Danilo o sin Danilo\u201d","author":"Nelson Feliz","date":"21 de agosto de 2025","format":false,"excerpt":"El precandidato presidencial del Partido de la Liberaci\u00f3n Dominicana (PLD), Charlie Mariotti, asegur\u00f3 que participar\u00e1 en la competencia interna por la candidatura presidencial de su organizaci\u00f3n, sin importar las figuras que decidan inscribirse y cual apoye Danilo Medina. \u201cVoy a echar el pleito como quiera. Aunque aparezca San Danilo, San\u2026","rel":"","context":"En \u00abPOLITICA\u00bb","block_context":{"text":"POLITICA","link":"https:\/\/lasprimeras.com.do\/index.php\/category\/politica\/"},"img":{"alt_text":"","src":"https:\/\/i0.wp.com\/lasprimeras.com.do\/wp-content\/uploads\/2025\/08\/Charlie-Mariotti.jpg?resize=350%2C200&ssl=1","width":350,"height":200,"srcset":"https:\/\/i0.wp.com\/lasprimeras.com.do\/wp-content\/uploads\/2025\/08\/Charlie-Mariotti.jpg?resize=350%2C200&ssl=1 1x, https:\/\/i0.wp.com\/lasprimeras.com.do\/wp-content\/uploads\/2025\/08\/Charlie-Mariotti.jpg?resize=525%2C300&ssl=1 1.5x, https:\/\/i0.wp.com\/lasprimeras.com.do\/wp-content\/uploads\/2025\/08\/Charlie-Mariotti.jpg?resize=700%2C400&ssl=1 2x"},"classes":[]},{"id":138012,"url":"https:\/\/lasprimeras.com.do\/index.php\/2026\/08\/24\/baja-asistencia-durante-acto-de-gonzalo-castillo-en-ny\/","url_meta":{"origin":134642,"position":2},"title":"Baja asistencia durante acto de Gonzalo Castillo en NY","author":"Nelson Feliz","date":"24 de agosto de 2026","format":false,"excerpt":"https:\/\/www.youtube.com\/watch?v=6Y4Of53CdF8 Por Ram\u00f3n Mercedes NUEVA YORK.- El encuentro convocado este fin de semana por el aspirante presidencial del Partido de la Liberaci\u00f3n Dominicana (PLD), Gonzalo Castillo, con dirigentes y militantes del partido en esta ciudad, registr\u00f3 una asistencia m\u00ednima. En NY y otras ciudades estadounidenses se esperaba la presencia de\u2026","rel":"","context":"En \u00abPOLITICA\u00bb","block_context":{"text":"POLITICA","link":"https:\/\/lasprimeras.com.do\/index.php\/category\/politica\/"},"img":{"alt_text":"","src":"https:\/\/i0.wp.com\/lasprimeras.com.do\/wp-content\/uploads\/2026\/08\/IMG-20260824-WA0343.jpg?resize=350%2C200&ssl=1","width":350,"height":200,"srcset":"https:\/\/i0.wp.com\/lasprimeras.com.do\/wp-content\/uploads\/2026\/08\/IMG-20260824-WA0343.jpg?resize=350%2C200&ssl=1 1x, https:\/\/i0.wp.com\/lasprimeras.com.do\/wp-content\/uploads\/2026\/08\/IMG-20260824-WA0343.jpg?resize=525%2C300&ssl=1 1.5x"},"classes":[]},{"id":134434,"url":"https:\/\/lasprimeras.com.do\/index.php\/2026\/07\/10\/charlie-mariotti-afirma-aspiraciones-de-gonzalo-castillo-cambio-el-panorama-politico\/","url_meta":{"origin":134642,"position":3},"title":"Charlie Mariotti afirma aspiraciones de Gonzalo Castillo cambi\u00f3 el panorama pol\u00edtico","author":"Nelson Feliz","date":"10 de julio de 2026","format":false,"excerpt":"- El exsenador pelede\u00edsta asegur\u00f3 que el panorama pol\u00edtico cambi\u00f3 tras el anuncio del aspirante SANTO DOMINGO, RD. El exsenador y dirigente del Partido de la Liberaci\u00f3n Dominicana, PLD, Charlie Mariotti, asegur\u00f3 este viernes que el panorama pol\u00edtico de la organizaci\u00f3n cambi\u00f3 desde que Gonzalo Castillo acept\u00f3 la candidatura presidencial\u2026","rel":"","context":"En \u00abPOLITICA\u00bb","block_context":{"text":"POLITICA","link":"https:\/\/lasprimeras.com.do\/index.php\/category\/politica\/"},"img":{"alt_text":"","src":"https:\/\/i0.wp.com\/lasprimeras.com.do\/wp-content\/uploads\/2026\/07\/IMG_20260710_090846-scaled.jpg?resize=350%2C200&ssl=1","width":350,"height":200,"srcset":"https:\/\/i0.wp.com\/lasprimeras.com.do\/wp-content\/uploads\/2026\/07\/IMG_20260710_090846-scaled.jpg?resize=350%2C200&ssl=1 1x, https:\/\/i0.wp.com\/lasprimeras.com.do\/wp-content\/uploads\/2026\/07\/IMG_20260710_090846-scaled.jpg?resize=525%2C300&ssl=1 1.5x, https:\/\/i0.wp.com\/lasprimeras.com.do\/wp-content\/uploads\/2026\/07\/IMG_20260710_090846-scaled.jpg?resize=700%2C400&ssl=1 2x, https:\/\/i0.wp.com\/lasprimeras.com.do\/wp-content\/uploads\/2026\/07\/IMG_20260710_090846-scaled.jpg?resize=1050%2C600&ssl=1 3x, https:\/\/i0.wp.com\/lasprimeras.com.do\/wp-content\/uploads\/2026\/07\/IMG_20260710_090846-scaled.jpg?resize=1400%2C800&ssl=1 4x"},"classes":[]},{"id":138092,"url":"https:\/\/lasprimeras.com.do\/index.php\/2026\/08\/25\/peledeistas-en-ny-coinciden-en-que-fjg-respondio-con-precision-preguntas-de-rd-debate\/","url_meta":{"origin":134642,"position":4},"title":"Pelede\u00edstas en NY coinciden en que FJG respondi\u00f3 con precisi\u00f3n preguntas de \u201cRD Debate\u201d","author":"Nelson Feliz","date":"25 de agosto de 2026","format":false,"excerpt":"https:\/\/www.youtube.com\/watch?v=E52Z7wcxrdg Por Ram\u00f3n Mercedes NUEVA YORK.- Cerca de medio centenar de dirigentes y militantes de la seccional del Partido de la Liberaci\u00f3n Dominicana (PLD) en esta ciudad coincidieron en afirmar que Francisco Javier Garc\u00eda fue el mejor expositor al responder con propuestas y soluciones durante \u201cRD Debate\u201d, impulsado por el\u2026","rel":"","context":"En \u00abPOLITICA\u00bb","block_context":{"text":"POLITICA","link":"https:\/\/lasprimeras.com.do\/index.php\/category\/politica\/"},"img":{"alt_text":"","src":"https:\/\/i0.wp.com\/lasprimeras.com.do\/wp-content\/uploads\/2026\/08\/IMG-20260825-WA0052.jpg?resize=350%2C200&ssl=1","width":350,"height":200,"srcset":"https:\/\/i0.wp.com\/lasprimeras.com.do\/wp-content\/uploads\/2026\/08\/IMG-20260825-WA0052.jpg?resize=350%2C200&ssl=1 1x, https:\/\/i0.wp.com\/lasprimeras.com.do\/wp-content\/uploads\/2026\/08\/IMG-20260825-WA0052.jpg?resize=525%2C300&ssl=1 1.5x, https:\/\/i0.wp.com\/lasprimeras.com.do\/wp-content\/uploads\/2026\/08\/IMG-20260825-WA0052.jpg?resize=700%2C400&ssl=1 2x, https:\/\/i0.wp.com\/lasprimeras.com.do\/wp-content\/uploads\/2026\/08\/IMG-20260825-WA0052.jpg?resize=1050%2C600&ssl=1 3x"},"classes":[]},{"id":105859,"url":"https:\/\/lasprimeras.com.do\/index.php\/2025\/08\/07\/diaspora-dominicana-respalda-precandidatura-presidencial-de-gonzalo-castillo\/","url_meta":{"origin":134642,"position":5},"title":"Di\u00e1spora dominicana respalda precandidatura presidencial de Gonzalo Castillo","author":"Nelson Feliz","date":"7 de agosto de 2025","format":false,"excerpt":"La voz de la di\u00e1spora dominicana se suma al clamor nacional por el regreso de una propuesta presidencial que represente esperanza y desarrollo para el pa\u00eds. As\u00ed lo expresa el se\u00f1or Jos\u00e9 Pandelo, quien desde Espa\u00f1a dirigi\u00f3 una carta al miembro del Comit\u00e9 Pol\u00edtico del Partido de la Liberaci\u00f3n Dominicana\u2026","rel":"","context":"En \u00abPOLITICA\u00bb","block_context":{"text":"POLITICA","link":"https:\/\/lasprimeras.com.do\/index.php\/category\/politica\/"},"img":{"alt_text":"","src":"https:\/\/i0.wp.com\/lasprimeras.com.do\/wp-content\/uploads\/2025\/02\/gonzalo-castilloa-EDICION.jpg?resize=350%2C200&ssl=1","width":350,"height":200,"srcset":"https:\/\/i0.wp.com\/lasprimeras.com.do\/wp-content\/uploads\/2025\/02\/gonzalo-castilloa-EDICION.jpg?resize=350%2C200&ssl=1 1x, https:\/\/i0.wp.com\/lasprimeras.com.do\/wp-content\/uploads\/2025\/02\/gonzalo-castilloa-EDICION.jpg?resize=525%2C300&ssl=1 1.5x"},"classes":[]}],"jetpack_sharing_enabled":true,"jetpack_featured_media_url":"https:\/\/lasprimeras.com.do\/wp-content\/uploads\/2026\/07\/IMG-20260714-WA0035.jpg","_links":{"self":[{"href":"https:\/\/lasprimeras.com.do\/index.php\/wp-json\/wp\/v2\/posts\/134642","targetHints":{"allow":["GET"]}}],"collection":[{"href":"https:\/\/lasprimeras.com.do\/index.php\/wp-json\/wp\/v2\/posts"}],"about":[{"href":"https:\/\/lasprimeras.com.do\/index.php\/wp-json\/wp\/v2\/types\/post"}],"author":[{"embeddable":true,"href":"https:\/\/lasprimeras.com.do\/index.php\/wp-json\/wp\/v2\/users\/10"}],"replies":[{"embeddable":true,"href":"https:\/\/lasprimeras.com.do\/index.php\/wp-json\/wp\/v2\/comments?post=134642"}],"version-history":[{"count":1,"href":"https:\/\/lasprimeras.com.do\/index.php\/wp-json\/wp\/v2\/posts\/134642\/revisions"}],"predecessor-version":[{"id":134644,"href":"https:\/\/lasprimeras.com.do\/index.php\/wp-json\/wp\/v2\/posts\/134642\/revisions\/134644"}],"wp:featuredmedia":[{"embeddable":true,"href":"https:\/\/lasprimeras.com.do\/index.php\/wp-json\/wp\/v2\/media\/134643"}],"wp:attachment":[{"href":"https:\/\/lasprimeras.com.do\/index.php\/wp-json\/wp\/v2\/media?parent=134642"}],"wp:term":[{"taxonomy":"category","embeddable":true,"href":"https:\/\/lasprimeras.com.do\/index.php\/wp-json\/wp\/v2\/categories?post=134642"},{"taxonomy":"post_tag","embeddable":true,"href":"https:\/\/lasprimeras.com.do\/index.php\/wp-json\/wp\/v2\/tags?post=134642"}],"curies":[{"name":"wp","href":"https:\/\/api.w.org\/{rel}","templated":true}]}}