{"id":134688,"date":"2026-07-14T23:31:33","date_gmt":"2026-07-15T03:31:33","guid":{"rendered":"https:\/\/lasprimeras.com.do\/?p=134688"},"modified":"2026-07-14T23:31:37","modified_gmt":"2026-07-15T03:31:37","slug":"reformistas-conmemoran-el-24-aniversario-del-fallecimiento-de-joaquin-balaguer","status":"publish","type":"post","link":"https:\/\/lasprimeras.com.do\/index.php\/2026\/07\/14\/reformistas-conmemoran-el-24-aniversario-del-fallecimiento-de-joaquin-balaguer\/","title":{"rendered":"Reformistas conmemoran el 24 aniversario del fallecimiento de Joaqu\u00edn Balaguer"},"content":{"rendered":"\n<p class=\"wp-block-paragraph\"><strong>SANTO DOMINGO.\u2013 <\/strong>El Partido Reformista Social Cristiano (PRSC) conmemor\u00f3 este martes el 24 aniversario del fallecimiento del expresidente Joaqu\u00edn Balaguer, destacando su legado pol\u00edtico, intelectual y su impacto en el desarrollo de la Rep\u00fablica Dominicana.<\/p>\n\n\n\n<p class=\"wp-block-paragraph\">Durante un acto oficial celebrado en el Cementerio Cristo Redentor, el secretario general de la organizaci\u00f3n, Rafael \u201cPapito\u201d Cruz, ofreci\u00f3 el discurso central en representaci\u00f3n del presidente del partido, Federico Ant\u00fan Batlle (Quique).<\/p>\n\n\n\n<p class=\"wp-block-paragraph\">Cruz afirm\u00f3 que el exmandatario dedic\u00f3 su vida por completo al servicio del pa\u00eds.<\/p>\n\n\n\n<p class=\"wp-block-paragraph\"><strong>Logros destacados de su gesti\u00f3n<\/strong><\/p>\n\n\n\n<p class=\"wp-block-paragraph\">Infraestructura: Impulso masivo a la construcci\u00f3n de carreteras, presas, escuelas y hospitales.<\/p>\n\n\n\n<p class=\"wp-block-paragraph\">Vivienda: Desarrollo de amplios programas de soluciones habitacionales.<\/p>\n\n\n\n<p class=\"wp-block-paragraph\">Soberan\u00eda: Defensa firme de la identidad y la soberan\u00eda nacional.<\/p>\n\n\n\n<p class=\"wp-block-paragraph\">Identidad: Promoci\u00f3n constante de la educaci\u00f3n y la cultura como motores del avance social.<\/p>\n\n\n\n<p class=\"wp-block-paragraph\"><strong>Detalles del acto conmemorativo<\/strong><\/p>\n\n\n\n<p class=\"wp-block-paragraph\">La actividad estuvo encabezada por Rafael \u201cPapito\u201d Cruz y cont\u00f3 con la participaci\u00f3n destacada del senador por la provincia de La Vega, Ram\u00f3n Rogelio Genao. <\/p>\n\n\n\n<p class=\"wp-block-paragraph\">Al homenaje tambi\u00e9n asistieron miembros del alto patronato reformista, dirigentes de la organizaci\u00f3n y simpatizantes de la doctrina balaguerista.<\/p>\n","protected":false},"excerpt":{"rendered":"<p>SANTO DOMINGO.\u2013 El Partido Reformista Social Cristiano (PRSC) conmemor\u00f3 este martes el 24 aniversario del fallecimiento del expresidente Joaqu\u00edn Balaguer, destacando su legado pol\u00edtico, intelectual y su impacto en el&hellip;<\/p>\n","protected":false},"author":10,"featured_media":134689,"comment_status":"open","ping_status":"open","sticky":false,"template":"","format":"standard","meta":{"content-type":"","_jetpack_newsletter_access":"","_jetpack_dont_email_post_to_subs":false,"_jetpack_newsletter_tier_id":0,"_jetpack_memberships_contains_paywalled_content":false,"_jetpack_feature_clip_id":0,"_jetpack_memberships_contains_paid_content":false,"footnotes":"","jetpack_post_was_ever_published":false},"categories":[16559],"tags":[26084,1051,1065,4968,5340,34998],"class_list":["post-134688","post","type-post","status-publish","format-standard","has-post-thumbnail","hentry","category-politica","tag-24-aniversario","tag-conmemoran","tag-fallecimiento","tag-joaquin-balaguer","tag-prsc","tag-reformistas"],"jetpack-related-posts":[{"id":103334,"url":"https:\/\/lasprimeras.com.do\/index.php\/2025\/07\/14\/dirigente-reformista-sin-balaguer-el-sistema-electrico-se-estanco\/","url_meta":{"origin":134688,"position":0},"title":"Dirigente reformista: sin Balaguer, el sistema el\u00e9ctrico se estanc\u00f3","author":"Nelson Feliz","date":"14 de julio de 2025","format":false,"excerpt":"El dirigente del Partido Reformista Social Cristiano (PRSC), Jos\u00e9 Balaguer, destac\u00f3 la vigencia y relevancia del legado energ\u00e9tico del ex presidente Joaqu\u00edn Balaguer, al conmemorarse un nuevo aniversario de su fallecimiento. Afirm\u00f3 que los gobiernos reformistas transformaron profundamente el sistema el\u00e9ctrico nacional, y lament\u00f3 la oportunidad perdida con el cambio\u2026","rel":"","context":"En \u00abPOLITICA\u00bb","block_context":{"text":"POLITICA","link":"https:\/\/lasprimeras.com.do\/index.php\/category\/politica\/"},"img":{"alt_text":"","src":"https:\/\/i0.wp.com\/lasprimeras.com.do\/wp-content\/uploads\/2025\/07\/Jose-Balaguer.jpeg?resize=350%2C200&ssl=1","width":350,"height":200,"srcset":"https:\/\/i0.wp.com\/lasprimeras.com.do\/wp-content\/uploads\/2025\/07\/Jose-Balaguer.jpeg?resize=350%2C200&ssl=1 1x, https:\/\/i0.wp.com\/lasprimeras.com.do\/wp-content\/uploads\/2025\/07\/Jose-Balaguer.jpeg?resize=525%2C300&ssl=1 1.5x, https:\/\/i0.wp.com\/lasprimeras.com.do\/wp-content\/uploads\/2025\/07\/Jose-Balaguer.jpeg?resize=700%2C400&ssl=1 2x"},"classes":[]},{"id":136904,"url":"https:\/\/lasprimeras.com.do\/index.php\/2026\/08\/09\/hoy-se-conmemora-el-22-aniversario-del-fallecimiento-jacinto-bienvenido-peynado-garrigosa\/","url_meta":{"origin":134688,"position":1},"title":"Hoy se conmemora el 22 aniversario del fallecimiento Jacinto Bienvenido Peynado Garrigosa","author":"Nelson Feliz","date":"9 de agosto de 2026","format":false,"excerpt":"Jacinto Bienvenido Peynado Garrigosa naci\u00f3 el 9 de marzo de 1941 en el Distrito Nacional. Era hijo de Enrique Peynado Soler y Miguelina Olimpia Garrigosa Thormann; por v\u00eda paterna era nieto de Jacinto Peynado y Peynado, quien fue presidente de la Rep\u00fablica entre 1938 y 1940, tambi\u00e9n fue biznieto del\u2026","rel":"","context":"En \u00abHISTORIA\u00bb","block_context":{"text":"HISTORIA","link":"https:\/\/lasprimeras.com.do\/index.php\/category\/historia\/"},"img":{"alt_text":"","src":"https:\/\/i0.wp.com\/lasprimeras.com.do\/wp-content\/uploads\/2026\/08\/jacinto-peynado-1.jpg?resize=350%2C200&ssl=1","width":350,"height":200,"srcset":"https:\/\/i0.wp.com\/lasprimeras.com.do\/wp-content\/uploads\/2026\/08\/jacinto-peynado-1.jpg?resize=350%2C200&ssl=1 1x, https:\/\/i0.wp.com\/lasprimeras.com.do\/wp-content\/uploads\/2026\/08\/jacinto-peynado-1.jpg?resize=525%2C300&ssl=1 1.5x"},"classes":[]},{"id":138740,"url":"https:\/\/lasprimeras.com.do\/index.php\/2026\/09\/01\/balaguerismo-se-reune-en-el-120-aniversario-del-natalicio-de-joaquin-balaguer\/","url_meta":{"origin":134688,"position":2},"title":"Balaguerismo se re\u00fane en el 120 aniversario del natalicio de Joaqu\u00edn Balaguer","author":"Nelson Feliz","date":"1 de septiembre de 2026","format":false,"excerpt":"SANTO DOMINGO.R.D.- La Fundaci\u00f3n Joaqu\u00edn Balaguer reunir\u00e1 este martes a dirigentes pol\u00edticos, abogados, exlegisladores, exfuncionarios y amigos del balaguerismo, con motivo del 120 aniversario del nacimiento de su l\u00edder. El encuentro consiste en un almuerzo programado para las 12:00 del mediod\u00eda, en el hotel Marriott, en Santo Domingo. \u201cVamos a\u2026","rel":"","context":"En \u00abHISTORIA\u00bb","block_context":{"text":"HISTORIA","link":"https:\/\/lasprimeras.com.do\/index.php\/category\/historia\/"},"img":{"alt_text":"Joaqu\u00edn Balaguer","src":"https:\/\/i0.wp.com\/lasprimeras.com.do\/wp-content\/uploads\/2026\/09\/Joaquin-Balaguer.jpg?resize=350%2C200&ssl=1","width":350,"height":200,"srcset":"https:\/\/i0.wp.com\/lasprimeras.com.do\/wp-content\/uploads\/2026\/09\/Joaquin-Balaguer.jpg?resize=350%2C200&ssl=1 1x, https:\/\/i0.wp.com\/lasprimeras.com.do\/wp-content\/uploads\/2026\/09\/Joaquin-Balaguer.jpg?resize=525%2C300&ssl=1 1.5x, https:\/\/i0.wp.com\/lasprimeras.com.do\/wp-content\/uploads\/2026\/09\/Joaquin-Balaguer.jpg?resize=700%2C400&ssl=1 2x"},"classes":[]},{"id":128517,"url":"https:\/\/lasprimeras.com.do\/index.php\/2026\/04\/24\/hoy-se-conmemora-61-aniversario-de-la-guerra-de-abril-de-1965\/","url_meta":{"origin":134688,"position":3},"title":"Hoy se conmemora 61 aniversario de la Guerra de Abril de 1965","author":"Nelson Feliz","date":"24 de abril de 2026","format":false,"excerpt":"Guerra civil dominicana La\u00a0Revoluci\u00f3n de Abril, tuvo lugar entre el 24 de abril y el 3 de septiembre de 1965, en\u00a0Santo Domingo,\u00a0Rep\u00fablica Dominicana. Inici\u00f3 cuando un grupo de militares y civiles derrocaron al constitucionalmente electo\u00a0Juan Bosch\u00a0el 27 de septiembre del 1963. La guerra del 24 de abril pretend\u00eda llevar nuevamente\u2026","rel":"","context":"En \u00abHISTORIA\u00bb","block_context":{"text":"HISTORIA","link":"https:\/\/lasprimeras.com.do\/index.php\/category\/historia\/"},"img":{"alt_text":"Francisco Alberto Caama\u00f1o De\u00f1\u00f3","src":"https:\/\/i0.wp.com\/lasprimeras.com.do\/wp-content\/uploads\/2025\/02\/Francisco-Alberto-Caamano-Deno.jpg?resize=350%2C200&ssl=1","width":350,"height":200,"srcset":"https:\/\/i0.wp.com\/lasprimeras.com.do\/wp-content\/uploads\/2025\/02\/Francisco-Alberto-Caamano-Deno.jpg?resize=350%2C200&ssl=1 1x, https:\/\/i0.wp.com\/lasprimeras.com.do\/wp-content\/uploads\/2025\/02\/Francisco-Alberto-Caamano-Deno.jpg?resize=525%2C300&ssl=1 1.5x, https:\/\/i0.wp.com\/lasprimeras.com.do\/wp-content\/uploads\/2025\/02\/Francisco-Alberto-Caamano-Deno.jpg?resize=700%2C400&ssl=1 2x"},"classes":[]},{"id":127320,"url":"https:\/\/lasprimeras.com.do\/index.php\/2026\/04\/10\/quique-antun-expresa-respaldo-del-prsc-a-la-lucha-de-los-profesionales-agropecuarios\/","url_meta":{"origin":134688,"position":4},"title":"Quique Ant\u00fan expresa respaldo del PRSC a la lucha de los profesionales agropecuarios","author":"Nelson Feliz","date":"10 de abril de 2026","format":false,"excerpt":"El presidente del Partido Reformista Social Cristiano (PRSC), Federico \u201cQuique\u201d Ant\u00fan, expres\u00f3 su respaldo a la lucha de los profesionales agropecuarios, durante un encuentro sostenido en la Casa Nacional del PRSC con una comitiva del Comit\u00e9 Ejecutivo Nacional (CEN) de la Asociaci\u00f3n Nacional de Profesionales Agropecuarios (ANPA), encabezada por su\u2026","rel":"","context":"En \u00abPOLITICA\u00bb","block_context":{"text":"POLITICA","link":"https:\/\/lasprimeras.com.do\/index.php\/category\/politica\/"},"img":{"alt_text":"","src":"https:\/\/i0.wp.com\/lasprimeras.com.do\/wp-content\/uploads\/2026\/04\/IMG-20260410-WA0424.jpg?resize=350%2C200&ssl=1","width":350,"height":200,"srcset":"https:\/\/i0.wp.com\/lasprimeras.com.do\/wp-content\/uploads\/2026\/04\/IMG-20260410-WA0424.jpg?resize=350%2C200&ssl=1 1x, https:\/\/i0.wp.com\/lasprimeras.com.do\/wp-content\/uploads\/2026\/04\/IMG-20260410-WA0424.jpg?resize=525%2C300&ssl=1 1.5x, https:\/\/i0.wp.com\/lasprimeras.com.do\/wp-content\/uploads\/2026\/04\/IMG-20260410-WA0424.jpg?resize=700%2C400&ssl=1 2x, https:\/\/i0.wp.com\/lasprimeras.com.do\/wp-content\/uploads\/2026\/04\/IMG-20260410-WA0424.jpg?resize=1050%2C600&ssl=1 3x, https:\/\/i0.wp.com\/lasprimeras.com.do\/wp-content\/uploads\/2026\/04\/IMG-20260410-WA0424.jpg?resize=1400%2C800&ssl=1 4x"},"classes":[]},{"id":103409,"url":"https:\/\/lasprimeras.com.do\/index.php\/2025\/07\/15\/luis-a-moreta-pone-en-circulacion-el-libro-la-casa-del-presidente-joaquin-balaguer\/","url_meta":{"origin":134688,"position":5},"title":"Luis A. Moreta pone en circulacion el libro \u201cLa Casa del Presidente Joaqu\u00edn Balaguer\u201d","author":"Nelson Feliz","date":"15 de julio de 2025","format":false,"excerpt":"El dirigente pol\u00edtico y social Luis Acosta Moreta, Luis \u201cEl Gallo\u201d, puso una circular su libro \u201cLa Casa del Presidente Joaqu\u00edn Balaguer, M\u00e1ximo G\u00f3mez 25, Parte Atr\u00e1s\u201d, en un acto concurrido celebrado en el paseo ecol\u00f3gico y de la salud Mirador Sur. En el libro, el presidente la Uni\u00f3n Dem\u00f3crata\u2026","rel":"","context":"En \u00abENTRETENIMIENTO\u00bb","block_context":{"text":"ENTRETENIMIENTO","link":"https:\/\/lasprimeras.com.do\/index.php\/category\/entretenimiento\/"},"img":{"alt_text":"Luis Acosta Moreta","src":"https:\/\/i0.wp.com\/lasprimeras.com.do\/wp-content\/uploads\/2025\/07\/Luis-Acosta-Moreta.jpg?resize=350%2C200&ssl=1","width":350,"height":200,"srcset":"https:\/\/i0.wp.com\/lasprimeras.com.do\/wp-content\/uploads\/2025\/07\/Luis-Acosta-Moreta.jpg?resize=350%2C200&ssl=1 1x, https:\/\/i0.wp.com\/lasprimeras.com.do\/wp-content\/uploads\/2025\/07\/Luis-Acosta-Moreta.jpg?resize=525%2C300&ssl=1 1.5x, https:\/\/i0.wp.com\/lasprimeras.com.do\/wp-content\/uploads\/2025\/07\/Luis-Acosta-Moreta.jpg?resize=700%2C400&ssl=1 2x"},"classes":[]}],"jetpack_sharing_enabled":true,"jetpack_featured_media_url":"https:\/\/lasprimeras.com.do\/wp-content\/uploads\/2026\/07\/PRSC.png","_links":{"self":[{"href":"https:\/\/lasprimeras.com.do\/index.php\/wp-json\/wp\/v2\/posts\/134688","targetHints":{"allow":["GET"]}}],"collection":[{"href":"https:\/\/lasprimeras.com.do\/index.php\/wp-json\/wp\/v2\/posts"}],"about":[{"href":"https:\/\/lasprimeras.com.do\/index.php\/wp-json\/wp\/v2\/types\/post"}],"author":[{"embeddable":true,"href":"https:\/\/lasprimeras.com.do\/index.php\/wp-json\/wp\/v2\/users\/10"}],"replies":[{"embeddable":true,"href":"https:\/\/lasprimeras.com.do\/index.php\/wp-json\/wp\/v2\/comments?post=134688"}],"version-history":[{"count":1,"href":"https:\/\/lasprimeras.com.do\/index.php\/wp-json\/wp\/v2\/posts\/134688\/revisions"}],"predecessor-version":[{"id":134690,"href":"https:\/\/lasprimeras.com.do\/index.php\/wp-json\/wp\/v2\/posts\/134688\/revisions\/134690"}],"wp:featuredmedia":[{"embeddable":true,"href":"https:\/\/lasprimeras.com.do\/index.php\/wp-json\/wp\/v2\/media\/134689"}],"wp:attachment":[{"href":"https:\/\/lasprimeras.com.do\/index.php\/wp-json\/wp\/v2\/media?parent=134688"}],"wp:term":[{"taxonomy":"category","embeddable":true,"href":"https:\/\/lasprimeras.com.do\/index.php\/wp-json\/wp\/v2\/categories?post=134688"},{"taxonomy":"post_tag","embeddable":true,"href":"https:\/\/lasprimeras.com.do\/index.php\/wp-json\/wp\/v2\/tags?post=134688"}],"curies":[{"name":"wp","href":"https:\/\/api.w.org\/{rel}","templated":true}]}}