{"id":134697,"date":"2026-07-14T12:08:00","date_gmt":"2026-07-14T16:08:00","guid":{"rendered":"https:\/\/lasprimeras.com.do\/?p=134697"},"modified":"2026-07-15T00:16:03","modified_gmt":"2026-07-15T04:16:03","slug":"senado-de-la-republica-recibe-certificacion-great-place-to-work","status":"publish","type":"post","link":"https:\/\/lasprimeras.com.do\/index.php\/2026\/07\/14\/senado-de-la-republica-recibe-certificacion-great-place-to-work\/","title":{"rendered":"Senado de la Rep\u00fablica recibe certificaci\u00f3n \u201cGreat Place To Work\u201d"},"content":{"rendered":"\n<p class=\"wp-block-paragraph\">SANTO DOMINGO. El Senado de la Rep\u00fablica fue certificado por la organizaci\u00f3n internacional Great Place To Work (GPTW), como un grandioso lugar para trabajar en la Rep\u00fablica Dominicana, con m\u00e1s del 97% de aprobaci\u00f3n de su fuerza laboral, reflejando un alto nivel de satisfacci\u00f3n y orgullo por pertenecer a la instituci\u00f3n.<\/p>\n\n\n\n<p class=\"wp-block-paragraph\">Great Place To Work (GPTW) es la autoridad global en cultura organizacional y clima laboral, que otorga una certificaci\u00f3n internacional a las empresas que logran construir entornos de trabajo de alta confianza, bas\u00e1ndose en encuestas an\u00f3nimas donde los propios colaboradores eval\u00faan el liderazgo, la equidad, el respeto y el compa\u00f1erismo.<\/p>\n\n\n\n<p class=\"wp-block-paragraph\">La acreditaci\u00f3n fue celebrada y anunciada formalmente durante un emotivo acto realizado en el auditorio de la instituci\u00f3n, encabezado su presidente, Ricardo de los Santos, quien recibi\u00f3 el reconocimiento.<\/p>\n\n\n\n<p class=\"wp-block-paragraph\">Sonya Uribe Mota, directora de Gesti\u00f3n Humana de la C\u00e1mara Alta, destac\u00f3 que la obtenci\u00f3n de este logro no responde a una decisi\u00f3n de la Presidencia ni de la Direcci\u00f3n de Gesti\u00f3n Humana, sino a la opini\u00f3n directa de los propios colaboradores del Senado, consultados a trav\u00e9s de una encuesta de manera confidencial sobre su experiencia cotidiana dentro de la instituci\u00f3n.<\/p>\n\n\n\n<p class=\"wp-block-paragraph\">La funcionaria del \u00f3rgano congresual sostuvo que el proceso de evaluaci\u00f3n estuvo acompa\u00f1ado por la Direcci\u00f3n de Planificaci\u00f3n, y de la Direcci\u00f3n de Gesti\u00f3n Humana, los cuales trabajaron de manera conjunta en la sistematizaci\u00f3n de la informaci\u00f3n institucional y en el acompa\u00f1amiento metodol\u00f3gico requerido por la Great Place To Work durante todo el procedimiento de evaluaci\u00f3n.<\/p>\n\n\n\n<p class=\"wp-block-paragraph\">\u201cEsta certificaci\u00f3n confirma algo que trabajamos todos los d\u00edas desde Gesti\u00f3n Humana: que el bienestar de nuestros colaboradores no es un beneficio adicional, sino el centro de la gesti\u00f3n institucional\u201d, expres\u00f3 Sonya Uribe.<\/p>\n\n\n\n<p class=\"wp-block-paragraph\">Asimismo, Ohelmi de la Cruz, director de Planificaci\u00f3n inform\u00f3 que, entre los elementos que sustentan esta certificaci\u00f3n se encuentran los beneficios que el Senado ha consolidado en favor de sus colaboradores en los \u00faltimos a\u00f1os: desde la compensaci\u00f3n econ\u00f3mica y los permisos parentales ampliados, hasta el acompa\u00f1amiento de salud a trav\u00e9s de un dispensario m\u00e9dico y una farmacia dentro de la propia instituci\u00f3n, pasando por el fortalecimiento continuo de los programas de capacitaci\u00f3n y desarrollo profesional.<\/p>\n\n\n\n<p class=\"wp-block-paragraph\">\u201cEsta certificaci\u00f3n confirma que estamos logrando consolidar un Senado m\u00e1s eficiente, m\u00e1s humano y comprometido con la excelencia\u201d, dijo el gerente institucional.<\/p>\n\n\n\n<p class=\"wp-block-paragraph\">Durante el acto, Ricardo de los Santos recibi\u00f3 de manos de Sonya Uribe y Ohelmi de la Cruz, un galard\u00f3n de reconocimiento institucional en nombre de las direcciones de Gesti\u00f3n Humana y de Planificaci\u00f3n, como testimonio del logro alcanzado durante su gesti\u00f3n al frente del Senado.<\/p>\n\n\n\n<p class=\"wp-block-paragraph\">\u201cEsta certificaci\u00f3n no la recibe la Presidencia, la recibe cada colaborador y cada colaboradora del Senado, quienes trabajan con entrega, dedicaci\u00f3n, entusiasmo y con la intenci\u00f3n dar el mayor rendimiento en sus labores. Se lo dedico a ellos porque fueron quienes con su opini\u00f3n lo hicieron posible\u201d, expres\u00f3 Ricardo de los Santos.<\/p>\n\n\n\n<p class=\"wp-block-paragraph\">Durante el evento, los colaboradores de la instituci\u00f3n expresaron su entusiasmo mediante aplausos, ovaciones y el ondeo de banderas como muestra j\u00fabilo por este importante logro institucional.<\/p>\n\n\n\n<p class=\"wp-block-paragraph\">Con esta certificaci\u00f3n el Senado de la Rep\u00fablica se suma a un selecto grupo de instituciones del sector p\u00fablico y privado que cuentan con el respaldo de Great Place To Work, reafirmando su compromiso con la construcci\u00f3n de un ambiente laboral basado en la confianza el respeto y la dignidad de cada una de las personas que lo integran.<\/p>\n\n\n\n<p class=\"wp-block-paragraph\">La actividad cont\u00f3 con la presencia de los senadores Augusto Vel\u00e1zquez (Pedernales); Aracelis Villanueva (San Pedro de Macoris); Dagoberto Rodr\u00edguez (Independencia); Franklin Romero (Duarte); Gustavo Lara Salazar (San Crist\u00f3bal) y Mar\u00eda Mercedes Ortiz (Hermanas Mirabal). Tambi\u00e9n estuvieron directores y encargados departamentales.<\/p>\n\n\n\n<p class=\"wp-block-paragraph\">Por Elvis Castro Hern\u00e1ndez<\/p>\n","protected":false},"excerpt":{"rendered":"<p>SANTO DOMINGO. El Senado de la Rep\u00fablica fue certificado por la organizaci\u00f3n internacional Great Place To Work (GPTW), como un grandioso lugar para trabajar en la Rep\u00fablica Dominicana, con m\u00e1s&hellip;<\/p>\n","protected":false},"author":10,"featured_media":134698,"comment_status":"open","ping_status":"open","sticky":false,"template":"","format":"standard","meta":{"content-type":"","_jetpack_newsletter_access":"","_jetpack_dont_email_post_to_subs":false,"_jetpack_newsletter_tier_id":0,"_jetpack_memberships_contains_paywalled_content":false,"_jetpack_feature_clip_id":0,"_jetpack_memberships_contains_paid_content":false,"footnotes":"","jetpack_post_was_ever_published":false},"categories":[25],"tags":[5413,35003,11949],"class_list":["post-134697","post","type-post","status-publish","format-standard","has-post-thumbnail","hentry","category-portada","tag-certificacion","tag-great-place-to-work","tag-senado-de-la-republica"],"jetpack-related-posts":[{"id":135507,"url":"https:\/\/lasprimeras.com.do\/index.php\/2026\/07\/24\/senado-recibe-certificaciones-de-buenas-practicas-de-transparencia-y-gestion-de-redes-sociales\/","url_meta":{"origin":134697,"position":0},"title":"Senado recibe certificaciones de buenas pr\u00e1cticas de transparencia y gesti\u00f3n de redes sociales","author":"Nelson Feliz","date":"24 de julio de 2026","format":false,"excerpt":"Por Elvis Castro Hern\u00e1ndez SANTO DOMINGO. - El Senado de la Rep\u00fablica recibi\u00f3 este jueves las certificaciones NORTIC A3, sobre publicaci\u00f3n de datos abiertos, y NORTIC E1, sobre gesti\u00f3n de redes sociales institucionales, otorgadas por la Oficina Gubernamental de Tecnolog\u00edas de la Informaci\u00f3n y Comunicaci\u00f3n (OGTIC), un logro que consolida\u2026","rel":"","context":"En \u00abECONOM\u00cdA\u00bb","block_context":{"text":"ECONOM\u00cdA","link":"https:\/\/lasprimeras.com.do\/index.php\/category\/economia\/"},"img":{"alt_text":"","src":"https:\/\/i0.wp.com\/lasprimeras.com.do\/wp-content\/uploads\/2026\/07\/IMG-20260724-WA0178-scaled.jpg?resize=350%2C200&ssl=1","width":350,"height":200,"srcset":"https:\/\/i0.wp.com\/lasprimeras.com.do\/wp-content\/uploads\/2026\/07\/IMG-20260724-WA0178-scaled.jpg?resize=350%2C200&ssl=1 1x, https:\/\/i0.wp.com\/lasprimeras.com.do\/wp-content\/uploads\/2026\/07\/IMG-20260724-WA0178-scaled.jpg?resize=525%2C300&ssl=1 1.5x, https:\/\/i0.wp.com\/lasprimeras.com.do\/wp-content\/uploads\/2026\/07\/IMG-20260724-WA0178-scaled.jpg?resize=700%2C400&ssl=1 2x, https:\/\/i0.wp.com\/lasprimeras.com.do\/wp-content\/uploads\/2026\/07\/IMG-20260724-WA0178-scaled.jpg?resize=1050%2C600&ssl=1 3x, https:\/\/i0.wp.com\/lasprimeras.com.do\/wp-content\/uploads\/2026\/07\/IMG-20260724-WA0178-scaled.jpg?resize=1400%2C800&ssl=1 4x"},"classes":[]},{"id":136032,"url":"https:\/\/lasprimeras.com.do\/index.php\/2026\/07\/30\/el-senador-ricardo-de-los-santos-presenta-balance-de-gestion-con-416-iniciativas-aprobadas\/","url_meta":{"origin":134697,"position":1},"title":"El senador Ricardo de los Santos presenta balance de gesti\u00f3n con 416 iniciativas aprobadas","author":"Nelson Feliz","date":"30 de julio de 2026","format":false,"excerpt":"Por: Adalgisa S\u00e1nchez Santo Domingo. \u2013 El presidente del Senado, Ricardo de los Santos, present\u00f3 este mi\u00e9rcoles los principales logros alcanzados durante el per\u00edodo legislativo agosto 2025-agosto 2026, destacando hitos hist\u00f3ricos en materia legislativa, administrativa y de fortalecimiento institucional. Durante su intervenci\u00f3n, en un acto de rendici\u00f3n de cuentas conjunta\u2026","rel":"","context":"En \u00abPORTADA\u00bb","block_context":{"text":"PORTADA","link":"https:\/\/lasprimeras.com.do\/index.php\/category\/portada\/"},"img":{"alt_text":"","src":"https:\/\/i0.wp.com\/lasprimeras.com.do\/wp-content\/uploads\/2026\/07\/IMG-20260729-WA0236.jpg?resize=350%2C200&ssl=1","width":350,"height":200,"srcset":"https:\/\/i0.wp.com\/lasprimeras.com.do\/wp-content\/uploads\/2026\/07\/IMG-20260729-WA0236.jpg?resize=350%2C200&ssl=1 1x, https:\/\/i0.wp.com\/lasprimeras.com.do\/wp-content\/uploads\/2026\/07\/IMG-20260729-WA0236.jpg?resize=525%2C300&ssl=1 1.5x, https:\/\/i0.wp.com\/lasprimeras.com.do\/wp-content\/uploads\/2026\/07\/IMG-20260729-WA0236.jpg?resize=700%2C400&ssl=1 2x, https:\/\/i0.wp.com\/lasprimeras.com.do\/wp-content\/uploads\/2026\/07\/IMG-20260729-WA0236.jpg?resize=1050%2C600&ssl=1 3x, https:\/\/i0.wp.com\/lasprimeras.com.do\/wp-content\/uploads\/2026\/07\/IMG-20260729-WA0236.jpg?resize=1400%2C800&ssl=1 4x"},"classes":[]},{"id":129070,"url":"https:\/\/lasprimeras.com.do\/index.php\/2026\/04\/29\/claro-se-convierte-en-la-primera-empresa-de-telecomunicaciones-en-obtener-la-certificacion-iso-45001\/","url_meta":{"origin":134697,"position":2},"title":"Claro se convierte en la primera empresa de telecomunicaciones en obtener la certificaci\u00f3n ISO 45001","author":"Nelson Feliz","date":"29 de abril de 2026","format":false,"excerpt":"Claro Dominicana obtuvo la certificaci\u00f3n internacional ISO 45001:2018 para el Sistema de Gesti\u00f3n de Seguridad y Salud en el Trabajo, evidenciando su compromiso con la seguridad, la salud y el bienestar integral de los colaboradores. Con esta certificaci\u00f3n, Claro se convierte en la primera empresa de telecomunicaciones en la Rep\u00fablica\u2026","rel":"","context":"En \u00abTECNOL\u00d3GIA\u00bb","block_context":{"text":"TECNOL\u00d3GIA","link":"https:\/\/lasprimeras.com.do\/index.php\/category\/tecnologia\/"},"img":{"alt_text":"","src":"https:\/\/i0.wp.com\/lasprimeras.com.do\/wp-content\/uploads\/2026\/04\/IMG-20260429-WA0615.jpg?resize=350%2C200&ssl=1","width":350,"height":200,"srcset":"https:\/\/i0.wp.com\/lasprimeras.com.do\/wp-content\/uploads\/2026\/04\/IMG-20260429-WA0615.jpg?resize=350%2C200&ssl=1 1x, https:\/\/i0.wp.com\/lasprimeras.com.do\/wp-content\/uploads\/2026\/04\/IMG-20260429-WA0615.jpg?resize=525%2C300&ssl=1 1.5x, https:\/\/i0.wp.com\/lasprimeras.com.do\/wp-content\/uploads\/2026\/04\/IMG-20260429-WA0615.jpg?resize=700%2C400&ssl=1 2x, https:\/\/i0.wp.com\/lasprimeras.com.do\/wp-content\/uploads\/2026\/04\/IMG-20260429-WA0615.jpg?resize=1050%2C600&ssl=1 3x, https:\/\/i0.wp.com\/lasprimeras.com.do\/wp-content\/uploads\/2026\/04\/IMG-20260429-WA0615.jpg?resize=1400%2C800&ssl=1 4x"},"classes":[]},{"id":100731,"url":"https:\/\/lasprimeras.com.do\/index.php\/2025\/06\/11\/centrales-sindicales-rd-reconocen-al-presidente-abinader-en-la-oit\/","url_meta":{"origin":134697,"position":3},"title":"Centrales Sindicales RD reconocen al presidente Abinader en la OIT","author":"Nelson Feliz","date":"11 de junio de 2025","format":false,"excerpt":"\u00b7-CNTD, CASC y CNUS destacan respaldo del mandatario al di\u00e1logo social, salarios dignos y seguridad social en Rep\u00fablica Dominicana Ginebra, Suiza. \u2013 En el marco de su participaci\u00f3n en el Foro Anual de la Coalici\u00f3n Mundial para la Justicia Social y la 113\u00aa Conferencia Internacional del Trabajo, organizada por la\u2026","rel":"","context":"En \u00abINTERNACIONALES\u00bb","block_context":{"text":"INTERNACIONALES","link":"https:\/\/lasprimeras.com.do\/index.php\/category\/sin-categoria\/internacionales\/"},"img":{"alt_text":"","src":"https:\/\/i0.wp.com\/lasprimeras.com.do\/wp-content\/uploads\/2025\/06\/Luis-Abinader-4.jpg?resize=350%2C200&ssl=1","width":350,"height":200,"srcset":"https:\/\/i0.wp.com\/lasprimeras.com.do\/wp-content\/uploads\/2025\/06\/Luis-Abinader-4.jpg?resize=350%2C200&ssl=1 1x, https:\/\/i0.wp.com\/lasprimeras.com.do\/wp-content\/uploads\/2025\/06\/Luis-Abinader-4.jpg?resize=525%2C300&ssl=1 1.5x, https:\/\/i0.wp.com\/lasprimeras.com.do\/wp-content\/uploads\/2025\/06\/Luis-Abinader-4.jpg?resize=700%2C400&ssl=1 2x"},"classes":[]},{"id":119808,"url":"https:\/\/lasprimeras.com.do\/index.php\/2026\/01\/18\/carlos-gomez-encabeza-reconocimiento-del-senado-a-telemundo-en-nueva-york\/","url_meta":{"origin":134697,"position":4},"title":"Carlos G\u00f3mez encabeza reconocimiento del Senado a Telemundo en Nueva York","author":"Nelson Feliz","date":"18 de enero de 2026","format":false,"excerpt":"Nueva York, EE. UU. \u2013 El Senado de la Rep\u00fablica Dominicana, a trav\u00e9s de su Comisi\u00f3n Permanente de Cultura, presidida por Carlos G\u00f3mez, entreg\u00f3 un reconocimiento al canal internacional Telemundo por su destacada trayectoria y su valioso aporte a la comunidad latina, en especial a la di\u00e1spora dominicana. La iniciativa\u2026","rel":"","context":"En \u00abINTERNACIONALES\u00bb","block_context":{"text":"INTERNACIONALES","link":"https:\/\/lasprimeras.com.do\/index.php\/category\/sin-categoria\/internacionales\/"},"img":{"alt_text":"","src":"https:\/\/i0.wp.com\/lasprimeras.com.do\/wp-content\/uploads\/2026\/01\/unaa.jpg?resize=350%2C200&ssl=1","width":350,"height":200,"srcset":"https:\/\/i0.wp.com\/lasprimeras.com.do\/wp-content\/uploads\/2026\/01\/unaa.jpg?resize=350%2C200&ssl=1 1x, https:\/\/i0.wp.com\/lasprimeras.com.do\/wp-content\/uploads\/2026\/01\/unaa.jpg?resize=525%2C300&ssl=1 1.5x, https:\/\/i0.wp.com\/lasprimeras.com.do\/wp-content\/uploads\/2026\/01\/unaa.jpg?resize=700%2C400&ssl=1 2x"},"classes":[]},{"id":135300,"url":"https:\/\/lasprimeras.com.do\/index.php\/2026\/07\/22\/seproi-obtiene-certificacion-iso-37001-y-se-convierte-en-la-primera-empresa-antisoborno\/","url_meta":{"origin":134697,"position":5},"title":"SEPROI obtiene certificaci\u00f3n ISO 37001 y se convierte en la primera empresa Antisoborno","author":"Nelson Feliz","date":"22 de julio de 2026","format":false,"excerpt":"Es la primera empresa de seguridad y transporte de valores de la Rep\u00fablica Dominicana en alcanzar este est\u00e1ndar internacional Santo Domingo.\u2013 La empresa Seguridad y Protecci\u00f3n Institucional (SEPROI), filial del Banco de Reservas, obtuvo la certificaci\u00f3n ISO 37001:2016 del Sistema de Gesti\u00f3n Antisoborno, otorgada por la firma internacional T\u00dcV NORD,\u2026","rel":"","context":"En \u00abNACIONALES\u00bb","block_context":{"text":"NACIONALES","link":"https:\/\/lasprimeras.com.do\/index.php\/category\/nacionales\/"},"img":{"alt_text":"","src":"https:\/\/i0.wp.com\/lasprimeras.com.do\/wp-content\/uploads\/2026\/07\/IMG-20260721-WA0374.jpg?resize=350%2C200&ssl=1","width":350,"height":200,"srcset":"https:\/\/i0.wp.com\/lasprimeras.com.do\/wp-content\/uploads\/2026\/07\/IMG-20260721-WA0374.jpg?resize=350%2C200&ssl=1 1x, https:\/\/i0.wp.com\/lasprimeras.com.do\/wp-content\/uploads\/2026\/07\/IMG-20260721-WA0374.jpg?resize=525%2C300&ssl=1 1.5x, https:\/\/i0.wp.com\/lasprimeras.com.do\/wp-content\/uploads\/2026\/07\/IMG-20260721-WA0374.jpg?resize=700%2C400&ssl=1 2x, https:\/\/i0.wp.com\/lasprimeras.com.do\/wp-content\/uploads\/2026\/07\/IMG-20260721-WA0374.jpg?resize=1050%2C600&ssl=1 3x"},"classes":[]}],"jetpack_sharing_enabled":true,"jetpack_featured_media_url":"https:\/\/lasprimeras.com.do\/wp-content\/uploads\/2026\/07\/certi.jpg","_links":{"self":[{"href":"https:\/\/lasprimeras.com.do\/index.php\/wp-json\/wp\/v2\/posts\/134697","targetHints":{"allow":["GET"]}}],"collection":[{"href":"https:\/\/lasprimeras.com.do\/index.php\/wp-json\/wp\/v2\/posts"}],"about":[{"href":"https:\/\/lasprimeras.com.do\/index.php\/wp-json\/wp\/v2\/types\/post"}],"author":[{"embeddable":true,"href":"https:\/\/lasprimeras.com.do\/index.php\/wp-json\/wp\/v2\/users\/10"}],"replies":[{"embeddable":true,"href":"https:\/\/lasprimeras.com.do\/index.php\/wp-json\/wp\/v2\/comments?post=134697"}],"version-history":[{"count":1,"href":"https:\/\/lasprimeras.com.do\/index.php\/wp-json\/wp\/v2\/posts\/134697\/revisions"}],"predecessor-version":[{"id":134699,"href":"https:\/\/lasprimeras.com.do\/index.php\/wp-json\/wp\/v2\/posts\/134697\/revisions\/134699"}],"wp:featuredmedia":[{"embeddable":true,"href":"https:\/\/lasprimeras.com.do\/index.php\/wp-json\/wp\/v2\/media\/134698"}],"wp:attachment":[{"href":"https:\/\/lasprimeras.com.do\/index.php\/wp-json\/wp\/v2\/media?parent=134697"}],"wp:term":[{"taxonomy":"category","embeddable":true,"href":"https:\/\/lasprimeras.com.do\/index.php\/wp-json\/wp\/v2\/categories?post=134697"},{"taxonomy":"post_tag","embeddable":true,"href":"https:\/\/lasprimeras.com.do\/index.php\/wp-json\/wp\/v2\/tags?post=134697"}],"curies":[{"name":"wp","href":"https:\/\/api.w.org\/{rel}","templated":true}]}}