{"id":134718,"date":"2026-07-15T11:39:40","date_gmt":"2026-07-15T15:39:40","guid":{"rendered":"https:\/\/lasprimeras.com.do\/?p=134718"},"modified":"2026-07-15T22:12:11","modified_gmt":"2026-07-16T02:12:11","slug":"banco-caribe-fortalece-su-gobierno-corporativo-con-transicion-en-la-presidencia-de-su-consejo-de-administracion","status":"publish","type":"post","link":"https:\/\/lasprimeras.com.do\/index.php\/2026\/07\/15\/banco-caribe-fortalece-su-gobierno-corporativo-con-transicion-en-la-presidencia-de-su-consejo-de-administracion\/","title":{"rendered":"Banco Caribe fortalece su gobierno corporativo con transici\u00f3n en la presidencia de su Consejo de Administraci\u00f3n"},"content":{"rendered":"\n<p class=\"wp-block-paragraph\"><em>\u25aa\ufe0f La designaci\u00f3n de Luis Canela, como presidente del Consejo, y el nombramiento de Edmundo Aja, como presidente ad vitam, reflejan una transici\u00f3n planificada que fortalece la institucionalidad y la visi\u00f3n de largo plazo de la entidad.<\/em><\/p>\n\n\n\n<p class=\"wp-block-paragraph\"><strong>Santo Domingo<\/strong>. \u2013 Banco Caribe anunci\u00f3 la transici\u00f3n en la presidencia de su Consejo de Administraci\u00f3n como parte de su proceso continuo de fortalecimiento institucional y la consolidaci\u00f3n de su gobierno corporativo.<\/p>\n\n\n\n<p class=\"wp-block-paragraph\">La Asamblea General Extraordinaria de Accionistas aprob\u00f3 la designaci\u00f3n de Luis Canela como presidente del Consejo de Administraci\u00f3n, mientras que Edmundo Aja, accionista fundador de la entidad, asumir\u00e1 la posici\u00f3n de presidente&nbsp;<em>ad vitam<\/em>, desde la cual continuar\u00e1 aportando su experiencia y visi\u00f3n al desarrollo de la organizaci\u00f3n.<\/p>\n\n\n\n<p class=\"wp-block-paragraph\">Esta transici\u00f3n forma parte de la evoluci\u00f3n natural de la estructura de gobierno corporativo de Banco Caribe y responde a una planificaci\u00f3n orientada a asegurar la sostenibilidad de su crecimiento a largo plazo, la robustez de sus \u00f3rganos de direcci\u00f3n y la generaci\u00f3n de valor para sus clientes, accionistas y dem\u00e1s grupos de inter\u00e9s.<br><br>El se\u00f1or Luis Canela es licenciado en Ciencias Econ\u00f3micas por la Pontificia Universidad Cat\u00f3lica Madre y Maestra (PUCMM) y cuenta con m\u00e1s de 46 a\u00f1os de trayectoria profesional.<\/p>\n\n\n\n<p class=\"wp-block-paragraph\">Su experiencia abarca \u00e1reas como gobierno corporativo, finanzas y administraci\u00f3n de patrimonios, habiendo ocupado posiciones de liderazgo en importantes organizaciones nacionales e internacionales.<\/p>\n\n\n\n<p class=\"wp-block-paragraph\">Su designaci\u00f3n como presidente del Consejo de Administraci\u00f3n da continuidad a una trayectoria vinculada a Banco Caribe, ya que Luis Canela formaba parte del Consejo de Administraci\u00f3n, donde hacontribuido al fortalecimiento de su gesti\u00f3n institucional.<\/p>\n\n\n\n<p class=\"wp-block-paragraph\">Desde su integraci\u00f3n a Banco Caribe, preside el Comit\u00e9 de Gesti\u00f3n Integral de Riesgos y forma parte del Comit\u00e9 de Cr\u00e9dito de apoyo al Consejo de Administraci\u00f3n.<br><br>Por su parte, el se\u00f1or Edmundo Aja ha desempe\u00f1ado un papel fundamental en la historia y consolidaci\u00f3n de Banco Caribe.<\/p>\n\n\n\n<p class=\"wp-block-paragraph\">Su liderazgo, visi\u00f3n empresarial y compromiso con el desarrollo institucional han sido determinantes para impulsar el crecimiento de la organizaci\u00f3n y construir una cultura caracterizada por la cercan\u00eda, la innovaci\u00f3n y la excelencia en el servicio.<\/p>\n\n\n\n<p class=\"wp-block-paragraph\">Desde su nueva posici\u00f3n como presidente&nbsp;<em>ad vitam<\/em>, continuar\u00e1 acompa\u00f1ando la evoluci\u00f3n de la entidad, aportando la experiencia y el conocimiento acumulados durante d\u00e9cadas de trayectoria en el sector financiero.<br><br>En esta nueva etapa la entidad consolida su gobernanza, alineada con los m\u00e1s altos est\u00e1ndares de transparencia, sostenibilidad y creaci\u00f3n de valor.<\/p>\n","protected":false},"excerpt":{"rendered":"<p>\u25aa\ufe0f La designaci\u00f3n de Luis Canela, como presidente del Consejo, y el nombramiento de Edmundo Aja, como presidente ad vitam, reflejan una transici\u00f3n planificada que fortalece la institucionalidad y la&hellip;<\/p>\n","protected":false},"author":10,"featured_media":134729,"comment_status":"open","ping_status":"open","sticky":false,"template":"","format":"standard","meta":{"content-type":"","_jetpack_newsletter_access":"","_jetpack_dont_email_post_to_subs":false,"_jetpack_newsletter_tier_id":0,"_jetpack_memberships_contains_paywalled_content":false,"_jetpack_feature_clip_id":0,"_jetpack_memberships_contains_paid_content":false,"footnotes":"","jetpack_post_was_ever_published":false},"categories":[39],"tags":[23790],"class_list":["post-134718","post","type-post","status-publish","format-standard","has-post-thumbnail","hentry","category-economia","tag-banco-caribe"],"jetpack-related-posts":[{"id":138126,"url":"https:\/\/lasprimeras.com.do\/index.php\/2026\/08\/25\/eted-realiza-primera-sesion-de-su-consejo-de-administracion-bajo-su-nueva-estructura-institucional\/","url_meta":{"origin":134718,"position":0},"title":"ETED realiza primera sesi\u00f3n de su Consejo de Administraci\u00f3n bajo su nueva estructura institucional","author":"Nelson Feliz","date":"25 de agosto de 2026","format":false,"excerpt":"Santo Domingo. = La Empresa de Transmisi\u00f3n El\u00e9ctrica Dominicana (ETED) realiz\u00f3 la primera sesi\u00f3n de su Consejo de Administraci\u00f3n, marcando el inicio de una nueva etapa de gobernanza y direcci\u00f3n estrat\u00e9gica orientada a fortalecer la gesti\u00f3n institucional y responder a los desaf\u00edos actuales del sistema el\u00e9ctrico dominicano. La conformaci\u00f3n y\u2026","rel":"","context":"En \u00abECONOM\u00cdA\u00bb","block_context":{"text":"ECONOM\u00cdA","link":"https:\/\/lasprimeras.com.do\/index.php\/category\/economia\/"},"img":{"alt_text":"","src":"https:\/\/i0.wp.com\/lasprimeras.com.do\/wp-content\/uploads\/2026\/08\/IMG-20260825-WA0365.jpg?resize=350%2C200&ssl=1","width":350,"height":200,"srcset":"https:\/\/i0.wp.com\/lasprimeras.com.do\/wp-content\/uploads\/2026\/08\/IMG-20260825-WA0365.jpg?resize=350%2C200&ssl=1 1x, https:\/\/i0.wp.com\/lasprimeras.com.do\/wp-content\/uploads\/2026\/08\/IMG-20260825-WA0365.jpg?resize=525%2C300&ssl=1 1.5x, https:\/\/i0.wp.com\/lasprimeras.com.do\/wp-content\/uploads\/2026\/08\/IMG-20260825-WA0365.jpg?resize=700%2C400&ssl=1 2x, https:\/\/i0.wp.com\/lasprimeras.com.do\/wp-content\/uploads\/2026\/08\/IMG-20260825-WA0365.jpg?resize=1050%2C600&ssl=1 3x"},"classes":[]},{"id":136867,"url":"https:\/\/lasprimeras.com.do\/index.php\/2026\/08\/09\/gabinete-de-abinader-entra-en-fase-de-transicion-regulatoria-clave-ante-salida-de-tres-de-sus-principales-titulares\/","url_meta":{"origin":134718,"position":1},"title":"Gabinete de Abinader entra en fase de transici\u00f3n regulatoria clave ante salida de tres de sus principales titulares","author":"Nelson Feliz","date":"9 de agosto de 2026","format":false,"excerpt":"SANTO DOMINGO. \u2013 El Poder Ejecutivo dominicano inicia un proceso de transici\u00f3n estrat\u00e9gica en tres de sus principales \u00f3rganos reguladores, tras anunciarse supuestamente la salida coordinada de los titulares de la Superintendencia de Bancos (SB), el Instituto Dominicano de las Telecomunicaciones (INDOTEL) y el Instituto Nacional de Tr\u00e1nsito y Transporte\u2026","rel":"","context":"En \u00abPORTADA\u00bb","block_context":{"text":"PORTADA","link":"https:\/\/lasprimeras.com.do\/index.php\/category\/portada\/"},"img":{"alt_text":"","src":"https:\/\/i0.wp.com\/lasprimeras.com.do\/wp-content\/uploads\/2026\/08\/Guido-Alejandro-y-Milton.jpg?resize=350%2C200&ssl=1","width":350,"height":200,"srcset":"https:\/\/i0.wp.com\/lasprimeras.com.do\/wp-content\/uploads\/2026\/08\/Guido-Alejandro-y-Milton.jpg?resize=350%2C200&ssl=1 1x, https:\/\/i0.wp.com\/lasprimeras.com.do\/wp-content\/uploads\/2026\/08\/Guido-Alejandro-y-Milton.jpg?resize=525%2C300&ssl=1 1.5x, https:\/\/i0.wp.com\/lasprimeras.com.do\/wp-content\/uploads\/2026\/08\/Guido-Alejandro-y-Milton.jpg?resize=700%2C400&ssl=1 2x, https:\/\/i0.wp.com\/lasprimeras.com.do\/wp-content\/uploads\/2026\/08\/Guido-Alejandro-y-Milton.jpg?resize=1050%2C600&ssl=1 3x"},"classes":[]},{"id":126970,"url":"https:\/\/lasprimeras.com.do\/index.php\/2026\/04\/07\/designan-a-franklin-soriano-como-nuevo-vicepresidente-de-comunicaciones-y-responsabilidad-social-de-banreservas\/","url_meta":{"origin":134718,"position":2},"title":"Designan a Franklin Soriano como nuevo vicepresidente de Comunicaciones y Responsabilidad Social de Banreservas","author":"Nelson Feliz","date":"7 de abril de 2026","format":false,"excerpt":"La decisi\u00f3n fue anunciada por el presidente ejecutivo tras la aprobaci\u00f3n del Consejo de Directores, que tambi\u00e9n dispuso la transformaci\u00f3n de la antigua Vicepresidencia de Relaciones P\u00fablicas. El Banco de Reservas de la Rep\u00fablica Dominicana inform\u00f3 la designaci\u00f3n de Franklin Soriano como nuevo vicepresidente de Comunicaciones y Responsabilidad Social, luego\u2026","rel":"","context":"En \u00abNACIONALES\u00bb","block_context":{"text":"NACIONALES","link":"https:\/\/lasprimeras.com.do\/index.php\/category\/nacionales\/"},"img":{"alt_text":"","src":"https:\/\/i0.wp.com\/lasprimeras.com.do\/wp-content\/uploads\/2026\/04\/IMG-20260407-WA02321.jpg?resize=350%2C200&ssl=1","width":350,"height":200,"srcset":"https:\/\/i0.wp.com\/lasprimeras.com.do\/wp-content\/uploads\/2026\/04\/IMG-20260407-WA02321.jpg?resize=350%2C200&ssl=1 1x, https:\/\/i0.wp.com\/lasprimeras.com.do\/wp-content\/uploads\/2026\/04\/IMG-20260407-WA02321.jpg?resize=525%2C300&ssl=1 1.5x, https:\/\/i0.wp.com\/lasprimeras.com.do\/wp-content\/uploads\/2026\/04\/IMG-20260407-WA02321.jpg?resize=700%2C400&ssl=1 2x, https:\/\/i0.wp.com\/lasprimeras.com.do\/wp-content\/uploads\/2026\/04\/IMG-20260407-WA02321.jpg?resize=1050%2C600&ssl=1 3x"},"classes":[]},{"id":128793,"url":"https:\/\/lasprimeras.com.do\/index.php\/2026\/04\/27\/grupo-popular-supera-rd1-1-billones-en-activos-utilidades-son-de-rd34783-mm-fortalece-su-capital\/","url_meta":{"origin":134718,"position":3},"title":"Grupo Popular supera RD$1.1 billones en activos, utilidades son de RD$34,783 MM; fortalece su capital","author":"Nelson Feliz","date":"27 de abril de 2026","format":false,"excerpt":"El Grupo Popular inform\u00f3 este domingo que sus activos totales consolidados alcanzaron los RD$1,119,480 millones al cierre del ejercicio 2025, lo que representa un crecimiento interanual de 11.7%, consolidando su posici\u00f3n como uno de los principales conglomerados financieros del pa\u00eds. Durante la Asamblea General Extraordinaria\u2013Ordinaria Anual de Accionistas 2026, la\u2026","rel":"","context":"En \u00abECONOM\u00cdA\u00bb","block_context":{"text":"ECONOM\u00cdA","link":"https:\/\/lasprimeras.com.do\/index.php\/category\/economia\/"},"img":{"alt_text":"","src":"https:\/\/i0.wp.com\/lasprimeras.com.do\/wp-content\/uploads\/2026\/04\/ISM09396-Principal-1-scaled-1.jpg?resize=350%2C200&ssl=1","width":350,"height":200,"srcset":"https:\/\/i0.wp.com\/lasprimeras.com.do\/wp-content\/uploads\/2026\/04\/ISM09396-Principal-1-scaled-1.jpg?resize=350%2C200&ssl=1 1x, https:\/\/i0.wp.com\/lasprimeras.com.do\/wp-content\/uploads\/2026\/04\/ISM09396-Principal-1-scaled-1.jpg?resize=525%2C300&ssl=1 1.5x, https:\/\/i0.wp.com\/lasprimeras.com.do\/wp-content\/uploads\/2026\/04\/ISM09396-Principal-1-scaled-1.jpg?resize=700%2C400&ssl=1 2x, https:\/\/i0.wp.com\/lasprimeras.com.do\/wp-content\/uploads\/2026\/04\/ISM09396-Principal-1-scaled-1.jpg?resize=1050%2C600&ssl=1 3x, https:\/\/i0.wp.com\/lasprimeras.com.do\/wp-content\/uploads\/2026\/04\/ISM09396-Principal-1-scaled-1.jpg?resize=1400%2C800&ssl=1 4x"},"classes":[]},{"id":137029,"url":"https:\/\/lasprimeras.com.do\/index.php\/2026\/08\/11\/inversiones-reservas-obtiene-certificacion-iso-37001-en-gestion-antisoborno\/","url_meta":{"origin":134718,"position":4},"title":"Inversiones &#038; Reservas obtiene certificaci\u00f3n ISO 37001 en gesti\u00f3n antisoborno","author":"Nelson Feliz","date":"11 de agosto de 2026","format":false,"excerpt":"La filial del Banco de Reservas se convierte en el primer puesto de bolsa de Rep\u00fablica Dominicana y el Caribe en implementar un Sistema de Gesti\u00f3n Antisoborno conforme a este est\u00e1ndar internacional Santo Domingo. - Inversiones & Reservas, filial del Banco de Reservas, recibi\u00f3 la certificaci\u00f3n ISO 37001:2017 de Sistema\u2026","rel":"","context":"En \u00abECONOM\u00cdA\u00bb","block_context":{"text":"ECONOM\u00cdA","link":"https:\/\/lasprimeras.com.do\/index.php\/category\/economia\/"},"img":{"alt_text":"","src":"https:\/\/i0.wp.com\/lasprimeras.com.do\/wp-content\/uploads\/2026\/08\/BANRESERVAS.jpg?resize=350%2C200&ssl=1","width":350,"height":200,"srcset":"https:\/\/i0.wp.com\/lasprimeras.com.do\/wp-content\/uploads\/2026\/08\/BANRESERVAS.jpg?resize=350%2C200&ssl=1 1x, https:\/\/i0.wp.com\/lasprimeras.com.do\/wp-content\/uploads\/2026\/08\/BANRESERVAS.jpg?resize=525%2C300&ssl=1 1.5x, https:\/\/i0.wp.com\/lasprimeras.com.do\/wp-content\/uploads\/2026\/08\/BANRESERVAS.jpg?resize=700%2C400&ssl=1 2x"},"classes":[]},{"id":78697,"url":"https:\/\/lasprimeras.com.do\/index.php\/2024\/03\/19\/coopnama-reconoce-aportes-al-sector-cooperativo-del-profesor-julito-fulcar\/","url_meta":{"origin":134718,"position":5},"title":"COOPNAMA reconoce aportes al sector cooperativo del profesor Julito Fulcar","author":"BIMARY DE JES\u00daS Matos","date":"19 de marzo de 2024","format":false,"excerpt":"Santo Domingo.- La Cooperativa Nacional de Servicios M\u00faltiples de los Maestros (COOPNAMA) reconoci\u00f3 los aportes al desarrollo cooperativo del diputado y dirigente nacional e internacional del sector, el profesor Julito Fulcar. Fulcar, es considerado l\u00edder del cooperativismo dominicano, es presidente Ad-Vitam del Consejo Nacional de Cooperativas, \u00f3rgano c\u00fapula del sector\u2026","rel":"","context":"En \u00abPORTADA\u00bb","block_context":{"text":"PORTADA","link":"https:\/\/lasprimeras.com.do\/index.php\/category\/portada\/"},"img":{"alt_text":"","src":"https:\/\/i0.wp.com\/lasprimeras.com.do\/wp-content\/uploads\/2024\/03\/Diseno-sin-titulo-1-2-scaled.jpg?resize=350%2C200&ssl=1","width":350,"height":200,"srcset":"https:\/\/i0.wp.com\/lasprimeras.com.do\/wp-content\/uploads\/2024\/03\/Diseno-sin-titulo-1-2-scaled.jpg?resize=350%2C200&ssl=1 1x, https:\/\/i0.wp.com\/lasprimeras.com.do\/wp-content\/uploads\/2024\/03\/Diseno-sin-titulo-1-2-scaled.jpg?resize=525%2C300&ssl=1 1.5x, https:\/\/i0.wp.com\/lasprimeras.com.do\/wp-content\/uploads\/2024\/03\/Diseno-sin-titulo-1-2-scaled.jpg?resize=700%2C400&ssl=1 2x, https:\/\/i0.wp.com\/lasprimeras.com.do\/wp-content\/uploads\/2024\/03\/Diseno-sin-titulo-1-2-scaled.jpg?resize=1050%2C600&ssl=1 3x, https:\/\/i0.wp.com\/lasprimeras.com.do\/wp-content\/uploads\/2024\/03\/Diseno-sin-titulo-1-2-scaled.jpg?resize=1400%2C800&ssl=1 4x"},"classes":[]}],"jetpack_sharing_enabled":true,"jetpack_featured_media_url":"https:\/\/lasprimeras.com.do\/wp-content\/uploads\/2026\/07\/Banco-Caribe-y-Luis-Canela.jpg","_links":{"self":[{"href":"https:\/\/lasprimeras.com.do\/index.php\/wp-json\/wp\/v2\/posts\/134718","targetHints":{"allow":["GET"]}}],"collection":[{"href":"https:\/\/lasprimeras.com.do\/index.php\/wp-json\/wp\/v2\/posts"}],"about":[{"href":"https:\/\/lasprimeras.com.do\/index.php\/wp-json\/wp\/v2\/types\/post"}],"author":[{"embeddable":true,"href":"https:\/\/lasprimeras.com.do\/index.php\/wp-json\/wp\/v2\/users\/10"}],"replies":[{"embeddable":true,"href":"https:\/\/lasprimeras.com.do\/index.php\/wp-json\/wp\/v2\/comments?post=134718"}],"version-history":[{"count":1,"href":"https:\/\/lasprimeras.com.do\/index.php\/wp-json\/wp\/v2\/posts\/134718\/revisions"}],"predecessor-version":[{"id":134719,"href":"https:\/\/lasprimeras.com.do\/index.php\/wp-json\/wp\/v2\/posts\/134718\/revisions\/134719"}],"wp:featuredmedia":[{"embeddable":true,"href":"https:\/\/lasprimeras.com.do\/index.php\/wp-json\/wp\/v2\/media\/134729"}],"wp:attachment":[{"href":"https:\/\/lasprimeras.com.do\/index.php\/wp-json\/wp\/v2\/media?parent=134718"}],"wp:term":[{"taxonomy":"category","embeddable":true,"href":"https:\/\/lasprimeras.com.do\/index.php\/wp-json\/wp\/v2\/categories?post=134718"},{"taxonomy":"post_tag","embeddable":true,"href":"https:\/\/lasprimeras.com.do\/index.php\/wp-json\/wp\/v2\/tags?post=134718"}],"curies":[{"name":"wp","href":"https:\/\/api.w.org\/{rel}","templated":true}]}}