{"id":134731,"date":"2026-07-15T22:43:24","date_gmt":"2026-07-16T02:43:24","guid":{"rendered":"https:\/\/lasprimeras.com.do\/?p=134731"},"modified":"2026-07-15T22:43:29","modified_gmt":"2026-07-16T02:43:29","slug":"osiris-de-leon-llama-a-la-calma-tras-sismo-de-magnitud-4-0-que-sacudio-el-noreste-y-santo-domingo","status":"publish","type":"post","link":"https:\/\/lasprimeras.com.do\/index.php\/2026\/07\/15\/osiris-de-leon-llama-a-la-calma-tras-sismo-de-magnitud-4-0-que-sacudio-el-noreste-y-santo-domingo\/","title":{"rendered":"Osiris de Le\u00f3n llama a la calma tras sismo de magnitud 4.0 que sacudi\u00f3 el noreste y Santo Domingo"},"content":{"rendered":"\n<p class=\"wp-block-paragraph\"><strong>SANTO DOMINGO. \u2013 <\/strong>El ge\u00f3logo y experto en sismolog\u00eda Osiris de Le\u00f3n ofreci\u00f3 hoy un informe detallado en el programa televisivo El Show del Mediod\u00eda sobre los temblores de tierra registrados durante la ma\u00f1ana de este mi\u00e9rcoles 15 de julio de 2026.<\/p>\n\n\n\n<p class=\"wp-block-paragraph\">El especialista llam\u00f3 a la poblaci\u00f3n a mantener la calma, explicando que se trata de actividad s\u00edsmica convencional y que no hay motivos para el p\u00e1nico.<\/p>\n\n\n\n<p class=\"wp-block-paragraph\">&#8220;El sismo principal tuvo su epicentro al norte de Las Terrenas y al este de R\u00edo San Juan. Aunque inicialmente las autoridades reportaron una magnitud preliminar de 4.5, la cifra fue corregida oficialmente a 4.0&#8221;, sostuvo De Le\u00f3n.<\/p>\n\n\n\n<p class=\"wp-block-paragraph\">Debido a que el movimiento tel\u00farico ocurri\u00f3 a una profundidad muy cercana a la superficie, las ondas se percibieron con fuerza en gran parte de la regi\u00f3n noreste y el sur del pa\u00eds, abarcando localidades como: Las Terrenas, Nagua, S\u00e1nchez, San Francisco de Macor\u00eds, El Gran Santo Domingo y los Bajos de Haina.<\/p>\n\n\n\n<p class=\"wp-block-paragraph\">Posterior al evento principal, los sistemas de monitoreo registraron una r\u00e9plica menor de magnitud 2.6.<\/p>\n\n\n\n<p class=\"wp-block-paragraph\">De Le\u00f3n aclar\u00f3 que este segundo temblor forma parte de un proceso completamente normal de reacomodamiento de las placas tect\u00f3nicas tras la liberaci\u00f3n inicial de energ\u00eda.<\/p>\n\n\n\n<p class=\"wp-block-paragraph\">Finalmente, el experto record\u00f3 que la zona del epicentro se sit\u00faa justo en el l\u00edmite de contacto entre la placa Norteamericana y la placa del Caribe. Esta es una falla geol\u00f3gica hist\u00f3ricamente activa en la Rep\u00fablica Dominicana, conocida por haber generado el gran terremoto del a\u00f1o 1946, por lo que la ocurrencia de estos eventos menores entra dentro de los par\u00e1metros esperados para la regi\u00f3n.<\/p>\n\n\n\n<figure class=\"wp-block-embed is-type-video is-provider-youtube wp-block-embed-youtube wp-embed-aspect-16-9 wp-has-aspect-ratio\"><div class=\"wp-block-embed__wrapper\">\n<iframe title=\"Osiris de Le\u00f3n da detalles sobre temblor en Las Terrenas de 4.0 | ESM\" width=\"500\" height=\"281\" src=\"https:\/\/www.youtube.com\/embed\/zacoFh6FwTo?feature=oembed\" frameborder=\"0\" allow=\"accelerometer; autoplay; clipboard-write; encrypted-media; gyroscope; picture-in-picture; web-share\" referrerpolicy=\"strict-origin-when-cross-origin\" allowfullscreen><\/iframe>\n<\/div><\/figure>\n","protected":false},"excerpt":{"rendered":"<p>SANTO DOMINGO. \u2013 El ge\u00f3logo y experto en sismolog\u00eda Osiris de Le\u00f3n ofreci\u00f3 hoy un informe detallado en el programa televisivo El Show del Mediod\u00eda sobre los temblores de tierra&hellip;<\/p>\n","protected":false},"author":10,"featured_media":106102,"comment_status":"open","ping_status":"open","sticky":false,"template":"","format":"standard","meta":{"content-type":"","_jetpack_newsletter_access":"","_jetpack_dont_email_post_to_subs":false,"_jetpack_newsletter_tier_id":0,"_jetpack_memberships_contains_paywalled_content":false,"_jetpack_feature_clip_id":0,"_jetpack_memberships_contains_paid_content":false,"footnotes":"","jetpack_post_was_ever_published":false},"categories":[35],"tags":[1462,6330,7203,1416,35006,806,22166],"class_list":["post-134731","post","type-post","status-publish","format-standard","has-post-thumbnail","hentry","category-nacionales","tag-calma","tag-las-terrenas","tag-noreste","tag-osiris-de-leon","tag-sacudio","tag-santo-domingo","tag-sismo-de-magnitud-4-0"],"jetpack-related-posts":[{"id":74329,"url":"https:\/\/lasprimeras.com.do\/index.php\/2024\/01\/22\/se-registra-temblor-de-tierra-en-samana\/","url_meta":{"origin":134731,"position":0},"title":"Se registra temblor de tierra en Saman\u00e1","author":"Nelson Feliz","date":"22 de enero de 2024","format":false,"excerpt":"Un temblor de tierra de magnitud 4.0 se registr\u00f3 este domingo en la provincia Saman\u00e1, Rep\u00fablica Dominica. La informaci\u00f3n la ofreci\u00f3 el ge\u00f3logo Osiris de Le\u00f3n, a trav\u00e9s de una publicaci\u00f3n en su cuenta de la plataforma X, donde adem\u00e1s indic\u00f3 que el sismo ocurri\u00f3 a las 11:55 de la\u2026","rel":"","context":"En \u00abNACIONALES\u00bb","block_context":{"text":"NACIONALES","link":"https:\/\/lasprimeras.com.do\/index.php\/category\/nacionales\/"},"img":{"alt_text":"Sismo","src":"https:\/\/i0.wp.com\/lasprimeras.com.do\/wp-content\/uploads\/2024\/01\/Sismo.jpg?resize=350%2C200&ssl=1","width":350,"height":200,"srcset":"https:\/\/i0.wp.com\/lasprimeras.com.do\/wp-content\/uploads\/2024\/01\/Sismo.jpg?resize=350%2C200&ssl=1 1x, https:\/\/i0.wp.com\/lasprimeras.com.do\/wp-content\/uploads\/2024\/01\/Sismo.jpg?resize=525%2C300&ssl=1 1.5x"},"classes":[]},{"id":136902,"url":"https:\/\/lasprimeras.com.do\/index.php\/2026\/08\/09\/osiris-de-leon-advierte-que-codigos-sismicos-son-insuficientes-si-se-ignora-la-respuesta-dinamica-del-suelo-blando\/","url_meta":{"origin":134731,"position":1},"title":"Osiris de Le\u00f3n advierte que c\u00f3digos s\u00edsmicos son insuficientes si se ignora la respuesta din\u00e1mica del suelo blando","author":"Nelson Feliz","date":"9 de agosto de 2026","format":false,"excerpt":"El reconocido ingeniero ge\u00f3logo y ambientalista analiza los colapsos s\u00edsmicos de estructuras dise\u00f1adas con \"criterios de sismo resistencia\", que provocaron colapso durante los terremotos de Venezuela, Turqu\u00eda, Jap\u00f3n y Ecuador, planteando un sismo resistencia basada en microzonificaci\u00f3n s\u00edsmica y respuesta s\u00edsmica local. SANTO DOMINGO. \u2013 El ingeniero ge\u00f3logo y ambientalista\u2026","rel":"","context":"En \u00abNACIONALES\u00bb","block_context":{"text":"NACIONALES","link":"https:\/\/lasprimeras.com.do\/index.php\/category\/nacionales\/"},"img":{"alt_text":"","src":"https:\/\/i0.wp.com\/lasprimeras.com.do\/wp-content\/uploads\/2025\/08\/Osiris-de-Leon.jpg?resize=350%2C200&ssl=1","width":350,"height":200,"srcset":"https:\/\/i0.wp.com\/lasprimeras.com.do\/wp-content\/uploads\/2025\/08\/Osiris-de-Leon.jpg?resize=350%2C200&ssl=1 1x, https:\/\/i0.wp.com\/lasprimeras.com.do\/wp-content\/uploads\/2025\/08\/Osiris-de-Leon.jpg?resize=525%2C300&ssl=1 1.5x, https:\/\/i0.wp.com\/lasprimeras.com.do\/wp-content\/uploads\/2025\/08\/Osiris-de-Leon.jpg?resize=700%2C400&ssl=1 2x"},"classes":[]},{"id":136171,"url":"https:\/\/lasprimeras.com.do\/index.php\/2026\/07\/31\/usgs-confirma-epicentro-de-terremoto-en-venezuela-donde-lo-ubico-osiris-de-leon-hace-un-mes\/","url_meta":{"origin":134731,"position":2},"title":"USGS confirma epicentro de terremoto en Venezuela donde lo ubic\u00f3 Osiris de Le\u00f3n hace un mes","author":"Nelson Feliz","date":"31 de julio de 2026","format":false,"excerpt":"El ge\u00f3logo dominicano anticip\u00f3 que el foco estaba en Catia La Mar-Caraballeda y no en San Felipe, como reportaron inicialmente las redes s\u00edsmicas SANTO DOMINGO, RD. El Servicio Geol\u00f3gico de los Estados Unidos, USGS, reubic\u00f3 un mes despu\u00e9s el epicentro del terremoto de magnitud 7.5 ocurrido el 24 de junio\u2026","rel":"","context":"En \u00abPORTADA\u00bb","block_context":{"text":"PORTADA","link":"https:\/\/lasprimeras.com.do\/index.php\/category\/portada\/"},"img":{"alt_text":"Osiris de Le\u00f3n","src":"https:\/\/i0.wp.com\/lasprimeras.com.do\/wp-content\/uploads\/2026\/07\/Osiris-de-Leon.jpg?resize=350%2C200&ssl=1","width":350,"height":200,"srcset":"https:\/\/i0.wp.com\/lasprimeras.com.do\/wp-content\/uploads\/2026\/07\/Osiris-de-Leon.jpg?resize=350%2C200&ssl=1 1x, https:\/\/i0.wp.com\/lasprimeras.com.do\/wp-content\/uploads\/2026\/07\/Osiris-de-Leon.jpg?resize=525%2C300&ssl=1 1.5x, https:\/\/i0.wp.com\/lasprimeras.com.do\/wp-content\/uploads\/2026\/07\/Osiris-de-Leon.jpg?resize=700%2C400&ssl=1 2x"},"classes":[]},{"id":133959,"url":"https:\/\/lasprimeras.com.do\/index.php\/2026\/07\/04\/osiris-de-leon-alerta-vulnerabilidad-tras-sismos-en-venezuela\/","url_meta":{"origin":134731,"position":3},"title":"Osiris de Le\u00f3n alerta vulnerabilidad tras sismos en Venezuela","author":"Nelson Feliz","date":"4 de julio de 2026","format":false,"excerpt":"Especialistas dominicanos alertan que la tragedia ocurrida en La Guaira representa una llamada de atenci\u00f3n para reforzar la infraestructura y la preparaci\u00f3n ante desastres en la Rep\u00fablica Dominicana La Guaira, Venezuela. \u2013 El ge\u00f3logo e ingeniero dominicano Osiris de Le\u00f3n y el especialista en gesti\u00f3n de informaci\u00f3n humanitaria Alberto Castillo\u2026","rel":"","context":"En \u00abINTERNACIONALES\u00bb","block_context":{"text":"INTERNACIONALES","link":"https:\/\/lasprimeras.com.do\/index.php\/category\/sin-categoria\/internacionales\/"},"img":{"alt_text":"Osiris de Le\u00f3n","src":"https:\/\/i0.wp.com\/lasprimeras.com.do\/wp-content\/uploads\/2026\/07\/Osiris-de-Leon.jpg?resize=350%2C200&ssl=1","width":350,"height":200,"srcset":"https:\/\/i0.wp.com\/lasprimeras.com.do\/wp-content\/uploads\/2026\/07\/Osiris-de-Leon.jpg?resize=350%2C200&ssl=1 1x, https:\/\/i0.wp.com\/lasprimeras.com.do\/wp-content\/uploads\/2026\/07\/Osiris-de-Leon.jpg?resize=525%2C300&ssl=1 1.5x, https:\/\/i0.wp.com\/lasprimeras.com.do\/wp-content\/uploads\/2026\/07\/Osiris-de-Leon.jpg?resize=700%2C400&ssl=1 2x"},"classes":[]},{"id":137985,"url":"https:\/\/lasprimeras.com.do\/index.php\/2026\/08\/23\/ladrillos-huecos-causaron-los-mayores-colapsos-en-sismo-de-colombia-advierte-osiris-de-leon\/","url_meta":{"origin":134731,"position":4},"title":"Ladrillos huecos causaron los mayores colapsos en sismo de Colombia, advierte Osiris de Le\u00f3n","author":"Nelson Feliz","date":"23 de agosto de 2026","format":false,"excerpt":"PEREIRA, COLOMBIA. \u2013 El ingeniero ge\u00f3logo y ambientalista Osiris de Le\u00f3n se encuentra en esta ciudad liderando una misi\u00f3n oficial de evaluaci\u00f3n de da\u00f1os estructurales, tras el fuerte terremoto de la pasada semana. El experto dominicano, quien recientemente particip\u00f3 en los an\u00e1lisis del doblete s\u00edsmico registrado en Venezuela, lleg\u00f3 a\u2026","rel":"","context":"En \u00abNACIONALES\u00bb","block_context":{"text":"NACIONALES","link":"https:\/\/lasprimeras.com.do\/index.php\/category\/nacionales\/"},"img":{"alt_text":"Osiris De Le\u00f3n","src":"https:\/\/i0.wp.com\/lasprimeras.com.do\/wp-content\/uploads\/2024\/08\/Osiris-De-Leon.jpg?resize=350%2C200&ssl=1","width":350,"height":200,"srcset":"https:\/\/i0.wp.com\/lasprimeras.com.do\/wp-content\/uploads\/2024\/08\/Osiris-De-Leon.jpg?resize=350%2C200&ssl=1 1x, https:\/\/i0.wp.com\/lasprimeras.com.do\/wp-content\/uploads\/2024\/08\/Osiris-De-Leon.jpg?resize=525%2C300&ssl=1 1.5x, https:\/\/i0.wp.com\/lasprimeras.com.do\/wp-content\/uploads\/2024\/08\/Osiris-De-Leon.jpg?resize=700%2C400&ssl=1 2x"},"classes":[]},{"id":60065,"url":"https:\/\/lasprimeras.com.do\/index.php\/2023\/09\/10\/osiris-de-leon-cita-5-factores-para-que-el-terremoto-de-marruecos-se-haya-convertido-en-un-desastre\/","url_meta":{"origin":134731,"position":5},"title":"Osiris de Le\u00f3n cita 5 factores para que el terremoto de Marruecos, se haya convertido en un desastre","author":"Nelson Feliz","date":"10 de septiembre de 2023","format":false,"excerpt":"El ge\u00f3logo\u00a0 Osiris\u00a0 de Le\u00f3n cit\u00f3 hoy 5 factores que contribuyeron a que un terremoto moderado su haya convertido en un desastre s\u00edsmico. 1-Muchas viviendas muy vulnerables, construidas de adobe, sin un plan de ordenamiento territorial, sin una microzonificaci\u00f3n s\u00edsmica, y de espaldas al peligro s\u00edsmico cercano representado por conocidas\u2026","rel":"","context":"En \u00abNACIONALES\u00bb","block_context":{"text":"NACIONALES","link":"https:\/\/lasprimeras.com.do\/index.php\/category\/nacionales\/"},"img":{"alt_text":"","src":"","width":0,"height":0},"classes":[]}],"jetpack_sharing_enabled":true,"jetpack_featured_media_url":"https:\/\/lasprimeras.com.do\/wp-content\/uploads\/2025\/08\/Osiris-de-Leon.jpg","_links":{"self":[{"href":"https:\/\/lasprimeras.com.do\/index.php\/wp-json\/wp\/v2\/posts\/134731","targetHints":{"allow":["GET"]}}],"collection":[{"href":"https:\/\/lasprimeras.com.do\/index.php\/wp-json\/wp\/v2\/posts"}],"about":[{"href":"https:\/\/lasprimeras.com.do\/index.php\/wp-json\/wp\/v2\/types\/post"}],"author":[{"embeddable":true,"href":"https:\/\/lasprimeras.com.do\/index.php\/wp-json\/wp\/v2\/users\/10"}],"replies":[{"embeddable":true,"href":"https:\/\/lasprimeras.com.do\/index.php\/wp-json\/wp\/v2\/comments?post=134731"}],"version-history":[{"count":1,"href":"https:\/\/lasprimeras.com.do\/index.php\/wp-json\/wp\/v2\/posts\/134731\/revisions"}],"predecessor-version":[{"id":134732,"href":"https:\/\/lasprimeras.com.do\/index.php\/wp-json\/wp\/v2\/posts\/134731\/revisions\/134732"}],"wp:featuredmedia":[{"embeddable":true,"href":"https:\/\/lasprimeras.com.do\/index.php\/wp-json\/wp\/v2\/media\/106102"}],"wp:attachment":[{"href":"https:\/\/lasprimeras.com.do\/index.php\/wp-json\/wp\/v2\/media?parent=134731"}],"wp:term":[{"taxonomy":"category","embeddable":true,"href":"https:\/\/lasprimeras.com.do\/index.php\/wp-json\/wp\/v2\/categories?post=134731"},{"taxonomy":"post_tag","embeddable":true,"href":"https:\/\/lasprimeras.com.do\/index.php\/wp-json\/wp\/v2\/tags?post=134731"}],"curies":[{"name":"wp","href":"https:\/\/api.w.org\/{rel}","templated":true}]}}