{"id":134745,"date":"2026-07-15T23:33:47","date_gmt":"2026-07-16T03:33:47","guid":{"rendered":"https:\/\/lasprimeras.com.do\/?p=134745"},"modified":"2026-07-15T23:33:47","modified_gmt":"2026-07-16T03:33:47","slug":"ministro-roberto-salcedo-impresionado-con-obra-del-escritor-dominicano-julio-montero","status":"publish","type":"post","link":"https:\/\/lasprimeras.com.do\/index.php\/2026\/07\/15\/ministro-roberto-salcedo-impresionado-con-obra-del-escritor-dominicano-julio-montero\/","title":{"rendered":"Ministro Roberto Salcedo impresionado con obra del escritor dominicano Julio Montero"},"content":{"rendered":"\n<p class=\"wp-block-paragraph\">Por Ram\u00f3n Mercedes<\/p>\n\n\n\n<p class=\"wp-block-paragraph\">NUEVA YORK.- La publicaci\u00f3n de la obra \u201cHUNGRI\u201d, del dominicano Julio Montero Aracena, en el marco del Festival del Libro y la Cultura Dominicana 2026 el pasado fin de semana en el Alto Manhattan no pas\u00f3 desapercibida ante el ministro de Cultura de la Rep\u00fablica Dominicana, Roberto \u00c1ngel Salcedo.<\/p>\n\n\n\n<p class=\"wp-block-paragraph\">El ministro elogi\u00f3 p\u00fablicamente la obra del joven escritor, esfuerzo que dijo debe ser valorado y apoyado.<\/p>\n\n\n\n<p class=\"wp-block-paragraph\">Salcedo, quien viaj\u00f3 especialmente para inaugurar el evento, se mostr\u00f3 impresionado por la historia de superaci\u00f3n del autor.<\/p>\n\n\n\n<p class=\"wp-block-paragraph\">Montero Aracena, oriundo de Mao y residente en El Bronx, naci\u00f3 con una condici\u00f3n f\u00edsica en sus extremidades inferiores que le impide caminar. En HUNGRI, un libro de car\u00e1cter autobiogr\u00e1fico, el autor narra c\u00f3mo la imaginaci\u00f3n y los dibujos animados de su infancia se convirtieron en un refugio emocional y en el motor de resiliencia que le ense\u00f1\u00f3 a no rendirse ante las adversidades cotidianas.<\/p>\n\n\n\n<p class=\"wp-block-paragraph\">La obra cuenta con los pr\u00f3logos del destacado representante ante la ONU, Magino Corpor\u00e1n, y de Carlos Samuel Valerio. Actualmente ya est\u00e1 disponible a nivel global en Amazon, Apple Books y Google Play Books.<\/p>\n\n\n\n<p class=\"wp-block-paragraph\">Con su testimonio, Montero busca inspirar de manera directa a la comunidad dominicana e inmigrante en los Estados Unidos, invit\u00e1ndola a descubrir la fuerza de superaci\u00f3n que reside en sus propias historias de vida.<\/p>\n\n\n\n<p class=\"wp-block-paragraph\">Adem\u00e1s de escritor, Montero es un activo emprendedor y fundador de HUNGRI Studios, una casa creativa dedicada al desarrollo de los videojuegos WARCHESS y GEREZ, as\u00ed como del webtoon El Eco de Memorium.<\/p>\n\n\n\n<p class=\"wp-block-paragraph\">Actualmente, trabaja en la traducci\u00f3n de HUNGRI al ingl\u00e9s y en su segundo libro: una novela de ficci\u00f3n hist\u00f3rica ambientada en la \u00e9poca colonial dominicana, cuyo lanzamiento proyecta para finales de este a\u00f1o. Montero resume su filosof\u00eda y determinaci\u00f3n con una frase que gu\u00eda su camino: \u201cLo que no deber\u00eda jurisdicci\u00f3n moverse se mueve igual\u201d.<\/p>\n","protected":false},"excerpt":{"rendered":"<p>Por Ram\u00f3n Mercedes NUEVA YORK.- La publicaci\u00f3n de la obra \u201cHUNGRI\u201d, del dominicano Julio Montero Aracena, en el marco del Festival del Libro y la Cultura Dominicana 2026 el pasado&hellip;<\/p>\n","protected":false},"author":10,"featured_media":134746,"comment_status":"open","ping_status":"open","sticky":false,"template":"","format":"standard","meta":{"content-type":"","_jetpack_newsletter_access":"","_jetpack_dont_email_post_to_subs":false,"_jetpack_newsletter_tier_id":0,"_jetpack_memberships_contains_paywalled_content":false,"_jetpack_feature_clip_id":0,"_jetpack_memberships_contains_paid_content":false,"footnotes":"","jetpack_post_was_ever_published":false},"categories":[84],"tags":[364,2737,35014,35015,373,5990,4655],"class_list":["post-134745","post","type-post","status-publish","format-standard","has-post-thumbnail","hentry","category-entretenimiento","tag-dominicano","tag-escritor","tag-impresionado","tag-julio-montero","tag-ministro","tag-obra","tag-roberto-salcedo"],"jetpack-related-posts":[{"id":134321,"url":"https:\/\/lasprimeras.com.do\/index.php\/2026\/07\/09\/el-escritor-dominicano-julio-montero-presentara-en-ny-su-libro-hungri\/","url_meta":{"origin":134745,"position":0},"title":"El escritor dominicano Julio Montero presentar\u00e1 en NY su libro &#8220;HUNGRI&#8221;","author":"Nelson Feliz","date":"9 de julio de 2026","format":false,"excerpt":"Por Ram\u00f3n Mercedes NUEVA YORK.- Julio Montero Aracena, un escritor y emprendedor dominicano en esta ciudad, pondr\u00e1 en circulaci\u00f3n su \u00f3pera prima, \u201cHUNGRI: C\u00f3mo los dibujos animados me ense\u00f1aron a no rendirme\u201d, en el marco del Festival del Libro y la Cultura Dominicana 2026. El evento, organizado por el Ministerio\u2026","rel":"","context":"En \u00abLA VOZ DE LA DIASPORA\u00bb","block_context":{"text":"LA VOZ DE LA DIASPORA","link":"https:\/\/lasprimeras.com.do\/index.php\/category\/la-voz-de-la-diaspora\/"},"img":{"alt_text":"","src":"https:\/\/i0.wp.com\/lasprimeras.com.do\/wp-content\/uploads\/2026\/07\/IMG-20260709-WA0094.jpg?resize=350%2C200&ssl=1","width":350,"height":200,"srcset":"https:\/\/i0.wp.com\/lasprimeras.com.do\/wp-content\/uploads\/2026\/07\/IMG-20260709-WA0094.jpg?resize=350%2C200&ssl=1 1x, https:\/\/i0.wp.com\/lasprimeras.com.do\/wp-content\/uploads\/2026\/07\/IMG-20260709-WA0094.jpg?resize=525%2C300&ssl=1 1.5x"},"classes":[]},{"id":111189,"url":"https:\/\/lasprimeras.com.do\/index.php\/2025\/10\/06\/roberto-angel-salcedo-destaca-proyeccion-internacional-de-escritores-dominicanos-y-reconoce-la-labor-de-marino-beriguete\/","url_meta":{"origin":134745,"position":1},"title":"Roberto \u00c1ngel Salcedo destaca proyecci\u00f3n internacional de escritores dominicanos y reconoce la labor de Marino Berig\u00fcete","author":"Nelson Feliz","date":"6 de octubre de 2025","format":false,"excerpt":"En el marco de la XXVII Feria Internacional del Libro Santo Domingo 2025 (FILSD), el ministro de Cultura, Roberto \u00c1ngel Salcedo, resalt\u00f3 el creciente inter\u00e9s de editoriales extranjeras en la literatura dominicana y reconoci\u00f3 al escritor y poeta Marino Berig\u00fcete como ejemplo de ese avance. \u201cHoy tenemos editoras internacionales que\u2026","rel":"","context":"En \u00abENTRETENIMIENTO\u00bb","block_context":{"text":"ENTRETENIMIENTO","link":"https:\/\/lasprimeras.com.do\/index.php\/category\/entretenimiento\/"},"img":{"alt_text":"","src":"https:\/\/i0.wp.com\/lasprimeras.com.do\/wp-content\/uploads\/2025\/10\/Roberto-Angel-Salcedo-1.jpg?resize=350%2C200&ssl=1","width":350,"height":200,"srcset":"https:\/\/i0.wp.com\/lasprimeras.com.do\/wp-content\/uploads\/2025\/10\/Roberto-Angel-Salcedo-1.jpg?resize=350%2C200&ssl=1 1x, https:\/\/i0.wp.com\/lasprimeras.com.do\/wp-content\/uploads\/2025\/10\/Roberto-Angel-Salcedo-1.jpg?resize=525%2C300&ssl=1 1.5x, https:\/\/i0.wp.com\/lasprimeras.com.do\/wp-content\/uploads\/2025\/10\/Roberto-Angel-Salcedo-1.jpg?resize=700%2C400&ssl=1 2x"},"classes":[]},{"id":135401,"url":"https:\/\/lasprimeras.com.do\/index.php\/2026\/07\/23\/ministro-de-cultura-valoro-en-ny-libro-infantil-de-la-escritora-susibel-espaillat\/","url_meta":{"origin":134745,"position":2},"title":"Ministro de Cultura valor\u00f3 en NY libro infantil de la escritora Susibel Espaillat","author":"Nelson Feliz","date":"23 de julio de 2026","format":false,"excerpt":"Por Ram\u00f3n Mercedes NUEVA YORK.- El ministro de Cultura de la Rep\u00fablica Dominicana, Roberto \u00c1ngel Salcedo, valor\u00f3 el libro infantil \u201cSomos Coral\u201d, de la cineasta, escritora y gestora cultural dominicana Susibel Espaillat, durante su asistencia a la reciente celebraci\u00f3n del Festival del Libro y la Cultura Dominicana 2026, realizado en\u2026","rel":"","context":"En \u00abENTRETENIMIENTO\u00bb","block_context":{"text":"ENTRETENIMIENTO","link":"https:\/\/lasprimeras.com.do\/index.php\/category\/entretenimiento\/"},"img":{"alt_text":"","src":"https:\/\/i0.wp.com\/lasprimeras.com.do\/wp-content\/uploads\/2026\/07\/IMG-20260723-WA0020.jpg?resize=350%2C200&ssl=1","width":350,"height":200},"classes":[]},{"id":132969,"url":"https:\/\/lasprimeras.com.do\/index.php\/2026\/06\/09\/esperan-dominicanos-asistan-proxima-feria-del-libro-y-cultura-dominicana-en-nyc\/","url_meta":{"origin":134745,"position":3},"title":"Esperan dominicanos asistan pr\u00f3xima Feria del Libro y Cultura Dominicana en NYC","author":"Nelson Feliz","date":"9 de junio de 2026","format":false,"excerpt":"Por Ram\u00f3n Mercedes NUEVA YORK.- Como es tradici\u00f3n cada a\u00f1o cuando se celebra la Feria del Libro y la Cultura Dominicana en esta ciudad, se espera la asistencia de miles de dominicanos, entre otras etnias, al evento que se efectuar\u00e1 del 9 al 12 de julio en la escuela George\u2026","rel":"","context":"En \u00abLA VOZ DE LA DIASPORA\u00bb","block_context":{"text":"LA VOZ DE LA DIASPORA","link":"https:\/\/lasprimeras.com.do\/index.php\/category\/la-voz-de-la-diaspora\/"},"img":{"alt_text":"","src":"https:\/\/i0.wp.com\/lasprimeras.com.do\/wp-content\/uploads\/2026\/06\/IMG-20260609-WA0038.jpg?resize=350%2C200&ssl=1","width":350,"height":200,"srcset":"https:\/\/i0.wp.com\/lasprimeras.com.do\/wp-content\/uploads\/2026\/06\/IMG-20260609-WA0038.jpg?resize=350%2C200&ssl=1 1x, https:\/\/i0.wp.com\/lasprimeras.com.do\/wp-content\/uploads\/2026\/06\/IMG-20260609-WA0038.jpg?resize=525%2C300&ssl=1 1.5x, https:\/\/i0.wp.com\/lasprimeras.com.do\/wp-content\/uploads\/2026\/06\/IMG-20260609-WA0038.jpg?resize=700%2C400&ssl=1 2x"},"classes":[]},{"id":134601,"url":"https:\/\/lasprimeras.com.do\/index.php\/2026\/07\/13\/cerca-de-5-mil-personas-asistieron-festival-del-libro-y-la-cultura-dominicana-2026-en-manhattan\/","url_meta":{"origin":134745,"position":4},"title":"Cerca de 5 mil personas asistieron Festival del Libro y la Cultura Dominicana 2026 en Manhattan","author":"Nelson Feliz","date":"13 de julio de 2026","format":false,"excerpt":"Por Ram\u00f3n Mercedes NUEVA YORK.- Cerca de 5.000 personas asistieron al Festival del Libro y la Cultura Dominicana 2026, bajo el lema \"Leer es florecer\", celebrado en el Alto Manhattan del viernes 10 al domingo 12. Se vendieron m\u00e1s de 40.000 d\u00f3lares en libros y artesan\u00edas, y se realizaron120 actividades,\u2026","rel":"","context":"En \u00abLA VOZ DE LA DIASPORA\u00bb","block_context":{"text":"LA VOZ DE LA DIASPORA","link":"https:\/\/lasprimeras.com.do\/index.php\/category\/la-voz-de-la-diaspora\/"},"img":{"alt_text":"","src":"https:\/\/i0.wp.com\/lasprimeras.com.do\/wp-content\/uploads\/2026\/07\/IMG-20260713-WA0071.jpg?resize=350%2C200&ssl=1","width":350,"height":200,"srcset":"https:\/\/i0.wp.com\/lasprimeras.com.do\/wp-content\/uploads\/2026\/07\/IMG-20260713-WA0071.jpg?resize=350%2C200&ssl=1 1x, https:\/\/i0.wp.com\/lasprimeras.com.do\/wp-content\/uploads\/2026\/07\/IMG-20260713-WA0071.jpg?resize=525%2C300&ssl=1 1.5x"},"classes":[]},{"id":117563,"url":"https:\/\/lasprimeras.com.do\/index.php\/2025\/12\/11\/roberto-angel-asume-la-presidencia-pro-tempore-de-la-cecc-sica\/","url_meta":{"origin":134745,"position":5},"title":"Roberto \u00c1ngel asume la presidencia \u2018pro tempore\u2019 de la CECC-SICA","author":"Nelson Feliz","date":"11 de diciembre de 2025","format":false,"excerpt":"Salcedo expone prioridades culturales del pa\u00eds en reuni\u00f3n regional de dicho organismo Ciudad de Panam\u00e1.- El ministro de Cultura, Roberto \u00c1ngel Salcedo, destac\u00f3 en Panam\u00e1 los principales compromisos y prioridades del pa\u00eds en materia cultural durante la Quincuag\u00e9sima Reuni\u00f3n Ordinaria del Consejo de Ministras y Ministros de Educaci\u00f3n y de\u2026","rel":"","context":"En \u00abENTRETENIMIENTO\u00bb","block_context":{"text":"ENTRETENIMIENTO","link":"https:\/\/lasprimeras.com.do\/index.php\/category\/entretenimiento\/"},"img":{"alt_text":"","src":"https:\/\/i0.wp.com\/lasprimeras.com.do\/wp-content\/uploads\/2025\/12\/Roberto-Angel.jpg?resize=350%2C200&ssl=1","width":350,"height":200,"srcset":"https:\/\/i0.wp.com\/lasprimeras.com.do\/wp-content\/uploads\/2025\/12\/Roberto-Angel.jpg?resize=350%2C200&ssl=1 1x, https:\/\/i0.wp.com\/lasprimeras.com.do\/wp-content\/uploads\/2025\/12\/Roberto-Angel.jpg?resize=525%2C300&ssl=1 1.5x, https:\/\/i0.wp.com\/lasprimeras.com.do\/wp-content\/uploads\/2025\/12\/Roberto-Angel.jpg?resize=700%2C400&ssl=1 2x"},"classes":[]}],"jetpack_sharing_enabled":true,"jetpack_featured_media_url":"https:\/\/lasprimeras.com.do\/wp-content\/uploads\/2026\/07\/Ministro-Roberto-Salcedo-impresionado-con-obra-del-escritor-dominicano-Julio-Montero.jpg","_links":{"self":[{"href":"https:\/\/lasprimeras.com.do\/index.php\/wp-json\/wp\/v2\/posts\/134745","targetHints":{"allow":["GET"]}}],"collection":[{"href":"https:\/\/lasprimeras.com.do\/index.php\/wp-json\/wp\/v2\/posts"}],"about":[{"href":"https:\/\/lasprimeras.com.do\/index.php\/wp-json\/wp\/v2\/types\/post"}],"author":[{"embeddable":true,"href":"https:\/\/lasprimeras.com.do\/index.php\/wp-json\/wp\/v2\/users\/10"}],"replies":[{"embeddable":true,"href":"https:\/\/lasprimeras.com.do\/index.php\/wp-json\/wp\/v2\/comments?post=134745"}],"version-history":[{"count":1,"href":"https:\/\/lasprimeras.com.do\/index.php\/wp-json\/wp\/v2\/posts\/134745\/revisions"}],"predecessor-version":[{"id":134747,"href":"https:\/\/lasprimeras.com.do\/index.php\/wp-json\/wp\/v2\/posts\/134745\/revisions\/134747"}],"wp:featuredmedia":[{"embeddable":true,"href":"https:\/\/lasprimeras.com.do\/index.php\/wp-json\/wp\/v2\/media\/134746"}],"wp:attachment":[{"href":"https:\/\/lasprimeras.com.do\/index.php\/wp-json\/wp\/v2\/media?parent=134745"}],"wp:term":[{"taxonomy":"category","embeddable":true,"href":"https:\/\/lasprimeras.com.do\/index.php\/wp-json\/wp\/v2\/categories?post=134745"},{"taxonomy":"post_tag","embeddable":true,"href":"https:\/\/lasprimeras.com.do\/index.php\/wp-json\/wp\/v2\/tags?post=134745"}],"curies":[{"name":"wp","href":"https:\/\/api.w.org\/{rel}","templated":true}]}}