{"id":134748,"date":"2026-07-15T23:38:20","date_gmt":"2026-07-16T03:38:20","guid":{"rendered":"https:\/\/lasprimeras.com.do\/?p=134748"},"modified":"2026-07-15T23:38:22","modified_gmt":"2026-07-16T03:38:22","slug":"piden-a-neoyorquinos-extremar-precauciones-por-parasito-intestinal","status":"publish","type":"post","link":"https:\/\/lasprimeras.com.do\/index.php\/2026\/07\/15\/piden-a-neoyorquinos-extremar-precauciones-por-parasito-intestinal\/","title":{"rendered":"Piden a neoyorquinos extremar precauciones por par\u00e1sito intestinal"},"content":{"rendered":"\n<p class=\"wp-block-paragraph\">Por Ram\u00f3n Mercedes<\/p>\n\n\n\n<p class=\"wp-block-paragraph\">NUEVA YORK.- Las autoridades sanitarias instan a los residentes en esta ciudad, entre ellos a cientos de miles de dominicanos, a tomar precauciones adicionales al manipular productos frescos (albahaca, cilantro, lechuga mesclun, frambuesas y guisantes chinos, entre otros), tras un fuerte aumento de los casos de ciclosporiasis, una enfermedad intestinal que infecta el intestino delgado.<\/p>\n\n\n\n<p class=\"wp-block-paragraph\">Los casos de ciclosporiasis se triplican en la Gran Manzana mientras las autoridades investigan una posible relaci\u00f3n con las verduras de hoja verde.<\/p>\n\n\n\n<p class=\"wp-block-paragraph\">Los Departamentos de Salud del Estado y NYC indican que se han reportado 381 casos en la Metr\u00f3poli en lo que va del a\u00f1o, lo que representa un aumento de aproximadamente el triple en comparaci\u00f3n con el mismo per\u00edodo de 2025.<\/p>\n\n\n\n<p class=\"wp-block-paragraph\">Fuera de la ciudad de Nueva York, se han reportado 129 casos en todo el estado de Nueva York hasta el 8 de julio, superando con creces los 20 a 55 casos t\u00edpicos que se suelen observar a principios de julio.<\/p>\n\n\n\n<p class=\"wp-block-paragraph\">Este aumento ha motivado una investigaci\u00f3n por parte de funcionarios de salud estatales y municipales, junto con los Centros para el Control y la Prevenci\u00f3n de Enfermedades y los departamentos de salud de otros estados.<\/p>\n\n\n\n<p class=\"wp-block-paragraph\">En Estados Unidos, las infecciones son m\u00e1s frecuentes durante los meses de verano y suelen transmitirse a trav\u00e9s de alimentos o agua contaminados.<\/p>\n\n\n\n<p class=\"wp-block-paragraph\">Debido a que el par\u00e1sito es microsc\u00f3pico, puede contaminar los productos frescos antes de que lleguen a los estantes de los supermercados o a las cocinas de los hogares. A diferencia de muchas otras enfermedades gastrointestinales, la ciclosporiasis no se transmite directamente de persona a persona. El par\u00e1sito debe primero madurar en el ambiente antes de volverse infeccioso.<\/p>\n\n\n\n<p class=\"wp-block-paragraph\">Los s\u00edntomas de la ciclosporiasis suelen comenzar aproximadamente una semana despu\u00e9s de consumir alimentos o agua contaminadas. Los s\u00edntomas comunes incluyen diarrea acuosa, p\u00e9rdida de apetito, n\u00e1useas, calambres abdominales, fatiga, p\u00e9rdida de peso, v\u00f3mitos y fiebre leve.<\/p>\n\n\n\n<p class=\"wp-block-paragraph\"><\/p>\n","protected":false},"excerpt":{"rendered":"<p>Por Ram\u00f3n Mercedes NUEVA YORK.- Las autoridades sanitarias instan a los residentes en esta ciudad, entre ellos a cientos de miles de dominicanos, a tomar precauciones adicionales al manipular productos&hellip;<\/p>\n","protected":false},"author":10,"featured_media":134749,"comment_status":"open","ping_status":"open","sticky":false,"template":"","format":"standard","meta":{"content-type":"","_jetpack_newsletter_access":"","_jetpack_dont_email_post_to_subs":false,"_jetpack_newsletter_tier_id":0,"_jetpack_memberships_contains_paywalled_content":false,"_jetpack_feature_clip_id":0,"_jetpack_memberships_contains_paid_content":false,"footnotes":"","jetpack_post_was_ever_published":false},"categories":[25580],"tags":[35017,35018,20520,35016,2903],"class_list":["post-134748","post","type-post","status-publish","format-standard","has-post-thumbnail","hentry","category-la-voz-de-la-diaspora","tag-infesta","tag-instestino-delgado","tag-neoyorkinos","tag-precauciones","tag-productos"],"jetpack-related-posts":[{"id":134439,"url":"https:\/\/lasprimeras.com.do\/index.php\/2026\/07\/10\/parasito-ciclosporiasis-aumentan-casos-de-diarrea-grave-en-nyc-y-otros-estados-dominicanos-en-alerta\/","url_meta":{"origin":134748,"position":0},"title":"Par\u00e1sito Ciclosporiasis: Aumentan casos de diarrea grave en NYC y otros estados; dominicanos en alerta","author":"Nelson Feliz","date":"10 de julio de 2026","format":false,"excerpt":"Por Ram\u00f3n Mercedes NUEVA YORK.- Un par\u00e1sito peligroso, causante de diarrea explosiva, se est\u00e1 propagando en todo el Medio Oeste (Illinois, Indiana, Iowa, Michigan, Minnesota, Ohio, Wisconsin). Seg\u00fan las autoridades sanitarias, desde mayo se han notificado cerca de 400 casos en Nueva York, de los cuales casi 300 corresponden a\u2026","rel":"","context":"En \u00abLA VOZ DE LA DIASPORA\u00bb","block_context":{"text":"LA VOZ DE LA DIASPORA","link":"https:\/\/lasprimeras.com.do\/index.php\/category\/la-voz-de-la-diaspora\/"},"img":{"alt_text":"","src":"https:\/\/i0.wp.com\/lasprimeras.com.do\/wp-content\/uploads\/2026\/07\/IMG-20260710-WA0026.jpg?resize=350%2C200&ssl=1","width":350,"height":200},"classes":[]},{"id":138330,"url":"https:\/\/lasprimeras.com.do\/index.php\/2026\/08\/27\/funcionarios-estadounidenses-vinculan-brote-de-ciclospora-que-afecta-lechuga-iceberg-con-otros-3-estados\/","url_meta":{"origin":134748,"position":1},"title":"Funcionarios estadounidenses vinculan brote de ciclospora que afecta lechuga iceberg con otros 3 estados","author":"Nelson Feliz","date":"27 de agosto de 2026","format":false,"excerpt":"Por MATTHEW PERRONE WASHINGTON (AP) \u2014 Se han confirmado casos de enfermedades parasitarias vinculadas a la lechuga iceberg retirada del mercado en 20 estados, informaron el jueves funcionarios federales de salud, ampliando el alcance del mayor brote de este tipo en Estados Unidos. La Administraci\u00f3n de Alimentos y Medicamentos (FDA)\u2026","rel":"","context":"En \u00abSALUD\u00bb","block_context":{"text":"SALUD","link":"https:\/\/lasprimeras.com.do\/index.php\/category\/salud\/"},"img":{"alt_text":"","src":"https:\/\/i0.wp.com\/lasprimeras.com.do\/wp-content\/uploads\/2026\/08\/BROTE.jpg?resize=350%2C200&ssl=1","width":350,"height":200,"srcset":"https:\/\/i0.wp.com\/lasprimeras.com.do\/wp-content\/uploads\/2026\/08\/BROTE.jpg?resize=350%2C200&ssl=1 1x, https:\/\/i0.wp.com\/lasprimeras.com.do\/wp-content\/uploads\/2026\/08\/BROTE.jpg?resize=525%2C300&ssl=1 1.5x, https:\/\/i0.wp.com\/lasprimeras.com.do\/wp-content\/uploads\/2026\/08\/BROTE.jpg?resize=700%2C400&ssl=1 2x"},"classes":[]},{"id":135398,"url":"https:\/\/lasprimeras.com.do\/index.php\/2026\/07\/23\/enfermedad-transmitida-por-alimentos-se-propaga-en-ee-uu-dominicanos-en-alerta\/","url_meta":{"origin":134748,"position":2},"title":"Enfermedad transmitida por alimentos se propaga en EE. UU.; dominicanos en alerta","author":"Nelson Feliz","date":"23 de julio de 2026","format":false,"excerpt":"Por Ram\u00f3n Mercedes NUEVA YORK.- La ciclosporiasis, enfermedad que se contrae al ingerir alimentos contaminados con heces que contienen el par\u00e1sito Cyclospora cayetanensis, com\u00fanmente vinculada al consumo de productos agr\u00edcolas frescos consumidos crudos, como lechuga, otros vegetales de hoja verde, cilantro, perejil, albahaca y frutos rojos como las frambuesas, se\u2026","rel":"","context":"En \u00abSALUD\u00bb","block_context":{"text":"SALUD","link":"https:\/\/lasprimeras.com.do\/index.php\/category\/salud\/"},"img":{"alt_text":"","src":"https:\/\/i0.wp.com\/lasprimeras.com.do\/wp-content\/uploads\/2026\/07\/IMG-20260723-WA0021.jpg?resize=350%2C200&ssl=1","width":350,"height":200,"srcset":"https:\/\/i0.wp.com\/lasprimeras.com.do\/wp-content\/uploads\/2026\/07\/IMG-20260723-WA0021.jpg?resize=350%2C200&ssl=1 1x, https:\/\/i0.wp.com\/lasprimeras.com.do\/wp-content\/uploads\/2026\/07\/IMG-20260723-WA0021.jpg?resize=525%2C300&ssl=1 1.5x"},"classes":[]},{"id":64343,"url":"https:\/\/lasprimeras.com.do\/index.php\/2023\/10\/19\/estados-unidos-emite-alerta-global-por-el-aumento-de-las-tensiones-en-el-mundo\/","url_meta":{"origin":134748,"position":3},"title":"Estados Unidos emite alerta global por \u201cel aumento de las tensiones en el mundo\u201d","author":"BIMARY DE JES\u00daS Matos","date":"19 de octubre de 2023","format":false,"excerpt":"NUEVA YORK.- El Departamento de Estado de Estados Unidos emiti\u00f3 un aviso de \u201cprecauci\u00f3n mundial\u201d este jueves debido a las tensiones globales y aumento de las alertas terroristas tras el ataque del grupo extremista Hamas contra Israel del pasado 7 de octubre. \u201cDebido al aumento de las tensiones en varios\u2026","rel":"","context":"En \u00abSin categor\u00eda\u00bb","block_context":{"text":"Sin categor\u00eda","link":"https:\/\/lasprimeras.com.do\/index.php\/category\/sin-categoria\/"},"img":{"alt_text":"","src":"https:\/\/i0.wp.com\/lasprimeras.com.do\/wp-content\/uploads\/2023\/10\/WhatsApp-Image-2023-10-18-at-9.33.42-PM-4.jpeg?resize=350%2C200&ssl=1","width":350,"height":200,"srcset":"https:\/\/i0.wp.com\/lasprimeras.com.do\/wp-content\/uploads\/2023\/10\/WhatsApp-Image-2023-10-18-at-9.33.42-PM-4.jpeg?resize=350%2C200&ssl=1 1x, https:\/\/i0.wp.com\/lasprimeras.com.do\/wp-content\/uploads\/2023\/10\/WhatsApp-Image-2023-10-18-at-9.33.42-PM-4.jpeg?resize=525%2C300&ssl=1 1.5x, https:\/\/i0.wp.com\/lasprimeras.com.do\/wp-content\/uploads\/2023\/10\/WhatsApp-Image-2023-10-18-at-9.33.42-PM-4.jpeg?resize=700%2C400&ssl=1 2x"},"classes":[]},{"id":59000,"url":"https:\/\/lasprimeras.com.do\/index.php\/2023\/08\/30\/extraen-lombriz-intestinal-viva-de-8-centimetros-del-cerebro-de-una-australiana\/","url_meta":{"origin":134748,"position":4},"title":"Extraen lombriz intestinal viva de 8 cent\u00edmetros del cerebro de una australiana","author":"Nelson Feliz","date":"30 de agosto de 2023","format":false,"excerpt":"S\u00eddney (Australia).- Un grupo de neurocirujanos extrajeron del cerebro de una mujer australiana una lombriz intestinal viva de ocho cent\u00edmetros, el primer caso de este tipo en humanos, seg\u00fan informaron este martes fuentes acad\u00e9micas. Ophidascaris robertsi es el nombre del par\u00e1sito identificado, es com\u00fan en las serpientes pitones diamantina, una\u2026","rel":"","context":"En \u00abSin categor\u00eda\u00bb","block_context":{"text":"Sin categor\u00eda","link":"https:\/\/lasprimeras.com.do\/index.php\/category\/sin-categoria\/"},"img":{"alt_text":"lombriz","src":"https:\/\/i0.wp.com\/lasprimeras.com.do\/wp-content\/uploads\/2023\/08\/lombriz.jpg?resize=350%2C200&ssl=1","width":350,"height":200,"srcset":"https:\/\/i0.wp.com\/lasprimeras.com.do\/wp-content\/uploads\/2023\/08\/lombriz.jpg?resize=350%2C200&ssl=1 1x, https:\/\/i0.wp.com\/lasprimeras.com.do\/wp-content\/uploads\/2023\/08\/lombriz.jpg?resize=525%2C300&ssl=1 1.5x, https:\/\/i0.wp.com\/lasprimeras.com.do\/wp-content\/uploads\/2023\/08\/lombriz.jpg?resize=700%2C400&ssl=1 2x"},"classes":[]},{"id":52239,"url":"https:\/\/lasprimeras.com.do\/index.php\/2023\/06\/08\/el-vaticano-papa-francisco-en-buenas-condiciones-tras-estar-hospitalizado-por-cirugia\/","url_meta":{"origin":134748,"position":5},"title":"El Vaticano: Papa Francisco en &#8216;buenas condiciones&#8217; tras estar hospitalizado por cirug\u00eda","author":"prenxa100","date":"8 de junio de 2023","format":false,"excerpt":"El Papa Francisco pas\u00f3 su primera noche en el hospital Genelli de Roma tras ser operado por una hernia abdominal durante la tarde del mi\u00e9rcoles. D. RODR\u00cdGUEZ El Vaticano, REUTERS | El Papa Francisco se encontraba en buenas condiciones generales el jueves por la ma\u00f1ana despu\u00e9s de su primera noche\u2026","rel":"","context":"En \u00abSin categor\u00eda\u00bb","block_context":{"text":"Sin categor\u00eda","link":"https:\/\/lasprimeras.com.do\/index.php\/category\/sin-categoria\/"},"img":{"alt_text":"","src":"","width":0,"height":0},"classes":[]}],"jetpack_sharing_enabled":true,"jetpack_featured_media_url":"https:\/\/lasprimeras.com.do\/wp-content\/uploads\/2026\/07\/Instan-neoyorkinos-tomar-precauciones-adicionales-con-productos-infesta-el-instestino-delgado.jpg","_links":{"self":[{"href":"https:\/\/lasprimeras.com.do\/index.php\/wp-json\/wp\/v2\/posts\/134748","targetHints":{"allow":["GET"]}}],"collection":[{"href":"https:\/\/lasprimeras.com.do\/index.php\/wp-json\/wp\/v2\/posts"}],"about":[{"href":"https:\/\/lasprimeras.com.do\/index.php\/wp-json\/wp\/v2\/types\/post"}],"author":[{"embeddable":true,"href":"https:\/\/lasprimeras.com.do\/index.php\/wp-json\/wp\/v2\/users\/10"}],"replies":[{"embeddable":true,"href":"https:\/\/lasprimeras.com.do\/index.php\/wp-json\/wp\/v2\/comments?post=134748"}],"version-history":[{"count":1,"href":"https:\/\/lasprimeras.com.do\/index.php\/wp-json\/wp\/v2\/posts\/134748\/revisions"}],"predecessor-version":[{"id":134750,"href":"https:\/\/lasprimeras.com.do\/index.php\/wp-json\/wp\/v2\/posts\/134748\/revisions\/134750"}],"wp:featuredmedia":[{"embeddable":true,"href":"https:\/\/lasprimeras.com.do\/index.php\/wp-json\/wp\/v2\/media\/134749"}],"wp:attachment":[{"href":"https:\/\/lasprimeras.com.do\/index.php\/wp-json\/wp\/v2\/media?parent=134748"}],"wp:term":[{"taxonomy":"category","embeddable":true,"href":"https:\/\/lasprimeras.com.do\/index.php\/wp-json\/wp\/v2\/categories?post=134748"},{"taxonomy":"post_tag","embeddable":true,"href":"https:\/\/lasprimeras.com.do\/index.php\/wp-json\/wp\/v2\/tags?post=134748"}],"curies":[{"name":"wp","href":"https:\/\/api.w.org\/{rel}","templated":true}]}}