{"id":134760,"date":"2026-07-16T00:05:36","date_gmt":"2026-07-16T04:05:36","guid":{"rendered":"https:\/\/lasprimeras.com.do\/?p=134760"},"modified":"2026-07-16T00:05:38","modified_gmt":"2026-07-16T04:05:38","slug":"fp-gobierno-debio-pedir-perdon-no-paciencia","status":"publish","type":"post","link":"https:\/\/lasprimeras.com.do\/index.php\/2026\/07\/16\/fp-gobierno-debio-pedir-perdon-no-paciencia\/","title":{"rendered":"FP: Gobierno debi\u00f3 pedir perd\u00f3n, no paciencia"},"content":{"rendered":"\n<p class=\"wp-block-paragraph\"><strong>Direcci\u00f3n Provincial Espaillat y Secretar\u00eda de Agua Potable y Saneamiento denuncian retrasos, recortes y reducci\u00f3n de beneficiarios en el proyecto financiado por el Banco Mundial<\/strong><\/p>\n\n\n\n<p class=\"wp-block-paragraph\"><strong>Moca, provincia Espaillat. \u2013<\/strong> La Direcci\u00f3n Provincial de la Fuerza del Pueblo en Espaillat y la Secretar\u00eda de Agua Potable y Saneamiento de esa organizaci\u00f3n afirmaron este lunes que el Gobierno dominicano carece de autoridad moral para pedir paciencia a los residentes de Moca, Gaspar Hern\u00e1ndez y otras comunidades afectadas por la falta de agua potable.<\/p>\n\n\n\n<p class=\"wp-block-paragraph\">Las entidades se\u00f1alaron que, en lugar de solicitar m\u00e1s tiempo, las autoridades debieron pedir perd\u00f3n por los retrasos, incumplimientos y recortes acumulados en el proyecto financiado por el Banco Mundial para mejorar el abastecimiento de agua potable y los servicios de saneamiento en la provincia Espaillat.<\/p>\n\n\n\n<p class=\"wp-block-paragraph\">La Fuerza del Pueblo record\u00f3 que el proyecto para Moca y Gaspar Hern\u00e1ndez, con una inversi\u00f3n de <strong>US$43.5 millones<\/strong>, fue presentado como una soluci\u00f3n estrat\u00e9gica para mejorar los servicios de agua potable y tratamiento de aguas residuales. Sin embargo, sostuvo que la documentaci\u00f3n disponible evidencia serias fallas en su ejecuci\u00f3n.<\/p>\n\n\n\n<p class=\"wp-block-paragraph\">El proyecto deb\u00eda concluir en mayo de 2026, pero tuvo que ser reestructurado y extendido hasta mayo de 2028 debido a retrasos significativos, debilidades t\u00e9cnicas, problemas de gesti\u00f3n y falta de capacidad gerencial.<\/p>\n\n\n\n<p class=\"wp-block-paragraph\">\u201cEste Gobierno no puede venir a pedir paciencia a una poblaci\u00f3n que lleva a\u00f1os esperando agua. Lo que debi\u00f3 hacer fue pedir perd\u00f3n: por las promesas incumplidas, por la mala planificaci\u00f3n, por la baja ejecuci\u00f3n y por haber llevado un proyecto tan necesario a una reestructuraci\u00f3n que no solo retrasa las obras, sino que reduce el alcance de las soluciones prometidas\u201d, expresaron.<\/p>\n\n\n\n<h2 class=\"wp-block-heading\">M\u00e1s tiempo, pero menos obras<\/h2>\n\n\n\n<p class=\"wp-block-paragraph\">La organizaci\u00f3n opositora advirti\u00f3 que el problema no se limita a la ampliaci\u00f3n del plazo de ejecuci\u00f3n. Seg\u00fan los documentos revisados, la reformulaci\u00f3n del proyecto contempla una reducci\u00f3n concreta de las obras, las metas y la cantidad de beneficiarios.<\/p>\n\n\n\n<p class=\"wp-block-paragraph\">Esto significa, explic\u00f3, que la poblaci\u00f3n no solo tendr\u00e1 que esperar dos a\u00f1os adicionales, sino que recibir\u00e1 menos de lo originalmente anunciado.<\/p>\n\n\n\n<p class=\"wp-block-paragraph\">Entre las reducciones m\u00e1s significativas, la Fuerza del Pueblo cit\u00f3 las siguientes:<\/p>\n\n\n\n<ul class=\"wp-block-list\">\n<li>Los medidores de agua que ser\u00edan instalados disminuyeron de <strong>10,000 a 2,500<\/strong>, apenas una cuarta parte de la meta original.<\/li>\n\n\n\n<li>Las redes de distribuci\u00f3n de agua potable que ser\u00edan rehabilitadas bajaron de <strong>50 a 20 kil\u00f3metros<\/strong>.<\/li>\n\n\n\n<li>Los beneficiarios de nuevas conexiones de agua potable se redujeron de <strong>12,750 a 7,500<\/strong>.<\/li>\n\n\n\n<li>Las personas que tendr\u00edan acceso a agua potable gestionada de forma segura disminuyeron de <strong>123,000 a 117,750<\/strong>.<\/li>\n\n\n\n<li>Los beneficiarios con nuevo acceso al alcantarillado sanitario bajaron de <strong>47,440 a 37,950<\/strong>.<\/li>\n\n\n\n<li>Las personas con acceso a sistemas mejorados de tratamiento de aguas residuales se redujeron de <strong>90,000 a 72,000<\/strong>.<\/li>\n\n\n\n<li>\u00a0<\/li>\n<\/ul>\n\n\n\n<p class=\"wp-block-paragraph\">En el caso de <strong>Moca<\/strong>, la red que ser\u00eda rehabilitada disminuy\u00f3 de <strong>157 a 100 kil\u00f3metros<\/strong>; las estaciones de bombeo fueron reducidas de <strong>tres a dos<\/strong>, y de las <strong>nueve peque\u00f1as plantas de tratamiento descentralizadas<\/strong> contempladas originalmente, solo ser\u00edan construidas tres.<\/p>\n\n\n\n<p class=\"wp-block-paragraph\">En <strong>Gaspar Hern\u00e1ndez<\/strong>, la nueva red de alcantarillado fue reducida de <strong>31 a 20 kil\u00f3metros<\/strong>, mientras que fueron canceladas las seis peque\u00f1as plantas de tratamiento descentralizadas previstas para la zona oriental de la ciudad.<\/p>\n\n\n\n<h2 class=\"wp-block-heading\">Denuncian incapacidad gerencial<\/h2>\n\n\n\n<p class=\"wp-block-paragraph\">La Direcci\u00f3n Provincial de la Fuerza del Pueblo y la Secretar\u00eda de Agua Potable y Saneamiento afirmaron que estas cifras demuestran que la gesti\u00f3n gubernamental no ha estado a la altura de las necesidades de la poblaci\u00f3n ni de la magnitud de los recursos comprometidos.<\/p>\n\n\n\n<p class=\"wp-block-paragraph\">\u201cEstamos hablando de un proyecto financiado mediante deuda externa, con el respaldo del Banco Mundial y destinado a resolver problemas esenciales de agua potable y saneamiento. Sin embargo, por incapacidad t\u00e9cnica y gerencial, el Gobierno lo ha llevado a una situaci\u00f3n vergonzosa: m\u00e1s tiempo de espera, menos obras, menos beneficiarios y mayor incertidumbre para las comunidades\u201d, manifestaron.<\/p>\n\n\n\n<p class=\"wp-block-paragraph\">Las entidades advirtieron que la nueva fecha de cierre, fijada para mayo de 2028, tampoco constituye una garant\u00eda autom\u00e1tica de cumplimiento.<\/p>\n\n\n\n<p class=\"wp-block-paragraph\">A su juicio, el proyecto solo podr\u00eda concluir en ese plazo si el Gobierno mejora sustancialmente su capacidad de planificaci\u00f3n, contrataci\u00f3n, supervisi\u00f3n y ejecuci\u00f3n, competencias que, seg\u00fan afirmaron, han sido puestas seriamente en duda durante los \u00faltimos cinco a\u00f1os.<\/p>\n\n\n\n<p class=\"wp-block-paragraph\">\u201cSi en cinco a\u00f1os no han demostrado capacidad para ejecutar con eficiencia, no basta con anunciar que ahora terminar\u00e1n en 2028. La poblaci\u00f3n de Espaillat tiene razones leg\u00edtimas para desconfiar. El Gobierno debe presentar un cronograma serio, metas verificables, responsables claramente identificados y consecuencias para quienes permitieron que el proyecto se retrasara y redujera\u201d, plantearon.<\/p>\n\n\n\n<h2 class=\"wp-block-heading\">Exigen transparencia y rendici\u00f3n de cuentas<\/h2>\n\n\n\n<p class=\"wp-block-paragraph\">Finalmente, la Direcci\u00f3n Provincial de la Fuerza del Pueblo en Espaillat y la Secretar\u00eda de Agua Potable y Saneamiento anunciaron que mantendr\u00e1n una vigilancia permanente sobre el desarrollo del proyecto y exigir\u00e1n transparencia, rendici\u00f3n de cuentas y cumplimiento de las obras comprometidas.<\/p>\n\n\n\n<p class=\"wp-block-paragraph\">\u201cEste proyecto no es un favor del Gobierno; responde a un derecho fundamental de la poblaci\u00f3n. Los moradores de Moca, Gaspar Hern\u00e1ndez y toda la provincia Espaillat merecen respeto. Y respetar a la gente significa decir la verdad, cumplir los compromisos y ejecutar las obras prometidas, no pedir paciencia mientras se reducen las soluciones\u201d, concluyeron.<\/p>\n\n\n\n<p class=\"wp-block-paragraph\">Esta versi\u00f3n queda lista para enviarse a los medios como nota de prensa institucional.<\/p>\n","protected":false},"excerpt":{"rendered":"<p>Direcci\u00f3n Provincial Espaillat y Secretar\u00eda de Agua Potable y Saneamiento denuncian retrasos, recortes y reducci\u00f3n de beneficiarios en el proyecto financiado por el Banco Mundial Moca, provincia Espaillat. \u2013 La&hellip;<\/p>\n","protected":false},"author":10,"featured_media":134761,"comment_status":"open","ping_status":"open","sticky":false,"template":"","format":"standard","meta":{"content-type":"","_jetpack_newsletter_access":"","_jetpack_dont_email_post_to_subs":false,"_jetpack_newsletter_tier_id":0,"_jetpack_memberships_contains_paywalled_content":false,"_jetpack_feature_clip_id":0,"_jetpack_memberships_contains_paid_content":false,"footnotes":"","jetpack_post_was_ever_published":false},"categories":[16559,25],"tags":[696,35024,35026,35025],"class_list":["post-134760","post","type-post","status-publish","format-standard","has-post-thumbnail","hentry","category-politica","category-portada","tag-agua-potable","tag-fuerza-del-pueblo-gobierno-pedir-perdon","tag-no-paciencia","tag-provincial-espaillat"],"jetpack-related-posts":[{"id":134336,"url":"https:\/\/lasprimeras.com.do\/index.php\/2026\/07\/09\/wellington-arnaud-y-bm-socializan-proyecto-de-agua-en-moca-y-gaspar-hernandez\/","url_meta":{"origin":134760,"position":0},"title":"Wellington Arnaud y BM socializan proyecto de agua en Moca y Gaspar Hern\u00e1ndez","author":"Nelson Feliz","date":"9 de julio de 2026","format":false,"excerpt":"El director ejecutivo del Instituto Nacional de Aguas Potables y Alcantarillados (INAPA), Wellington Arnaud, se reuni\u00f3 con empresarios, juntas de vecinos, miembros de la prensa y autoridades de la provincia Espaillat para compartir los avances del Proyecto de Mejoramiento del Abastecimiento de Agua y Servicios de Aguas Residuales en Moca\u2026","rel":"","context":"En \u00abSin categor\u00eda\u00bb","block_context":{"text":"Sin categor\u00eda","link":"https:\/\/lasprimeras.com.do\/index.php\/category\/sin-categoria\/"},"img":{"alt_text":"","src":"https:\/\/i0.wp.com\/lasprimeras.com.do\/wp-content\/uploads\/2026\/07\/IMG-20260709-WA0159-scaled.jpg?resize=350%2C200&ssl=1","width":350,"height":200,"srcset":"https:\/\/i0.wp.com\/lasprimeras.com.do\/wp-content\/uploads\/2026\/07\/IMG-20260709-WA0159-scaled.jpg?resize=350%2C200&ssl=1 1x, https:\/\/i0.wp.com\/lasprimeras.com.do\/wp-content\/uploads\/2026\/07\/IMG-20260709-WA0159-scaled.jpg?resize=525%2C300&ssl=1 1.5x, https:\/\/i0.wp.com\/lasprimeras.com.do\/wp-content\/uploads\/2026\/07\/IMG-20260709-WA0159-scaled.jpg?resize=700%2C400&ssl=1 2x, https:\/\/i0.wp.com\/lasprimeras.com.do\/wp-content\/uploads\/2026\/07\/IMG-20260709-WA0159-scaled.jpg?resize=1050%2C600&ssl=1 3x, https:\/\/i0.wp.com\/lasprimeras.com.do\/wp-content\/uploads\/2026\/07\/IMG-20260709-WA0159-scaled.jpg?resize=1400%2C800&ssl=1 4x"},"classes":[]},{"id":137680,"url":"https:\/\/lasprimeras.com.do\/index.php\/2026\/08\/19\/uasd-y-cooperacion-internacional-analizan-modelo-de-planificacion-estrategica-en-espaillat\/","url_meta":{"origin":134760,"position":1},"title":"UASD y Cooperaci\u00f3n Internacional analizan Modelo de Planificaci\u00f3n Estrat\u00e9gica en Espaillat","author":"Nelson Feliz","date":"19 de agosto de 2026","format":false,"excerpt":"Moca, provincia Espaillat. - Una delegaci\u00f3n de la Maestr\u00eda en Ciencias del Desarrollo Rural Territorial de la Universidad Aut\u00f3noma de Santo Domingo \u2013UASD- visit\u00f3 la provincia Espaillat. El prop\u00f3sito fue conocer la experiencia de planificaci\u00f3n del Plan Estrat\u00e9gico de Desarrollo de la Provincia Espaillat (PEDEPE). La delegaci\u00f3n incluy\u00f3 a estudiantes,\u2026","rel":"","context":"En \u00abNACIONALES\u00bb","block_context":{"text":"NACIONALES","link":"https:\/\/lasprimeras.com.do\/index.php\/category\/nacionales\/"},"img":{"alt_text":"","src":"https:\/\/i0.wp.com\/lasprimeras.com.do\/wp-content\/uploads\/2026\/08\/Visita-a-CORAAMOCA.jpg?resize=350%2C200&ssl=1","width":350,"height":200,"srcset":"https:\/\/i0.wp.com\/lasprimeras.com.do\/wp-content\/uploads\/2026\/08\/Visita-a-CORAAMOCA.jpg?resize=350%2C200&ssl=1 1x, https:\/\/i0.wp.com\/lasprimeras.com.do\/wp-content\/uploads\/2026\/08\/Visita-a-CORAAMOCA.jpg?resize=525%2C300&ssl=1 1.5x, https:\/\/i0.wp.com\/lasprimeras.com.do\/wp-content\/uploads\/2026\/08\/Visita-a-CORAAMOCA.jpg?resize=700%2C400&ssl=1 2x"},"classes":[]},{"id":135660,"url":"https:\/\/lasprimeras.com.do\/index.php\/2026\/07\/26\/fuerza-del-pueblo-exige-concluir-acueducto-de-villa-sonador\/","url_meta":{"origin":134760,"position":2},"title":"Fuerza del Pueblo exige concluir acueducto de Villa Sonador","author":"Nelson Feliz","date":"26 de julio de 2026","format":false,"excerpt":"Villa Sonador, Monse\u00f1or Nouel. \u2013 La Direcci\u00f3n de la Fuerza del Pueblo en el Distrito Municipal de Villa Sonador y la Secretar\u00eda de Agua Potable y Saneamiento denunciaron que el acueducto de la comunidad permanece inconcluso y reclamaron al Gobierno y al Instituto Nacional de Aguas Potables y Alcantarillados (INAPA)\u2026","rel":"","context":"En \u00abPOLITICA\u00bb","block_context":{"text":"POLITICA","link":"https:\/\/lasprimeras.com.do\/index.php\/category\/politica\/"},"img":{"alt_text":"","src":"https:\/\/i0.wp.com\/lasprimeras.com.do\/wp-content\/uploads\/2026\/07\/Bonao.jpg?resize=350%2C200&ssl=1","width":350,"height":200,"srcset":"https:\/\/i0.wp.com\/lasprimeras.com.do\/wp-content\/uploads\/2026\/07\/Bonao.jpg?resize=350%2C200&ssl=1 1x, https:\/\/i0.wp.com\/lasprimeras.com.do\/wp-content\/uploads\/2026\/07\/Bonao.jpg?resize=525%2C300&ssl=1 1.5x, https:\/\/i0.wp.com\/lasprimeras.com.do\/wp-content\/uploads\/2026\/07\/Bonao.jpg?resize=700%2C400&ssl=1 2x"},"classes":[]},{"id":118434,"url":"https:\/\/lasprimeras.com.do\/index.php\/2025\/12\/28\/santiago-sin-agua-desde-el-25-de-diciembre\/","url_meta":{"origin":134760,"position":3},"title":"Santiago sin agua desde el 25 de diciembre","author":"Nelson Feliz","date":"28 de diciembre de 2025","format":false,"excerpt":"FP exige soluci\u00f3n urgente a crisis que afecta a m\u00e1s de 800 mil santiagueros y mocanos Dem\u00f3stenes Mart\u00ednez y Hamlet Ot\u00e1\u00f1ez denuncian negligencia oficial y advierten impacto humano, sanitario y econ\u00f3mico sin precedentes. El partido Fuerza del Pueblo (FP) exigi\u00f3 una soluci\u00f3n inmediata y definitiva a la grave crisis de\u2026","rel":"","context":"En \u00abPOLITICA\u00bb","block_context":{"text":"POLITICA","link":"https:\/\/lasprimeras.com.do\/index.php\/category\/politica\/"},"img":{"alt_text":"Dem\u00f3stenes Mart\u00ednez","src":"https:\/\/i0.wp.com\/lasprimeras.com.do\/wp-content\/uploads\/2025\/12\/Demostenes-Martinez.jpg?resize=350%2C200&ssl=1","width":350,"height":200,"srcset":"https:\/\/i0.wp.com\/lasprimeras.com.do\/wp-content\/uploads\/2025\/12\/Demostenes-Martinez.jpg?resize=350%2C200&ssl=1 1x, https:\/\/i0.wp.com\/lasprimeras.com.do\/wp-content\/uploads\/2025\/12\/Demostenes-Martinez.jpg?resize=525%2C300&ssl=1 1.5x, https:\/\/i0.wp.com\/lasprimeras.com.do\/wp-content\/uploads\/2025\/12\/Demostenes-Martinez.jpg?resize=700%2C400&ssl=1 2x"},"classes":[]},{"id":124442,"url":"https:\/\/lasprimeras.com.do\/index.php\/2026\/03\/12\/fp-hogares-dominicanos-pasan-en-promedio-192-dias-al-ano-sin-agua-potable\/","url_meta":{"origin":134760,"position":4},"title":"FP: Hogares dominicanos pasan en promedio 192 d\u00edas al a\u00f1o sin agua potable","author":"Nelson Feliz","date":"12 de marzo de 2026","format":false,"excerpt":"_Secretar\u00eda de Agua Potable y Saneamiento denuncia crisis estructural del servicio y cuestiona discurso oficial presentado por el Gobierno._ El titular de la Secretar\u00eda de Agua Potable y Saneamiento del partido Fuerza del Pueblo (FP), Hamlet Ot\u00e1\u00f1ez, afirm\u00f3 que en la Rep\u00fablica Dominicana millones de familias viven una grave crisis\u2026","rel":"","context":"En \u00abPOLITICA\u00bb","block_context":{"text":"POLITICA","link":"https:\/\/lasprimeras.com.do\/index.php\/category\/politica\/"},"img":{"alt_text":"","src":"https:\/\/i0.wp.com\/lasprimeras.com.do\/wp-content\/uploads\/2026\/03\/IMG-20260312-WA0425.jpg?resize=350%2C200&ssl=1","width":350,"height":200,"srcset":"https:\/\/i0.wp.com\/lasprimeras.com.do\/wp-content\/uploads\/2026\/03\/IMG-20260312-WA0425.jpg?resize=350%2C200&ssl=1 1x, https:\/\/i0.wp.com\/lasprimeras.com.do\/wp-content\/uploads\/2026\/03\/IMG-20260312-WA0425.jpg?resize=525%2C300&ssl=1 1.5x, https:\/\/i0.wp.com\/lasprimeras.com.do\/wp-content\/uploads\/2026\/03\/IMG-20260312-WA0425.jpg?resize=700%2C400&ssl=1 2x, https:\/\/i0.wp.com\/lasprimeras.com.do\/wp-content\/uploads\/2026\/03\/IMG-20260312-WA0425.jpg?resize=1050%2C600&ssl=1 3x"},"classes":[]},{"id":106989,"url":"https:\/\/lasprimeras.com.do\/index.php\/2025\/08\/21\/el-pld-tiene-asamblea-provincial-este-domingo-en-moca\/","url_meta":{"origin":134760,"position":5},"title":"El PLD tiene Asamblea Provincial este domingo en Moca","author":"Nelson Feliz","date":"21 de agosto de 2025","format":false,"excerpt":"Danilo Medina estar\u00e1 este domingo En Moca, Espaillat, junto al secretario general del PLD, Johnny Pujols encabezando la asamblea provincial de su Partido. El Partido de la Liberaci\u00f3n Dominicana (PLD) tiene programado para este domingo la asamblea de sus dirigentes en la provincia Espaillat, la que ser\u00e1 encabezada por el\u2026","rel":"","context":"En \u00abPOLITICA\u00bb","block_context":{"text":"POLITICA","link":"https:\/\/lasprimeras.com.do\/index.php\/category\/politica\/"},"img":{"alt_text":"","src":"https:\/\/i0.wp.com\/lasprimeras.com.do\/wp-content\/uploads\/2025\/08\/DM-en-mao.jpg?resize=350%2C200&ssl=1","width":350,"height":200,"srcset":"https:\/\/i0.wp.com\/lasprimeras.com.do\/wp-content\/uploads\/2025\/08\/DM-en-mao.jpg?resize=350%2C200&ssl=1 1x, https:\/\/i0.wp.com\/lasprimeras.com.do\/wp-content\/uploads\/2025\/08\/DM-en-mao.jpg?resize=525%2C300&ssl=1 1.5x, https:\/\/i0.wp.com\/lasprimeras.com.do\/wp-content\/uploads\/2025\/08\/DM-en-mao.jpg?resize=700%2C400&ssl=1 2x"},"classes":[]}],"jetpack_sharing_enabled":true,"jetpack_featured_media_url":"https:\/\/lasprimeras.com.do\/wp-content\/uploads\/2026\/07\/Hamlet-en-Mca.jpeg","_links":{"self":[{"href":"https:\/\/lasprimeras.com.do\/index.php\/wp-json\/wp\/v2\/posts\/134760","targetHints":{"allow":["GET"]}}],"collection":[{"href":"https:\/\/lasprimeras.com.do\/index.php\/wp-json\/wp\/v2\/posts"}],"about":[{"href":"https:\/\/lasprimeras.com.do\/index.php\/wp-json\/wp\/v2\/types\/post"}],"author":[{"embeddable":true,"href":"https:\/\/lasprimeras.com.do\/index.php\/wp-json\/wp\/v2\/users\/10"}],"replies":[{"embeddable":true,"href":"https:\/\/lasprimeras.com.do\/index.php\/wp-json\/wp\/v2\/comments?post=134760"}],"version-history":[{"count":1,"href":"https:\/\/lasprimeras.com.do\/index.php\/wp-json\/wp\/v2\/posts\/134760\/revisions"}],"predecessor-version":[{"id":134762,"href":"https:\/\/lasprimeras.com.do\/index.php\/wp-json\/wp\/v2\/posts\/134760\/revisions\/134762"}],"wp:featuredmedia":[{"embeddable":true,"href":"https:\/\/lasprimeras.com.do\/index.php\/wp-json\/wp\/v2\/media\/134761"}],"wp:attachment":[{"href":"https:\/\/lasprimeras.com.do\/index.php\/wp-json\/wp\/v2\/media?parent=134760"}],"wp:term":[{"taxonomy":"category","embeddable":true,"href":"https:\/\/lasprimeras.com.do\/index.php\/wp-json\/wp\/v2\/categories?post=134760"},{"taxonomy":"post_tag","embeddable":true,"href":"https:\/\/lasprimeras.com.do\/index.php\/wp-json\/wp\/v2\/tags?post=134760"}],"curies":[{"name":"wp","href":"https:\/\/api.w.org\/{rel}","templated":true}]}}