{"id":134790,"date":"2026-07-16T08:56:36","date_gmt":"2026-07-16T12:56:36","guid":{"rendered":"https:\/\/lasprimeras.com.do\/?p=134790"},"modified":"2026-07-16T08:56:38","modified_gmt":"2026-07-16T12:56:38","slug":"diputados-conoceran-esta-tarde-las-modificaciones-al-codigo-penal","status":"publish","type":"post","link":"https:\/\/lasprimeras.com.do\/index.php\/2026\/07\/16\/diputados-conoceran-esta-tarde-las-modificaciones-al-codigo-penal\/","title":{"rendered":"Diputados conocer\u00e1n esta tarde las modificaciones al C\u00f3digo Penal"},"content":{"rendered":"\n<p class=\"wp-block-paragraph\">El \u00f3rgano legislativo est\u00e1 convocado a sesi\u00f3n a las 3:00 p.m; pieza luego ser\u00eda enviada al Senado y posteriormente a la Presidencia<\/p>\n\n\n\n<p class=\"wp-block-paragraph\">Santo Domingo. La C\u00e1mara de Diputados conocer\u00e1 la tarde de hoy la modificaci\u00f3n del nuevo C\u00f3digo Penal luego de que el Gobierno sometiera ante el Congreso Nacional la enmienda que versa sobre 18 art\u00edculos.<\/p>\n\n\n\n<p class=\"wp-block-paragraph\">El \u00f3rgano legislativo inicialmente convoc\u00f3 a sesi\u00f3n a la 1:00 de la tarde, pero luego fue modificada para las 3:00 de la tarde, hora a la que fueron convocados los 190 diputados que convergen all\u00ed.<\/p>\n\n\n\n<p class=\"wp-block-paragraph\">En ese \u00ednterin, la Comisi\u00f3n Bicameral que estudia varias propuestas de modificaci\u00f3n a la Ley 74-25 aceler\u00f3 ayer los trabajos de estudio con el objetivo de entregar este mi\u00e9rcoles un informe favorable de la pieza.<\/p>\n\n\n\n<p class=\"wp-block-paragraph\">En tal sentido, el presidente de esta, el diputado perreme\u00edsta Wandy Batista, detall\u00f3 que han analizado casi la totalidad de los art\u00edculos sobre los cuales se procuran ciertas modificaciones, algunos calificados como \u00e1lgidos, entre ellos el hostigamiento mezclado con el acoso, t\u00e9rminos que ten\u00edan una diferencia de forma.<\/p>\n\n\n\n<p class=\"wp-block-paragraph\">Sin embargo, el legislador inform\u00f3 que hoy a las 10:00 de la ma\u00f1ana volver\u00e1n a reunirse para repasar esos art\u00edculos y conocer el informe de la subcomisi\u00f3n, presidida por el senador Pedro Catrain, creada para estudiar otras propuestas de reformas que llegaron por secretar\u00eda.<\/p>\n\n\n\n<p class=\"wp-block-paragraph\">\u201cSe trata de un gesto de apertura que los presidentes de las C\u00e1maras Legislativas quisieron promover como una muestra de que el Congreso Nacional est\u00e1 abierto a iniciativas que no han sido discriminadas, lo que va m\u00e1s all\u00e1 del mecanismo, las t\u00e9cnicas legislativas y el protocolo\u201d, subray\u00f3.<\/p>\n\n\n\n<p class=\"wp-block-paragraph\">Luego de su aprobaci\u00f3n en dos lecturas, el C\u00f3digo Penal pasar\u00e1 al Senado de la Rep\u00fablica y, finalmente, al Poder Ejecutivo para su promulgaci\u00f3n y posterior puesta en funcionamiento el 3 de agosto, iniciativa que sacar\u00eda del sistema jur\u00eddico el c\u00f3digo actual, que data 1884.<\/p>\n","protected":false},"excerpt":{"rendered":"<p>El \u00f3rgano legislativo est\u00e1 convocado a sesi\u00f3n a las 3:00 p.m; pieza luego ser\u00eda enviada al Senado y posteriormente a la Presidencia Santo Domingo. La C\u00e1mara de Diputados conocer\u00e1 la&hellip;<\/p>\n","protected":false},"author":10,"featured_media":134791,"comment_status":"open","ping_status":"open","sticky":false,"template":"","format":"standard","meta":{"content-type":"","_jetpack_newsletter_access":"","_jetpack_dont_email_post_to_subs":false,"_jetpack_newsletter_tier_id":0,"_jetpack_memberships_contains_paywalled_content":false,"_jetpack_feature_clip_id":0,"_jetpack_memberships_contains_paid_content":false,"footnotes":"","jetpack_post_was_ever_published":false},"categories":[16559,25],"tags":[1102,13808,35037,6826],"class_list":["post-134790","post","type-post","status-publish","format-standard","has-post-thumbnail","hentry","category-politica","category-portada","tag-camara-de-diputados","tag-codigo-penal","tag-conoceran","tag-modificacion"],"jetpack-related-posts":[{"id":135265,"url":"https:\/\/lasprimeras.com.do\/index.php\/2026\/07\/21\/de-los-santos-no-descarta-cambios-a-modificaciones-del-codigo-penal-aprobadas-en-diputados\/","url_meta":{"origin":134790,"position":0},"title":"De los Santos no descarta cambios a modificaciones del C\u00f3digo Penal aprobadas en Diputados","author":"Nelson Feliz","date":"21 de julio de 2026","format":false,"excerpt":"Hanobi Delgado Santo Domingo.- El Senado de la Rep\u00fablica se prepara para este mi\u00e9rcoles conocer las modificaciones del nuevo C\u00f3digo Penal, aprobadas en la C\u00e1mara de Diputados. Sin embargo, el presidente de la C\u00e1mara Alta, Ricardo de los Santos, aclar\u00f3 que, de ser necesario, realizar\u00e1n las reformas que consideren pertinentes.\u2026","rel":"","context":"En \u00abPOLITICA\u00bb","block_context":{"text":"POLITICA","link":"https:\/\/lasprimeras.com.do\/index.php\/category\/politica\/"},"img":{"alt_text":"Ricardo de los Santos","src":"https:\/\/i0.wp.com\/lasprimeras.com.do\/wp-content\/uploads\/2026\/07\/Ricardo-de-los-Santos-3.jpg?resize=350%2C200&ssl=1","width":350,"height":200,"srcset":"https:\/\/i0.wp.com\/lasprimeras.com.do\/wp-content\/uploads\/2026\/07\/Ricardo-de-los-Santos-3.jpg?resize=350%2C200&ssl=1 1x, https:\/\/i0.wp.com\/lasprimeras.com.do\/wp-content\/uploads\/2026\/07\/Ricardo-de-los-Santos-3.jpg?resize=525%2C300&ssl=1 1.5x, https:\/\/i0.wp.com\/lasprimeras.com.do\/wp-content\/uploads\/2026\/07\/Ricardo-de-los-Santos-3.jpg?resize=700%2C400&ssl=1 2x"},"classes":[]},{"id":105281,"url":"https:\/\/lasprimeras.com.do\/index.php\/2025\/08\/01\/senado-convirtio-en-ley-el-codigo-penal-de-la-republica-dominicana\/","url_meta":{"origin":134790,"position":1},"title":"Senado convirti\u00f3 en ley el C\u00f3digo Penal de la Rep\u00fablica Dominicana","author":"Nelson Feliz","date":"1 de agosto de 2025","format":false,"excerpt":"De pie, con aplausos y una votaci\u00f3n de 26 de 27 senadores, el Pleno del Senado aprob\u00f3 la novedosa propuesta legislativa luego de m\u00e1s de 25 a\u00f1os de estudio y debates en el Congreso Nacional. Por Adalgisa S\u00e1nchez El Senado de la Rep\u00fablica aprob\u00f3 en \u00fanica lectura las 64 modificaciones\u2026","rel":"","context":"En \u00abNACIONALES\u00bb","block_context":{"text":"NACIONALES","link":"https:\/\/lasprimeras.com.do\/index.php\/category\/nacionales\/"},"img":{"alt_text":"","src":"https:\/\/i0.wp.com\/lasprimeras.com.do\/wp-content\/uploads\/2025\/08\/Senado-de-la-Republica-1.jpg?resize=350%2C200&ssl=1","width":350,"height":200,"srcset":"https:\/\/i0.wp.com\/lasprimeras.com.do\/wp-content\/uploads\/2025\/08\/Senado-de-la-Republica-1.jpg?resize=350%2C200&ssl=1 1x, https:\/\/i0.wp.com\/lasprimeras.com.do\/wp-content\/uploads\/2025\/08\/Senado-de-la-Republica-1.jpg?resize=525%2C300&ssl=1 1.5x, https:\/\/i0.wp.com\/lasprimeras.com.do\/wp-content\/uploads\/2025\/08\/Senado-de-la-Republica-1.jpg?resize=700%2C400&ssl=1 2x"},"classes":[]},{"id":116974,"url":"https:\/\/lasprimeras.com.do\/index.php\/2025\/12\/05\/senado-aprueba-a-unanimidad-modificacion-a-ley-organica-del-codigo-procesal-penal\/","url_meta":{"origin":134790,"position":2},"title":"Senado aprueba a unanimidad modificaci\u00f3n a Ley Org\u00e1nica del C\u00f3digo Procesal Penal","author":"Nelson Feliz","date":"5 de diciembre de 2025","format":false,"excerpt":"La pieza fue conocida en sesi\u00f3n extraordinaria y aprobada a unanimidad por la totalidad de 28 asamble\u00edstas presentes. El Senado de la Rep\u00fablica aprob\u00f3 en \u00fanica lectura las modificaciones realizadas al Proyecto de Ley Org\u00e1nica del C\u00f3digo Procesal Penal, remitido por la C\u00e1mara de Diputados. La normativa legislativa fue sometida\u2026","rel":"","context":"En \u00abNACIONALES\u00bb","block_context":{"text":"NACIONALES","link":"https:\/\/lasprimeras.com.do\/index.php\/category\/nacionales\/"},"img":{"alt_text":"","src":"https:\/\/i0.wp.com\/lasprimeras.com.do\/wp-content\/uploads\/2025\/12\/senado-1.jpg?resize=350%2C200&ssl=1","width":350,"height":200,"srcset":"https:\/\/i0.wp.com\/lasprimeras.com.do\/wp-content\/uploads\/2025\/12\/senado-1.jpg?resize=350%2C200&ssl=1 1x, https:\/\/i0.wp.com\/lasprimeras.com.do\/wp-content\/uploads\/2025\/12\/senado-1.jpg?resize=525%2C300&ssl=1 1.5x, https:\/\/i0.wp.com\/lasprimeras.com.do\/wp-content\/uploads\/2025\/12\/senado-1.jpg?resize=700%2C400&ssl=1 2x"},"classes":[]},{"id":102796,"url":"https:\/\/lasprimeras.com.do\/index.php\/2025\/07\/08\/senado-concluye-estudio-el-codigo-penal-presentara-informe-en-la-proxima-sesion\/","url_meta":{"origin":134790,"position":3},"title":"Senado concluye estudio el C\u00f3digo Penal, presentar\u00e1 informe en la pr\u00f3xima sesi\u00f3n","author":"Nelson Feliz","date":"8 de julio de 2025","format":false,"excerpt":"Las conclusiones de esta pieza legislativa se presentaron con la presencia de los presidentes de ambas c\u00e1maras legislativas y el voto un\u00e1nime de todos los legisladores presentes en la reuni\u00f3n. Por Adalgisa S\u00e1nchez La Comisi\u00f3n Especial que tiene a su cargo el estudio del proyecto de Ley de C\u00f3digo Penal\u2026","rel":"","context":"En \u00abNACIONALES\u00bb","block_context":{"text":"NACIONALES","link":"https:\/\/lasprimeras.com.do\/index.php\/category\/nacionales\/"},"img":{"alt_text":"","src":"https:\/\/i0.wp.com\/lasprimeras.com.do\/wp-content\/uploads\/2025\/07\/senado.jpg?resize=350%2C200&ssl=1","width":350,"height":200,"srcset":"https:\/\/i0.wp.com\/lasprimeras.com.do\/wp-content\/uploads\/2025\/07\/senado.jpg?resize=350%2C200&ssl=1 1x, https:\/\/i0.wp.com\/lasprimeras.com.do\/wp-content\/uploads\/2025\/07\/senado.jpg?resize=525%2C300&ssl=1 1.5x, https:\/\/i0.wp.com\/lasprimeras.com.do\/wp-content\/uploads\/2025\/07\/senado.jpg?resize=700%2C400&ssl=1 2x"},"classes":[]},{"id":94717,"url":"https:\/\/lasprimeras.com.do\/index.php\/2025\/03\/04\/camara-alta-trabajara-para-aprobar-modificacion-al-codigo-penal\/","url_meta":{"origin":134790,"position":4},"title":"C\u00e1mara Alta trabajar\u00e1 para aprobar modificaci\u00f3n al C\u00f3digo Penal","author":"Nelson Feliz","date":"4 de marzo de 2025","format":false,"excerpt":"Durante su participaci\u00f3n en el programa Despierta con CDN, el presidente del Senado asegur\u00f3 que el poder legislativo tiene esa deuda con el pa\u00eds. Por Elvis Castro Hern\u00e1ndez El presidente del Senado, Ricardo de los Santos, destac\u00f3 el proyecto de modificaci\u00f3n al C\u00f3digo Penal dominicano, como la pieza legislativa macro\u2026","rel":"","context":"En \u00abNACIONALES\u00bb","block_context":{"text":"NACIONALES","link":"https:\/\/lasprimeras.com.do\/index.php\/category\/nacionales\/"},"img":{"alt_text":"Ricardo de los Santos","src":"https:\/\/i0.wp.com\/lasprimeras.com.do\/wp-content\/uploads\/2025\/03\/Ricardo-de-los-Santos2.jpg?resize=350%2C200&ssl=1","width":350,"height":200,"srcset":"https:\/\/i0.wp.com\/lasprimeras.com.do\/wp-content\/uploads\/2025\/03\/Ricardo-de-los-Santos2.jpg?resize=350%2C200&ssl=1 1x, https:\/\/i0.wp.com\/lasprimeras.com.do\/wp-content\/uploads\/2025\/03\/Ricardo-de-los-Santos2.jpg?resize=525%2C300&ssl=1 1.5x, https:\/\/i0.wp.com\/lasprimeras.com.do\/wp-content\/uploads\/2025\/03\/Ricardo-de-los-Santos2.jpg?resize=700%2C400&ssl=1 2x"},"classes":[]},{"id":62751,"url":"https:\/\/lasprimeras.com.do\/index.php\/2023\/10\/06\/abinader-convoca-al-consejo-nacional-de-la-magistratura-para-el-proximo-martes-10-de-octubre\/","url_meta":{"origin":134790,"position":5},"title":"Abinader convoca al Consejo Nacional de la Magistratura para el pr\u00f3ximo martes 10 de octubre","author":"Nelson Feliz","date":"6 de octubre de 2023","format":false,"excerpt":"La convocatoria propone una agenda cargada, incluyendo el inicio de las labores para evaluar y seleccionar a cinco nuevos integrantes del Tribunal Constitucional. El presidente Luis Abinader, en su calidad de presidente del Consejo Nacional de la Magistratura, convoc\u00f3 a los miembros del \u00f3rgano constitucional a una sesi\u00f3n de trabajo\u2026","rel":"","context":"En \u00abNACIONALES\u00bb","block_context":{"text":"NACIONALES","link":"https:\/\/lasprimeras.com.do\/index.php\/category\/nacionales\/"},"img":{"alt_text":"Luis Abinader","src":"https:\/\/i0.wp.com\/lasprimeras.com.do\/wp-content\/uploads\/2023\/10\/Luis-Abinader-6.jpg?resize=350%2C200&ssl=1","width":350,"height":200,"srcset":"https:\/\/i0.wp.com\/lasprimeras.com.do\/wp-content\/uploads\/2023\/10\/Luis-Abinader-6.jpg?resize=350%2C200&ssl=1 1x, https:\/\/i0.wp.com\/lasprimeras.com.do\/wp-content\/uploads\/2023\/10\/Luis-Abinader-6.jpg?resize=525%2C300&ssl=1 1.5x, https:\/\/i0.wp.com\/lasprimeras.com.do\/wp-content\/uploads\/2023\/10\/Luis-Abinader-6.jpg?resize=700%2C400&ssl=1 2x"},"classes":[]}],"jetpack_sharing_enabled":true,"jetpack_featured_media_url":"https:\/\/lasprimeras.com.do\/wp-content\/uploads\/2026\/07\/6a58b81d13e2b.jpeg","_links":{"self":[{"href":"https:\/\/lasprimeras.com.do\/index.php\/wp-json\/wp\/v2\/posts\/134790","targetHints":{"allow":["GET"]}}],"collection":[{"href":"https:\/\/lasprimeras.com.do\/index.php\/wp-json\/wp\/v2\/posts"}],"about":[{"href":"https:\/\/lasprimeras.com.do\/index.php\/wp-json\/wp\/v2\/types\/post"}],"author":[{"embeddable":true,"href":"https:\/\/lasprimeras.com.do\/index.php\/wp-json\/wp\/v2\/users\/10"}],"replies":[{"embeddable":true,"href":"https:\/\/lasprimeras.com.do\/index.php\/wp-json\/wp\/v2\/comments?post=134790"}],"version-history":[{"count":1,"href":"https:\/\/lasprimeras.com.do\/index.php\/wp-json\/wp\/v2\/posts\/134790\/revisions"}],"predecessor-version":[{"id":134792,"href":"https:\/\/lasprimeras.com.do\/index.php\/wp-json\/wp\/v2\/posts\/134790\/revisions\/134792"}],"wp:featuredmedia":[{"embeddable":true,"href":"https:\/\/lasprimeras.com.do\/index.php\/wp-json\/wp\/v2\/media\/134791"}],"wp:attachment":[{"href":"https:\/\/lasprimeras.com.do\/index.php\/wp-json\/wp\/v2\/media?parent=134790"}],"wp:term":[{"taxonomy":"category","embeddable":true,"href":"https:\/\/lasprimeras.com.do\/index.php\/wp-json\/wp\/v2\/categories?post=134790"},{"taxonomy":"post_tag","embeddable":true,"href":"https:\/\/lasprimeras.com.do\/index.php\/wp-json\/wp\/v2\/tags?post=134790"}],"curies":[{"name":"wp","href":"https:\/\/api.w.org\/{rel}","templated":true}]}}