{"id":134796,"date":"2026-07-16T11:33:57","date_gmt":"2026-07-16T15:33:57","guid":{"rendered":"https:\/\/lasprimeras.com.do\/?p=134796"},"modified":"2026-07-16T11:33:59","modified_gmt":"2026-07-16T15:33:59","slug":"opcion-democratica-realiza-protestas-simultaneas-en-santo-domingo-santiago-la-romana-y-nueva-york","status":"publish","type":"post","link":"https:\/\/lasprimeras.com.do\/index.php\/2026\/07\/16\/opcion-democratica-realiza-protestas-simultaneas-en-santo-domingo-santiago-la-romana-y-nueva-york\/","title":{"rendered":"Opci\u00f3n Democr\u00e1tica realiza protestas simult\u00e1neas en Santo Domingo, Santiago, La Romana y Nueva York"},"content":{"rendered":"\n<p class=\"wp-block-paragraph\">Santo Domingo, RD. \u2013 El partido Opci\u00f3n Democr\u00e1tica (OD) realiz\u00f3 este mi\u00e9rcoles una jornada de protestas simult\u00e1neas en Santo Domingo, Santiago, La Romana y la ciudad de Nueva York, como parte de su tercera movilizaci\u00f3n nacional para exigir respuestas a diversas problem\u00e1ticas que, seg\u00fan la organizaci\u00f3n, afectan a la poblaci\u00f3n dominicana.<\/p>\n\n\n\n<p class=\"wp-block-paragraph\">Durante las manifestaciones, dirigentes, militantes, simpatizantes de Opci\u00f3n Democr\u00e1tica y ciudadanos expresaron su rechazo al alto costo de la vida, denunciaron los abusos policiales y reiteraron su oposici\u00f3n a la denominada \u201cLey Mordaza&#8221;, por considerar que representa una amenaza para las libertades democr\u00e1ticas y el derecho a la libre expresi\u00f3n.<\/p>\n\n\n\n<p class=\"wp-block-paragraph\">La organizaci\u00f3n pol\u00edtica afirm\u00f3 que el incremento constante del costo de los productos y servicios contin\u00faa deteriorando la calidad de vida de las familias dominicanas, mientras que los abusos cometidos por agentes del orden siguen generando preocupaci\u00f3n entre la ciudadan\u00eda.<\/p>\n\n\n\n<p class=\"wp-block-paragraph\">Asimismo, sostuvo que las protestas buscan visibilizar el descontento de amplios sectores de la sociedad y exigir al Gobierno pol\u00edticas p\u00fablicas que respondan a las necesidades de la poblaci\u00f3n, garanticen el respeto a los derechos humanos y protejan las libertades fundamentales.<\/p>\n","protected":false},"excerpt":{"rendered":"<p>Santo Domingo, RD. \u2013 El partido Opci\u00f3n Democr\u00e1tica (OD) realiz\u00f3 este mi\u00e9rcoles una jornada de protestas simult\u00e1neas en Santo Domingo, Santiago, La Romana y la ciudad de Nueva York, como&hellip;<\/p>\n","protected":false},"author":10,"featured_media":134797,"comment_status":"open","ping_status":"open","sticky":false,"template":"","format":"standard","meta":{"content-type":"","_jetpack_newsletter_access":"","_jetpack_dont_email_post_to_subs":false,"_jetpack_newsletter_tier_id":0,"_jetpack_memberships_contains_paywalled_content":false,"_jetpack_feature_clip_id":0,"_jetpack_memberships_contains_paid_content":false,"footnotes":"","jetpack_post_was_ever_published":false},"categories":[16559],"tags":[3495],"class_list":["post-134796","post","type-post","status-publish","format-standard","has-post-thumbnail","hentry","category-politica","tag-opcion-democratica"],"jetpack-related-posts":[{"id":54812,"url":"https:\/\/lasprimeras.com.do\/index.php\/2023\/07\/14\/opcion-democratica-respalda-medida-contra-contaminacion-visual-en-sde\/","url_meta":{"origin":134796,"position":0},"title":"Opci\u00f3n Democr\u00e1tica respalda medida contra contaminaci\u00f3n visual en SDE","author":"Nelson Feliz","date":"14 de julio de 2023","format":false,"excerpt":"Opci\u00f3n Democr\u00e1tica mostr\u00f3 su apoyo a la medida adoptada por el Ayuntamiento de Santo Domingo Este (SDE) y diversos partidos pol\u00edticos para prevenir la colocaci\u00f3n de propaganda pol\u00edtica en lugares prohibidos por la ley. Aunque no fueron convocados a la firma de este acuerdo, la organizaci\u00f3n expres\u00f3 su respaldo a\u2026","rel":"","context":"En \u00abPORTADA\u00bb","block_context":{"text":"PORTADA","link":"https:\/\/lasprimeras.com.do\/index.php\/category\/portada\/"},"img":{"alt_text":"Milcom Olivo","src":"https:\/\/i0.wp.com\/lasprimeras.com.do\/wp-content\/uploads\/2023\/07\/Milcom-Olivo-Coordinador-de-OD-SDE.jpg?resize=350%2C200&ssl=1","width":350,"height":200,"srcset":"https:\/\/i0.wp.com\/lasprimeras.com.do\/wp-content\/uploads\/2023\/07\/Milcom-Olivo-Coordinador-de-OD-SDE.jpg?resize=350%2C200&ssl=1 1x, https:\/\/i0.wp.com\/lasprimeras.com.do\/wp-content\/uploads\/2023\/07\/Milcom-Olivo-Coordinador-de-OD-SDE.jpg?resize=525%2C300&ssl=1 1.5x, https:\/\/i0.wp.com\/lasprimeras.com.do\/wp-content\/uploads\/2023\/07\/Milcom-Olivo-Coordinador-de-OD-SDE.jpg?resize=700%2C400&ssl=1 2x"},"classes":[]},{"id":52566,"url":"https:\/\/lasprimeras.com.do\/index.php\/2023\/06\/11\/opcion-democratica-llevara-candidatos-del-movimiento-la-otra-politica-en-sde\/","url_meta":{"origin":134796,"position":1},"title":"Opci\u00f3n Democr\u00e1tica llevar\u00e1 candidatos del movimiento La Otra Pol\u00edtica en SDE","author":"prenxa100","date":"11 de junio de 2023","format":false,"excerpt":"El partido Opci\u00f3n Democr\u00e1tica (OD) y el Movimiento La Otra Pol\u00edtica del municipio de Santo Domingo Este (SDE), llevar\u00e1n de manera conjunta candidaturas a nivel municipal y legislativo para las elecciones del 2024. La presidenta de Opci\u00f3n Democr\u00e1tica Minou Tav\u00e1rez Mirabal, indic\u00f3 que este es un paso importante para este\u2026","rel":"","context":"En \u00abSin categor\u00eda\u00bb","block_context":{"text":"Sin categor\u00eda","link":"https:\/\/lasprimeras.com.do\/index.php\/category\/sin-categoria\/"},"img":{"alt_text":"","src":"","width":0,"height":0},"classes":[]},{"id":56433,"url":"https:\/\/lasprimeras.com.do\/index.php\/2023\/08\/01\/opcion-democratica-lamenta-escogencia-de-julio-romero-como-alcalde-de-sde-por-la-fp\/","url_meta":{"origin":134796,"position":2},"title":"Opci\u00f3n Democr\u00e1tica lamenta escogencia de Julio Romero como alcalde de SDE por la FP","author":"Nelson Feliz","date":"1 de agosto de 2023","format":false,"excerpt":"El partido Opci\u00f3n Democr\u00e1tica expres\u00f3 su en\u00e9rgico rechazo a la candidatura de Julio Romero como alcalde del municipio Santo Domingo Este, luego de que el partido Fuerza del Pueblo (FP) lo seleccionara como su candidato para las elecciones municipales del a\u00f1o 2024. El coordinador de Opci\u00f3n Democr\u00e1tica en SDE, Milcom\u2026","rel":"","context":"En \u00abSin categor\u00eda\u00bb","block_context":{"text":"Sin categor\u00eda","link":"https:\/\/lasprimeras.com.do\/index.php\/category\/sin-categoria\/"},"img":{"alt_text":"Opci\u00f3n Democr\u00e1tica.","src":"https:\/\/i0.wp.com\/lasprimeras.com.do\/wp-content\/uploads\/2023\/08\/Fachada-del-partido-Opcion-Democratica.jpg?resize=350%2C200&ssl=1","width":350,"height":200,"srcset":"https:\/\/i0.wp.com\/lasprimeras.com.do\/wp-content\/uploads\/2023\/08\/Fachada-del-partido-Opcion-Democratica.jpg?resize=350%2C200&ssl=1 1x, https:\/\/i0.wp.com\/lasprimeras.com.do\/wp-content\/uploads\/2023\/08\/Fachada-del-partido-Opcion-Democratica.jpg?resize=525%2C300&ssl=1 1.5x, https:\/\/i0.wp.com\/lasprimeras.com.do\/wp-content\/uploads\/2023\/08\/Fachada-del-partido-Opcion-Democratica.jpg?resize=700%2C400&ssl=1 2x"},"classes":[]},{"id":57832,"url":"https:\/\/lasprimeras.com.do\/index.php\/2023\/08\/16\/opcion-democratica-apuesta-por-el-empresariado-en-santo-domingo-este\/","url_meta":{"origin":134796,"position":3},"title":"Opci\u00f3n Democr\u00e1tica apuesta por el empresariado en Santo Domingo Este","author":"Nelson Feliz","date":"16 de agosto de 2023","format":false,"excerpt":"El Partido Opci\u00f3n Democr\u00e1tica (OD) present\u00f3 como su candidato a diputado por la circunscripci\u00f3n 3 de Santo Domingo Este a Richard Santana, un destacado empresario con una formaci\u00f3n en Administraci\u00f3n e Ingeniero en Comunicaci\u00f3n y Redes,salud e infraestructuras. Santana, present\u00f3 sus propuestas orientadas a mejorar el sistema de seguridad social\u2026","rel":"","context":"En \u00abPORTADA\u00bb","block_context":{"text":"PORTADA","link":"https:\/\/lasprimeras.com.do\/index.php\/category\/portada\/"},"img":{"alt_text":"Jos\u00e9 Horacio Rodr\u00edguez, Jenny Berroa, Richard Santana y Virginia Antares","src":"https:\/\/i0.wp.com\/lasprimeras.com.do\/wp-content\/uploads\/2023\/08\/Jose-Horacio-Rodriguez-Jenny-Berroa-Richard-Santana-y-Virginia-Antares.jpg?resize=350%2C200&ssl=1","width":350,"height":200,"srcset":"https:\/\/i0.wp.com\/lasprimeras.com.do\/wp-content\/uploads\/2023\/08\/Jose-Horacio-Rodriguez-Jenny-Berroa-Richard-Santana-y-Virginia-Antares.jpg?resize=350%2C200&ssl=1 1x, https:\/\/i0.wp.com\/lasprimeras.com.do\/wp-content\/uploads\/2023\/08\/Jose-Horacio-Rodriguez-Jenny-Berroa-Richard-Santana-y-Virginia-Antares.jpg?resize=525%2C300&ssl=1 1.5x, https:\/\/i0.wp.com\/lasprimeras.com.do\/wp-content\/uploads\/2023\/08\/Jose-Horacio-Rodriguez-Jenny-Berroa-Richard-Santana-y-Virginia-Antares.jpg?resize=700%2C400&ssl=1 2x"},"classes":[]},{"id":89891,"url":"https:\/\/lasprimeras.com.do\/index.php\/2024\/10\/06\/jose-horacio-es-elegido-presidente-del-partido-opcion-democratica\/","url_meta":{"origin":134796,"position":4},"title":"Jos\u00e9 Horacio es elegido presidente del partido Opci\u00f3n Democr\u00e1tica","author":"Nelson Feliz","date":"6 de octubre de 2024","format":false,"excerpt":"El dirigente pol\u00edtico Jos\u00e9 Horacio Rodr\u00edguez fue electo presidente del partido Opci\u00f3n Democr\u00e1tica (OD) para el periodo 2024-2028 este domingo 6 de octubre por la Asamblea Nacional de esta organizaci\u00f3n progresista, estar\u00e1 acompa\u00f1ado por Alexandra Sued como vicepresidente y Miguel Alejandro Mart\u00ednez, como secretario general. De igual manera fue elegida\u2026","rel":"","context":"En \u00abSin categor\u00eda\u00bb","block_context":{"text":"Sin categor\u00eda","link":"https:\/\/lasprimeras.com.do\/index.php\/category\/sin-categoria\/"},"img":{"alt_text":"Jos\u00e9 Horacio Rodr\u00edguez","src":"https:\/\/i0.wp.com\/lasprimeras.com.do\/wp-content\/uploads\/2024\/10\/Jose-Horacio-Rodriguez.jpg?resize=350%2C200&ssl=1","width":350,"height":200,"srcset":"https:\/\/i0.wp.com\/lasprimeras.com.do\/wp-content\/uploads\/2024\/10\/Jose-Horacio-Rodriguez.jpg?resize=350%2C200&ssl=1 1x, https:\/\/i0.wp.com\/lasprimeras.com.do\/wp-content\/uploads\/2024\/10\/Jose-Horacio-Rodriguez.jpg?resize=525%2C300&ssl=1 1.5x, https:\/\/i0.wp.com\/lasprimeras.com.do\/wp-content\/uploads\/2024\/10\/Jose-Horacio-Rodriguez.jpg?resize=700%2C400&ssl=1 2x"},"classes":[]},{"id":61959,"url":"https:\/\/lasprimeras.com.do\/index.php\/2023\/10\/02\/opcion-democratica-integra-boleta-a-deportista\/","url_meta":{"origin":134796,"position":5},"title":"Opci\u00f3n Democr\u00e1tica integra boleta a deportista","author":"BIMARY DE JES\u00daS Matos","date":"2 de octubre de 2023","format":false,"excerpt":"Santiago.\u2013 El partido Opci\u00f3n Democr\u00e1tica (OD) present\u00f3 la propuesta de candidatura a regidor del dirigente comunitario y deportista Richard Mart\u00ednez de cara a la conformaci\u00f3n de la boleta municipal para la ciudad coraz\u00f3n de esta organizaci\u00f3n pol\u00edtica progresista de la Rep\u00fablica Dominicana. Mart\u00ednez ha desarrollando su vida en la comunidad\u2026","rel":"","context":"En \u00abSin categor\u00eda\u00bb","block_context":{"text":"Sin categor\u00eda","link":"https:\/\/lasprimeras.com.do\/index.php\/category\/sin-categoria\/"},"img":{"alt_text":"","src":"https:\/\/i0.wp.com\/lasprimeras.com.do\/wp-content\/uploads\/2023\/10\/WhatsApp-Image-2023-09-28-at-11.50.30-PM-1-3.webp?resize=350%2C200&ssl=1","width":350,"height":200},"classes":[]}],"jetpack_sharing_enabled":true,"jetpack_featured_media_url":"https:\/\/lasprimeras.com.do\/wp-content\/uploads\/2026\/07\/IMG-20260716-WA0173.jpg","_links":{"self":[{"href":"https:\/\/lasprimeras.com.do\/index.php\/wp-json\/wp\/v2\/posts\/134796","targetHints":{"allow":["GET"]}}],"collection":[{"href":"https:\/\/lasprimeras.com.do\/index.php\/wp-json\/wp\/v2\/posts"}],"about":[{"href":"https:\/\/lasprimeras.com.do\/index.php\/wp-json\/wp\/v2\/types\/post"}],"author":[{"embeddable":true,"href":"https:\/\/lasprimeras.com.do\/index.php\/wp-json\/wp\/v2\/users\/10"}],"replies":[{"embeddable":true,"href":"https:\/\/lasprimeras.com.do\/index.php\/wp-json\/wp\/v2\/comments?post=134796"}],"version-history":[{"count":1,"href":"https:\/\/lasprimeras.com.do\/index.php\/wp-json\/wp\/v2\/posts\/134796\/revisions"}],"predecessor-version":[{"id":134798,"href":"https:\/\/lasprimeras.com.do\/index.php\/wp-json\/wp\/v2\/posts\/134796\/revisions\/134798"}],"wp:featuredmedia":[{"embeddable":true,"href":"https:\/\/lasprimeras.com.do\/index.php\/wp-json\/wp\/v2\/media\/134797"}],"wp:attachment":[{"href":"https:\/\/lasprimeras.com.do\/index.php\/wp-json\/wp\/v2\/media?parent=134796"}],"wp:term":[{"taxonomy":"category","embeddable":true,"href":"https:\/\/lasprimeras.com.do\/index.php\/wp-json\/wp\/v2\/categories?post=134796"},{"taxonomy":"post_tag","embeddable":true,"href":"https:\/\/lasprimeras.com.do\/index.php\/wp-json\/wp\/v2\/tags?post=134796"}],"curies":[{"name":"wp","href":"https:\/\/api.w.org\/{rel}","templated":true}]}}