{"id":134802,"date":"2026-07-16T12:09:53","date_gmt":"2026-07-16T16:09:53","guid":{"rendered":"https:\/\/lasprimeras.com.do\/?p=134802"},"modified":"2026-07-16T12:09:55","modified_gmt":"2026-07-16T16:09:55","slug":"visita-de-leonel-a-maria-trinidad-sanchez-sigue-generando-nuevas-adhesiones-a-la-fp-juramenta-otro-regidor","status":"publish","type":"post","link":"https:\/\/lasprimeras.com.do\/index.php\/2026\/07\/16\/visita-de-leonel-a-maria-trinidad-sanchez-sigue-generando-nuevas-adhesiones-a-la-fp-juramenta-otro-regidor\/","title":{"rendered":"Visita de Leonel a Mar\u00eda Trinidad S\u00e1nchez sigue generando nuevas adhesiones a la FP: juramenta otro regidor"},"content":{"rendered":"\n<p class=\"wp-block-paragraph\"><em>El nuevo regidor de la Fuerza del Pueblo en Cabrera atribuye su decisi\u00f3n a la experiencia de Leonel Fern\u00e1ndez para conducir nuevamente los destinos del pa\u00eds.<\/em><\/p>\n\n\n\n<p class=\"wp-block-paragraph\">Santo Domingo. \u2013 La visita realizada el pasado domingo por el presidente de la Fuerza del Pueblo (FP), Leonel Fern\u00e1ndez, a la provincia Mar\u00eda Trinidad S\u00e1nchez contin\u00faa generando nuevas adhesiones a esa organizaci\u00f3n pol\u00edtica.<\/p>\n\n\n\n<p class=\"wp-block-paragraph\">Este mi\u00e9rcoles, el l\u00edder opositor jurament\u00f3 al actual regidor del Partido de la Liberaci\u00f3n Dominicana (PLD) en el municipio de Cabrera, Luis Guillermo Gonz\u00e1lez, consolidando el proceso de crecimiento que experimenta el partido en esa demarcaci\u00f3n.<\/p>\n\n\n\n<p class=\"wp-block-paragraph\">La juramentaci\u00f3n fue realizada por Fern\u00e1ndez previo a la reuni\u00f3n de la Direcci\u00f3n Pol\u00edtica de la Fuerza del Pueblo y se produce apenas tres d\u00edas despu\u00e9s de la intensa jornada desarrollada por el expresidente en los municipios de Nagua y Cabrera, donde encabez\u00f3 multitudinarias juramentaciones.<\/p>\n\n\n\n<p class=\"wp-block-paragraph\">All\u00ed Fern\u00e1ndez sostuvo encuentros con dirigentes pol\u00edticos, productores agropecuarios y representantes de distintos sectores de la provincia.<\/p>\n\n\n\n<p class=\"wp-block-paragraph\">Durante su visita a Cabrera el pasado domingo, Fern\u00e1ndez tambi\u00e9n sostuvo un encuentro con el alcalde del municipio, Gabino (Gabi) Fern\u00e1ndez, dirigente de la Fuerza del Pueblo y segundo alcalde m\u00e1s joven del pa\u00eds.<\/p>\n\n\n\n<p class=\"wp-block-paragraph\">La organizaci\u00f3n tambi\u00e9n cuenta con el alcalde m\u00e1s joven de la Rep\u00fablica Dominicana, Len\u00edn Campos, titular de la Secretar\u00eda de la Juventud de la FP y alcalde del municipio de Las Gu\u00e1ranas.<\/p>\n\n\n\n<p class=\"wp-block-paragraph\">Tras tomar juramento, Luis Guillermo Gonz\u00e1lez explic\u00f3 las razones que motivaron su decisi\u00f3n de integrarse a la Fuerza del Pueblo.<\/p>\n\n\n\n<p class=\"wp-block-paragraph\">\u201cHe tomado la decisi\u00f3n de pasar a formar parte de la Fuerza del Pueblo porque entiendo que, con la experiencia que tiene Leonel Fern\u00e1ndez, es el momento correcto para que \u00e9l tome los caminos de este pa\u00eds\u201d, expres\u00f3 el regidor.<\/p>\n\n\n\n<p class=\"wp-block-paragraph\">Junto al edil tambi\u00e9n formaliz\u00f3 su ingreso a la Fuerza del Pueblo el exregidor del PLD Geraldo Gonz\u00e1lez, quien actualmente se desempe\u00f1aba como presidente de un Comit\u00e9 Intermedio en Cabrera.<\/p>\n\n\n\n<p class=\"wp-block-paragraph\">Asimismo, el reconocido comerciante Juan Su\u00e1rez tom\u00f3 juramento como nuevo miembro de la Fuerza del Pueblo, sum\u00e1ndose al grupo de dirigentes y l\u00edderes comunitarios que en los \u00faltimos d\u00edas han decidido respaldar el proyecto pol\u00edtico encabezado por Leonel Fern\u00e1ndez.<\/p>\n\n\n\n<p class=\"wp-block-paragraph\">Las nuevas incorporaciones se producen luego de que, durante su recorrido por Mar\u00eda Trinidad S\u00e1nchez, Fern\u00e1ndez juramentara a cientos de nuevos miembros provenientes principalmente del oficialista Partido Revolucionario Moderno (PRM), y del PLD, entre ellos regidores en funciones, empresarios, profesionales, comunicadores, maestros y dirigentes comunitarios, en lo que calific\u00f3 como una muestra del crecimiento sostenido que experimenta la Fuerza del Pueblo en todo el territorio nacional.<\/p>\n\n\n\n<p class=\"wp-block-paragraph\">Con la integraci\u00f3n del regidor Luis Guillermo Gonz\u00e1lez, del exregidor Geraldo Gonz\u00e1lez y del comerciante Juan Su\u00e1rez, la Fuerza del Pueblo contin\u00faa ampliando su estructura pol\u00edtica en Cabrera, municipio gobernado por esa organizaci\u00f3n y considerado una de las principales plazas electorales de la provincia Mar\u00eda Trinidad S\u00e1nchez.<\/p>\n","protected":false},"excerpt":{"rendered":"<p>El nuevo regidor de la Fuerza del Pueblo en Cabrera atribuye su decisi\u00f3n a la experiencia de Leonel Fern\u00e1ndez para conducir nuevamente los destinos del pa\u00eds. Santo Domingo. \u2013 La&hellip;<\/p>\n","protected":false},"author":10,"featured_media":134803,"comment_status":"open","ping_status":"open","sticky":false,"template":"","format":"standard","meta":{"content-type":"","_jetpack_newsletter_access":"","_jetpack_dont_email_post_to_subs":false,"_jetpack_newsletter_tier_id":0,"_jetpack_memberships_contains_paywalled_content":false,"_jetpack_feature_clip_id":0,"_jetpack_memberships_contains_paid_content":false,"footnotes":"","jetpack_post_was_ever_published":false},"categories":[16559,25],"tags":[158,824,51,8291],"class_list":["post-134802","post","type-post","status-publish","format-standard","has-post-thumbnail","hentry","category-politica","category-portada","tag-fuerza-del-pueblo","tag-juramentaciones","tag-leonel-fernandez","tag-maria-trinidad-sanchez"],"jetpack-related-posts":[{"id":134554,"url":"https:\/\/lasprimeras.com.do\/index.php\/2026\/07\/12\/leonel-fernandez-rechazo-al-prm-crece-en-la-medida-en-que-aumentan-las-penurias-del-pueblo\/","url_meta":{"origin":134802,"position":0},"title":"Leonel Fern\u00e1ndez: \u201cRechazo al PRM crece en la medida en que aumentan las penurias del pueblo\u201d","author":"Nelson Feliz","date":"12 de julio de 2026","format":false,"excerpt":"Juramenta dirigentes del PRM y PLD en Mar\u00eda Trinidad S\u00e1nchez y atribuye el crecimiento de la Fuerza del Pueblo al descontento social. Nagua, Mar\u00eda Trinidad S\u00e1nchez. \u2013 El presidente de la Fuerza del Pueblo (FP), Leonel Fern\u00e1ndez, asegur\u00f3 este domingo que el rechazo al Partido Revolucionario Moderno (PRM) aumenta en\u2026","rel":"","context":"En \u00abPOLITICA\u00bb","block_context":{"text":"POLITICA","link":"https:\/\/lasprimeras.com.do\/index.php\/category\/politica\/"},"img":{"alt_text":"Leonel Fern\u00e1ndez","src":"https:\/\/i0.wp.com\/lasprimeras.com.do\/wp-content\/uploads\/2026\/07\/Leonel-Fernandez.jpeg?resize=350%2C200&ssl=1","width":350,"height":200,"srcset":"https:\/\/i0.wp.com\/lasprimeras.com.do\/wp-content\/uploads\/2026\/07\/Leonel-Fernandez.jpeg?resize=350%2C200&ssl=1 1x, https:\/\/i0.wp.com\/lasprimeras.com.do\/wp-content\/uploads\/2026\/07\/Leonel-Fernandez.jpeg?resize=525%2C300&ssl=1 1.5x, https:\/\/i0.wp.com\/lasprimeras.com.do\/wp-content\/uploads\/2026\/07\/Leonel-Fernandez.jpeg?resize=700%2C400&ssl=1 2x, https:\/\/i0.wp.com\/lasprimeras.com.do\/wp-content\/uploads\/2026\/07\/Leonel-Fernandez.jpeg?resize=1050%2C600&ssl=1 3x"},"classes":[]},{"id":103989,"url":"https:\/\/lasprimeras.com.do\/index.php\/2025\/07\/21\/leonel-juramenta-2-regidores-y-mas-dirigentes-del-pld-prm-y-otras-organizaciones-en-san-cristobal\/","url_meta":{"origin":134802,"position":1},"title":"Leonel juramenta 2 regidores y m\u00e1s dirigentes del PLD, PRM y otras organizaciones en San Crist\u00f3bal","author":"Nelson Feliz","date":"21 de julio de 2025","format":false,"excerpt":"En un acto multitudinario celebrado este domingo 20 de julio en el Club Deportivo Ciro P\u00e9rez, el presidente de la Fuerza del Pueblo (FP), Leonel Fern\u00e1ndez, jurament\u00f3 a dos regidores y decenas de dirigentes provenientes del Partido de la Liberaci\u00f3n Dominicana (PLD), del Partido Revolucionario Moderno (PRM) y de otras\u2026","rel":"","context":"En \u00abPOLITICA\u00bb","block_context":{"text":"POLITICA","link":"https:\/\/lasprimeras.com.do\/index.php\/category\/politica\/"},"img":{"alt_text":"Leonel Fern\u00e1ndez","src":"https:\/\/i0.wp.com\/lasprimeras.com.do\/wp-content\/uploads\/2025\/07\/Leonel-Fernandez-4.jpg?resize=350%2C200&ssl=1","width":350,"height":200,"srcset":"https:\/\/i0.wp.com\/lasprimeras.com.do\/wp-content\/uploads\/2025\/07\/Leonel-Fernandez-4.jpg?resize=350%2C200&ssl=1 1x, https:\/\/i0.wp.com\/lasprimeras.com.do\/wp-content\/uploads\/2025\/07\/Leonel-Fernandez-4.jpg?resize=525%2C300&ssl=1 1.5x, https:\/\/i0.wp.com\/lasprimeras.com.do\/wp-content\/uploads\/2025\/07\/Leonel-Fernandez-4.jpg?resize=700%2C400&ssl=1 2x"},"classes":[]},{"id":106464,"url":"https:\/\/lasprimeras.com.do\/index.php\/2025\/08\/15\/regidor-del-prm-se-une-a-la-fuerza-del-pueblo-y-es-juramentado-por-leonel-fernandez\/","url_meta":{"origin":134802,"position":2},"title":"Regidor del PRM se une a la Fuerza del Pueblo y es juramentado por Leonel Fern\u00e1ndez","author":"Nelson Feliz","date":"15 de agosto de 2025","format":false,"excerpt":"En el marco de su visita a la Ciudad Coraz\u00f3n, el presidente del partido Fuerza del Pueblo (FP), Leonel Fern\u00e1ndez, jurament\u00f3 al regidor del Partido Revolucionario Moderno (PRM) de Hatillo Palma, provincia Montecristi, Dany Torres, quien formaliz\u00f3 su ingreso a las filas de la organizaci\u00f3n pol\u00edtica liderada por el exmandatario.\u2026","rel":"","context":"En \u00abPOLITICA\u00bb","block_context":{"text":"POLITICA","link":"https:\/\/lasprimeras.com.do\/index.php\/category\/politica\/"},"img":{"alt_text":"","src":"https:\/\/i0.wp.com\/lasprimeras.com.do\/wp-content\/uploads\/2025\/08\/Dany-Torres.jpg?resize=350%2C200&ssl=1","width":350,"height":200,"srcset":"https:\/\/i0.wp.com\/lasprimeras.com.do\/wp-content\/uploads\/2025\/08\/Dany-Torres.jpg?resize=350%2C200&ssl=1 1x, https:\/\/i0.wp.com\/lasprimeras.com.do\/wp-content\/uploads\/2025\/08\/Dany-Torres.jpg?resize=525%2C300&ssl=1 1.5x, https:\/\/i0.wp.com\/lasprimeras.com.do\/wp-content\/uploads\/2025\/08\/Dany-Torres.jpg?resize=700%2C400&ssl=1 2x"},"classes":[]},{"id":115603,"url":"https:\/\/lasprimeras.com.do\/index.php\/2025\/11\/24\/regidor-del-pld-y-dirigentes-del-prm-se-juramentan-en-la-fuerza-del-pueblo\/","url_meta":{"origin":134802,"position":3},"title":"Regidor del PLD y dirigentes del PRM se juramentan en la Fuerza del Pueblo","author":"Nelson Feliz","date":"24 de noviembre de 2025","format":false,"excerpt":"En un acto encabezado por Radham\u00e9s Jim\u00e9nez Pe\u00f1a, l\u00edderes comunitarios, pastores y exdirigentes de varios partidos pol\u00edticos oficializaron su paso a las filas de la Fuerza del Pueblo. En una muestra de reconfiguraci\u00f3n pol\u00edtica en Santo Domingo Norte, un importante grupo de dirigentes y l\u00edderes comunitarios de distintas fuerzas pol\u00edticas\u2026","rel":"","context":"En \u00abPOLITICA\u00bb","block_context":{"text":"POLITICA","link":"https:\/\/lasprimeras.com.do\/index.php\/category\/politica\/"},"img":{"alt_text":"Radham\u00e9s Jim\u00e9nez Pe\u00f1a","src":"https:\/\/i0.wp.com\/lasprimeras.com.do\/wp-content\/uploads\/2025\/11\/Radhames-Jimenez-Pena-1.jpg?resize=350%2C200&ssl=1","width":350,"height":200,"srcset":"https:\/\/i0.wp.com\/lasprimeras.com.do\/wp-content\/uploads\/2025\/11\/Radhames-Jimenez-Pena-1.jpg?resize=350%2C200&ssl=1 1x, https:\/\/i0.wp.com\/lasprimeras.com.do\/wp-content\/uploads\/2025\/11\/Radhames-Jimenez-Pena-1.jpg?resize=525%2C300&ssl=1 1.5x, https:\/\/i0.wp.com\/lasprimeras.com.do\/wp-content\/uploads\/2025\/11\/Radhames-Jimenez-Pena-1.jpg?resize=700%2C400&ssl=1 2x"},"classes":[]},{"id":130886,"url":"https:\/\/lasprimeras.com.do\/index.php\/2026\/05\/17\/leonel-juramenta-en-la-fp-a-miguel-angel-jazmin-muneco-principal-dirigente-del-pld-en-samana\/","url_meta":{"origin":134802,"position":4},"title":"Leonel juramenta en la FP a Miguel \u00c1ngel Jazm\u00edn \u201cMu\u00f1eco\u201d, principal dirigente del PLD en Saman\u00e1","author":"Nelson Feliz","date":"17 de mayo de 2026","format":false,"excerpt":"\u201cEn Saman\u00e1 estamos todos a una; Leonel ser\u00e1 el pr\u00f3ximo presidente\u201d, afirma el exdiputado durante multitudinario acto pol\u00edtico. El presidente del partido Fuerza del Pueblo (FP), Leonel Fern\u00e1ndez, encabez\u00f3 una multitudinaria juramentaci\u00f3n de dirigentes pol\u00edticos, comunitarios y empresariales de la provincia Saman\u00e1, entre ellos el exdiputado y excandidato a senador\u2026","rel":"","context":"En \u00abPORTADA\u00bb","block_context":{"text":"PORTADA","link":"https:\/\/lasprimeras.com.do\/index.php\/category\/portada\/"},"img":{"alt_text":"Leonel juramenta en la FP a Miguel \u00c1ngel Jazm\u00edn","src":"https:\/\/i0.wp.com\/lasprimeras.com.do\/wp-content\/uploads\/2026\/05\/Leonel-juramenta-en-la-FP-a-Miguel-Angel-Jazmin-1.jpg?resize=350%2C200&ssl=1","width":350,"height":200,"srcset":"https:\/\/i0.wp.com\/lasprimeras.com.do\/wp-content\/uploads\/2026\/05\/Leonel-juramenta-en-la-FP-a-Miguel-Angel-Jazmin-1.jpg?resize=350%2C200&ssl=1 1x, https:\/\/i0.wp.com\/lasprimeras.com.do\/wp-content\/uploads\/2026\/05\/Leonel-juramenta-en-la-FP-a-Miguel-Angel-Jazmin-1.jpg?resize=525%2C300&ssl=1 1.5x, https:\/\/i0.wp.com\/lasprimeras.com.do\/wp-content\/uploads\/2026\/05\/Leonel-juramenta-en-la-FP-a-Miguel-Angel-Jazmin-1.jpg?resize=700%2C400&ssl=1 2x"},"classes":[]},{"id":104714,"url":"https:\/\/lasprimeras.com.do\/index.php\/2025\/07\/26\/leonel-juramenta-un-regidor-un-vocal-varios-presidentes-de-intermedio-y-mas-dirigentes-del-pld\/","url_meta":{"origin":134802,"position":5},"title":"Leonel juramenta un regidor, un vocal, varios presidentes de intermedio y m\u00e1s dirigentes del PLD","author":"Nelson Feliz","date":"26 de julio de 2025","format":false,"excerpt":"El partido Fuerza del Pueblo (FP) continu\u00f3 el proceso de incorporaci\u00f3n de nuevos militantes a sus filas. Cientos de personas de los diferentes municipios de la provincia Peravia, pertenecientes al PLD y a otras organizaciones, fueron juramentadas por el presidente y l\u00edder de esta organizaci\u00f3n opositora, Leonel Fern\u00e1ndez. Entre los\u2026","rel":"","context":"En \u00abPOLITICA\u00bb","block_context":{"text":"POLITICA","link":"https:\/\/lasprimeras.com.do\/index.php\/category\/politica\/"},"img":{"alt_text":"","src":"https:\/\/i0.wp.com\/lasprimeras.com.do\/wp-content\/uploads\/2025\/07\/Leonel.jpg?resize=350%2C200&ssl=1","width":350,"height":200,"srcset":"https:\/\/i0.wp.com\/lasprimeras.com.do\/wp-content\/uploads\/2025\/07\/Leonel.jpg?resize=350%2C200&ssl=1 1x, https:\/\/i0.wp.com\/lasprimeras.com.do\/wp-content\/uploads\/2025\/07\/Leonel.jpg?resize=525%2C300&ssl=1 1.5x, https:\/\/i0.wp.com\/lasprimeras.com.do\/wp-content\/uploads\/2025\/07\/Leonel.jpg?resize=700%2C400&ssl=1 2x"},"classes":[]}],"jetpack_sharing_enabled":true,"jetpack_featured_media_url":"https:\/\/lasprimeras.com.do\/wp-content\/uploads\/2026\/07\/IMG-20260716-WA0234-scaled.jpg","_links":{"self":[{"href":"https:\/\/lasprimeras.com.do\/index.php\/wp-json\/wp\/v2\/posts\/134802","targetHints":{"allow":["GET"]}}],"collection":[{"href":"https:\/\/lasprimeras.com.do\/index.php\/wp-json\/wp\/v2\/posts"}],"about":[{"href":"https:\/\/lasprimeras.com.do\/index.php\/wp-json\/wp\/v2\/types\/post"}],"author":[{"embeddable":true,"href":"https:\/\/lasprimeras.com.do\/index.php\/wp-json\/wp\/v2\/users\/10"}],"replies":[{"embeddable":true,"href":"https:\/\/lasprimeras.com.do\/index.php\/wp-json\/wp\/v2\/comments?post=134802"}],"version-history":[{"count":1,"href":"https:\/\/lasprimeras.com.do\/index.php\/wp-json\/wp\/v2\/posts\/134802\/revisions"}],"predecessor-version":[{"id":134804,"href":"https:\/\/lasprimeras.com.do\/index.php\/wp-json\/wp\/v2\/posts\/134802\/revisions\/134804"}],"wp:featuredmedia":[{"embeddable":true,"href":"https:\/\/lasprimeras.com.do\/index.php\/wp-json\/wp\/v2\/media\/134803"}],"wp:attachment":[{"href":"https:\/\/lasprimeras.com.do\/index.php\/wp-json\/wp\/v2\/media?parent=134802"}],"wp:term":[{"taxonomy":"category","embeddable":true,"href":"https:\/\/lasprimeras.com.do\/index.php\/wp-json\/wp\/v2\/categories?post=134802"},{"taxonomy":"post_tag","embeddable":true,"href":"https:\/\/lasprimeras.com.do\/index.php\/wp-json\/wp\/v2\/tags?post=134802"}],"curies":[{"name":"wp","href":"https:\/\/api.w.org\/{rel}","templated":true}]}}