{"id":134805,"date":"2026-07-16T12:26:48","date_gmt":"2026-07-16T16:26:48","guid":{"rendered":"https:\/\/lasprimeras.com.do\/?p=134805"},"modified":"2026-07-16T12:26:49","modified_gmt":"2026-07-16T16:26:49","slug":"jce-apelara-sentencia-emitida-en-ee-uu-que-ordena-el-pago-a-empresa-por-servicios-que-no-contrato","status":"publish","type":"post","link":"https:\/\/lasprimeras.com.do\/index.php\/2026\/07\/16\/jce-apelara-sentencia-emitida-en-ee-uu-que-ordena-el-pago-a-empresa-por-servicios-que-no-contrato\/","title":{"rendered":"JCE apelar\u00e1 sentencia emitida en EE. UU. que ordena el pago a empresa por servicios que no contrat\u00f3"},"content":{"rendered":"\n<p class=\"wp-block-paragraph\">Santo Domingo. &#8211; La Junta Central Electoral (JCE) anunci\u00f3 que apelar\u00e1, por todas las v\u00edas judiciales que sean necesarias, nacionales e internacionales, la sentencia emitida por el Tribunal del Distrito Sur de Nueva York, Estados Unidos, por no existir evidencia alguna donde conste la aprobaci\u00f3n ni autorizaci\u00f3n por parte del Pleno ni del presidente de la JCE para la adquisici\u00f3n de presuntos servicios que la parte demandante alega fueron requeridos por la instituci\u00f3n.<\/p>\n\n\n\n<p class=\"wp-block-paragraph\">En ese sentido, el Pleno JCE instruy\u00f3 a que se desplieguen todos los esfuerzos jur\u00eddicos necesarios para resguardar los intereses, la imagen y el buen nombre de la instituci\u00f3n.<\/p>\n\n\n\n<p class=\"wp-block-paragraph\">La JCE hace el anuncio, a prop\u00f3sito del auto emitido el 29 de junio de 2026 por la Tercera Sala de la C\u00e1mara Civil y comercial del Juzgado de Primera Instancia del Distrito Nacional, que acogi\u00f3 una solicitud de homologaci\u00f3n de sentencia extranjera, solicitada por la sociedad comercial Latin Events, LLC.<\/p>\n\n\n\n<p class=\"wp-block-paragraph\">El \u00f3rgano electoral s\u00ed acord\u00f3 con la sociedad comercial Latin Events algunos servicios de publicidad y de log\u00edstica, los cuales fueron saldados v\u00eda transferencia bancaria SWIFT desde Rep\u00fablica Dominicana hacia Estados Unidos, el 21 de mayo de 2024 y que ascendieron a un monto de 230 mil d\u00f3lares, cifra que fue saldada en su totalidad.<\/p>\n\n\n\n<p class=\"wp-block-paragraph\">Demanda por servicios no contratados<\/p>\n\n\n\n<p class=\"wp-block-paragraph\">La JCE explica que no obstante haber saldado lo acordado, la empresa Latin Events envi\u00f3 luego otras facturas de algunos servicios que la instituci\u00f3n no contrat\u00f3, como el caso del cobro de US$ 600,000.00 m\u00e1s 53, 250 d\u00f3lares por impuestos sobre la venta, por concepto de 15,000 boletos impresos para el evento de la serie Titanes del Caribe entre los equipos de b\u00e9isbol de Rep\u00fablica Dominicana, las \u00c1guilas Cibae\u00f1as y Tigres del Licey, celebrado en el Citi Field de Queens, Nueva York, del 10 al 12 de noviembre de 2023.<\/p>\n\n\n\n<p class=\"wp-block-paragraph\">La Junta reitera que no fue v\u00e1lidamente notificada en su sede de la Rep\u00fablica Dominicana, por lo que no pudo ejercer su derecho de defensa, ya que, conforme al Tratado de Viena, las notificaciones dirigidas a consulados en el exterior no sustituyen la notificaci\u00f3n a la instituci\u00f3n en su jurisdicci\u00f3n nacional, pues son los consultados los \u00fanicos que tienen personalidad jur\u00eddica fuera de la jurisdiccional nacional.<\/p>\n\n\n\n<p class=\"wp-block-paragraph\">La JCE asume su compromiso con la transparencia y reitera que en este caso acudir\u00e1 a todas las instancias judiciales necesarias para demostrar que no fue asumida tal obligaci\u00f3n, en aras de preservar el correcto uso de los fondos p\u00fablicos del pueblo dominicano.<\/p>\n","protected":false},"excerpt":{"rendered":"<p>Santo Domingo. &#8211; La Junta Central Electoral (JCE) anunci\u00f3 que apelar\u00e1, por todas las v\u00edas judiciales que sean necesarias, nacionales e internacionales, la sentencia emitida por el Tribunal del Distrito&hellip;<\/p>\n","protected":false},"author":10,"featured_media":111501,"comment_status":"open","ping_status":"open","sticky":false,"template":"","format":"standard","meta":{"content-type":"","_jetpack_newsletter_access":"","_jetpack_dont_email_post_to_subs":false,"_jetpack_newsletter_tier_id":0,"_jetpack_memberships_contains_paywalled_content":false,"_jetpack_feature_clip_id":0,"_jetpack_memberships_contains_paid_content":false,"footnotes":"","jetpack_post_was_ever_published":false},"categories":[35],"tags":[11279,979,183,2304],"class_list":["post-134805","post","type-post","status-publish","format-standard","has-post-thumbnail","hentry","category-nacionales","tag-apelara","tag-eeuu","tag-jce","tag-sentencia"],"jetpack-related-posts":[{"id":120950,"url":"https:\/\/lasprimeras.com.do\/index.php\/2026\/01\/29\/jce-dejara-de-emitir-cedulas-actuales-desde-febrero-2026\/","url_meta":{"origin":134805,"position":0},"title":"JCE dejar\u00e1 de emitir c\u00e9dulas actuales desde febrero 2026","author":"Nelson Feliz","date":"29 de enero de 2026","format":false,"excerpt":"La Junta Central Electoral (JCE) inform\u00f3 este jueves que a partir del 1 de febrero de 2026 dejar\u00e1 de emitir c\u00e9dulas en el formato actual, como parte del proceso de transici\u00f3n hacia el nuevo modelo de c\u00e9dula de identidad y electoral. De acuerdo con un comunicado oficial difundido por la\u2026","rel":"","context":"En \u00abNACIONALES\u00bb","block_context":{"text":"NACIONALES","link":"https:\/\/lasprimeras.com.do\/index.php\/category\/nacionales\/"},"img":{"alt_text":"","src":"https:\/\/i0.wp.com\/lasprimeras.com.do\/wp-content\/uploads\/2025\/10\/JCE-1.jpg?resize=350%2C200&ssl=1","width":350,"height":200,"srcset":"https:\/\/i0.wp.com\/lasprimeras.com.do\/wp-content\/uploads\/2025\/10\/JCE-1.jpg?resize=350%2C200&ssl=1 1x, https:\/\/i0.wp.com\/lasprimeras.com.do\/wp-content\/uploads\/2025\/10\/JCE-1.jpg?resize=525%2C300&ssl=1 1.5x, https:\/\/i0.wp.com\/lasprimeras.com.do\/wp-content\/uploads\/2025\/10\/JCE-1.jpg?resize=700%2C400&ssl=1 2x"},"classes":[]},{"id":135077,"url":"https:\/\/lasprimeras.com.do\/index.php\/2026\/07\/19\/br-rechaza-embargo-a-cuentas-de-jce-por-caso-latin-events-organo-electoral-interpone-recurso-de-apelacion\/","url_meta":{"origin":134805,"position":1},"title":"BR rechaza embargo a cuentas de JCE por caso Latin Events; \u00f3rgano electoral interpone recurso de apelaci\u00f3n\u00a0\u00a0\u00a0","author":"Nelson Feliz","date":"19 de julio de 2026","format":false,"excerpt":"Santo Domingo.-\u00a0\u00a0El Banco de Reservas rechaz\u00f3 la solicitud de embargo a los fondos de la Junta Central Electoral, en virtud de la Ley 86-11 y la sentencia 0048-2015 del Tribunal Constitucional, que establece que las entidades de intermediaci\u00f3n financiera est\u00e1n impedidas de inmovilizar fondos p\u00fablicos, salvo que se trate de\u2026","rel":"","context":"En \u00abECONOM\u00cdA\u00bb","block_context":{"text":"ECONOM\u00cdA","link":"https:\/\/lasprimeras.com.do\/index.php\/category\/economia\/"},"img":{"alt_text":"","src":"https:\/\/i0.wp.com\/lasprimeras.com.do\/wp-content\/uploads\/2025\/10\/JCE-1.jpg?resize=350%2C200&ssl=1","width":350,"height":200,"srcset":"https:\/\/i0.wp.com\/lasprimeras.com.do\/wp-content\/uploads\/2025\/10\/JCE-1.jpg?resize=350%2C200&ssl=1 1x, https:\/\/i0.wp.com\/lasprimeras.com.do\/wp-content\/uploads\/2025\/10\/JCE-1.jpg?resize=525%2C300&ssl=1 1.5x, https:\/\/i0.wp.com\/lasprimeras.com.do\/wp-content\/uploads\/2025\/10\/JCE-1.jpg?resize=700%2C400&ssl=1 2x"},"classes":[]},{"id":135766,"url":"https:\/\/lasprimeras.com.do\/index.php\/2026\/07\/27\/jce-anuncia-nuevos-horarios-en-10-centros-de-cedulacion\/","url_meta":{"origin":134805,"position":2},"title":"JCE anuncia nuevos horarios en 10 centros de cedulaci\u00f3n","author":"Nelson Feliz","date":"27 de julio de 2026","format":false,"excerpt":"JCE elimina servicios de madrugada a partir del 1 de agosto Santo Domingo. \u2013 La Junta Central Electoral (JCE) anunci\u00f3 este lunes los nuevos horarios de atenci\u00f3n de los Centros de Cedulaci\u00f3n de Servicio Extendido (anteriormente denominados Centros de Servicios Continuos), los cuales entrar\u00e1n en vigor a partir del 1\u2026","rel":"","context":"En \u00abNACIONALES\u00bb","block_context":{"text":"NACIONALES","link":"https:\/\/lasprimeras.com.do\/index.php\/category\/nacionales\/"},"img":{"alt_text":"","src":"https:\/\/i0.wp.com\/lasprimeras.com.do\/wp-content\/uploads\/2025\/11\/JCE.jpg?resize=350%2C200&ssl=1","width":350,"height":200,"srcset":"https:\/\/i0.wp.com\/lasprimeras.com.do\/wp-content\/uploads\/2025\/11\/JCE.jpg?resize=350%2C200&ssl=1 1x, https:\/\/i0.wp.com\/lasprimeras.com.do\/wp-content\/uploads\/2025\/11\/JCE.jpg?resize=525%2C300&ssl=1 1.5x, https:\/\/i0.wp.com\/lasprimeras.com.do\/wp-content\/uploads\/2025\/11\/JCE.jpg?resize=700%2C400&ssl=1 2x"},"classes":[]},{"id":122362,"url":"https:\/\/lasprimeras.com.do\/index.php\/2026\/02\/16\/jce-emite-reglamento-para-regular-afiliaciones-y-desafiliaciones-en-organizaciones-politicas\/","url_meta":{"origin":134805,"position":3},"title":"JCE emite reglamento para regular afiliaciones y desafiliaciones en organizaciones pol\u00edticas","author":"Nelson Feliz","date":"16 de febrero de 2026","format":false,"excerpt":"La Junta Central Electoral, una vez reciba los registros de afiliados, realizar\u00e1 los cruces pertinentes, para determinar que los mismos cumplen con lo establecido en este art\u00edculo y comunicarlo a las respectivas organizaciones. La Junta Central Electoral (JCE) emiti\u00f3 un reglamento mediante el cual buscan regular las afiliaciones y desafiliaciones\u2026","rel":"","context":"En \u00abNACIONALES\u00bb","block_context":{"text":"NACIONALES","link":"https:\/\/lasprimeras.com.do\/index.php\/category\/nacionales\/"},"img":{"alt_text":"","src":"https:\/\/i0.wp.com\/lasprimeras.com.do\/wp-content\/uploads\/2025\/10\/JCE-1.jpg?resize=350%2C200&ssl=1","width":350,"height":200,"srcset":"https:\/\/i0.wp.com\/lasprimeras.com.do\/wp-content\/uploads\/2025\/10\/JCE-1.jpg?resize=350%2C200&ssl=1 1x, https:\/\/i0.wp.com\/lasprimeras.com.do\/wp-content\/uploads\/2025\/10\/JCE-1.jpg?resize=525%2C300&ssl=1 1.5x, https:\/\/i0.wp.com\/lasprimeras.com.do\/wp-content\/uploads\/2025\/10\/JCE-1.jpg?resize=700%2C400&ssl=1 2x"},"classes":[]},{"id":101901,"url":"https:\/\/lasprimeras.com.do\/index.php\/2025\/06\/29\/jce-este-martes-entra-en-vigor-formato-unico-para-actas-del-estado-civil-y-el-reajuste-de-las-tasas\/","url_meta":{"origin":134805,"position":4},"title":"JCE: \u201cEste martes entra en vigor formato \u00fanico para actas del estado civil y el reajuste de las tasas\u201d","author":"Nelson Feliz","date":"29 de junio de 2025","format":false,"excerpt":"La Junta Central Electoral (JCE) recuerda que este martes 1 de julio de 2025 entra en vigor la Resoluci\u00f3n No. 09-2025 (modificada por la Resoluci\u00f3n No. 14-2025), que establece un \u00fanico formato para las actas de estado civil y el reajuste de las tasas para distintos servicios que ofrece la\u2026","rel":"","context":"En \u00abNACIONALES\u00bb","block_context":{"text":"NACIONALES","link":"https:\/\/lasprimeras.com.do\/index.php\/category\/nacionales\/"},"img":{"alt_text":"","src":"https:\/\/i0.wp.com\/lasprimeras.com.do\/wp-content\/uploads\/2025\/06\/jce-2.jpg?resize=350%2C200&ssl=1","width":350,"height":200,"srcset":"https:\/\/i0.wp.com\/lasprimeras.com.do\/wp-content\/uploads\/2025\/06\/jce-2.jpg?resize=350%2C200&ssl=1 1x, https:\/\/i0.wp.com\/lasprimeras.com.do\/wp-content\/uploads\/2025\/06\/jce-2.jpg?resize=525%2C300&ssl=1 1.5x, https:\/\/i0.wp.com\/lasprimeras.com.do\/wp-content\/uploads\/2025\/06\/jce-2.jpg?resize=700%2C400&ssl=1 2x"},"classes":[]},{"id":137498,"url":"https:\/\/lasprimeras.com.do\/index.php\/2026\/08\/17\/mas-de-1700-personas-de-haina-reciben-servicios-en-operativo-especial-de-la-jce\/","url_meta":{"origin":134805,"position":5},"title":"M\u00e1s de 1,700 personas de Haina reciben servicios en operativo especial de la JCE","author":"Nelson Feliz","date":"17 de agosto de 2026","format":false,"excerpt":"Santo Domingo. \u2013 La Junta Central Electoral (JCE) benefici\u00f3 a 1,762 dominicanos y dominicanas en el municipio Bajos de Haina y sus zonas aleda\u00f1as durante una jornada realizada desde el 04 al 15 de agosto en el marco de la 2da. edici\u00f3n de la \"Semana de los Registros Civiles de\u2026","rel":"","context":"En \u00abNACIONALES\u00bb","block_context":{"text":"NACIONALES","link":"https:\/\/lasprimeras.com.do\/index.php\/category\/nacionales\/"},"img":{"alt_text":"","src":"https:\/\/i0.wp.com\/lasprimeras.com.do\/wp-content\/uploads\/2026\/08\/Haina-3.jpg?resize=350%2C200&ssl=1","width":350,"height":200,"srcset":"https:\/\/i0.wp.com\/lasprimeras.com.do\/wp-content\/uploads\/2026\/08\/Haina-3.jpg?resize=350%2C200&ssl=1 1x, https:\/\/i0.wp.com\/lasprimeras.com.do\/wp-content\/uploads\/2026\/08\/Haina-3.jpg?resize=525%2C300&ssl=1 1.5x, https:\/\/i0.wp.com\/lasprimeras.com.do\/wp-content\/uploads\/2026\/08\/Haina-3.jpg?resize=700%2C400&ssl=1 2x"},"classes":[]}],"jetpack_sharing_enabled":true,"jetpack_featured_media_url":"https:\/\/lasprimeras.com.do\/wp-content\/uploads\/2025\/10\/JCE-1.jpg","_links":{"self":[{"href":"https:\/\/lasprimeras.com.do\/index.php\/wp-json\/wp\/v2\/posts\/134805","targetHints":{"allow":["GET"]}}],"collection":[{"href":"https:\/\/lasprimeras.com.do\/index.php\/wp-json\/wp\/v2\/posts"}],"about":[{"href":"https:\/\/lasprimeras.com.do\/index.php\/wp-json\/wp\/v2\/types\/post"}],"author":[{"embeddable":true,"href":"https:\/\/lasprimeras.com.do\/index.php\/wp-json\/wp\/v2\/users\/10"}],"replies":[{"embeddable":true,"href":"https:\/\/lasprimeras.com.do\/index.php\/wp-json\/wp\/v2\/comments?post=134805"}],"version-history":[{"count":1,"href":"https:\/\/lasprimeras.com.do\/index.php\/wp-json\/wp\/v2\/posts\/134805\/revisions"}],"predecessor-version":[{"id":134806,"href":"https:\/\/lasprimeras.com.do\/index.php\/wp-json\/wp\/v2\/posts\/134805\/revisions\/134806"}],"wp:featuredmedia":[{"embeddable":true,"href":"https:\/\/lasprimeras.com.do\/index.php\/wp-json\/wp\/v2\/media\/111501"}],"wp:attachment":[{"href":"https:\/\/lasprimeras.com.do\/index.php\/wp-json\/wp\/v2\/media?parent=134805"}],"wp:term":[{"taxonomy":"category","embeddable":true,"href":"https:\/\/lasprimeras.com.do\/index.php\/wp-json\/wp\/v2\/categories?post=134805"},{"taxonomy":"post_tag","embeddable":true,"href":"https:\/\/lasprimeras.com.do\/index.php\/wp-json\/wp\/v2\/tags?post=134805"}],"curies":[{"name":"wp","href":"https:\/\/api.w.org\/{rel}","templated":true}]}}