{"id":134816,"date":"2026-07-16T22:32:53","date_gmt":"2026-07-17T02:32:53","guid":{"rendered":"https:\/\/lasprimeras.com.do\/?p=134816"},"modified":"2026-07-16T22:33:33","modified_gmt":"2026-07-17T02:33:33","slug":"abinader-inaugura-la-villa-centroamericana-y-del-caribe-para-los-xxv-juegos-santo-domingo-2026","status":"publish","type":"post","link":"https:\/\/lasprimeras.com.do\/index.php\/2026\/07\/16\/abinader-inaugura-la-villa-centroamericana-y-del-caribe-para-los-xxv-juegos-santo-domingo-2026\/","title":{"rendered":"Abinader inaugura la Villa Centroamericana y del Caribe para los XXV Juegos Santo Domingo 2026"},"content":{"rendered":"\n<p class=\"wp-block-paragraph\"><strong>El jefe de Estado manifest\u00f3 que su mayor aspiraci\u00f3n es que la Rep\u00fablica Dominicana obtenga \u201cla medalla de la hospitalidad\u201d.<\/strong><\/p>\n\n\n\n<p class=\"wp-block-paragraph\"><strong>Santo Domingo Este.\u2013 <\/strong>El presidente Luis Abinader inaugur\u00f3 este jueves la Villa Centroamericana y del Caribe, el moderno complejo habitacional que alojar\u00e1 a los atletas y oficiales participantes en los XXV Juegos Centroamericanos y del Caribe Santo Domingo 2026.<\/p>\n\n\n\n<p class=\"wp-block-paragraph\">Ubicada en Ciudad Juan Bosch, en el municipio de Santo Domingo Este, la Villa representa uno de los principales legados de la organizaci\u00f3n de los juegos y simboliza el compromiso del pa\u00eds con la excelencia deportiva y el desarrollo urbano sostenible.<\/p>\n\n\n\n<p class=\"wp-block-paragraph\">Al pronunciar algunas palabras, el presidente Abinader expres\u00f3 su deseo de que todos los atletas disfruten de una estad\u00eda c\u00f3moda y agradable, reafirmando la tradici\u00f3n de hospitalidad que caracteriza a la Rep\u00fablica Dominicana como naci\u00f3n anfitriona.<\/p>\n\n\n\n<p class=\"wp-block-paragraph\">Asimismo, el presidente Abinader exhort\u00f3 a los atletas dominicanos a representar al pa\u00eds con orgullo, disciplina y buen comportamiento, al se\u00f1alar que adem\u00e1s de competir por las medallas, tambi\u00e9n son anfitriones del evento.<\/p>\n\n\n\n<p class=\"wp-block-paragraph\">Indic\u00f3 que la delegaci\u00f3n nacional se encuentra motivada e inspirada para alcanzar la mayor cantidad posible de preseas, aunque enfatiz\u00f3 que lo m\u00e1s importante es que prevalezca una competencia sana entre pa\u00edses hermanos.<\/p>\n\n\n\n<p class=\"wp-block-paragraph\">El jefe de Estado manifest\u00f3 que su mayor aspiraci\u00f3n es que la Rep\u00fablica Dominicana obtenga \u201cla medalla de la hospitalidad\u201d, demostrando eficiencia y una organizaci\u00f3n ejemplar durante el desarrollo de los juegos.<\/p>\n\n\n\n<figure class=\"wp-block-image size-full\"><img decoding=\"async\" width=\"1000\" height=\"666\" src=\"https:\/\/lasprimeras.com.do\/wp-content\/uploads\/2026\/07\/centroamericanos.jpg\" alt=\"\" class=\"wp-image-134818\" srcset=\"https:\/\/lasprimeras.com.do\/wp-content\/uploads\/2026\/07\/centroamericanos.jpg 1000w, https:\/\/lasprimeras.com.do\/wp-content\/uploads\/2026\/07\/centroamericanos-300x200.jpg 300w, https:\/\/lasprimeras.com.do\/wp-content\/uploads\/2026\/07\/centroamericanos-768x511.jpg 768w\" sizes=\"(max-width: 1000px) 100vw, 1000px\" \/><\/figure>\n\n\n\n<p class=\"wp-block-paragraph\"><strong>Capacidad de los espacios<\/strong><\/p>\n\n\n\n<p class=\"wp-block-paragraph\">El complejo tiene capacidad para albergar a m\u00e1s de 7.200 personas, entre atletas y oficiales de 37 naciones de Centroam\u00e9rica y el Caribe. Est\u00e1 estructurado en cinco bloques identificados con destacados destinos tur\u00edsticos dominicanos: Pedernales, Punta Cana, Saman\u00e1, Montecristi y Puerto Plata.<\/p>\n\n\n\n<p class=\"wp-block-paragraph\">Esta concepci\u00f3n busca proyectar ante los visitantes regionales la riqueza cultural y tur\u00edstica de la Rep\u00fablica Dominicana.<\/p>\n\n\n\n<p class=\"wp-block-paragraph\"><strong>3,600 habitaciones y 1,200 apartamentos<\/strong><\/p>\n\n\n\n<p class=\"wp-block-paragraph\">La villa tiene 3,600 habitaciones, 150 edificios y 1,200 apartamentos. Cada edificio consta de ocho apartamentos de tres habitaciones con habitaci\u00f3n principal con walking closet, dos ba\u00f1os en total y \u00e1rea de lavado.<\/p>\n\n\n\n<p class=\"wp-block-paragraph\">Asimismo, cuenta con comedor con capacidad para 2,200 personas, centro de salud, policl\u00ednica, centro de dopaje, gimnasio con capacidad para 150 personas simult\u00e1neamente, cuatro salones de reuniones, dos \u00e1reas de entretenimiento con cine con capacidad para 100 personas, \u00e1reas recreativas con billar, videojuegos y mini f\u00fatbol para 150 personas.<\/p>\n\n\n\n<p class=\"wp-block-paragraph\">La policl\u00ednica de la villa representa uno de los legados m\u00e1s innovadores de los juegos, al convertirse en la primera instalaci\u00f3n de su tipo en la historia del evento con una infraestructura m\u00e9dica integral dentro de la villa de los atletas.<\/p>\n","protected":false},"excerpt":{"rendered":"<p>El jefe de Estado manifest\u00f3 que su mayor aspiraci\u00f3n es que la Rep\u00fablica Dominicana obtenga \u201cla medalla de la hospitalidad\u201d. Santo Domingo Este.\u2013 El presidente Luis Abinader inaugur\u00f3 este jueves&hellip;<\/p>\n","protected":false},"author":10,"featured_media":134817,"comment_status":"open","ping_status":"open","sticky":false,"template":"","format":"standard","meta":{"content-type":"","_jetpack_newsletter_access":"","_jetpack_dont_email_post_to_subs":false,"_jetpack_newsletter_tier_id":0,"_jetpack_memberships_contains_paywalled_content":false,"_jetpack_feature_clip_id":0,"_jetpack_memberships_contains_paid_content":false,"footnotes":"","jetpack_post_was_ever_published":false},"categories":[630,25],"tags":[259,67,35040,35041],"class_list":["post-134816","post","type-post","status-publish","format-standard","has-post-thumbnail","hentry","category-deportes","category-portada","tag-caribe","tag-luis-abinader","tag-villa-centroamericana","tag-xxv-juegos-santo-domingo-2026"],"jetpack-related-posts":[{"id":135561,"url":"https:\/\/lasprimeras.com.do\/index.php\/2026\/07\/25\/presidente-abinader-deja-abiertos-los-xxv-juegos-centroamericanos-y-del-caribe-santo-domingo-2026\/","url_meta":{"origin":134816,"position":0},"title":"Presidente Abinader deja abiertos los XXV Juegos Centroamericanos y del Caribe Santo Domingo 2026","author":"Nelson Feliz","date":"25 de julio de 2026","format":false,"excerpt":"Comit\u00e9 organizador agradece firme apoyo del Gobierno para la celebraci\u00f3n de esta justa deportiva 85% de las competencias deportivas tienen entrada gratuita para acercar el deporte a toda la poblaci\u00f3n Santo Domingo, DN. - Con una impresionante ceremonia inaugural con despliegue de luces y uso de tecnolog\u00eda, y la presencia\u2026","rel":"","context":"En \u00abPORTADA\u00bb","block_context":{"text":"PORTADA","link":"https:\/\/lasprimeras.com.do\/index.php\/category\/portada\/"},"img":{"alt_text":"","src":"https:\/\/i0.wp.com\/lasprimeras.com.do\/wp-content\/uploads\/2026\/07\/Luis-Juegos-1.jpg?resize=350%2C200&ssl=1","width":350,"height":200,"srcset":"https:\/\/i0.wp.com\/lasprimeras.com.do\/wp-content\/uploads\/2026\/07\/Luis-Juegos-1.jpg?resize=350%2C200&ssl=1 1x, https:\/\/i0.wp.com\/lasprimeras.com.do\/wp-content\/uploads\/2026\/07\/Luis-Juegos-1.jpg?resize=525%2C300&ssl=1 1.5x, https:\/\/i0.wp.com\/lasprimeras.com.do\/wp-content\/uploads\/2026\/07\/Luis-Juegos-1.jpg?resize=700%2C400&ssl=1 2x"},"classes":[]},{"id":111853,"url":"https:\/\/lasprimeras.com.do\/index.php\/2025\/10\/13\/abinader-dice-rd-hara-historia-con-los-xxv-juegos-centroamericanos-y-del-caribe-2026\/","url_meta":{"origin":134816,"position":1},"title":"Abinader dice RD har\u00e1 historia con los XXV Juegos Centroamericanos y del Caribe 2026","author":"Nelson Feliz","date":"13 de octubre de 2025","format":false,"excerpt":"Ministro de Deportes, Kelvin Cruz, dice Gobierno invierte m\u00e1s de RD$5 mil millones en infraestructuras deportivas a nivel nacional El presidente Luis Abinader asegur\u00f3 este lunes que la Rep\u00fablica Dominicana har\u00e1 historia con la celebraci\u00f3n de los Juegos Centroamericanos y del Caribe 2026, el evento deportivo m\u00e1s importante de la\u2026","rel":"","context":"En \u00abDEPORTES\u00bb","block_context":{"text":"DEPORTES","link":"https:\/\/lasprimeras.com.do\/index.php\/category\/deportes\/"},"img":{"alt_text":"","src":"https:\/\/i0.wp.com\/lasprimeras.com.do\/wp-content\/uploads\/2025\/10\/Luis-Abinader-1-1.jpg?resize=350%2C200&ssl=1","width":350,"height":200,"srcset":"https:\/\/i0.wp.com\/lasprimeras.com.do\/wp-content\/uploads\/2025\/10\/Luis-Abinader-1-1.jpg?resize=350%2C200&ssl=1 1x, https:\/\/i0.wp.com\/lasprimeras.com.do\/wp-content\/uploads\/2025\/10\/Luis-Abinader-1-1.jpg?resize=525%2C300&ssl=1 1.5x, https:\/\/i0.wp.com\/lasprimeras.com.do\/wp-content\/uploads\/2025\/10\/Luis-Abinader-1-1.jpg?resize=700%2C400&ssl=1 2x"},"classes":[]},{"id":135167,"url":"https:\/\/lasprimeras.com.do\/index.php\/2026\/07\/21\/abinader-inaugura-pabellones-de-voleibol-y-taekwondo-en-centro-olimpico\/","url_meta":{"origin":134816,"position":2},"title":"Abinader inaugura pabellones de voleibol y taekwondo en Centro Ol\u00edmpico","author":"Nelson Feliz","date":"21 de julio de 2026","format":false,"excerpt":"Realiza recorrido de supervisi\u00f3n en instalaciones deportivas del recinto, previo a inicio de XXV Juegos Centroamericanos y del Caribe Santo Domingo 2026. Entrega de bandera a delegaci\u00f3n Dominicana Santo Domingo. - A solo cuatro d\u00edas del inicio de los XXV Juegos Centroamericanos y del Caribe Santo Domingo 2026, el mayor\u2026","rel":"","context":"En \u00abPORTADA\u00bb","block_context":{"text":"PORTADA","link":"https:\/\/lasprimeras.com.do\/index.php\/category\/portada\/"},"img":{"alt_text":"","src":"https:\/\/i0.wp.com\/lasprimeras.com.do\/wp-content\/uploads\/2026\/07\/Luis-Abinader-ina-1.jpg?resize=350%2C200&ssl=1","width":350,"height":200,"srcset":"https:\/\/i0.wp.com\/lasprimeras.com.do\/wp-content\/uploads\/2026\/07\/Luis-Abinader-ina-1.jpg?resize=350%2C200&ssl=1 1x, https:\/\/i0.wp.com\/lasprimeras.com.do\/wp-content\/uploads\/2026\/07\/Luis-Abinader-ina-1.jpg?resize=525%2C300&ssl=1 1.5x, https:\/\/i0.wp.com\/lasprimeras.com.do\/wp-content\/uploads\/2026\/07\/Luis-Abinader-ina-1.jpg?resize=700%2C400&ssl=1 2x"},"classes":[]},{"id":137987,"url":"https:\/\/lasprimeras.com.do\/index.php\/2026\/08\/24\/presidente-abinader-es-reconocido-por-su-vision-y-aportes-al-exito-de-los-xxv-juegos-centroamericanos\/","url_meta":{"origin":134816,"position":3},"title":"Presidente Abinader es reconocido por su visi\u00f3n y aportes al \u00e9xito de los XXV Juegos Centroamericanos","author":"Nelson Feliz","date":"24 de agosto de 2026","format":false,"excerpt":"Resaltan el legado dejado por la celebraci\u00f3n de los juegos en instalaciones deportivas aptas para albergar competiciones mundiales de categor\u00eda ol\u00edmpica y partidos de la NBA. Santo Domingo.- El presidente Luis Abinader recibi\u00f3 un reconocimiento especial por su liderazgo, visi\u00f3n y los aportes decisivos que garantizaron el \u00e9xito de los\u2026","rel":"","context":"En \u00abDEPORTES\u00bb","block_context":{"text":"DEPORTES","link":"https:\/\/lasprimeras.com.do\/index.php\/category\/deportes\/"},"img":{"alt_text":"","src":"https:\/\/i0.wp.com\/lasprimeras.com.do\/wp-content\/uploads\/2026\/08\/Imagen-48.png?resize=350%2C200&ssl=1","width":350,"height":200,"srcset":"https:\/\/i0.wp.com\/lasprimeras.com.do\/wp-content\/uploads\/2026\/08\/Imagen-48.png?resize=350%2C200&ssl=1 1x, https:\/\/i0.wp.com\/lasprimeras.com.do\/wp-content\/uploads\/2026\/08\/Imagen-48.png?resize=525%2C300&ssl=1 1.5x, https:\/\/i0.wp.com\/lasprimeras.com.do\/wp-content\/uploads\/2026\/08\/Imagen-48.png?resize=700%2C400&ssl=1 2x, https:\/\/i0.wp.com\/lasprimeras.com.do\/wp-content\/uploads\/2026\/08\/Imagen-48.png?resize=1050%2C600&ssl=1 3x"},"classes":[]},{"id":136893,"url":"https:\/\/lasprimeras.com.do\/index.php\/2026\/08\/07\/presidente-de-honduras-elogia-a-luis-abinader-por-el-exito-de-los-juegos-2026\/","url_meta":{"origin":134816,"position":4},"title":"Presidente de Honduras elogia a Luis Abinader por el \u00e9xito de los Juegos 2026","author":"Nelson Feliz","date":"7 de agosto de 2026","format":false,"excerpt":"Durante un encuentro celebrado en Cali, Colombia, el mandatario hondure\u00f1o solicit\u00f3 al presidente Abinader la colaboraci\u00f3n de la Rep\u00fablica Dominicana para la organizaci\u00f3n de los Juegos Centroamericanos y del Caribe 2029, que tendr\u00e1n como sede a Honduras. Cali, Colombia.- El presidente de la Rep\u00fablica de Honduras, Nasry Asfura, felicit\u00f3 al\u2026","rel":"","context":"En \u00abDEPORTES\u00bb","block_context":{"text":"DEPORTES","link":"https:\/\/lasprimeras.com.do\/index.php\/category\/deportes\/"},"img":{"alt_text":"Nasry Asfura","src":"https:\/\/i0.wp.com\/lasprimeras.com.do\/wp-content\/uploads\/2026\/08\/Nasry-Asfura-1.jpg?resize=350%2C200&ssl=1","width":350,"height":200,"srcset":"https:\/\/i0.wp.com\/lasprimeras.com.do\/wp-content\/uploads\/2026\/08\/Nasry-Asfura-1.jpg?resize=350%2C200&ssl=1 1x, https:\/\/i0.wp.com\/lasprimeras.com.do\/wp-content\/uploads\/2026\/08\/Nasry-Asfura-1.jpg?resize=525%2C300&ssl=1 1.5x, https:\/\/i0.wp.com\/lasprimeras.com.do\/wp-content\/uploads\/2026\/08\/Nasry-Asfura-1.jpg?resize=700%2C400&ssl=1 2x"},"classes":[]},{"id":128275,"url":"https:\/\/lasprimeras.com.do\/index.php\/2026\/04\/21\/presidente-abinader-las-instalaciones-de-los-juegos-centroamericanos-2026-estan-al-90\/","url_meta":{"origin":134816,"position":5},"title":"Presidente Abinader: las instalaciones de los Juegos Centroamericanos 2026 est\u00e1n al 90%","author":"Nelson Feliz","date":"21 de abril de 2026","format":false,"excerpt":"El ministro de Deportes, Kelvin Cruz, calific\u00f3 como extraordinario el apoyo recibido del Gobierno del presidente Abinader, destacando su respaldo constante al deporte y la juventud El presidente Luis Abinader supervis\u00f3 este martes los avances en las instalaciones deportivas del Centro Ol\u00edmpico Juan Pablo Duarte que albergar\u00e1n los XXV Juegos\u2026","rel":"","context":"En \u00abDEPORTES\u00bb","block_context":{"text":"DEPORTES","link":"https:\/\/lasprimeras.com.do\/index.php\/category\/deportes\/"},"img":{"alt_text":"","src":"https:\/\/i0.wp.com\/lasprimeras.com.do\/wp-content\/uploads\/2026\/04\/luiss-1.jpg?resize=350%2C200&ssl=1","width":350,"height":200,"srcset":"https:\/\/i0.wp.com\/lasprimeras.com.do\/wp-content\/uploads\/2026\/04\/luiss-1.jpg?resize=350%2C200&ssl=1 1x, https:\/\/i0.wp.com\/lasprimeras.com.do\/wp-content\/uploads\/2026\/04\/luiss-1.jpg?resize=525%2C300&ssl=1 1.5x, https:\/\/i0.wp.com\/lasprimeras.com.do\/wp-content\/uploads\/2026\/04\/luiss-1.jpg?resize=700%2C400&ssl=1 2x"},"classes":[]}],"jetpack_sharing_enabled":true,"jetpack_featured_media_url":"https:\/\/lasprimeras.com.do\/wp-content\/uploads\/2026\/07\/villa-juegos.jpg","_links":{"self":[{"href":"https:\/\/lasprimeras.com.do\/index.php\/wp-json\/wp\/v2\/posts\/134816","targetHints":{"allow":["GET"]}}],"collection":[{"href":"https:\/\/lasprimeras.com.do\/index.php\/wp-json\/wp\/v2\/posts"}],"about":[{"href":"https:\/\/lasprimeras.com.do\/index.php\/wp-json\/wp\/v2\/types\/post"}],"author":[{"embeddable":true,"href":"https:\/\/lasprimeras.com.do\/index.php\/wp-json\/wp\/v2\/users\/10"}],"replies":[{"embeddable":true,"href":"https:\/\/lasprimeras.com.do\/index.php\/wp-json\/wp\/v2\/comments?post=134816"}],"version-history":[{"count":1,"href":"https:\/\/lasprimeras.com.do\/index.php\/wp-json\/wp\/v2\/posts\/134816\/revisions"}],"predecessor-version":[{"id":134819,"href":"https:\/\/lasprimeras.com.do\/index.php\/wp-json\/wp\/v2\/posts\/134816\/revisions\/134819"}],"wp:featuredmedia":[{"embeddable":true,"href":"https:\/\/lasprimeras.com.do\/index.php\/wp-json\/wp\/v2\/media\/134817"}],"wp:attachment":[{"href":"https:\/\/lasprimeras.com.do\/index.php\/wp-json\/wp\/v2\/media?parent=134816"}],"wp:term":[{"taxonomy":"category","embeddable":true,"href":"https:\/\/lasprimeras.com.do\/index.php\/wp-json\/wp\/v2\/categories?post=134816"},{"taxonomy":"post_tag","embeddable":true,"href":"https:\/\/lasprimeras.com.do\/index.php\/wp-json\/wp\/v2\/tags?post=134816"}],"curies":[{"name":"wp","href":"https:\/\/api.w.org\/{rel}","templated":true}]}}