{"id":134844,"date":"2026-07-17T07:15:48","date_gmt":"2026-07-17T11:15:48","guid":{"rendered":"https:\/\/lasprimeras.com.do\/?p=134844"},"modified":"2026-07-17T07:15:50","modified_gmt":"2026-07-17T11:15:50","slug":"inadmisibles-en-eua-solicitantes-residencia-puedan-convertirse-en-carga-publica","status":"publish","type":"post","link":"https:\/\/lasprimeras.com.do\/index.php\/2026\/07\/17\/inadmisibles-en-eua-solicitantes-residencia-puedan-convertirse-en-carga-publica\/","title":{"rendered":"Inadmisibles en EUA solicitantes residencia puedan convertirse en carga p\u00fablica"},"content":{"rendered":"\n<p class=\"wp-block-paragraph\">Medida afectar\u00eda dominicanos que piden familiares<\/p>\n\n\n\n<p class=\"wp-block-paragraph\">Por Ram\u00f3n Mercedes<\/p>\n\n\n\n<p class=\"wp-block-paragraph\">NUEVA YORK.- De acuerdo con la Ley de Inmigraci\u00f3n y Nacionalidad (INA), todo extranjero que solicite una visa o la residencia y pueda convertirse en una carga p\u00fablica puede ser declarado inadmisible en Estados Unidos.<\/p>\n\n\n\n<p class=\"wp-block-paragraph\">Entre los posibles afectados figuran dominicanos que tramitan la residencia por petici\u00f3n de un familiar o de su prometido(a), y cuya situaci\u00f3n econ\u00f3mica o dependencia de ciertos programas de asistencia p\u00fablica pudiera influir en la evaluaci\u00f3n de su caso, conforme a las disposiciones migratorias aplicables.<\/p>\n\n\n\n<p class=\"wp-block-paragraph\">La regla de carga p\u00fablica, implementada por la administraci\u00f3n de Joe Biden en 2022, ser\u00e1 derogada a partir del 18 de septiembre, confirm\u00f3 el Departamento de Seguridad Nacional (DHS).<\/p>\n\n\n\n<p class=\"wp-block-paragraph\">Con este cambio, la administraci\u00f3n del presidente Donald Trump busca alinear la pol\u00edtica migratoria con el mandato del Congreso de que los extranjeros sean autosuficientes y no dependan de beneficios pagados por los contribuyentes.<\/p>\n\n\n\n<p class=\"wp-block-paragraph\">Para determinar si alguien puede convertirse en una carga p\u00fablica, el Servicio de Ciudadan\u00eda e Inmigraci\u00f3n de Estados Unidos (USCIS) eval\u00faa factores como la edad, el estado de salud f\u00edsica y mental, educaci\u00f3n, habilidades, nivel acad\u00e9mico, capacidad laboral y situaci\u00f3n financiera, incluidos ingresos, bienes y recursos disponibles.<\/p>\n\n\n\n<p class=\"wp-block-paragraph\">Asimismo, los oficiales de inmigraci\u00f3n pueden considerar si el solicitante recibe beneficios p\u00fablicos, como servicios de Home Attendant, Medicaid financiado con fondos federales, el Programa de Asistencia Nutricional Suplementaria (SNAP), conocido como CalFresh en California, vivienda p\u00fablica federal o ayudas para el pago de alquiler, como las de la Secci\u00f3n 8.<\/p>\n\n\n\n<p class=\"wp-block-paragraph\">\u201cLa administraci\u00f3n del presidente Trump est\u00e1 defendiendo el estado de derecho y protegiendo a los contribuyentes estadounidenses de subsidiar a extranjeros que puedan volverse dependientes de beneficios p\u00fablicos.\u201d<\/p>\n\n\n\n<p class=\"wp-block-paragraph\">USCIS tambi\u00e9n inform\u00f3 que publicar\u00e1 una versi\u00f3n actualizada del Formulario I-485, utilizado para solicitar la residencia permanente o el ajuste de estatus.<\/p>\n\n\n\n<p class=\"wp-block-paragraph\">Adem\u00e1s, precis\u00f3 que la prueba de carga p\u00fablica no se aplica al proceso de naturalizaci\u00f3n para convertirse en ciudadano estadounidense.<\/p>\n\n\n\n<p class=\"wp-block-paragraph\">La agencia se\u00f1ala que la determinaci\u00f3n de carga p\u00fablica se hace caso por caso, considerando el conjunto de circunstancias del solicitante.<\/p>\n\n\n\n<p class=\"wp-block-paragraph\">USCIS dijo que habr\u00e1 m\u00e1s informaci\u00f3n sobre la implementaci\u00f3n de la nueva pol\u00edtica, as\u00ed que recomiendan estar pendientes de las instrucciones oficiales antes de someter una solicitud de residencia.<\/p>\n\n\n\n<p class=\"wp-block-paragraph\">Expertos aconsejan consultar con un abogado de inmigraci\u00f3n o representante acreditado antes de iniciar o continuar cualquier tr\u00e1mite, para entender c\u00f3mo estos cambios podr\u00edan afectar su caso en particular.<\/p>\n","protected":false},"excerpt":{"rendered":"<p>Medida afectar\u00eda dominicanos que piden familiares Por Ram\u00f3n Mercedes NUEVA YORK.- De acuerdo con la Ley de Inmigraci\u00f3n y Nacionalidad (INA), todo extranjero que solicite una visa o la residencia&hellip;<\/p>\n","protected":false},"author":10,"featured_media":134845,"comment_status":"open","ping_status":"open","sticky":false,"template":"","format":"standard","meta":{"content-type":"","_jetpack_newsletter_access":"","_jetpack_dont_email_post_to_subs":false,"_jetpack_newsletter_tier_id":0,"_jetpack_memberships_contains_paywalled_content":false,"_jetpack_feature_clip_id":0,"_jetpack_memberships_contains_paid_content":false,"footnotes":"","jetpack_post_was_ever_published":false},"categories":[25580],"tags":[17738,6267,99],"class_list":["post-134844","post","type-post","status-publish","format-standard","has-post-thumbnail","hentry","category-la-voz-de-la-diaspora","tag-eua","tag-inadmisible","tag-residencia"],"jetpack-related-posts":[{"id":114162,"url":"https:\/\/lasprimeras.com.do\/index.php\/2025\/11\/11\/dominicanos-ny-se-quejan-por-nuevas-medidas-eua-para-otorgar-residencia-a-inmigrantes\/","url_meta":{"origin":134844,"position":0},"title":"Dominicanos NY se quejan por nuevas medidas EUA para otorgar residencia a inmigrantes","author":"Nelson Feliz","date":"11 de noviembre de 2025","format":false,"excerpt":"Por Ram\u00f3n Mercedes NUEVA YORK.- Dominicanos en el Alto Manhattan y El Bronx se quejan amargamente por las nuevas medidas a implementar por el Gobierno de Estados Unidos al ordenar a las autoridades de inmigraci\u00f3n considerar inelegibles para residencia a inmigrantes con problemas de salud, como la obesidad y de\u2026","rel":"","context":"En \u00abLA VOZ DE LA DIASPORA\u00bb","block_context":{"text":"LA VOZ DE LA DIASPORA","link":"https:\/\/lasprimeras.com.do\/index.php\/category\/la-voz-de-la-diaspora\/"},"img":{"alt_text":"","src":"https:\/\/i0.wp.com\/lasprimeras.com.do\/wp-content\/uploads\/2025\/11\/WhatsApp-Image-2025-11-11-at-6.12.29-AM-2.jpeg?resize=350%2C200&ssl=1","width":350,"height":200,"srcset":"https:\/\/i0.wp.com\/lasprimeras.com.do\/wp-content\/uploads\/2025\/11\/WhatsApp-Image-2025-11-11-at-6.12.29-AM-2.jpeg?resize=350%2C200&ssl=1 1x, https:\/\/i0.wp.com\/lasprimeras.com.do\/wp-content\/uploads\/2025\/11\/WhatsApp-Image-2025-11-11-at-6.12.29-AM-2.jpeg?resize=525%2C300&ssl=1 1.5x"},"classes":[]},{"id":121211,"url":"https:\/\/lasprimeras.com.do\/index.php\/2026\/01\/30\/tribunal-declara-inadmisible-solicitud-de-nuevo-peritaje-en-caso-jet-set\/","url_meta":{"origin":134844,"position":1},"title":"Tribunal declara inadmisible solicitud de nuevo peritaje en Caso Jet Set","author":"Nelson Feliz","date":"30 de enero de 2026","format":false,"excerpt":"Establece que el Ministerio P\u00fablico ya cubri\u00f3 el prop\u00f3sito de ese pedimento, al realizar un informe pericial como parte de la etapa preparatoria. El Primer Juzgado de Instrucci\u00f3n del Distrito Nacional rechaz\u00f3 autorizar un peritaje particular en el Caso del Jet Set, como solicitaron los hermanos Antonio y Maribel Espaillat,\u2026","rel":"","context":"En \u00abJUSTICIA\u00bb","block_context":{"text":"JUSTICIA","link":"https:\/\/lasprimeras.com.do\/index.php\/category\/justicia\/"},"img":{"alt_text":"Antonio Espaillat y su hermana, Maribel, durante un acto de conducencia a audiencia","src":"https:\/\/i0.wp.com\/lasprimeras.com.do\/wp-content\/uploads\/2025\/06\/Antonio-Espaillat-y-su-hermana-Maribel-durante-un-acto-de-conducencia-a-audiencia.jpeg?resize=350%2C200&ssl=1","width":350,"height":200,"srcset":"https:\/\/i0.wp.com\/lasprimeras.com.do\/wp-content\/uploads\/2025\/06\/Antonio-Espaillat-y-su-hermana-Maribel-durante-un-acto-de-conducencia-a-audiencia.jpeg?resize=350%2C200&ssl=1 1x, https:\/\/i0.wp.com\/lasprimeras.com.do\/wp-content\/uploads\/2025\/06\/Antonio-Espaillat-y-su-hermana-Maribel-durante-un-acto-de-conducencia-a-audiencia.jpeg?resize=525%2C300&ssl=1 1.5x, https:\/\/i0.wp.com\/lasprimeras.com.do\/wp-content\/uploads\/2025\/06\/Antonio-Espaillat-y-su-hermana-Maribel-durante-un-acto-de-conducencia-a-audiencia.jpeg?resize=700%2C400&ssl=1 2x"},"classes":[]},{"id":59055,"url":"https:\/\/lasprimeras.com.do\/index.php\/2023\/08\/30\/declaran-inadmisible-recurso-interpuesto-por-rosario-piron-imputado-en-coral-y-coral-5g-para-retiro-de-grillete\/","url_meta":{"origin":134844,"position":2},"title":"Declaran inadmisible recurso interpuesto por Rosario Pir\u00f3n, imputado en Coral y Coral 5G, para retiro de grillete","author":"Nelson Feliz","date":"30 de agosto de 2023","format":false,"excerpt":"La Segunda Sala Penal de la Corte de Apelaci\u00f3n del Distrito Nacional declar\u00f3 inadmisible este martes un recurso de apelaci\u00f3n para retiro de grillete electr\u00f3nico interpuesto por Jos\u00e9 Manuel Rosario Pir\u00f3n, acusado de incurrir en corrupci\u00f3n administrativa en el expediente de las operaciones Coral y Coral 5G Al acoger la\u2026","rel":"","context":"En \u00abJUSTICIA\u00bb","block_context":{"text":"JUSTICIA","link":"https:\/\/lasprimeras.com.do\/index.php\/category\/justicia\/"},"img":{"alt_text":"","src":"https:\/\/i0.wp.com\/lasprimeras.com.do\/wp-content\/uploads\/2023\/08\/piron.jpeg?resize=350%2C200&ssl=1","width":350,"height":200,"srcset":"https:\/\/i0.wp.com\/lasprimeras.com.do\/wp-content\/uploads\/2023\/08\/piron.jpeg?resize=350%2C200&ssl=1 1x, https:\/\/i0.wp.com\/lasprimeras.com.do\/wp-content\/uploads\/2023\/08\/piron.jpeg?resize=525%2C300&ssl=1 1.5x, https:\/\/i0.wp.com\/lasprimeras.com.do\/wp-content\/uploads\/2023\/08\/piron.jpeg?resize=700%2C400&ssl=1 2x"},"classes":[]},{"id":95883,"url":"https:\/\/lasprimeras.com.do\/index.php\/2025\/03\/21\/seguro-social-eua-depurara-identidad-de-beneficiarios-figuran-millones-dominicanos\/","url_meta":{"origin":134844,"position":3},"title":"Seguro Social EUA depurar\u00e1 identidad de beneficiarios; figuran millones dominicanos","author":"Nelson Feliz","date":"21 de marzo de 2025","format":false,"excerpt":"Por Ram\u00f3n Mercedes NUEVA YORK.- La Administraci\u00f3n de la Seguridad Social (SS) en los Estados Unidos implementar\u00e1 nuevas medidas para verificar la identidad de sus beneficiarios, inform\u00f3 la administraci\u00f3n del presidente Donald Trump\u00b4. Entre los que ser\u00e1n verificados figuran m\u00e1s de dos millones de dominicanos residentes en territorio estadounidense. La\u2026","rel":"","context":"En \u00abSALUD\u00bb","block_context":{"text":"SALUD","link":"https:\/\/lasprimeras.com.do\/index.php\/category\/salud\/"},"img":{"alt_text":"Seguro Social EUA depurar\u00e1 identidad de beneficiarios; figuran millones dominicanos","src":"https:\/\/i0.wp.com\/lasprimeras.com.do\/wp-content\/uploads\/2025\/03\/WhatsApp-Image-2025-03-20-at-5.21.09-AM-2.jpeg?resize=350%2C200&ssl=1","width":350,"height":200,"srcset":"https:\/\/i0.wp.com\/lasprimeras.com.do\/wp-content\/uploads\/2025\/03\/WhatsApp-Image-2025-03-20-at-5.21.09-AM-2.jpeg?resize=350%2C200&ssl=1 1x, https:\/\/i0.wp.com\/lasprimeras.com.do\/wp-content\/uploads\/2025\/03\/WhatsApp-Image-2025-03-20-at-5.21.09-AM-2.jpeg?resize=525%2C300&ssl=1 1.5x, https:\/\/i0.wp.com\/lasprimeras.com.do\/wp-content\/uploads\/2025\/03\/WhatsApp-Image-2025-03-20-at-5.21.09-AM-2.jpeg?resize=700%2C400&ssl=1 2x"},"classes":[]},{"id":98560,"url":"https:\/\/lasprimeras.com.do\/index.php\/2025\/05\/08\/real-id-entro-en-vigor-en-eua-no-poseerlo-significa-no-poder-abordar-vuelos-domesticos\/","url_meta":{"origin":134844,"position":4},"title":"REAL ID entr\u00f3 en vigor en EUA; no poseerlo significa no poder abordar vuelos dom\u00e9sticos","author":"Nelson Feliz","date":"8 de mayo de 2025","format":false,"excerpt":"Por Ram\u00f3n Mercedes NUEVA YORK.- Este mi\u00e9rcoles entr\u00f3 en vigor en Estados Unidos el documento de identificaci\u00f3n REAL ID y no poseerlo significa no poder abordar un vuelo a\u00e9reo a lo interno del territorio estadounidense, ni entrar a ciertas instalaciones federales. El REAL ID es una licencia de conducir o\u2026","rel":"","context":"En \u00abINTERNACIONALES\u00bb","block_context":{"text":"INTERNACIONALES","link":"https:\/\/lasprimeras.com.do\/index.php\/category\/sin-categoria\/internacionales\/"},"img":{"alt_text":"","src":"https:\/\/i0.wp.com\/lasprimeras.com.do\/wp-content\/uploads\/2025\/05\/WhatsApp-Image-2025-05-08-at-9.22.26-AM.jpeg?resize=350%2C200&ssl=1","width":350,"height":200,"srcset":"https:\/\/i0.wp.com\/lasprimeras.com.do\/wp-content\/uploads\/2025\/05\/WhatsApp-Image-2025-05-08-at-9.22.26-AM.jpeg?resize=350%2C200&ssl=1 1x, https:\/\/i0.wp.com\/lasprimeras.com.do\/wp-content\/uploads\/2025\/05\/WhatsApp-Image-2025-05-08-at-9.22.26-AM.jpeg?resize=525%2C300&ssl=1 1.5x"},"classes":[]},{"id":120687,"url":"https:\/\/lasprimeras.com.do\/index.php\/2026\/01\/27\/vicepresidente-pld-califica-fraude-senasa-de-internacional-procuradora-general-rd-debe-investigar-afiliaciones-en-consulados-eua\/","url_meta":{"origin":134844,"position":5},"title":"Vicepresidente PLD califica fraude SeNaSa de internacional; procuradora general RD debe investigar afiliaciones en consulados EUA","author":"Nelson Feliz","date":"27 de enero de 2026","format":false,"excerpt":"https:\/\/www.youtube.com\/watch?v=xn8EoeQu9z0 Por Ram\u00f3n Mercedes SANTO DOMINGO.-El vicepresidente del Partido de la Liberaci\u00f3n Dominicana (PLD), Yv\u00e1n Lorenzo, expres\u00f3 que las autoridades gubernamentales utilizaron de manera inconsulta los datos de dominicanos residentes en el exterior para afiliarlos sin su conocimiento en el Seguro Nacional de Salud (SeNaSa) en Estados Unidos. \u201cEstamos demandando\u2026","rel":"","context":"En \u00abPOLITICA\u00bb","block_context":{"text":"POLITICA","link":"https:\/\/lasprimeras.com.do\/index.php\/category\/politica\/"},"img":{"alt_text":"","src":"https:\/\/i0.wp.com\/lasprimeras.com.do\/wp-content\/uploads\/2026\/01\/Vicepresidente-PLD-califica-fraude-SeNaSa-de-internacional.jpg?resize=350%2C200&ssl=1","width":350,"height":200,"srcset":"https:\/\/i0.wp.com\/lasprimeras.com.do\/wp-content\/uploads\/2026\/01\/Vicepresidente-PLD-califica-fraude-SeNaSa-de-internacional.jpg?resize=350%2C200&ssl=1 1x, https:\/\/i0.wp.com\/lasprimeras.com.do\/wp-content\/uploads\/2026\/01\/Vicepresidente-PLD-califica-fraude-SeNaSa-de-internacional.jpg?resize=525%2C300&ssl=1 1.5x"},"classes":[]}],"jetpack_sharing_enabled":true,"jetpack_featured_media_url":"https:\/\/lasprimeras.com.do\/wp-content\/uploads\/2026\/07\/IMG-20260717-WA0032.jpg","_links":{"self":[{"href":"https:\/\/lasprimeras.com.do\/index.php\/wp-json\/wp\/v2\/posts\/134844","targetHints":{"allow":["GET"]}}],"collection":[{"href":"https:\/\/lasprimeras.com.do\/index.php\/wp-json\/wp\/v2\/posts"}],"about":[{"href":"https:\/\/lasprimeras.com.do\/index.php\/wp-json\/wp\/v2\/types\/post"}],"author":[{"embeddable":true,"href":"https:\/\/lasprimeras.com.do\/index.php\/wp-json\/wp\/v2\/users\/10"}],"replies":[{"embeddable":true,"href":"https:\/\/lasprimeras.com.do\/index.php\/wp-json\/wp\/v2\/comments?post=134844"}],"version-history":[{"count":1,"href":"https:\/\/lasprimeras.com.do\/index.php\/wp-json\/wp\/v2\/posts\/134844\/revisions"}],"predecessor-version":[{"id":134846,"href":"https:\/\/lasprimeras.com.do\/index.php\/wp-json\/wp\/v2\/posts\/134844\/revisions\/134846"}],"wp:featuredmedia":[{"embeddable":true,"href":"https:\/\/lasprimeras.com.do\/index.php\/wp-json\/wp\/v2\/media\/134845"}],"wp:attachment":[{"href":"https:\/\/lasprimeras.com.do\/index.php\/wp-json\/wp\/v2\/media?parent=134844"}],"wp:term":[{"taxonomy":"category","embeddable":true,"href":"https:\/\/lasprimeras.com.do\/index.php\/wp-json\/wp\/v2\/categories?post=134844"},{"taxonomy":"post_tag","embeddable":true,"href":"https:\/\/lasprimeras.com.do\/index.php\/wp-json\/wp\/v2\/tags?post=134844"}],"curies":[{"name":"wp","href":"https:\/\/api.w.org\/{rel}","templated":true}]}}