{"id":134863,"date":"2026-07-17T08:06:11","date_gmt":"2026-07-17T12:06:11","guid":{"rendered":"https:\/\/lasprimeras.com.do\/?p=134863"},"modified":"2026-07-17T08:06:13","modified_gmt":"2026-07-17T12:06:13","slug":"eted-avanza-95-en-proyecto-de-reconduccion-en-puerto-plata","status":"publish","type":"post","link":"https:\/\/lasprimeras.com.do\/index.php\/2026\/07\/17\/eted-avanza-95-en-proyecto-de-reconduccion-en-puerto-plata\/","title":{"rendered":"ETED avanza 95 % en proyecto de reconducci\u00f3n en Puerto Plata"},"content":{"rendered":"\n<p class=\"wp-block-paragraph\">PUERTO PLATA. \u2013 La Empresa de Transmisi\u00f3n El\u00e9ctrica Dominicana (ETED) inform\u00f3 que este s\u00e1bado 18 de julio ejecutar\u00e1 la tercera etapa de los trabajos de reconducci\u00f3n de la l\u00ednea de transmisi\u00f3n de 69 kV Puerto Plata I\u2013Puerto Plata II, una obra destinada a fortalecer la capacidad y confiabilidad del sistema el\u00e9ctrico en la provincia.<\/p>\n\n\n\n<p class=\"wp-block-paragraph\">El proyecto, programado en cuatro jornadas consecutivas de s\u00e1bado, ya complet\u00f3 las intervenciones realizadas los d\u00edas 4 y 11 de julio.<\/p>\n\n\n\n<p class=\"wp-block-paragraph\">Actualmente registra un 95 % de avance en estructuras y apoyos, mientras que la reconducci\u00f3n de la l\u00ednea alcanza un 35 % de ejecuci\u00f3n.<\/p>\n\n\n\n<p class=\"wp-block-paragraph\">Las labores se desarrollar\u00e1n de 7:00 de la ma\u00f1ana a 4:00 de la tarde en el tramo de la avenida Manolo Tav\u00e1rez Justo, desde la avenida Penetraci\u00f3n Portuaria hasta la entrada de la Subestaci\u00f3n Puerto Plata II, en el sector San Marcos.<\/p>\n\n\n\n<p class=\"wp-block-paragraph\"><strong>MAYOR CAPACIDAD Y CONFIABILIDAD<\/strong><\/p>\n\n\n\n<p class=\"wp-block-paragraph\">La reconducci\u00f3n consiste en sustituir los conductores actuales por otros de mayor capacidad, lo que permitir\u00e1 incrementar el transporte de energ\u00eda, mejorar la confiabilidad de la red y responder al crecimiento de la demanda el\u00e9ctrica en la zona.<\/p>\n\n\n\n<p class=\"wp-block-paragraph\">Seg\u00fan la ETED, la obra constituye un refuerzo estrat\u00e9gico para Puerto Plata, una provincia con gran actividad tur\u00edstica, comercial y portuaria, al garantizar un sistema de transmisi\u00f3n m\u00e1s robusto para apoyar el desarrollo econ\u00f3mico y las inversiones.<\/p>\n\n\n\n<p class=\"wp-block-paragraph\"><strong>INTERRUPCIONES PROGRAMADAS<\/strong><\/p>\n\n\n\n<p class=\"wp-block-paragraph\">Para ejecutar los trabajos ser\u00e1 necesario suspender temporalmente el servicio el\u00e9ctrico en varios sectores de Puerto Plata, entre ellos Cristo Rey, Padre Las Casas, Montemar, Los Mameyes, Ensanche Dubeaux, Florida, Arco\u00edris y Gregorio Luper\u00f3n.<\/p>\n\n\n\n<p class=\"wp-block-paragraph\">Adem\u00e1s, se realizar\u00e1 un mantenimiento mayor en la subestaci\u00f3n Puerto Plata II\u2013Barra, de 8:00 de la ma\u00f1ana a 4:00 de la tarde, afectando comunidades como Cofres\u00ed, Sos\u00faa, San Marcos, Imbert, San Felipe, Maim\u00f3n y El Cupey.<\/p>\n\n\n\n<p class=\"wp-block-paragraph\">El vicepresidente ejecutivo de la ETED, Alfonso Rodr\u00edguez Tejada, afirm\u00f3 que estas acciones buscan fortalecer la infraestructura de transmisi\u00f3n el\u00e9ctrica y garantizar un servicio m\u00e1s seguro y eficiente para la poblaci\u00f3n.<\/p>\n","protected":false},"excerpt":{"rendered":"<p>PUERTO PLATA. \u2013 La Empresa de Transmisi\u00f3n El\u00e9ctrica Dominicana (ETED) inform\u00f3 que este s\u00e1bado 18 de julio ejecutar\u00e1 la tercera etapa de los trabajos de reconducci\u00f3n de la l\u00ednea de&hellip;<\/p>\n","protected":false},"author":10,"featured_media":134864,"comment_status":"open","ping_status":"open","sticky":false,"template":"","format":"standard","meta":{"content-type":"","_jetpack_newsletter_access":"","_jetpack_dont_email_post_to_subs":false,"_jetpack_newsletter_tier_id":0,"_jetpack_memberships_contains_paywalled_content":false,"_jetpack_feature_clip_id":0,"_jetpack_memberships_contains_paid_content":false,"footnotes":"","jetpack_post_was_ever_published":false},"categories":[35],"tags":[5134],"class_list":["post-134863","post","type-post","status-publish","format-standard","has-post-thumbnail","hentry","category-nacionales","tag-eted"],"jetpack-related-posts":[{"id":64150,"url":"https:\/\/lasprimeras.com.do\/index.php\/2023\/10\/18\/eted-trabajara-en-linea-69-kv-puerto-plata-i-puerto-plata-ii-este-jueves\/","url_meta":{"origin":134863,"position":0},"title":"ETED trabajar\u00e1 en l\u00ednea 69 kV Puerto Plata I &#8211; Puerto Plata II, este jueves","author":"Nelson Feliz","date":"18 de octubre de 2023","format":false,"excerpt":"Por Mart\u00edn Restituyo La Empresa de Transmisi\u00f3n El\u00e9ctrica Dominicana (ETED) informa que, este jueves 19 de octubre, en horario de 12:00 p.m. a 6:00 p.m., adecuar\u00e1 estructuras en malas condiciones en la l\u00ednea 69 kV Puerto Plata I - Puerto Plata II, como parte de los mantenimientos programados para fortalecer\u2026","rel":"","context":"En \u00abNACIONALES\u00bb","block_context":{"text":"NACIONALES","link":"https:\/\/lasprimeras.com.do\/index.php\/category\/nacionales\/"},"img":{"alt_text":"ETED","src":"https:\/\/i0.wp.com\/lasprimeras.com.do\/wp-content\/uploads\/2023\/10\/ETED-3.jpg?resize=350%2C200&ssl=1","width":350,"height":200,"srcset":"https:\/\/i0.wp.com\/lasprimeras.com.do\/wp-content\/uploads\/2023\/10\/ETED-3.jpg?resize=350%2C200&ssl=1 1x, https:\/\/i0.wp.com\/lasprimeras.com.do\/wp-content\/uploads\/2023\/10\/ETED-3.jpg?resize=525%2C300&ssl=1 1.5x, https:\/\/i0.wp.com\/lasprimeras.com.do\/wp-content\/uploads\/2023\/10\/ETED-3.jpg?resize=700%2C400&ssl=1 2x"},"classes":[]},{"id":135549,"url":"https:\/\/lasprimeras.com.do\/index.php\/2026\/07\/23\/eted-culminara-reconduccion-de-linea-de-69-kv-en-puerto-plata\/","url_meta":{"origin":134863,"position":1},"title":"ETED culminar\u00e1 reconducci\u00f3n de l\u00ednea de 69 kV en Puerto Plata","author":"Nelson Feliz","date":"23 de julio de 2026","format":false,"excerpt":"La intervenci\u00f3n, que alcanza un 80 % de avance, aumentar\u00e1 la capacidad de transporte de energ\u00eda y contempla trabajos complementarios en la infraestructura el\u00e9ctrica de la provincia. Puerto Plata.\u2013 La Empresa de Transmisi\u00f3n El\u00e9ctrica Dominicana (ETED) inform\u00f3 que este s\u00e1bado 25 de julio, en horario de 7:00 de la ma\u00f1ana\u2026","rel":"","context":"En \u00abECONOM\u00cdA\u00bb","block_context":{"text":"ECONOM\u00cdA","link":"https:\/\/lasprimeras.com.do\/index.php\/category\/economia\/"},"img":{"alt_text":"","src":"https:\/\/i0.wp.com\/lasprimeras.com.do\/wp-content\/uploads\/2026\/07\/eted-1.jpg?resize=350%2C200&ssl=1","width":350,"height":200,"srcset":"https:\/\/i0.wp.com\/lasprimeras.com.do\/wp-content\/uploads\/2026\/07\/eted-1.jpg?resize=350%2C200&ssl=1 1x, https:\/\/i0.wp.com\/lasprimeras.com.do\/wp-content\/uploads\/2026\/07\/eted-1.jpg?resize=525%2C300&ssl=1 1.5x, https:\/\/i0.wp.com\/lasprimeras.com.do\/wp-content\/uploads\/2026\/07\/eted-1.jpg?resize=700%2C400&ssl=1 2x, https:\/\/i0.wp.com\/lasprimeras.com.do\/wp-content\/uploads\/2026\/07\/eted-1.jpg?resize=1050%2C600&ssl=1 3x"},"classes":[]},{"id":135967,"url":"https:\/\/lasprimeras.com.do\/index.php\/2026\/07\/29\/eted-refuerza-linea-de-transmision-en-puerto-plata\/","url_meta":{"origin":134863,"position":2},"title":"ETED refuerza l\u00ednea de transmisi\u00f3n en Puerto Plata","author":"Nelson Feliz","date":"29 de julio de 2026","format":false,"excerpt":"Puerto Plata=. M\u00e1s de 337 mil habitantes de la zona norte del pa\u00eds, principalmente de la provincia de Puerto Plata, se beneficiar\u00e1n del reforzamiento de la l\u00ednea de transmisi\u00f3n 69 kV Puerto Plata I\u2013Puerto Plata II, una obra ejecutada por la Empresa de Transmisi\u00f3n El\u00e9ctrica Dominicana (ETED) con una inversi\u00f3n\u2026","rel":"","context":"En \u00abPORTADA\u00bb","block_context":{"text":"PORTADA","link":"https:\/\/lasprimeras.com.do\/index.php\/category\/portada\/"},"img":{"alt_text":"","src":"https:\/\/i0.wp.com\/lasprimeras.com.do\/wp-content\/uploads\/2026\/07\/IMG-20260729-WA0366.jpg?resize=350%2C200&ssl=1","width":350,"height":200,"srcset":"https:\/\/i0.wp.com\/lasprimeras.com.do\/wp-content\/uploads\/2026\/07\/IMG-20260729-WA0366.jpg?resize=350%2C200&ssl=1 1x, https:\/\/i0.wp.com\/lasprimeras.com.do\/wp-content\/uploads\/2026\/07\/IMG-20260729-WA0366.jpg?resize=525%2C300&ssl=1 1.5x, https:\/\/i0.wp.com\/lasprimeras.com.do\/wp-content\/uploads\/2026\/07\/IMG-20260729-WA0366.jpg?resize=700%2C400&ssl=1 2x, https:\/\/i0.wp.com\/lasprimeras.com.do\/wp-content\/uploads\/2026\/07\/IMG-20260729-WA0366.jpg?resize=1050%2C600&ssl=1 3x"},"classes":[]},{"id":70753,"url":"https:\/\/lasprimeras.com.do\/index.php\/2023\/12\/13\/eted-interconecta-nueva-subestacion-69-kv-imbert-en-puerto-plata\/","url_meta":{"origin":134863,"position":3},"title":"ETED interconecta nueva subestaci\u00f3n 69 kV Imbert en Puerto Plata","author":"Nelson Feliz","date":"13 de diciembre de 2023","format":false,"excerpt":"Por Martin Restituyo La Empresa de Transmisi\u00f3n El\u00e9ctrica Dominicana (ETED) informa que, realiz\u00f3 la interconexi\u00f3n de la nueva subestaci\u00f3n 69 kV Imbert, cuya construcci\u00f3n tiene la finalidad de aumentar la confiabilidad del servicio en la zona norte en el nivel de 69 kV y crear las condiciones para interconectar la\u2026","rel":"","context":"En \u00abNACIONALES\u00bb","block_context":{"text":"NACIONALES","link":"https:\/\/lasprimeras.com.do\/index.php\/category\/nacionales\/"},"img":{"alt_text":"ETED","src":"https:\/\/i0.wp.com\/lasprimeras.com.do\/wp-content\/uploads\/2023\/12\/ETED-1.jpg?resize=350%2C200&ssl=1","width":350,"height":200,"srcset":"https:\/\/i0.wp.com\/lasprimeras.com.do\/wp-content\/uploads\/2023\/12\/ETED-1.jpg?resize=350%2C200&ssl=1 1x, https:\/\/i0.wp.com\/lasprimeras.com.do\/wp-content\/uploads\/2023\/12\/ETED-1.jpg?resize=525%2C300&ssl=1 1.5x, https:\/\/i0.wp.com\/lasprimeras.com.do\/wp-content\/uploads\/2023\/12\/ETED-1.jpg?resize=700%2C400&ssl=1 2x"},"classes":[]},{"id":59204,"url":"https:\/\/lasprimeras.com.do\/index.php\/2023\/08\/31\/eted-dara-apertura-a-linea-69-kv-dajao-monte-plata-solar\/","url_meta":{"origin":134863,"position":4},"title":"ETED dar\u00e1 apertura a l\u00ednea 69 kV Dajao &#8211; Monte Plata Solar","author":"Nelson Feliz","date":"31 de agosto de 2023","format":false,"excerpt":"Esta l\u00ednea facilitar\u00e1 trabajos a la empresa Electronic JRC. Por Martin Restituyo La Empresa de Transmisi\u00f3n El\u00e9ctrica Dominicana (ETED) informa que, este viernes, 01 de septiembre, dar\u00e1 apertura a la l\u00ednea 69 kV Dajao - Monte Plata Solar para facilitar al personal de Electronic JRC dar mantenimiento anual a la\u2026","rel":"","context":"En \u00abNACIONALES\u00bb","block_context":{"text":"NACIONALES","link":"https:\/\/lasprimeras.com.do\/index.php\/category\/nacionales\/"},"img":{"alt_text":"","src":"https:\/\/i0.wp.com\/lasprimeras.com.do\/wp-content\/uploads\/2023\/08\/Subestacion.jpg?resize=350%2C200&ssl=1","width":350,"height":200,"srcset":"https:\/\/i0.wp.com\/lasprimeras.com.do\/wp-content\/uploads\/2023\/08\/Subestacion.jpg?resize=350%2C200&ssl=1 1x, https:\/\/i0.wp.com\/lasprimeras.com.do\/wp-content\/uploads\/2023\/08\/Subestacion.jpg?resize=525%2C300&ssl=1 1.5x, https:\/\/i0.wp.com\/lasprimeras.com.do\/wp-content\/uploads\/2023\/08\/Subestacion.jpg?resize=700%2C400&ssl=1 2x"},"classes":[]},{"id":138658,"url":"https:\/\/lasprimeras.com.do\/index.php\/2026\/08\/31\/eted-ejecutara-esta-semana-trabajos-programados-de-mantenimiento-preventivo\/","url_meta":{"origin":134863,"position":5},"title":"ETED ejecutar\u00e1 esta semana trabajos programados de mantenimiento preventivo","author":"Nelson Feliz","date":"31 de agosto de 2026","format":false,"excerpt":"Los trabajos abarcar\u00e1n desde el martes 1 de septiembre hasta el viernes 4. Santo Domingo.- La Empresa de Transmisi\u00f3n El\u00e9ctrica Dominicana (ETED) ejecutar\u00e1 este martes 1, mi\u00e9rcoles 2 y viernes 4 de septiembre trabajos de mantenimiento preventivo y reemplazo de estructuras en diferentes l\u00edneas de transmisi\u00f3n del pa\u00eds, como parte\u2026","rel":"","context":"En \u00abNACIONALES\u00bb","block_context":{"text":"NACIONALES","link":"https:\/\/lasprimeras.com.do\/index.php\/category\/nacionales\/"},"img":{"alt_text":"","src":"https:\/\/i0.wp.com\/lasprimeras.com.do\/wp-content\/uploads\/2026\/08\/mantenimiento-preventivo.jpg?resize=350%2C200&ssl=1","width":350,"height":200,"srcset":"https:\/\/i0.wp.com\/lasprimeras.com.do\/wp-content\/uploads\/2026\/08\/mantenimiento-preventivo.jpg?resize=350%2C200&ssl=1 1x, https:\/\/i0.wp.com\/lasprimeras.com.do\/wp-content\/uploads\/2026\/08\/mantenimiento-preventivo.jpg?resize=525%2C300&ssl=1 1.5x, https:\/\/i0.wp.com\/lasprimeras.com.do\/wp-content\/uploads\/2026\/08\/mantenimiento-preventivo.jpg?resize=700%2C400&ssl=1 2x"},"classes":[]}],"jetpack_sharing_enabled":true,"jetpack_featured_media_url":"https:\/\/lasprimeras.com.do\/wp-content\/uploads\/2026\/07\/WhatsApp-Image-2026-07-15-at-4.55.57-PM.jpeg","_links":{"self":[{"href":"https:\/\/lasprimeras.com.do\/index.php\/wp-json\/wp\/v2\/posts\/134863","targetHints":{"allow":["GET"]}}],"collection":[{"href":"https:\/\/lasprimeras.com.do\/index.php\/wp-json\/wp\/v2\/posts"}],"about":[{"href":"https:\/\/lasprimeras.com.do\/index.php\/wp-json\/wp\/v2\/types\/post"}],"author":[{"embeddable":true,"href":"https:\/\/lasprimeras.com.do\/index.php\/wp-json\/wp\/v2\/users\/10"}],"replies":[{"embeddable":true,"href":"https:\/\/lasprimeras.com.do\/index.php\/wp-json\/wp\/v2\/comments?post=134863"}],"version-history":[{"count":1,"href":"https:\/\/lasprimeras.com.do\/index.php\/wp-json\/wp\/v2\/posts\/134863\/revisions"}],"predecessor-version":[{"id":134865,"href":"https:\/\/lasprimeras.com.do\/index.php\/wp-json\/wp\/v2\/posts\/134863\/revisions\/134865"}],"wp:featuredmedia":[{"embeddable":true,"href":"https:\/\/lasprimeras.com.do\/index.php\/wp-json\/wp\/v2\/media\/134864"}],"wp:attachment":[{"href":"https:\/\/lasprimeras.com.do\/index.php\/wp-json\/wp\/v2\/media?parent=134863"}],"wp:term":[{"taxonomy":"category","embeddable":true,"href":"https:\/\/lasprimeras.com.do\/index.php\/wp-json\/wp\/v2\/categories?post=134863"},{"taxonomy":"post_tag","embeddable":true,"href":"https:\/\/lasprimeras.com.do\/index.php\/wp-json\/wp\/v2\/tags?post=134863"}],"curies":[{"name":"wp","href":"https:\/\/api.w.org\/{rel}","templated":true}]}}