{"id":134872,"date":"2026-07-17T08:56:55","date_gmt":"2026-07-17T12:56:55","guid":{"rendered":"https:\/\/lasprimeras.com.do\/?p=134872"},"modified":"2026-07-17T08:56:57","modified_gmt":"2026-07-17T12:56:57","slug":"felipe-subervi-encabeza-graduacion-de-24-bachilleres-tecnicos-del-liceo-caasd","status":"publish","type":"post","link":"https:\/\/lasprimeras.com.do\/index.php\/2026\/07\/17\/felipe-subervi-encabeza-graduacion-de-24-bachilleres-tecnicos-del-liceo-caasd\/","title":{"rendered":"Felipe Suberv\u00ed encabeza graduaci\u00f3n de 24 bachilleres t\u00e9cnicos del Liceo CAASD"},"content":{"rendered":"\n<p class=\"wp-block-paragraph\">SAN CRIST\u00d3BAL.-&nbsp;El director general de la Corporaci\u00f3n del Acueducto y Alcantarillado de Santo Domingo (CAASD), Fellito Suberv\u00ed, encabez\u00f3 la trig\u00e9sima graduaci\u00f3n del Liceo T\u00e9cnico Ingeniero Osvaldo B. B\u00e1ez, donde fueron investidos 24 nuevos bachilleres t\u00e9cnicos en la modalidad de Control de Procesos Ambientales, correspondientes a la promoci\u00f3n 2025-2026.<\/p>\n\n\n\n<p class=\"wp-block-paragraph\">Durante el acto, Suberv\u00ed reiter\u00f3 el compromiso de la CAASD de continuar fortaleciendo ese espacio de formaci\u00f3n t\u00e9cnica en el manejo y tratamiento de agua potable y de las aguas residuales.<\/p>\n\n\n\n<p class=\"wp-block-paragraph\">El funcionario felicit\u00f3 a los graduandos por culminar una etapa trascendental de su formaci\u00f3n acad\u00e9mica y los exhort\u00f3 a continuar prepar\u00e1ndose para contribuir al desarrollo del pa\u00eds con responsabilidad, \u00e9tica y compromiso.<\/p>\n\n\n\n<p class=\"wp-block-paragraph\">\u201cHoy reciben un t\u00edtulo que representa el esfuerzo, la perseverancia y el deseo de superaci\u00f3n. Los invito a seguir capacit\u00e1ndose y a poner sus conocimientos al servicio de la sociedad y del desarrollo de la Rep\u00fablica Dominicana\u201d, expres\u00f3 el ingeniero Suberv\u00ed.<\/p>\n\n\n\n<p class=\"wp-block-paragraph\">El director de la CAASD destac\u00f3 el papel que desempe\u00f1a el Liceo T\u00e9cnico Ingeniero Osvaldo B. B\u00e1ez en la formaci\u00f3n de j\u00f3venes con las competencias necesarias para incorporarse al mercado laboral o continuar estudios superiores, fortaleciendo as\u00ed el talento humano del pa\u00eds.<\/p>\n\n\n\n<p class=\"wp-block-paragraph\">Asimismo, valor\u00f3 el compromiso del cuerpo docente, del personal administrativo y de las familias de los estudiantes por el respaldo brindado durante todo el proceso educativo.<\/p>\n\n\n\n<p class=\"wp-block-paragraph\">\u201cLa educaci\u00f3n es una de las herramientas m\u00e1s poderosas para transformar vidas. Desde la CAASD seguiremos respaldando iniciativas que promuevan la formaci\u00f3n de nuestros j\u00f3venes y les permitan construir un mejor futuro\u201d, manifest\u00f3 el ingeniero Suberv\u00ed.<\/p>\n\n\n\n<p class=\"wp-block-paragraph\">Por su parte, la directora del Liceo T\u00e9cnico Ingeniero Osvaldo B. B\u00e1ez, Yenifer Zapata, felicit\u00f3 a los graduandos por este importante logro acad\u00e9mico y los exhort\u00f3 a asumir con responsabilidad los conocimientos adquiridos, manteniendo el compromiso con la excelencia y el servicio a la sociedad.<\/p>\n\n\n\n<p class=\"wp-block-paragraph\">Zapata agradeci\u00f3 el respaldo permanente de la CAASD y de su director general, Fellito Suberv\u00ed, para fortalecer la formaci\u00f3n t\u00e9cnica de los estudiantes.<\/p>\n\n\n\n<p class=\"wp-block-paragraph\">Padres, madres, y otros familiares de los graduados, as\u00ed como representantes del Ministerio de Educaci\u00f3n, legisladores y regidores presentes en el acto valoraron como positivo los programas de capacitaci\u00f3n del Liceo de le CAASD y los resultados obtenidos por sus estudiantes.<\/p>\n\n\n\n<p class=\"wp-block-paragraph\">Entre los diputados presente en la ceremonia estuvieron, Indhira De Jes\u00fas y Felix Encarnaci\u00f3n.<\/p>\n","protected":false},"excerpt":{"rendered":"<p>SAN CRIST\u00d3BAL.-&nbsp;El director general de la Corporaci\u00f3n del Acueducto y Alcantarillado de Santo Domingo (CAASD), Fellito Suberv\u00ed, encabez\u00f3 la trig\u00e9sima graduaci\u00f3n del Liceo T\u00e9cnico Ingeniero Osvaldo B. B\u00e1ez, donde fueron&hellip;<\/p>\n","protected":false},"author":10,"featured_media":134873,"comment_status":"open","ping_status":"open","sticky":false,"template":"","format":"standard","meta":{"content-type":"","_jetpack_newsletter_access":"","_jetpack_dont_email_post_to_subs":false,"_jetpack_newsletter_tier_id":0,"_jetpack_memberships_contains_paywalled_content":false,"_jetpack_feature_clip_id":0,"_jetpack_memberships_contains_paid_content":false,"footnotes":"","jetpack_post_was_ever_published":false},"categories":[25],"tags":[697],"class_list":["post-134872","post","type-post","status-publish","format-standard","has-post-thumbnail","hentry","category-portada","tag-caasd"],"jetpack-related-posts":[{"id":89460,"url":"https:\/\/lasprimeras.com.do\/index.php\/2024\/09\/25\/liceo-de-la-caasd-gradua-a-29-bachilleres-tecnicos-en-control-de-procesos-ambientales\/","url_meta":{"origin":134872,"position":0},"title":"Liceo de la CAASD grad\u00faa a 29 bachilleres t\u00e9cnicos en control de procesos ambientales","author":"Nelson Feliz","date":"25 de septiembre de 2024","format":false,"excerpt":"En un acto encabezado por el director general de la Corporaci\u00f3n del Acueducto y Alcantarillado de Santo Domingo (CAASD), ingeniero Fellito Suberv\u00ed, fueron investidos 29 bachilleres del Liceo T\u00e9cnico Ingeniero Osvaldo B. B\u00e1ez, quienes recibieron sus t\u00edtulos en control de procesos ambientales. Durante el emotivo acto de graduaci\u00f3n, que tuvo\u2026","rel":"","context":"En \u00abNACIONALES\u00bb","block_context":{"text":"NACIONALES","link":"https:\/\/lasprimeras.com.do\/index.php\/category\/nacionales\/"},"img":{"alt_text":"Fellito Suberv\u00ed","src":"https:\/\/i0.wp.com\/lasprimeras.com.do\/wp-content\/uploads\/2024\/09\/Fellito-Subervi-4.jpg?resize=350%2C200&ssl=1","width":350,"height":200,"srcset":"https:\/\/i0.wp.com\/lasprimeras.com.do\/wp-content\/uploads\/2024\/09\/Fellito-Subervi-4.jpg?resize=350%2C200&ssl=1 1x, https:\/\/i0.wp.com\/lasprimeras.com.do\/wp-content\/uploads\/2024\/09\/Fellito-Subervi-4.jpg?resize=525%2C300&ssl=1 1.5x, https:\/\/i0.wp.com\/lasprimeras.com.do\/wp-content\/uploads\/2024\/09\/Fellito-Subervi-4.jpg?resize=700%2C400&ssl=1 2x"},"classes":[]},{"id":61597,"url":"https:\/\/lasprimeras.com.do\/index.php\/2023\/09\/28\/liceo-de-la-caasd-gradua-a-28-bachilleres\/","url_meta":{"origin":134872,"position":1},"title":"Liceo de la CAASD grad\u00faa a 28 bachilleres","author":"Nelson Feliz","date":"28 de septiembre de 2023","format":false,"excerpt":"El centro educativo lanz\u00f3 al mercado laboral a nuevos t\u00e9cnicos en control de procesos ambientales. El Liceo T\u00e9cnico Ingeniero Osvaldo B. B\u00e1ez de la Corporaci\u00f3n del Acueducto y Alcantarillado de Santo Domingo (CAASD), realiz\u00f3 su vig\u00e9sima s\u00e9ptima graduaci\u00f3n, en la que invisti\u00f3 a 28 nuevos bachilleres t\u00e9cnicos bajo la modalidad\u2026","rel":"","context":"En \u00abNACIONALES\u00bb","block_context":{"text":"NACIONALES","link":"https:\/\/lasprimeras.com.do\/index.php\/category\/nacionales\/"},"img":{"alt_text":"","src":"https:\/\/i0.wp.com\/lasprimeras.com.do\/wp-content\/uploads\/2023\/09\/Fellito-1.jpg?resize=350%2C200&ssl=1","width":350,"height":200,"srcset":"https:\/\/i0.wp.com\/lasprimeras.com.do\/wp-content\/uploads\/2023\/09\/Fellito-1.jpg?resize=350%2C200&ssl=1 1x, https:\/\/i0.wp.com\/lasprimeras.com.do\/wp-content\/uploads\/2023\/09\/Fellito-1.jpg?resize=525%2C300&ssl=1 1.5x, https:\/\/i0.wp.com\/lasprimeras.com.do\/wp-content\/uploads\/2023\/09\/Fellito-1.jpg?resize=700%2C400&ssl=1 2x"},"classes":[]},{"id":132814,"url":"https:\/\/lasprimeras.com.do\/index.php\/2026\/06\/07\/caasd-optimiza-drenaje-sanitario-y-servicio-de-agua-potable-en-guachupita\/","url_meta":{"origin":134872,"position":2},"title":"CAASD optimiza drenaje sanitario y servicio de agua potable en Guachupita","author":"Nelson Feliz","date":"7 de junio de 2026","format":false,"excerpt":"Fellito Suberv\u00ed asegura que m\u00e1s de 100 familias fueron beneficiadas con los trabajos con los que se eliminaron los desbordamientos sanitarios que afectaban edificios residenciales de la zona SANTO DOMINGO.- El director general de la Corporaci\u00f3n del Acueducto y Alcantarillado de Santo Domingo (CAASD), ingeniero Felipe -Fellito- Suberv\u00ed Hern\u00e1ndez inform\u00f3\u2026","rel":"","context":"En \u00abNACIONALES\u00bb","block_context":{"text":"NACIONALES","link":"https:\/\/lasprimeras.com.do\/index.php\/category\/nacionales\/"},"img":{"alt_text":"Fellito Suberv\u00ed","src":"https:\/\/i0.wp.com\/lasprimeras.com.do\/wp-content\/uploads\/2026\/06\/Fellito-Subervi.jpg?resize=350%2C200&ssl=1","width":350,"height":200,"srcset":"https:\/\/i0.wp.com\/lasprimeras.com.do\/wp-content\/uploads\/2026\/06\/Fellito-Subervi.jpg?resize=350%2C200&ssl=1 1x, https:\/\/i0.wp.com\/lasprimeras.com.do\/wp-content\/uploads\/2026\/06\/Fellito-Subervi.jpg?resize=525%2C300&ssl=1 1.5x, https:\/\/i0.wp.com\/lasprimeras.com.do\/wp-content\/uploads\/2026\/06\/Fellito-Subervi.jpg?resize=700%2C400&ssl=1 2x"},"classes":[]},{"id":130525,"url":"https:\/\/lasprimeras.com.do\/index.php\/2026\/05\/14\/la-caasd-te-escucha-llega-a-cuesta-hermosa-con-limpieza-de-imbornales-y-correccion-de-averias\/","url_meta":{"origin":134872,"position":3},"title":"\u201cLa CAASD te escucha\u201d llega a Cuesta Hermosa con limpieza de imbornales y correcci\u00f3n de aver\u00edas","author":"Nelson Feliz","date":"14 de mayo de 2026","format":false,"excerpt":"Fellito Suberv\u00ed lleg\u00f3 al lugar con maquinarias pesadas y acompa\u00f1ado de su equipo de trabajo con el prop\u00f3sito de mejorar la fluidez del agua y aumentar presi\u00f3n en los grifos, mediante un operativo de limpieza y desobstrucci\u00f3n, que se traducir\u00e1 en mejor\u00eda en la calidad de vida de los residentes\u2026","rel":"","context":"En \u00abNACIONALES\u00bb","block_context":{"text":"NACIONALES","link":"https:\/\/lasprimeras.com.do\/index.php\/category\/nacionales\/"},"img":{"alt_text":"","src":"https:\/\/i0.wp.com\/lasprimeras.com.do\/wp-content\/uploads\/2026\/05\/caasd.jpg?resize=350%2C200&ssl=1","width":350,"height":200,"srcset":"https:\/\/i0.wp.com\/lasprimeras.com.do\/wp-content\/uploads\/2026\/05\/caasd.jpg?resize=350%2C200&ssl=1 1x, https:\/\/i0.wp.com\/lasprimeras.com.do\/wp-content\/uploads\/2026\/05\/caasd.jpg?resize=525%2C300&ssl=1 1.5x, https:\/\/i0.wp.com\/lasprimeras.com.do\/wp-content\/uploads\/2026\/05\/caasd.jpg?resize=700%2C400&ssl=1 2x"},"classes":[]},{"id":127476,"url":"https:\/\/lasprimeras.com.do\/index.php\/2026\/04\/12\/felipe-subervi-caasd-trabaja-optimizar-servicio-de-agua-potable-en-san-luis\/","url_meta":{"origin":134872,"position":4},"title":"Felipe Suberv\u00ed: CAASD trabaja optimizar servicio de agua potable en San Luis","author":"Nelson Feliz","date":"12 de abril de 2026","format":false,"excerpt":"En una nueva jornada del programa \u201cLa CAASD te Escucha\u201d, director de la entidad dijo que ese sector ser\u00e1 intervenido para mejorar el servicio de agua potable a trav\u00e9s de una l\u00ednea de conexi\u00f3n directa con el acueducto oriental Barrera de Salinidad y nuevas tuber\u00edas que sustituir\u00e1n las ya obsoletas.\u2026","rel":"","context":"En \u00abECONOM\u00cdA\u00bb","block_context":{"text":"ECONOM\u00cdA","link":"https:\/\/lasprimeras.com.do\/index.php\/category\/economia\/"},"img":{"alt_text":"Felipe Suberv\u00ed","src":"https:\/\/i0.wp.com\/lasprimeras.com.do\/wp-content\/uploads\/2026\/04\/Felipe-Subervi.jpg?resize=350%2C200&ssl=1","width":350,"height":200,"srcset":"https:\/\/i0.wp.com\/lasprimeras.com.do\/wp-content\/uploads\/2026\/04\/Felipe-Subervi.jpg?resize=350%2C200&ssl=1 1x, https:\/\/i0.wp.com\/lasprimeras.com.do\/wp-content\/uploads\/2026\/04\/Felipe-Subervi.jpg?resize=525%2C300&ssl=1 1.5x, https:\/\/i0.wp.com\/lasprimeras.com.do\/wp-content\/uploads\/2026\/04\/Felipe-Subervi.jpg?resize=700%2C400&ssl=1 2x"},"classes":[]},{"id":131748,"url":"https:\/\/lasprimeras.com.do\/index.php\/2026\/05\/25\/caasd-actua-en-redes-de-agua-y-alcantarillado-del-gsd\/","url_meta":{"origin":134872,"position":5},"title":"CAASD act\u00faa en redes de agua y alcantarillado del GSD","author":"Nelson Feliz","date":"25 de mayo de 2026","format":false,"excerpt":"Fellito Suberv\u00ed anunci\u00f3 que durante el fin de semana se trabaj\u00f3 en la colocaci\u00f3n de 200 metros de tuber\u00eda en l\u00ednea abastece de agua potable a Ciudad Juan Bosch, y se concluy\u00f3 con la aver\u00eda afect\u00f3 el acueducto Haina-Manoguayabo. Santo Domingo. \u2013 El director general de la Corporaci\u00f3n del Acueducto\u2026","rel":"","context":"En \u00abNACIONALES\u00bb","block_context":{"text":"NACIONALES","link":"https:\/\/lasprimeras.com.do\/index.php\/category\/nacionales\/"},"img":{"alt_text":"","src":"https:\/\/i0.wp.com\/lasprimeras.com.do\/wp-content\/uploads\/2026\/05\/IMG-20260524-WA0404-1.jpg?resize=350%2C200&ssl=1","width":350,"height":200,"srcset":"https:\/\/i0.wp.com\/lasprimeras.com.do\/wp-content\/uploads\/2026\/05\/IMG-20260524-WA0404-1.jpg?resize=350%2C200&ssl=1 1x, https:\/\/i0.wp.com\/lasprimeras.com.do\/wp-content\/uploads\/2026\/05\/IMG-20260524-WA0404-1.jpg?resize=525%2C300&ssl=1 1.5x, https:\/\/i0.wp.com\/lasprimeras.com.do\/wp-content\/uploads\/2026\/05\/IMG-20260524-WA0404-1.jpg?resize=700%2C400&ssl=1 2x, https:\/\/i0.wp.com\/lasprimeras.com.do\/wp-content\/uploads\/2026\/05\/IMG-20260524-WA0404-1.jpg?resize=1050%2C600&ssl=1 3x, https:\/\/i0.wp.com\/lasprimeras.com.do\/wp-content\/uploads\/2026\/05\/IMG-20260524-WA0404-1.jpg?resize=1400%2C800&ssl=1 4x"},"classes":[]}],"jetpack_sharing_enabled":true,"jetpack_featured_media_url":"https:\/\/lasprimeras.com.do\/wp-content\/uploads\/2026\/07\/CAASD-1-1.jpg","_links":{"self":[{"href":"https:\/\/lasprimeras.com.do\/index.php\/wp-json\/wp\/v2\/posts\/134872","targetHints":{"allow":["GET"]}}],"collection":[{"href":"https:\/\/lasprimeras.com.do\/index.php\/wp-json\/wp\/v2\/posts"}],"about":[{"href":"https:\/\/lasprimeras.com.do\/index.php\/wp-json\/wp\/v2\/types\/post"}],"author":[{"embeddable":true,"href":"https:\/\/lasprimeras.com.do\/index.php\/wp-json\/wp\/v2\/users\/10"}],"replies":[{"embeddable":true,"href":"https:\/\/lasprimeras.com.do\/index.php\/wp-json\/wp\/v2\/comments?post=134872"}],"version-history":[{"count":1,"href":"https:\/\/lasprimeras.com.do\/index.php\/wp-json\/wp\/v2\/posts\/134872\/revisions"}],"predecessor-version":[{"id":134874,"href":"https:\/\/lasprimeras.com.do\/index.php\/wp-json\/wp\/v2\/posts\/134872\/revisions\/134874"}],"wp:featuredmedia":[{"embeddable":true,"href":"https:\/\/lasprimeras.com.do\/index.php\/wp-json\/wp\/v2\/media\/134873"}],"wp:attachment":[{"href":"https:\/\/lasprimeras.com.do\/index.php\/wp-json\/wp\/v2\/media?parent=134872"}],"wp:term":[{"taxonomy":"category","embeddable":true,"href":"https:\/\/lasprimeras.com.do\/index.php\/wp-json\/wp\/v2\/categories?post=134872"},{"taxonomy":"post_tag","embeddable":true,"href":"https:\/\/lasprimeras.com.do\/index.php\/wp-json\/wp\/v2\/tags?post=134872"}],"curies":[{"name":"wp","href":"https:\/\/api.w.org\/{rel}","templated":true}]}}