{"id":134904,"date":"2026-07-17T22:46:57","date_gmt":"2026-07-18T02:46:57","guid":{"rendered":"https:\/\/lasprimeras.com.do\/?p=134904"},"modified":"2026-07-17T22:46:58","modified_gmt":"2026-07-18T02:46:58","slug":"consulta-interna-del-pld-fortalece-el-sistema-de-partidos","status":"publish","type":"post","link":"https:\/\/lasprimeras.com.do\/index.php\/2026\/07\/17\/consulta-interna-del-pld-fortalece-el-sistema-de-partidos\/","title":{"rendered":"Consulta interna del PLD fortalece el sistema de partidos"},"content":{"rendered":"\n<p class=\"wp-block-paragraph\"><strong>Los partidos no pueden congelarse a esperar el proceso electoral que se abre en el 2027 para una elecci\u00f3n del 2028<\/strong><\/p>\n\n\n\n<p class=\"wp-block-paragraph\"><strong>SANTO DOMINGO.-.<\/strong>El delegado pol\u00edtico del Partido de la Liberaci\u00f3n Dominicana (PLD) ante la Junta Central Electoral, Jos\u00e9 Ram\u00f3n (Monchy) Fadul y el vicepresidente, Yv\u00e1n Lorenzo, defendieron el proceso de Consulta interna aprobada por el Comit\u00e9 Central de esa organizaci\u00f3n, explicando que dicho proceso se desarrolla en estricto apego a la Constituci\u00f3n, la Ley de Partidos Pol\u00edticos y la Ley del R\u00e9gimen Electoral.<\/p>\n\n\n\n<p class=\"wp-block-paragraph\">Ambos dirigentes respondieron a los periodistas quienes le abordaron en la sede del Tribunal Superior Electoral en donde representaron al PLD en la audiencia que conoce un recurso de nulidad al proceso de Consulta que organiza el PLD para el 18 de octubre.<\/p>\n\n\n\n<p class=\"wp-block-paragraph\">Fadul advirti\u00f3 que impedir el desarrollo de las actividades internas de los partidos pol\u00edticos lesionar\u00eda el sistema democr\u00e1tico y el r\u00e9gimen de partidos, al pretender limitar facultades propias de las organizaciones pol\u00edticas que, seg\u00fan afirm\u00f3, no contravienen ninguna disposici\u00f3n constitucional ni legal.<\/p>\n\n\n\n<p class=\"wp-block-paragraph\">Explic\u00f3 que los partidos no pueden permanecer inactivos hasta la apertura formal del proceso electoral de 2027 con miras a las elecciones de 2028, sino que deben mantener su din\u00e1mica organizativa y fortalecer su estructura interna.<\/p>\n\n\n\n<p class=\"wp-block-paragraph\">En ese sentido, expres\u00f3 que el proceso previsto para el 18 de octubre constituir\u00e1 un hito en el fortalecimiento del Partido de la Liberaci\u00f3n Dominicana.<\/p>\n\n\n\n<p class=\"wp-block-paragraph\">Yv\u00e1n Lorenzo, vicepresidente del PLD, cuestion\u00f3 la acci\u00f3n judicial emprendida contra la consulta interna, al recordar que fue el propio Comit\u00e9 Central la instancia partidaria que aprob\u00f3 la realizaci\u00f3n de ese proceso.<\/p>\n\n\n\n<p class=\"wp-block-paragraph\">El dirigente pelede\u00edsta se\u00f1al\u00f3 que quienes hoy impugnan la decisi\u00f3n se sometieron previamente a lo acordado por ese organismo de direcci\u00f3n y dijo no comprender las razones que motivan esa actuaci\u00f3n.<\/p>\n\n\n\n<p class=\"wp-block-paragraph\">Lorenzo agreg\u00f3 que el PLD continuar\u00e1 consultando a la sociedad dominicana sobre diversos aspectos relacionados con su proceso de renovaci\u00f3n, incluyendo sus aspirantes a puestos electivos y otros elementos de identidad partidaria, con el prop\u00f3sito de que la ciudadan\u00eda contribuya a definir el rumbo que debe seguir la organizaci\u00f3n.<\/p>\n","protected":false},"excerpt":{"rendered":"<p>Los partidos no pueden congelarse a esperar el proceso electoral que se abre en el 2027 para una elecci\u00f3n del 2028 SANTO DOMINGO.-.El delegado pol\u00edtico del Partido de la Liberaci\u00f3n&hellip;<\/p>\n","protected":false},"author":10,"featured_media":134905,"comment_status":"open","ping_status":"open","sticky":false,"template":"","format":"standard","meta":{"content-type":"","_jetpack_newsletter_access":"","_jetpack_dont_email_post_to_subs":false,"_jetpack_newsletter_tier_id":0,"_jetpack_memberships_contains_paywalled_content":false,"_jetpack_feature_clip_id":0,"_jetpack_memberships_contains_paid_content":false,"footnotes":"","jetpack_post_was_ever_published":false},"categories":[16559,25],"tags":[34702,3648,269,33190],"class_list":["post-134904","post","type-post","status-publish","format-standard","has-post-thumbnail","hentry","category-politica","category-portada","tag-consulta-interna","tag-fortalece","tag-pld","tag-sistema-de-partidos"],"jetpack-related-posts":[{"id":135440,"url":"https:\/\/lasprimeras.com.do\/index.php\/2026\/07\/23\/pld-defiende-derecho-de-los-partidos-a-consultar-a-la-ciudadania\/","url_meta":{"origin":134904,"position":0},"title":"PLD defiende derecho de los partidos a consultar a la ciudadan\u00eda","author":"Nelson Feliz","date":"23 de julio de 2026","format":false,"excerpt":"Yvan Lorenzo, sostiene que el TSE, en la petici\u00f3n de nulidad de la reuni\u00f3n del Comit\u00e9 Central del PLD, adoptar\u00e1 una decisi\u00f3n que favorecer\u00e1 la democracia y la partidocracia dominicana. Santo Domingo-El Partido de la Liberaci\u00f3n Dominicana (PLD) defendi\u00f3 el derecho de esa entidad, del sistema de partidos pol\u00edticos del\u2026","rel":"","context":"En \u00abPOLITICA\u00bb","block_context":{"text":"POLITICA","link":"https:\/\/lasprimeras.com.do\/index.php\/category\/politica\/"},"img":{"alt_text":"","src":"https:\/\/i0.wp.com\/lasprimeras.com.do\/wp-content\/uploads\/2026\/07\/monchy.jpg?resize=350%2C200&ssl=1","width":350,"height":200,"srcset":"https:\/\/i0.wp.com\/lasprimeras.com.do\/wp-content\/uploads\/2026\/07\/monchy.jpg?resize=350%2C200&ssl=1 1x, https:\/\/i0.wp.com\/lasprimeras.com.do\/wp-content\/uploads\/2026\/07\/monchy.jpg?resize=525%2C300&ssl=1 1.5x, https:\/\/i0.wp.com\/lasprimeras.com.do\/wp-content\/uploads\/2026\/07\/monchy.jpg?resize=700%2C400&ssl=1 2x"},"classes":[]},{"id":133765,"url":"https:\/\/lasprimeras.com.do\/index.php\/2026\/07\/01\/danilo-diaz-certificacion-de-la-jce-no-modifica-consulta-interna-del-pld\/","url_meta":{"origin":134904,"position":1},"title":"Danilo D\u00edaz: Certificaci\u00f3n de la JCE no modifica consulta interna del PLD","author":"Nelson Feliz","date":"1 de julio de 2026","format":false,"excerpt":"Danilo D\u00edaz califica de persecuci\u00f3n pol\u00edtica la apelaci\u00f3n contra el auto de no ha lugar a Gonzalo Castillo y Jos\u00e9 Ram\u00f3n Peralta. El miembro del Comit\u00e9 Pol\u00edtico del Partido de la Liberaci\u00f3n Dominicana (PLD, Danilo D\u00edaz, aclar\u00f3 que la Certificaci\u00f3n emitida por la Junta Central Electoral sobre la Consulta que\u2026","rel":"","context":"En \u00abPOLITICA\u00bb","block_context":{"text":"POLITICA","link":"https:\/\/lasprimeras.com.do\/index.php\/category\/politica\/"},"img":{"alt_text":"Danilo D\u00edaz","src":"https:\/\/i0.wp.com\/lasprimeras.com.do\/wp-content\/uploads\/2026\/07\/Danilo-Diaz.jpg?resize=350%2C200&ssl=1","width":350,"height":200,"srcset":"https:\/\/i0.wp.com\/lasprimeras.com.do\/wp-content\/uploads\/2026\/07\/Danilo-Diaz.jpg?resize=350%2C200&ssl=1 1x, https:\/\/i0.wp.com\/lasprimeras.com.do\/wp-content\/uploads\/2026\/07\/Danilo-Diaz.jpg?resize=525%2C300&ssl=1 1.5x, https:\/\/i0.wp.com\/lasprimeras.com.do\/wp-content\/uploads\/2026\/07\/Danilo-Diaz.jpg?resize=700%2C400&ssl=1 2x"},"classes":[]},{"id":95914,"url":"https:\/\/lasprimeras.com.do\/index.php\/2025\/03\/21\/manuel-galvanprocedimiento-de-eleccion-de-aspirantes-del-pld-esta-apegado-a-la-ley\/","url_meta":{"origin":134904,"position":2},"title":"Manuel Galv\u00e1n:Procedimiento de elecci\u00f3n de aspirantes del PLD est\u00e1 apegado a la Ley","author":"Nelson Feliz","date":"21 de marzo de 2025","format":false,"excerpt":"Mecanismo interno del PLD, para valorar la simpat\u00eda de los aspirantes presidenciales es en virtud de la Ley No.33-18 y de los Estatutos pelede\u00edstas. El proceso interno que ha abierto el Partido de la Liberaci\u00f3n Dominicana (PLD) con la designaci\u00f3n de parte del Comit\u00e9 Pol\u00edtico de la Comisi\u00f3n de Arbitraje\u2026","rel":"","context":"En \u00abPOLITICA\u00bb","block_context":{"text":"POLITICA","link":"https:\/\/lasprimeras.com.do\/index.php\/category\/politica\/"},"img":{"alt_text":"Manuel Galv\u00e1n","src":"https:\/\/i0.wp.com\/lasprimeras.com.do\/wp-content\/uploads\/2025\/03\/Manuel-Galvan.jpg?resize=350%2C200&ssl=1","width":350,"height":200,"srcset":"https:\/\/i0.wp.com\/lasprimeras.com.do\/wp-content\/uploads\/2025\/03\/Manuel-Galvan.jpg?resize=350%2C200&ssl=1 1x, https:\/\/i0.wp.com\/lasprimeras.com.do\/wp-content\/uploads\/2025\/03\/Manuel-Galvan.jpg?resize=525%2C300&ssl=1 1.5x, https:\/\/i0.wp.com\/lasprimeras.com.do\/wp-content\/uploads\/2025\/03\/Manuel-Galvan.jpg?resize=700%2C400&ssl=1 2x"},"classes":[]},{"id":135158,"url":"https:\/\/lasprimeras.com.do\/index.php\/2026\/07\/20\/jurista-yepez-suncar-la-consulta-del-pld-no-infringe-ley-de-partidos\/","url_meta":{"origin":134904,"position":3},"title":"Jurista Y\u00e9pez Suncar: La consulta del PLD no infringe Ley de Partidos","author":"Nelson Feliz","date":"20 de julio de 2026","format":false,"excerpt":"Consulta del PLD se fundamenta en la autonom\u00eda de los partidos pol\u00edticos SANTO DOMINGO .-. El abogado Luis Y\u00e9pez Suncar afirm\u00f3 que la consulta sobre aspirantes presidenciales convocada por el Partido de la Liberaci\u00f3n Dominicana (PLD) para el pr\u00f3ximo 18 de octubre no contraviene la Ley 33-18 sobre Partidos, Agrupaciones\u2026","rel":"","context":"En \u00abPOLITICA\u00bb","block_context":{"text":"POLITICA","link":"https:\/\/lasprimeras.com.do\/index.php\/category\/politica\/"},"img":{"alt_text":"Y\u00e9pez Suncar","src":"https:\/\/i0.wp.com\/lasprimeras.com.do\/wp-content\/uploads\/2026\/07\/Luis-Yespez-Suncar.jpg?resize=350%2C200&ssl=1","width":350,"height":200,"srcset":"https:\/\/i0.wp.com\/lasprimeras.com.do\/wp-content\/uploads\/2026\/07\/Luis-Yespez-Suncar.jpg?resize=350%2C200&ssl=1 1x, https:\/\/i0.wp.com\/lasprimeras.com.do\/wp-content\/uploads\/2026\/07\/Luis-Yespez-Suncar.jpg?resize=525%2C300&ssl=1 1.5x, https:\/\/i0.wp.com\/lasprimeras.com.do\/wp-content\/uploads\/2026\/07\/Luis-Yespez-Suncar.jpg?resize=700%2C400&ssl=1 2x"},"classes":[]},{"id":136019,"url":"https:\/\/lasprimeras.com.do\/index.php\/2026\/07\/29\/johnny-pujols-el-pld-esta-en-marcha-y-viene-de-vuelta\/","url_meta":{"origin":134904,"position":4},"title":"Johnny Pujols: \u201cEl PLD est\u00e1 en marcha y viene de vuelta\u201d","author":"Nelson Feliz","date":"29 de julio de 2026","format":false,"excerpt":"En exitosa asamblea, Johnny Pujols, Sec. Gral. del PLD llama a la dirigencia pelede\u00edsta a fortalecer y garantizar una consulta interna ejemplar SANTO DOMINGO - El secretario general del Partido de la Liberaci\u00f3n Dominicana (PLD), Johnny Pujols, ratific\u00f3 que esa organizaci\u00f3n pol\u00edtica est\u00e1 en marcha y se prepara para retornar\u2026","rel":"","context":"En \u00abPOLITICA\u00bb","block_context":{"text":"POLITICA","link":"https:\/\/lasprimeras.com.do\/index.php\/category\/politica\/"},"img":{"alt_text":"","src":"https:\/\/i0.wp.com\/lasprimeras.com.do\/wp-content\/uploads\/2026\/07\/Johnny-Pujols-1-2.jpg?resize=350%2C200&ssl=1","width":350,"height":200,"srcset":"https:\/\/i0.wp.com\/lasprimeras.com.do\/wp-content\/uploads\/2026\/07\/Johnny-Pujols-1-2.jpg?resize=350%2C200&ssl=1 1x, https:\/\/i0.wp.com\/lasprimeras.com.do\/wp-content\/uploads\/2026\/07\/Johnny-Pujols-1-2.jpg?resize=525%2C300&ssl=1 1.5x, https:\/\/i0.wp.com\/lasprimeras.com.do\/wp-content\/uploads\/2026\/07\/Johnny-Pujols-1-2.jpg?resize=700%2C400&ssl=1 2x"},"classes":[]},{"id":134287,"url":"https:\/\/lasprimeras.com.do\/index.php\/2026\/07\/08\/aseguran-gonzalo-castillo-ganara-ampliamente-consulta-interna-del-pld-en-la-region-enriquillo\/","url_meta":{"origin":134904,"position":5},"title":"Aseguran Gonzalo Castillo ganar\u00e1 ampliamente consulta interna del PLD en la Regi\u00f3n Enriquillo","author":"Nelson Feliz","date":"8 de julio de 2026","format":false,"excerpt":"BARAHONA: El supervisor regional de campa\u00f1a del \"Proyecto Gonzalo Castillo 2028\", Rafael M\u00e9ndez (Fefelo), asegur\u00f3 que el aspirante a la candidatura presidencial por el Partido de la Liberaci\u00f3n Dominicana (PLD) ganar\u00e1 de manera contundente en las provincias que componen la regi\u00f3n Enriquillo durante la consulta interna prevista a realizarse el\u2026","rel":"","context":"En \u00abPOLITICA\u00bb","block_context":{"text":"POLITICA","link":"https:\/\/lasprimeras.com.do\/index.php\/category\/politica\/"},"img":{"alt_text":"Gonzalo Castillo Y FEFELO","src":"https:\/\/i0.wp.com\/lasprimeras.com.do\/wp-content\/uploads\/2026\/07\/Gonzalo-Castillo-Y-FEFELO.jpg?resize=350%2C200&ssl=1","width":350,"height":200,"srcset":"https:\/\/i0.wp.com\/lasprimeras.com.do\/wp-content\/uploads\/2026\/07\/Gonzalo-Castillo-Y-FEFELO.jpg?resize=350%2C200&ssl=1 1x, https:\/\/i0.wp.com\/lasprimeras.com.do\/wp-content\/uploads\/2026\/07\/Gonzalo-Castillo-Y-FEFELO.jpg?resize=525%2C300&ssl=1 1.5x, https:\/\/i0.wp.com\/lasprimeras.com.do\/wp-content\/uploads\/2026\/07\/Gonzalo-Castillo-Y-FEFELO.jpg?resize=700%2C400&ssl=1 2x"},"classes":[]}],"jetpack_sharing_enabled":true,"jetpack_featured_media_url":"https:\/\/lasprimeras.com.do\/wp-content\/uploads\/2026\/07\/Jose-Ramon-Monchy-Fadul-vs-Yvan-Lorenzo.png","_links":{"self":[{"href":"https:\/\/lasprimeras.com.do\/index.php\/wp-json\/wp\/v2\/posts\/134904","targetHints":{"allow":["GET"]}}],"collection":[{"href":"https:\/\/lasprimeras.com.do\/index.php\/wp-json\/wp\/v2\/posts"}],"about":[{"href":"https:\/\/lasprimeras.com.do\/index.php\/wp-json\/wp\/v2\/types\/post"}],"author":[{"embeddable":true,"href":"https:\/\/lasprimeras.com.do\/index.php\/wp-json\/wp\/v2\/users\/10"}],"replies":[{"embeddable":true,"href":"https:\/\/lasprimeras.com.do\/index.php\/wp-json\/wp\/v2\/comments?post=134904"}],"version-history":[{"count":1,"href":"https:\/\/lasprimeras.com.do\/index.php\/wp-json\/wp\/v2\/posts\/134904\/revisions"}],"predecessor-version":[{"id":134906,"href":"https:\/\/lasprimeras.com.do\/index.php\/wp-json\/wp\/v2\/posts\/134904\/revisions\/134906"}],"wp:featuredmedia":[{"embeddable":true,"href":"https:\/\/lasprimeras.com.do\/index.php\/wp-json\/wp\/v2\/media\/134905"}],"wp:attachment":[{"href":"https:\/\/lasprimeras.com.do\/index.php\/wp-json\/wp\/v2\/media?parent=134904"}],"wp:term":[{"taxonomy":"category","embeddable":true,"href":"https:\/\/lasprimeras.com.do\/index.php\/wp-json\/wp\/v2\/categories?post=134904"},{"taxonomy":"post_tag","embeddable":true,"href":"https:\/\/lasprimeras.com.do\/index.php\/wp-json\/wp\/v2\/tags?post=134904"}],"curies":[{"name":"wp","href":"https:\/\/api.w.org\/{rel}","templated":true}]}}