{"id":134910,"date":"2026-07-17T23:12:56","date_gmt":"2026-07-18T03:12:56","guid":{"rendered":"https:\/\/lasprimeras.com.do\/?p=134910"},"modified":"2026-07-17T23:12:58","modified_gmt":"2026-07-18T03:12:58","slug":"jose-dantes-sugiere-extender-la-vacatio-legis","status":"publish","type":"post","link":"https:\/\/lasprimeras.com.do\/index.php\/2026\/07\/17\/jose-dantes-sugiere-extender-la-vacatio-legis\/","title":{"rendered":"Jos\u00e9 Dant\u00e9s sugiere extender la vacatio legis"},"content":{"rendered":"\n<p class=\"wp-block-paragraph\"><strong>Secretario Jur\u00eddico del PLD cr\u00edtica pretensi\u00f3n de conocer a la carrera informe sobre modificaciones al C\u00f3digo Penal<\/strong><\/p>\n\n\n\n<p class=\"wp-block-paragraph\"><strong>Santo Domingo .-.<\/strong> El miembro del Comit\u00e9 Pol\u00edtico y titular de la Secretar\u00eda de Asuntos Jur\u00eddicos del Partido de la Liberaci\u00f3n Dominicana (PLD), Jos\u00e9 Dant\u00e9s D\u00edaz, critic\u00f3 a la mayor\u00eda oficialista en el Congreso Nacional por pretender conocer, en cuesti\u00f3n de d\u00edas, un informe para modificar el C\u00f3digo Penal, luego de haber dejado transcurrir once meses sin realizar una revisi\u00f3n integral y rigurosa de la norma.<\/p>\n\n\n\n<p class=\"wp-block-paragraph\">\u201cEsa mayor\u00eda oficialista en el Congreso tuvo un a\u00f1o para revisar el C\u00f3digo Penal. Dej\u00f3 pasar once meses de la vacatio legis y hoy pretende conocer un informe para modificar, en cuesti\u00f3n de d\u00edas, algunas de las disposiciones cuestionadas\u201d, expres\u00f3 el jurista y dirigente pol\u00edtico mediante una publicaci\u00f3n en la red social X.<\/p>\n\n\n\n<p class=\"wp-block-paragraph\">Dant\u00e9s D\u00edaz cuestion\u00f3 la premura con que se pretende abordar una legislaci\u00f3n de tanta trascendencia y advirti\u00f3 que la seguridad jur\u00eddica requiere an\u00e1lisis, consulta y deliberaciones suficientes.<\/p>\n\n\n\n<p class=\"wp-block-paragraph\">\u201cAs\u00ed no se legisla. La seguridad jur\u00eddica exige estudio, an\u00e1lisis, consulta y deliberaci\u00f3n\u201d, afirm\u00f3.<\/p>\n\n\n\n<p class=\"wp-block-paragraph\">El Pleno de la C\u00e1mara de Diputados fue convocado para este viernes con el prop\u00f3sito de conocer el informe presentado por la comisi\u00f3n correspondiente.<\/p>\n\n\n\n<p class=\"wp-block-paragraph\">\u201cLa decisi\u00f3n m\u00e1s responsable es extender la vacatio legis para realizar una revisi\u00f3n integral, seria y ponderada de un C\u00f3digo Penal que contribuya eficazmente al combate de la criminalidad, proteja a la sociedad, garantice los derechos fundamentales y fortalezca el Estado de Derecho\u201d, consider\u00f3 Jos\u00e9 Dant\u00e9s D\u00edaz.<\/p>\n","protected":false},"excerpt":{"rendered":"<p>Secretario Jur\u00eddico del PLD cr\u00edtica pretensi\u00f3n de conocer a la carrera informe sobre modificaciones al C\u00f3digo Penal Santo Domingo .-. El miembro del Comit\u00e9 Pol\u00edtico y titular de la Secretar\u00eda&hellip;<\/p>\n","protected":false},"author":10,"featured_media":134911,"comment_status":"open","ping_status":"open","sticky":false,"template":"","format":"standard","meta":{"content-type":"","_jetpack_newsletter_access":"","_jetpack_dont_email_post_to_subs":false,"_jetpack_newsletter_tier_id":0,"_jetpack_memberships_contains_paywalled_content":false,"_jetpack_feature_clip_id":0,"_jetpack_memberships_contains_paid_content":false,"footnotes":"","jetpack_post_was_ever_published":false},"categories":[16559],"tags":[13808,26417,5941,269,35058,35057],"class_list":["post-134910","post","type-post","status-publish","format-standard","has-post-thumbnail","hentry","category-politica","tag-codigo-penal","tag-extender","tag-jose-dantes","tag-pld","tag-secretario-juridico","tag-vacatio-legis"],"jetpack-related-posts":[{"id":135385,"url":"https:\/\/lasprimeras.com.do\/index.php\/2026\/07\/23\/felix-bautista-propone-vacatio-legis-para-84-articulos-del-codigo-penal\/","url_meta":{"origin":134910,"position":0},"title":"F\u00e9lix Bautista propone vacatio legis para 84 art\u00edculos del C\u00f3digo Penal","author":"Nelson Feliz","date":"23 de julio de 2026","format":false,"excerpt":"SANTO DOMINGO.\u2013 El senador por San Juan F\u00e9lix Bautista propuso al Senado de la Rep\u00fablica durante los debates que 84 art\u00edculos (21 % del total)\u00a0 de la Ley 7425 que instituye el C\u00f3digo Penal de la Rep\u00fablica Dominicana, se le otorgue unas vacaciones de 3 meses para que sean analizados\u2026","rel":"","context":"En \u00abPOLITICA\u00bb","block_context":{"text":"POLITICA","link":"https:\/\/lasprimeras.com.do\/index.php\/category\/politica\/"},"img":{"alt_text":"","src":"https:\/\/i0.wp.com\/lasprimeras.com.do\/wp-content\/uploads\/2026\/07\/FELIX-BAUTISTA-scaled-1.jpeg?resize=350%2C200&ssl=1","width":350,"height":200,"srcset":"https:\/\/i0.wp.com\/lasprimeras.com.do\/wp-content\/uploads\/2026\/07\/FELIX-BAUTISTA-scaled-1.jpeg?resize=350%2C200&ssl=1 1x, https:\/\/i0.wp.com\/lasprimeras.com.do\/wp-content\/uploads\/2026\/07\/FELIX-BAUTISTA-scaled-1.jpeg?resize=525%2C300&ssl=1 1.5x, https:\/\/i0.wp.com\/lasprimeras.com.do\/wp-content\/uploads\/2026\/07\/FELIX-BAUTISTA-scaled-1.jpeg?resize=700%2C400&ssl=1 2x, https:\/\/i0.wp.com\/lasprimeras.com.do\/wp-content\/uploads\/2026\/07\/FELIX-BAUTISTA-scaled-1.jpeg?resize=1050%2C600&ssl=1 3x, https:\/\/i0.wp.com\/lasprimeras.com.do\/wp-content\/uploads\/2026\/07\/FELIX-BAUTISTA-scaled-1.jpeg?resize=1400%2C800&ssl=1 4x"},"classes":[]},{"id":136512,"url":"https:\/\/lasprimeras.com.do\/index.php\/2026\/08\/05\/victor-eddy-mateo-advierte-que-nuevo-codigo-penal-obligara-al-gobierno-a-construir-mas-carceles\/","url_meta":{"origin":134910,"position":1},"title":"V\u00edctor Eddy Mateo advierte que nuevo C\u00f3digo Penal obligar\u00e1 al Gobierno a construir m\u00e1s c\u00e1rceles","author":"Nelson Feliz","date":"5 de agosto de 2026","format":false,"excerpt":"El abogado y soci\u00f3logo critica que los legisladores usaran el \"vacatio legis\" para hacer modificaciones en lugar de educar al pueblo, y alerta sobre la nueva responsabilidad penal de las empresas. SANTO DOMINGO, R.D. \u2013 El abogado y soci\u00f3logo V\u00edctor Eddy Mateo sostuvo que la entrada en vigencia del nuevo\u2026","rel":"","context":"En \u00abNACIONALES\u00bb","block_context":{"text":"NACIONALES","link":"https:\/\/lasprimeras.com.do\/index.php\/category\/nacionales\/"},"img":{"alt_text":"","src":"","width":0,"height":0},"classes":[]},{"id":133704,"url":"https:\/\/lasprimeras.com.do\/index.php\/2026\/07\/01\/prm-rechaza-extender-plazo-de-entrada-en-vigencia-del-nuevo-codigo-penal\/","url_meta":{"origin":134910,"position":2},"title":"PRM rechaza extender plazo de entrada en vigencia del nuevo C\u00f3digo Penal","author":"Nelson Feliz","date":"1 de julio de 2026","format":false,"excerpt":"El senador Eduard Esp\u00edritusanto hizo la propuesta. Santo Domingo. \u2013 La mayor\u00eda del Partido Revolucionario Moderno (PRM) rechaz\u00f3 este martes el proyecto de ley sometido por el senador de la provincia La Romana, Eduard Espiritusanto, que propon\u00eda extender el per\u00edodo de vacatio legis de la Ley n\u00fam. 74-25, mediante la\u2026","rel":"","context":"En \u00abPOLITICA\u00bb","block_context":{"text":"POLITICA","link":"https:\/\/lasprimeras.com.do\/index.php\/category\/politica\/"},"img":{"alt_text":"Eduard Espiritusanto","src":"https:\/\/i0.wp.com\/lasprimeras.com.do\/wp-content\/uploads\/2024\/09\/Eduard-Espiritusanto-1.jpg?resize=350%2C200&ssl=1","width":350,"height":200,"srcset":"https:\/\/i0.wp.com\/lasprimeras.com.do\/wp-content\/uploads\/2024\/09\/Eduard-Espiritusanto-1.jpg?resize=350%2C200&ssl=1 1x, https:\/\/i0.wp.com\/lasprimeras.com.do\/wp-content\/uploads\/2024\/09\/Eduard-Espiritusanto-1.jpg?resize=525%2C300&ssl=1 1.5x, https:\/\/i0.wp.com\/lasprimeras.com.do\/wp-content\/uploads\/2024\/09\/Eduard-Espiritusanto-1.jpg?resize=700%2C400&ssl=1 2x"},"classes":[]},{"id":116858,"url":"https:\/\/lasprimeras.com.do\/index.php\/2025\/12\/04\/dirigentes-del-pld-abogan-por-reformas-que-no-debiliten-derechos\/","url_meta":{"origin":134910,"position":3},"title":"Dirigentes del PLD abogan por reformas que no debiliten derechos","author":"Nelson Feliz","date":"4 de diciembre de 2025","format":false,"excerpt":"Reformas al CPP aprobadas por la C\u00e1mara de Diputados no solucionan las dificultades procesales reales opinan Francisco Dom\u00ednguez Brito y Jos\u00e9 Dant\u00e9s D\u00edaz. Los dirigentes del Partido de la Liberaci\u00f3n Dominicana (PLD), Jos\u00e9 Dant\u00e9s D\u00edaz y Francisco Dom\u00ednguez Brito cuestionaron la reforma al C\u00f3digo Procesal Penal (CPP) aprobada por la\u2026","rel":"","context":"En \u00abPOLITICA\u00bb","block_context":{"text":"POLITICA","link":"https:\/\/lasprimeras.com.do\/index.php\/category\/politica\/"},"img":{"alt_text":"","src":"https:\/\/i0.wp.com\/lasprimeras.com.do\/wp-content\/uploads\/2025\/12\/Dantes-Brito.jpg?resize=350%2C200&ssl=1","width":350,"height":200,"srcset":"https:\/\/i0.wp.com\/lasprimeras.com.do\/wp-content\/uploads\/2025\/12\/Dantes-Brito.jpg?resize=350%2C200&ssl=1 1x, https:\/\/i0.wp.com\/lasprimeras.com.do\/wp-content\/uploads\/2025\/12\/Dantes-Brito.jpg?resize=525%2C300&ssl=1 1.5x, https:\/\/i0.wp.com\/lasprimeras.com.do\/wp-content\/uploads\/2025\/12\/Dantes-Brito.jpg?resize=700%2C400&ssl=1 2x"},"classes":[]},{"id":135370,"url":"https:\/\/lasprimeras.com.do\/index.php\/2026\/07\/22\/senadores-aprueban-modificaciones-del-codigo-penal-ahora-pasa-al-ejecutivo\/","url_meta":{"origin":134910,"position":4},"title":"Senadores aprueban modificaciones del C\u00f3digo Penal, ahora pasa al Ejecutivo","author":"Nelson Feliz","date":"22 de julio de 2026","format":false,"excerpt":"Fue sancionado de urgencia en dos lecturas consecutivas y cont\u00f3 con 25 votos a favor y tres en contra Santo Domingo - El Senado de la Rep\u00fablica aprob\u00f3 la noche de este mi\u00e9rcoles, de urgencia y en dos lecturas consecutivas, el proyecto que modifica la Ley 74-25 del C\u00f3digo Penal.\u2026","rel":"","context":"En \u00abPORTADA\u00bb","block_context":{"text":"PORTADA","link":"https:\/\/lasprimeras.com.do\/index.php\/category\/portada\/"},"img":{"alt_text":"","src":"https:\/\/i0.wp.com\/lasprimeras.com.do\/wp-content\/uploads\/2026\/07\/Senadores-1.jpg?resize=350%2C200&ssl=1","width":350,"height":200,"srcset":"https:\/\/i0.wp.com\/lasprimeras.com.do\/wp-content\/uploads\/2026\/07\/Senadores-1.jpg?resize=350%2C200&ssl=1 1x, https:\/\/i0.wp.com\/lasprimeras.com.do\/wp-content\/uploads\/2026\/07\/Senadores-1.jpg?resize=525%2C300&ssl=1 1.5x, https:\/\/i0.wp.com\/lasprimeras.com.do\/wp-content\/uploads\/2026\/07\/Senadores-1.jpg?resize=700%2C400&ssl=1 2x"},"classes":[]},{"id":133632,"url":"https:\/\/lasprimeras.com.do\/index.php\/2026\/06\/30\/hotoniel-bonilla-pide-sea-aplazado-entrada-en-vigencia-del-codigo-penal\/","url_meta":{"origin":134910,"position":5},"title":"Hotoniel Bonilla pide sea aplazado entrada en vigencia del C\u00f3digo Penal","author":"Nelson Feliz","date":"30 de junio de 2026","format":false,"excerpt":"Santo Domingo. \u2013 El secretario de Justicia de la Fuerza del Pueblo, Hotoniel Bonilla, respald\u00f3 la petici\u00f3n de diversos sectores de extender el per\u00edodo previsto para la entrada en vigencia del nuevo C\u00f3digo Penal, al considerar que el mismo contradice criterios fijados por el Tribunal Constitucional y la jurisprudencia sobre\u2026","rel":"","context":"En \u00abNACIONALES\u00bb","block_context":{"text":"NACIONALES","link":"https:\/\/lasprimeras.com.do\/index.php\/category\/nacionales\/"},"img":{"alt_text":"","src":"https:\/\/i0.wp.com\/lasprimeras.com.do\/wp-content\/uploads\/2026\/06\/IMG-20260629-WA0713.jpg?resize=350%2C200&ssl=1","width":350,"height":200,"srcset":"https:\/\/i0.wp.com\/lasprimeras.com.do\/wp-content\/uploads\/2026\/06\/IMG-20260629-WA0713.jpg?resize=350%2C200&ssl=1 1x, https:\/\/i0.wp.com\/lasprimeras.com.do\/wp-content\/uploads\/2026\/06\/IMG-20260629-WA0713.jpg?resize=525%2C300&ssl=1 1.5x, https:\/\/i0.wp.com\/lasprimeras.com.do\/wp-content\/uploads\/2026\/06\/IMG-20260629-WA0713.jpg?resize=700%2C400&ssl=1 2x, https:\/\/i0.wp.com\/lasprimeras.com.do\/wp-content\/uploads\/2026\/06\/IMG-20260629-WA0713.jpg?resize=1050%2C600&ssl=1 3x"},"classes":[]}],"jetpack_sharing_enabled":true,"jetpack_featured_media_url":"https:\/\/lasprimeras.com.do\/wp-content\/uploads\/2026\/07\/Jose-Dantes.jpg","_links":{"self":[{"href":"https:\/\/lasprimeras.com.do\/index.php\/wp-json\/wp\/v2\/posts\/134910","targetHints":{"allow":["GET"]}}],"collection":[{"href":"https:\/\/lasprimeras.com.do\/index.php\/wp-json\/wp\/v2\/posts"}],"about":[{"href":"https:\/\/lasprimeras.com.do\/index.php\/wp-json\/wp\/v2\/types\/post"}],"author":[{"embeddable":true,"href":"https:\/\/lasprimeras.com.do\/index.php\/wp-json\/wp\/v2\/users\/10"}],"replies":[{"embeddable":true,"href":"https:\/\/lasprimeras.com.do\/index.php\/wp-json\/wp\/v2\/comments?post=134910"}],"version-history":[{"count":1,"href":"https:\/\/lasprimeras.com.do\/index.php\/wp-json\/wp\/v2\/posts\/134910\/revisions"}],"predecessor-version":[{"id":134912,"href":"https:\/\/lasprimeras.com.do\/index.php\/wp-json\/wp\/v2\/posts\/134910\/revisions\/134912"}],"wp:featuredmedia":[{"embeddable":true,"href":"https:\/\/lasprimeras.com.do\/index.php\/wp-json\/wp\/v2\/media\/134911"}],"wp:attachment":[{"href":"https:\/\/lasprimeras.com.do\/index.php\/wp-json\/wp\/v2\/media?parent=134910"}],"wp:term":[{"taxonomy":"category","embeddable":true,"href":"https:\/\/lasprimeras.com.do\/index.php\/wp-json\/wp\/v2\/categories?post=134910"},{"taxonomy":"post_tag","embeddable":true,"href":"https:\/\/lasprimeras.com.do\/index.php\/wp-json\/wp\/v2\/tags?post=134910"}],"curies":[{"name":"wp","href":"https:\/\/api.w.org\/{rel}","templated":true}]}}