{"id":134928,"date":"2026-07-18T00:31:14","date_gmt":"2026-07-18T04:31:14","guid":{"rendered":"https:\/\/lasprimeras.com.do\/?p=134928"},"modified":"2026-07-18T00:31:18","modified_gmt":"2026-07-18T04:31:18","slug":"phr-deposita-en-jce-carta-de-intencion-para-su-reconocimiento","status":"publish","type":"post","link":"https:\/\/lasprimeras.com.do\/index.php\/2026\/07\/18\/phr-deposita-en-jce-carta-de-intencion-para-su-reconocimiento\/","title":{"rendered":"PHR deposita en JCE carta de intenci\u00f3n para su reconocimiento"},"content":{"rendered":"\n<p class=\"wp-block-paragraph\">SANTO DOMINGO, RD.- El presidente del Partido Humanista Renovador (PHR), Antonio Mateo, deposit\u00f3 este jueves ante la Junta Central Electoral (JCE) la carta de intenci\u00f3n para iniciar formalmente el proceso de reconocimiento de esa organizaci\u00f3n pol\u00edtica.<\/p>\n\n\n\n<p class=\"wp-block-paragraph\">Mateo explic\u00f3 que el documento fue entregado en cumplimiento de lo establecido en la Ley de Partidos, Agrupaciones y Movimientos Pol\u00edticos, el C\u00f3digo Electoral y la Constituci\u00f3n de la Rep\u00fablica, con el objetivo de continuar el procedimiento hasta presentar el expediente definitivo dentro del plazo que establece la normativa.<\/p>\n\n\n\n<p class=\"wp-block-paragraph\">El dirigente asegur\u00f3 que el PHR cuenta con estructuras organizativas en todos los municipios del pa\u00eds, las cuales servir\u00e1n de soporte para completar el expediente requerido por la JCE.<\/p>\n\n\n\n<p class=\"wp-block-paragraph\">Adem\u00e1s, destac\u00f3 que la organizaci\u00f3n celebra su tercer aniversario, per\u00edodo en el que, seg\u00fan afirm\u00f3, ha experimentado un crecimiento sostenido gracias al respaldo de hombres y mujeres que comparten los principios del proyecto pol\u00edtico.<\/p>\n\n\n\n<p class=\"wp-block-paragraph\">Agreg\u00f3 que el partido a\u00fan trabaja en la recolecci\u00f3n de las firmas necesarias para cumplir con los requisitos exigidos por la ley.<\/p>\n\n\n\n<p class=\"wp-block-paragraph\">Indic\u00f3 que ya han superado entre un 70 % y un 80 % de las firmas requeridas, y llam\u00f3 la ciudadan\u00eda a respaldar la iniciativa para completar el proceso.<\/p>\n\n\n\n<p class=\"wp-block-paragraph\">El presidente del PHR sostuvo que las condiciones para obtener el reconocimiento electoral se han endurecido en los \u00faltimos a\u00f1os, al considerar que el reglamento aprobado por la JCE impone mayores exigencias a las nuevas organizaciones pol\u00edticas.<\/p>\n\n\n\n<p class=\"wp-block-paragraph\">&#8220;Los requisitos cada vez los ponen m\u00e1s duros, los dificultan m\u00e1s. Nos ponen en unas condiciones un poco pesaditas, pero las vamos a cumplir y estamos trabajando para ello&#8221;, expres\u00f3.<\/p>\n\n\n\n<p class=\"wp-block-paragraph\">En cuanto a la propuesta pol\u00edtica de la organizaci\u00f3n, explic\u00f3 que el Partido Humanista Renovador tiene como ejes principales la educaci\u00f3n y el humanismo cristiano, promoviendo el respeto a la dignidad de las personas y una sociedad basada en valores.<\/p>\n\n\n\n<p class=\"wp-block-paragraph\">Al ser consultado sobre la gesti\u00f3n del Gobierno, Mateo exhort\u00f3 a las autoridades a fortalecer las pol\u00edticas p\u00fablicas dirigidas a mejorar la calidad de vida de la poblaci\u00f3n.<\/p>\n\n\n\n<p class=\"wp-block-paragraph\">Consider\u00f3 necesario aumentar la seguridad ciudadana, garantizar una educaci\u00f3n m\u00e1s equitativa, recuperar el sector agropecuario, fortalecer el sistema de salud y mejorar la ejecuci\u00f3n de las obras p\u00fablicas.<\/p>\n\n\n\n<p class=\"wp-block-paragraph\">Asimismo, pidi\u00f3 que el nivel de compromiso mostrado por el presidente de la Rep\u00fablica, Luis Abinader, sea replicado por todos sus funcionarios.<\/p>\n\n\n\n<p class=\"wp-block-paragraph\">\u201cHoy 16 de Julio del 2026, fecha en que se conmemora el 188 aniversario de la creaci\u00f3n de la Fundaci\u00f3n Secreta La Trinitaria, y el Partido Humanista Renovador cumple su tercer aniversario, hemos depositado en la Secretar\u00eda de esta honorable Junta Central Electoral, la Carta de Intenci\u00f3n de Reconocimiento de nuestra organizaci\u00f3n pol\u00edtica\u201d, expres\u00f3 Mateo.<\/p>\n\n\n\n<p class=\"wp-block-paragraph\">Se\u00f1al\u00f3 que el dep\u00f3sito del documento coincide con un momento crucial del Sistema Pol\u00edtico Dominicano, donde la falta de sinton\u00eda entre los partidos pol\u00edticos tradicionales y las aspiraciones de los votantes deja al descubierto la profunda crisis de credibilidad que tienen las organizaciones pol\u00edticas que han dominado el escenario electoral en los \u00faltimos a\u00f1os, sin dar respuestas a las necesidades de los electores.<\/p>\n\n\n\n<p class=\"wp-block-paragraph\">\u201cEsa falta de credibilidad es sin duda el resultado de las malas gestiones de un liderazgo pol\u00edtico que luce desfasado de la realidad presente, obligando a una importante franja de la poblaci\u00f3n votante, sobre todo, el segmento de la juventud, a poner su mirada en l\u00edderes no tradicionales, incluso, figuras alejadas de la actividad pol\u00edtica\u201d, manifest\u00f3.<\/p>\n\n\n\n<p class=\"wp-block-paragraph\">Dijo que, as\u00ed como lo hicieron los j\u00f3venes de la Trinitaria, liderado por Juan Pablo Duarte, hace 188 a\u00f1os, emprendiendo acciones para independizar la parte Este de la Hispaniola, ocupada por fuerzas haitianas, el Partido Humanista Renovador asumi\u00f3 en el 2023 el compromiso de renovar el sistema pol\u00edtico dominicano, y tres a\u00f1os despu\u00e9s segue siendo fiel a ese compromiso de renovaci\u00f3n.<\/p>\n\n\n\n<p class=\"wp-block-paragraph\">\u201cEn pleno siglo 21 el sistema dominicano de justicia sigue utilizando un c\u00f3digo penal napole\u00f3nico, estancado en un congreso que no encuentra la forma de reformarlo; con casi 15 a\u00f1os aplicando un 4% del PIB a la educaci\u00f3n a\u00fan se quedan cada a\u00f1o decenas de ni\u00f1os fuera de las aulas por falta de cupo\u201d, record\u00f3 el l\u00edder del PHR.<\/p>\n\n\n\n<p class=\"wp-block-paragraph\">\u201cY as\u00ed ocurre en la mayor\u00eda de los renglones de servicios que debe recibir con eficiencia la poblaci\u00f3n, lo que no ocurre con frecuencia, generando la crisis de confianza por la que atraviesa hoy el sistema tradicional de partidos pol\u00edticos\u201d, apunt\u00f3 Antonio Mateo.<\/p>\n\n\n\n<p class=\"wp-block-paragraph\">Sostuvo que de forma consistente la militancia del partido se ha mantenido trabajando en su proceso de organizaci\u00f3n para presentar una propuesta pol\u00edtica atractiva y diferente para las elecciones municipales, congresuales y presidenciales, programadas para el 2028.<\/p>\n","protected":false},"excerpt":{"rendered":"<p>SANTO DOMINGO, RD.- El presidente del Partido Humanista Renovador (PHR), Antonio Mateo, deposit\u00f3 este jueves ante la Junta Central Electoral (JCE) la carta de intenci\u00f3n para iniciar formalmente el proceso&hellip;<\/p>\n","protected":false},"author":10,"featured_media":134929,"comment_status":"open","ping_status":"open","sticky":false,"template":"","format":"standard","meta":{"content-type":"","_jetpack_newsletter_access":"","_jetpack_dont_email_post_to_subs":false,"_jetpack_newsletter_tier_id":0,"_jetpack_memberships_contains_paywalled_content":false,"_jetpack_feature_clip_id":0,"_jetpack_memberships_contains_paid_content":false,"footnotes":"","jetpack_post_was_ever_published":false},"categories":[16559],"tags":[4710,12338,183,8161,1563],"class_list":["post-134928","post","type-post","status-publish","format-standard","has-post-thumbnail","hentry","category-politica","tag-antonio-mateo","tag-carta-de-intencion","tag-jce","tag-phr","tag-reconocimiento"],"jetpack-related-posts":[{"id":86335,"url":"https:\/\/lasprimeras.com.do\/index.php\/2024\/07\/22\/phr-culmina-primer-pleno-nacional-de-dirigentes\/","url_meta":{"origin":134928,"position":0},"title":"PHR culmina primer Pleno Nacional de Dirigentes","author":"Nelson Feliz","date":"22 de julio de 2024","format":false,"excerpt":"El Partido Humanista Renovador \u2013PHR- cerr\u00f3 con \u00e9xito su Primer Pleno Nacional de Dirigentes, en el marco de las actividades conmemorativas del primer aniversario de su fundaci\u00f3n, que se extendieron durante una semana. El pleno fue encabezado por el presidente del PHR, Antonio Mateo, quien afirm\u00f3 que la meta de\u2026","rel":"","context":"En \u00abSin categor\u00eda\u00bb","block_context":{"text":"Sin categor\u00eda","link":"https:\/\/lasprimeras.com.do\/index.php\/category\/sin-categoria\/"},"img":{"alt_text":"","src":"https:\/\/i0.wp.com\/lasprimeras.com.do\/wp-content\/uploads\/2024\/07\/PHR.jpg?resize=350%2C200&ssl=1","width":350,"height":200,"srcset":"https:\/\/i0.wp.com\/lasprimeras.com.do\/wp-content\/uploads\/2024\/07\/PHR.jpg?resize=350%2C200&ssl=1 1x, https:\/\/i0.wp.com\/lasprimeras.com.do\/wp-content\/uploads\/2024\/07\/PHR.jpg?resize=525%2C300&ssl=1 1.5x, https:\/\/i0.wp.com\/lasprimeras.com.do\/wp-content\/uploads\/2024\/07\/PHR.jpg?resize=700%2C400&ssl=1 2x"},"classes":[]},{"id":62203,"url":"https:\/\/lasprimeras.com.do\/index.php\/2023\/10\/03\/phr-felicita-al-presidente-abinader-por-su-triunfo-en-las-primarias\/","url_meta":{"origin":134928,"position":1},"title":"PHR felicita al presidente Abinader por su triunfo en las primarias","author":"Nelson Feliz","date":"3 de octubre de 2023","format":false,"excerpt":"El presidente del Partido Humanista Renovador \u2013PHR-, Antonio Mateo, envi\u00f3 un mensaje de felicitaci\u00f3n al presidente de la Rep\u00fablica, Luis Abinader, por su contundente triunfo en las elecciones primarias del Partido Revolucionario Moderno (PRM). \u201cFelicitamos al Presidente de la Rep\u00fablica y reelecto candidato del PRM, Luis Abinader, quien logr\u00f3 convertirse\u2026","rel":"","context":"En \u00abSin categor\u00eda\u00bb","block_context":{"text":"Sin categor\u00eda","link":"https:\/\/lasprimeras.com.do\/index.php\/category\/sin-categoria\/"},"img":{"alt_text":"Antonio Mateo","src":"https:\/\/i0.wp.com\/lasprimeras.com.do\/wp-content\/uploads\/2023\/10\/Antonio-Mateo.jpg?resize=350%2C200&ssl=1","width":350,"height":200,"srcset":"https:\/\/i0.wp.com\/lasprimeras.com.do\/wp-content\/uploads\/2023\/10\/Antonio-Mateo.jpg?resize=350%2C200&ssl=1 1x, https:\/\/i0.wp.com\/lasprimeras.com.do\/wp-content\/uploads\/2023\/10\/Antonio-Mateo.jpg?resize=525%2C300&ssl=1 1.5x, https:\/\/i0.wp.com\/lasprimeras.com.do\/wp-content\/uploads\/2023\/10\/Antonio-Mateo.jpg?resize=700%2C400&ssl=1 2x"},"classes":[]},{"id":81772,"url":"https:\/\/lasprimeras.com.do\/index.php\/2024\/04\/24\/phr-aboga-por-una-real-autonomia-presupuestaria-para-los-ayuntamientos\/","url_meta":{"origin":134928,"position":2},"title":"PHR aboga por una real autonom\u00eda presupuestaria para los ayuntamientos","author":"Nelson Feliz","date":"24 de abril de 2024","format":false,"excerpt":"El presidente del Partido Humanista Renovador \u2013PHR-, Antonio Mateo, felicit\u00f3 a los alcaldes\u00a0 y directores de Juntas Municipales que este 24 de abril asumen sus funciones y abog\u00f3 por una real y efectiva autonom\u00eda presupuestaria para los ayuntamientos. El dirigente pol\u00edtico y ex regidor del Distrito Nacional consider\u00f3 como una\u2026","rel":"","context":"En \u00abECONOM\u00cdA\u00bb","block_context":{"text":"ECONOM\u00cdA","link":"https:\/\/lasprimeras.com.do\/index.php\/category\/economia\/"},"img":{"alt_text":"PHR","src":"https:\/\/i0.wp.com\/lasprimeras.com.do\/wp-content\/uploads\/2024\/04\/PHR.jpg?resize=350%2C200&ssl=1","width":350,"height":200,"srcset":"https:\/\/i0.wp.com\/lasprimeras.com.do\/wp-content\/uploads\/2024\/04\/PHR.jpg?resize=350%2C200&ssl=1 1x, https:\/\/i0.wp.com\/lasprimeras.com.do\/wp-content\/uploads\/2024\/04\/PHR.jpg?resize=525%2C300&ssl=1 1.5x"},"classes":[]},{"id":68043,"url":"https:\/\/lasprimeras.com.do\/index.php\/2023\/11\/21\/phr-rechaza-politizacion-de-la-tragedia-humana-y-pide-ir-en-auxilio-de-los-afectados\/","url_meta":{"origin":134928,"position":3},"title":"PHR rechaza politizaci\u00f3n de la tragedia humana y pide ir en auxilio de los afectados","author":"Nelson Feliz","date":"21 de noviembre de 2023","format":false,"excerpt":"El presidente del Partido Humanista Renovador \u2013PHR-, Antonio Mateo, solicit\u00f3 a las dem\u00e1s organizaciones pol\u00edticas no arrastrar hacia un terreno politiquero las tragedias h\u00famanas que se registraron \u00e9ste fin de semana en Rep\u00fablica Dominicana. Las lluvias del pasado s\u00e1bado provocaron al menos 24 muertes y varias personas se encuentran desaparecidas,\u2026","rel":"","context":"En \u00abSin categor\u00eda\u00bb","block_context":{"text":"Sin categor\u00eda","link":"https:\/\/lasprimeras.com.do\/index.php\/category\/sin-categoria\/"},"img":{"alt_text":"Antonio Mateo","src":"https:\/\/i0.wp.com\/lasprimeras.com.do\/wp-content\/uploads\/2023\/11\/Antonio-Mateo.jpg?resize=350%2C200&ssl=1","width":350,"height":200,"srcset":"https:\/\/i0.wp.com\/lasprimeras.com.do\/wp-content\/uploads\/2023\/11\/Antonio-Mateo.jpg?resize=350%2C200&ssl=1 1x, https:\/\/i0.wp.com\/lasprimeras.com.do\/wp-content\/uploads\/2023\/11\/Antonio-Mateo.jpg?resize=525%2C300&ssl=1 1.5x"},"classes":[]},{"id":136416,"url":"https:\/\/lasprimeras.com.do\/index.php\/2026\/08\/03\/pld-entrega-a-la-jce-el-padron-de-miembros-y-militantes\/","url_meta":{"origin":134928,"position":4},"title":"PLD entrega a la JCE el Padr\u00f3n de miembros y militantes","author":"Nelson Feliz","date":"3 de agosto de 2026","format":false,"excerpt":"SANTO DOMINGO - El Partido de la Liberaci\u00f3n Dominicana (PLD) entreg\u00f3 ante la Junta Central Electoral (JCE) el padr\u00f3n de miembros de esa organizaci\u00f3n pol\u00edtica, para cumplir con lo que establece en el art\u00edculo 9 de la ley 33-18 de Partidos, Agrupaciones y Movimientos Pol\u00edticos. Una delegaci\u00f3n del PLD integrada\u2026","rel":"","context":"En \u00abPOLITICA\u00bb","block_context":{"text":"POLITICA","link":"https:\/\/lasprimeras.com.do\/index.php\/category\/politica\/"},"img":{"alt_text":"","src":"https:\/\/i0.wp.com\/lasprimeras.com.do\/wp-content\/uploads\/2026\/08\/PLD.jpg?resize=350%2C200&ssl=1","width":350,"height":200,"srcset":"https:\/\/i0.wp.com\/lasprimeras.com.do\/wp-content\/uploads\/2026\/08\/PLD.jpg?resize=350%2C200&ssl=1 1x, https:\/\/i0.wp.com\/lasprimeras.com.do\/wp-content\/uploads\/2026\/08\/PLD.jpg?resize=525%2C300&ssl=1 1.5x, https:\/\/i0.wp.com\/lasprimeras.com.do\/wp-content\/uploads\/2026\/08\/PLD.jpg?resize=700%2C400&ssl=1 2x"},"classes":[]},{"id":56173,"url":"https:\/\/lasprimeras.com.do\/index.php\/2023\/07\/28\/jce-otorga-reconocimiento-a-los-partidos-de-antonio-marte-y-julio-cesar-valentin\/","url_meta":{"origin":134928,"position":5},"title":"JCE otorga reconocimiento a los partidos de Antonio Marte y Julio C\u00e9sar Valent\u00edn","author":"Nelson Feliz","date":"28 de julio de 2023","format":false,"excerpt":"La Junta Central Electoral (JCE) anunci\u00f3 este viernes que otorg\u00f3 el reconocimiento a dos partidos pol\u00edticos que cumplieron con los requisitos establecidos en la Ley 33-18 de Partidos, Agrupaciones y Movimientos Pol\u00edticos. A trav\u00e9s de la resoluci\u00f3n 33-2023, se aprob\u00f3 el reconocimiento al Partido Primero la Gente (PPG) de Antonio\u2026","rel":"","context":"En \u00abNACIONALES\u00bb","block_context":{"text":"NACIONALES","link":"https:\/\/lasprimeras.com.do\/index.php\/category\/nacionales\/"},"img":{"alt_text":"JCE","src":"https:\/\/i0.wp.com\/lasprimeras.com.do\/wp-content\/uploads\/2023\/07\/JCE.jpg?resize=350%2C200&ssl=1","width":350,"height":200,"srcset":"https:\/\/i0.wp.com\/lasprimeras.com.do\/wp-content\/uploads\/2023\/07\/JCE.jpg?resize=350%2C200&ssl=1 1x, https:\/\/i0.wp.com\/lasprimeras.com.do\/wp-content\/uploads\/2023\/07\/JCE.jpg?resize=525%2C300&ssl=1 1.5x, https:\/\/i0.wp.com\/lasprimeras.com.do\/wp-content\/uploads\/2023\/07\/JCE.jpg?resize=700%2C400&ssl=1 2x"},"classes":[]}],"jetpack_sharing_enabled":true,"jetpack_featured_media_url":"https:\/\/lasprimeras.com.do\/wp-content\/uploads\/2026\/07\/WhatsApp-Image-2026-07-17-at-2.22.36-PM-1.jpeg","_links":{"self":[{"href":"https:\/\/lasprimeras.com.do\/index.php\/wp-json\/wp\/v2\/posts\/134928","targetHints":{"allow":["GET"]}}],"collection":[{"href":"https:\/\/lasprimeras.com.do\/index.php\/wp-json\/wp\/v2\/posts"}],"about":[{"href":"https:\/\/lasprimeras.com.do\/index.php\/wp-json\/wp\/v2\/types\/post"}],"author":[{"embeddable":true,"href":"https:\/\/lasprimeras.com.do\/index.php\/wp-json\/wp\/v2\/users\/10"}],"replies":[{"embeddable":true,"href":"https:\/\/lasprimeras.com.do\/index.php\/wp-json\/wp\/v2\/comments?post=134928"}],"version-history":[{"count":1,"href":"https:\/\/lasprimeras.com.do\/index.php\/wp-json\/wp\/v2\/posts\/134928\/revisions"}],"predecessor-version":[{"id":134930,"href":"https:\/\/lasprimeras.com.do\/index.php\/wp-json\/wp\/v2\/posts\/134928\/revisions\/134930"}],"wp:featuredmedia":[{"embeddable":true,"href":"https:\/\/lasprimeras.com.do\/index.php\/wp-json\/wp\/v2\/media\/134929"}],"wp:attachment":[{"href":"https:\/\/lasprimeras.com.do\/index.php\/wp-json\/wp\/v2\/media?parent=134928"}],"wp:term":[{"taxonomy":"category","embeddable":true,"href":"https:\/\/lasprimeras.com.do\/index.php\/wp-json\/wp\/v2\/categories?post=134928"},{"taxonomy":"post_tag","embeddable":true,"href":"https:\/\/lasprimeras.com.do\/index.php\/wp-json\/wp\/v2\/tags?post=134928"}],"curies":[{"name":"wp","href":"https:\/\/api.w.org\/{rel}","templated":true}]}}